{"id":7991,"date":"2018-08-24T04:55:11","date_gmt":"2018-08-24T02:55:11","guid":{"rendered":"http:\/\/news-papers.eu\/?p=7991"},"modified":"2018-08-24T07:02:15","modified_gmt":"2018-08-24T05:02:15","slug":"anaesthesiologisches-kolloquium-klinikum-karlsruhem-30-08-2018","status":"publish","type":"post","link":"https:\/\/news-papers.eu\/?p=7991","title":{"rendered":"An\u00e4sthesiologisches Kolloquium, Klinikum Karlsruhe 30.08.2018"},"content":{"rendered":"<p><strong><img data-recalc-dims=\"1\" loading=\"lazy\" decoding=\"async\" data-attachment-id=\"7993\" data-permalink=\"https:\/\/news-papers.eu\/?attachment_id=7993\" data-orig-file=\"https:\/\/i0.wp.com\/news-papers.eu\/wp-content\/uploads\/2018\/08\/Bildschirmfoto-2018-08-18-um-11.54.34-e1534586284505.png?fit=300%2C334&amp;ssl=1\" data-orig-size=\"300,334\" data-comments-opened=\"1\" data-image-meta=\"{&quot;aperture&quot;:&quot;0&quot;,&quot;credit&quot;:&quot;&quot;,&quot;camera&quot;:&quot;&quot;,&quot;caption&quot;:&quot;&quot;,&quot;created_timestamp&quot;:&quot;0&quot;,&quot;copyright&quot;:&quot;&quot;,&quot;focal_length&quot;:&quot;0&quot;,&quot;iso&quot;:&quot;0&quot;,&quot;shutter_speed&quot;:&quot;0&quot;,&quot;title&quot;:&quot;&quot;,&quot;orientation&quot;:&quot;0&quot;}\" data-image-title=\"Bildschirmfoto 2018-08-18 um 11.54.34\" data-image-description=\"\" data-image-caption=\"\" data-large-file=\"https:\/\/i0.wp.com\/news-papers.eu\/wp-content\/uploads\/2018\/08\/Bildschirmfoto-2018-08-18-um-11.54.34-e1534586284505.png?fit=300%2C334&amp;ssl=1\" class=\"size-medium wp-image-7993 alignright\" src=\"https:\/\/i0.wp.com\/news-papers.eu\/wp-content\/uploads\/2018\/08\/Bildschirmfoto-2018-08-18-um-11.54.34.png?resize=269%2C300\" alt=\"\" width=\"269\" height=\"300\" \/>Termin:<\/strong> 30. August 2018, Donnerstag, 16:30 &#8211; 18:00 Uhr<br \/>\n<strong>Thema:<\/strong> Management der neuromuskul\u00e4ren Blockade<br \/>\n<strong>Referent:<\/strong> Prof. Dr. med. Manfred Blobner,\u00a0Gesch\u00e4ftsf\u00fchrender Oberarzt Klinik f\u00fcr An\u00e4sthesiologie,\u00a0Klinikum rechts der Isar, Technische Universit\u00e4t M\u00fcnchen<br \/>\n<strong>Ort:<\/strong> St\u00e4dtisches Klinikum Karlsruhe,\u00a0Moltkestra\u00dfe 90, 76133 Karlsruhe, H\u00f6rsaal Haus D<\/p>\n<p><strong>Organisation und wissenschaftliche Leitung:<\/strong><br \/>\nKlinik f\u00fcr An\u00e4sthesie und Intensivmedizin<br \/>\nKlinikdirektor Prof. Dr. med. Franz Kehl<br \/>\nMoltkestra\u00dfe 90, 76133 Karlsruhe<br \/>\nSekretariat: Gabriele Bechmann<br \/>\nTelefon: 0721 974-1601, Telefax: 0721 974-1609<br \/>\nE-Mail: anaesthesie@klinikum-karlsruhe.de<\/p>\n<p><strong>Informationen und Flyer:\u00a0<a href=\"http:\/\/news-papers.eu\/wp-content\/uploads\/2018\/08\/Flyer-An\u00e4sthesiologisches-Kolloquium-30.-August-2018.pdf\">Flyer An\u00e4sthesiologisches Kolloquium 30. August 2018<\/a><\/strong><\/p>\n","protected":false},"excerpt":{"rendered":"<p>Termin: 30. August 2018, Donnerstag, 16:30 &#8211; 18:00 Uhr Thema: Management der neuromuskul\u00e4ren Blockade Referent: Prof. Dr. med. Manfred Blobner,\u00a0Gesch\u00e4ftsf\u00fchrender Oberarzt Klinik f\u00fcr An\u00e4sthesiologie,\u00a0Klinikum rechts der Isar, Technische Universit\u00e4t M\u00fcnchen [&hellip;]<\/p>\n","protected":false},"author":2,"featured_media":7993,"comment_status":"open","ping_status":"open","sticky":false,"template":"","format":"standard","meta":{"__cvm_playback_settings":[],"__cvm_video_id":"","jetpack_post_was_ever_published":false,"_jetpack_newsletter_access":"","_jetpack_dont_email_post_to_subs":false,"_jetpack_newsletter_tier_id":0,"_jetpack_memberships_contains_paywalled_content":false,"_jetpack_memberships_contains_paid_content":false,"footnotes":"","jetpack_publicize_message":"","jetpack_publicize_feature_enabled":true,"jetpack_social_post_already_shared":true,"jetpack_social_options":{"image_generator_settings":{"template":"highway","default_image_id":0,"font":"","enabled":false},"version":2},"_wpas_customize_per_network":false},"categories":[30],"tags":[],"class_list":["post-7991","post","type-post","status-publish","format-standard","has-post-thumbnail","hentry","category-veranstaltungshinweis"],"jetpack_publicize_connections":[],"jetpack_featured_media_url":"https:\/\/i0.wp.com\/news-papers.eu\/wp-content\/uploads\/2018\/08\/Bildschirmfoto-2018-08-18-um-11.54.34-e1534586284505.png?fit=300%2C334&ssl=1","jetpack_sharing_enabled":true,"jetpack_shortlink":"https:\/\/wp.me\/p7fR2g-24T","jetpack-related-posts":[{"id":19747,"url":"https:\/\/news-papers.eu\/?p=19747","url_meta":{"origin":7991,"position":0},"title":"Zusatzbezeichnung \u00a0Notfallmedizin \u2013 \u201eder Notarztkurs\u201c","author":"Michael Bernhard","date":"Juli 31, 2025","format":false,"excerpt":"Zusatzbezeichnung \u00a0Notfallmedizin \u2013 \u201eder Notarztkurs\u201c Kursdauer: 8 Tage inkl. Sonntag Leitung: Prof. Dr. med. Bernhard Kumle, Akut und Notfallmedizin, Prof. Dr. med. Sebastian G. Russo, Klinik f\u00fcr An\u00e4sthesiologie, Dr. Manfred Kleimaier, Klinik f\u00fcr An\u00e4sthesie, Schwarzwald-Baar Klinikum Mindestteilnehmerzahl: 12 gem. Curriculum der Bundes\u00e4rztekammer Dieser Kurs dient dem Erwerb der Zusatzbezeichnung Notfallmedizin.\u2026","rel":"","context":"In &quot;Veranstaltungshinweis&quot;","block_context":{"text":"Veranstaltungshinweis","link":"https:\/\/news-papers.eu\/?cat=30"},"img":{"alt_text":"","src":"https:\/\/i0.wp.com\/news-papers.eu\/wp-content\/uploads\/2025\/07\/image.png?fit=1200%2C848&ssl=1&resize=350%2C200","width":350,"height":200,"srcset":"https:\/\/i0.wp.com\/news-papers.eu\/wp-content\/uploads\/2025\/07\/image.png?fit=1200%2C848&ssl=1&resize=350%2C200 1x, https:\/\/i0.wp.com\/news-papers.eu\/wp-content\/uploads\/2025\/07\/image.png?fit=1200%2C848&ssl=1&resize=525%2C300 1.5x, https:\/\/i0.wp.com\/news-papers.eu\/wp-content\/uploads\/2025\/07\/image.png?fit=1200%2C848&ssl=1&resize=700%2C400 2x, https:\/\/i0.wp.com\/news-papers.eu\/wp-content\/uploads\/2025\/07\/image.png?fit=1200%2C848&ssl=1&resize=1050%2C600 3x"},"classes":[]},{"id":17742,"url":"https:\/\/news-papers.eu\/?p=17742","url_meta":{"origin":7991,"position":1},"title":"Jetzt verf\u00fcgbar: Das Programm der ONLINE-Monatsfortbildung der AGNNW 2024\u00a0","author":"Michael Bernhard","date":"Dezember 11, 2023","format":false,"excerpt":"Monatsfortbildung der AGNNW 2024 - Termine und Themen Flyer: AGNNW-Monatsfortbildung 2024 09.01.2024 \u201eUpdate, Upgrade oder doch alles weiter wie bisher?\u201c (Neue ESC-Leitlinie zur Akuten Koronarsyndrom 2023) Dr. Georg Wolf, Klinik f\u00fcr Kardiologie, Angiologie und Pneumologie, UKD Moderation: Dr. Frank Sensen, Essen\u00a0 06.02.2024\u201eDie meisten Unf\u00e4lle passieren im Haushalt\u201c (Verbrennung, Verbr\u00fchung und\u2026","rel":"","context":"In &quot;Veranstaltungshinweis&quot;","block_context":{"text":"Veranstaltungshinweis","link":"https:\/\/news-papers.eu\/?cat=30"},"img":{"alt_text":"","src":"https:\/\/i0.wp.com\/news-papers.eu\/wp-content\/uploads\/2023\/12\/Bildschirmfoto-2023-12-10-um-20.54.11.png?fit=596%2C1200&ssl=1&resize=350%2C200","width":350,"height":200,"srcset":"https:\/\/i0.wp.com\/news-papers.eu\/wp-content\/uploads\/2023\/12\/Bildschirmfoto-2023-12-10-um-20.54.11.png?fit=596%2C1200&ssl=1&resize=350%2C200 1x, https:\/\/i0.wp.com\/news-papers.eu\/wp-content\/uploads\/2023\/12\/Bildschirmfoto-2023-12-10-um-20.54.11.png?fit=596%2C1200&ssl=1&resize=525%2C300 1.5x"},"classes":[]},{"id":9631,"url":"https:\/\/news-papers.eu\/?p=9631","url_meta":{"origin":7991,"position":2},"title":"Notfallmedizin Akut und Aktuell: 23.05.2019 in Krefeld","author":"Michael Bernhard","date":"Mai 21, 2019","format":false,"excerpt":"Am 23.05.2019 \"Notfallmedizin Akut & Aktuell\" um\u00a018:00 Uhr in Krefeld:\u00a0 Das Thoraxtrauma \u2013 sichere\u00a0Diagnostik und Therapie. Dr. Martin Hohls, Chefarzt der\u00a0Thoraxchirurgie am Lungenzentrum\u00a0am Helios Klinikum Krefeld ABCDE \u2013 nicht nur f\u00fcr\u00a0Trauma- Patienten \u2013\u00a0eine Analyse \u00fcber Konservative\u00a0Schockraumpatienten. PD Dr. Michael Bernhard, MHBA,\u00a0\u00c4rztlicher Leiter der Zentralen\u00a0Notaufnahme am\u00a0Universit\u00e4tsklinikum D\u00fcsseldorf eCPR\/ECLS \u2013 das Allerheilmittel?\u2026","rel":"","context":"In &quot;Veranstaltungshinweis&quot;","block_context":{"text":"Veranstaltungshinweis","link":"https:\/\/news-papers.eu\/?cat=30"},"img":{"alt_text":"","src":"https:\/\/i0.wp.com\/news-papers.eu\/wp-content\/uploads\/2019\/03\/Bildschirmfoto-2019-03-29-um-15.58.46.png?fit=882%2C824&ssl=1&resize=350%2C200","width":350,"height":200,"srcset":"https:\/\/i0.wp.com\/news-papers.eu\/wp-content\/uploads\/2019\/03\/Bildschirmfoto-2019-03-29-um-15.58.46.png?fit=882%2C824&ssl=1&resize=350%2C200 1x, https:\/\/i0.wp.com\/news-papers.eu\/wp-content\/uploads\/2019\/03\/Bildschirmfoto-2019-03-29-um-15.58.46.png?fit=882%2C824&ssl=1&resize=525%2C300 1.5x, https:\/\/i0.wp.com\/news-papers.eu\/wp-content\/uploads\/2019\/03\/Bildschirmfoto-2019-03-29-um-15.58.46.png?fit=882%2C824&ssl=1&resize=700%2C400 2x"},"classes":[]},{"id":9196,"url":"https:\/\/news-papers.eu\/?p=9196","url_meta":{"origin":7991,"position":3},"title":"Notfallmedizin Akut &#038; Aktuell, 23.05.2019","author":"Michael Bernhard","date":"April 15, 2019","format":false,"excerpt":"Notfallmedizin Akut & Aktuell:\u00a0 23.05.2019: 18:00 Uhr Das Thoraxtrauma \u2013 sichere\u00a0Diagnostik und Therapie. Dr. Martin Hohls, Chefarzt der\u00a0Thoraxchirurgie am Lungenzentrum\u00a0am Helios Klinikum Krefeld ABCDE \u2013 nicht nur f\u00fcr\u00a0Trauma- Patienten \u2013\u00a0eine Analyse \u00fcber Konservative\u00a0Schockraumpatienten. PD Dr. Michael Bernhard, MHBA,\u00a0\u00c4rztlicher Leiter der Zentralen\u00a0Notaufnahme am\u00a0Universit\u00e4tsklinikum D\u00fcsseldorf eCPR\/ECLS \u2013 das Allerheilmittel? Dr. Guido Kemmeries,\u2026","rel":"","context":"In &quot;Veranstaltungshinweis&quot;","block_context":{"text":"Veranstaltungshinweis","link":"https:\/\/news-papers.eu\/?cat=30"},"img":{"alt_text":"","src":"https:\/\/i0.wp.com\/news-papers.eu\/wp-content\/uploads\/2019\/03\/Bildschirmfoto-2019-03-29-um-15.58.46.png?fit=882%2C824&ssl=1&resize=350%2C200","width":350,"height":200,"srcset":"https:\/\/i0.wp.com\/news-papers.eu\/wp-content\/uploads\/2019\/03\/Bildschirmfoto-2019-03-29-um-15.58.46.png?fit=882%2C824&ssl=1&resize=350%2C200 1x, https:\/\/i0.wp.com\/news-papers.eu\/wp-content\/uploads\/2019\/03\/Bildschirmfoto-2019-03-29-um-15.58.46.png?fit=882%2C824&ssl=1&resize=525%2C300 1.5x, https:\/\/i0.wp.com\/news-papers.eu\/wp-content\/uploads\/2019\/03\/Bildschirmfoto-2019-03-29-um-15.58.46.png?fit=882%2C824&ssl=1&resize=700%2C400 2x"},"classes":[]},{"id":8505,"url":"https:\/\/news-papers.eu\/?p=8505","url_meta":{"origin":7991,"position":4},"title":"21. Kompaktkurs Notfallmedizin Ludwigshafen, 11.-18.05.2018","author":"Michael Bernhard","date":"Dezember 30, 2018","format":false,"excerpt":"11.-18.05.2019:\u00a021. Kompaktkurs Notfallmedizin Ludwigshafen\u00a0mit integriertem ILS Providerkurs des ERC 19.05.2019:\u00a0optionaler Erg\u00e4nzungstag:\u00a0ALS Providerkurs des ERC,\u00a0Advanced Life Support\u00a0BG, Klinik Ludwigshafen,\u00a0Klinikum Ludwigshafen Auch 2019 findet an der BG Klinik Ludwigshafen und am Klinikum Ludwigshafen wieder ein Kompaktkurs Notfallmedizin zur Erlangung der Zusatzbezeichnung Notfallmedizin statt. Im kommenden Jahr gibt es eine tolle Neuerung. Neben\u2026","rel":"","context":"In &quot;Veranstaltungshinweis&quot;","block_context":{"text":"Veranstaltungshinweis","link":"https:\/\/news-papers.eu\/?cat=30"},"img":{"alt_text":"","src":"https:\/\/i0.wp.com\/news-papers.eu\/wp-content\/uploads\/2018\/11\/Bildschirmfoto-2018-11-23-um-18.26.58.png?fit=624%2C288&ssl=1&resize=350%2C200","width":350,"height":200,"srcset":"https:\/\/i0.wp.com\/news-papers.eu\/wp-content\/uploads\/2018\/11\/Bildschirmfoto-2018-11-23-um-18.26.58.png?fit=624%2C288&ssl=1&resize=350%2C200 1x, https:\/\/i0.wp.com\/news-papers.eu\/wp-content\/uploads\/2018\/11\/Bildschirmfoto-2018-11-23-um-18.26.58.png?fit=624%2C288&ssl=1&resize=525%2C300 1.5x"},"classes":[]},{"id":4722,"url":"https:\/\/news-papers.eu\/?p=4722","url_meta":{"origin":7991,"position":5},"title":"Bodensee An\u00e4sthesie-Symposium Friedrichshafen, Samstag, den 8.7.2017","author":"Michael Bernhard","date":"Mai 16, 2017","format":false,"excerpt":"Anbei d\u00fcrfen wir auf eine interessante Fortbildungsveranstaltung am Bodensee hinweisen: An\u00e4sthesie-Symposium\u00a0Friedrichshafen, Samstag, den 08.07.2017. Tagungsleiter:\u00a0Prof. Dr. Volker Wenzel Veranstaltungsort:\u00a0Auditorium im Klinikum Friedrichshafen, R\u00f6ntgenstrasse 2, D-88048 Friedrichshafen, Telefon\u00a007541 96-0 Anmeldung:\u00a0Heidrun L\u00fctje, Klinikum Friedrichshafen, Klinik f\u00fcr An\u00e4sthesie, Intensivmedizin, Notfallmedizin und\u00a0Schmerztherapie, Medizin Campus Bodensee, R\u00f6ntgenstr. 2, D-88048 Friedrichshafen, Email:\u00a0h.luetje@klinikum-fn.de Telefon +49 7541 96-1391.\u2026","rel":"","context":"In &quot;Veranstaltungshinweis&quot;","block_context":{"text":"Veranstaltungshinweis","link":"https:\/\/news-papers.eu\/?cat=30"},"img":{"alt_text":"","src":"https:\/\/i0.wp.com\/news-papers.eu\/wp-content\/uploads\/2017\/05\/Bodensee2.jpg?fit=1123%2C737&ssl=1&resize=350%2C200","width":350,"height":200,"srcset":"https:\/\/i0.wp.com\/news-papers.eu\/wp-content\/uploads\/2017\/05\/Bodensee2.jpg?fit=1123%2C737&ssl=1&resize=350%2C200 1x, https:\/\/i0.wp.com\/news-papers.eu\/wp-content\/uploads\/2017\/05\/Bodensee2.jpg?fit=1123%2C737&ssl=1&resize=525%2C300 1.5x, https:\/\/i0.wp.com\/news-papers.eu\/wp-content\/uploads\/2017\/05\/Bodensee2.jpg?fit=1123%2C737&ssl=1&resize=700%2C400 2x, https:\/\/i0.wp.com\/news-papers.eu\/wp-content\/uploads\/2017\/05\/Bodensee2.jpg?fit=1123%2C737&ssl=1&resize=1050%2C600 3x"},"classes":[]}],"jetpack_likes_enabled":true,"_links":{"self":[{"href":"https:\/\/news-papers.eu\/index.php?rest_route=\/wp\/v2\/posts\/7991","targetHints":{"allow":["GET"]}}],"collection":[{"href":"https:\/\/news-papers.eu\/index.php?rest_route=\/wp\/v2\/posts"}],"about":[{"href":"https:\/\/news-papers.eu\/index.php?rest_route=\/wp\/v2\/types\/post"}],"author":[{"embeddable":true,"href":"https:\/\/news-papers.eu\/index.php?rest_route=\/wp\/v2\/users\/2"}],"replies":[{"embeddable":true,"href":"https:\/\/news-papers.eu\/index.php?rest_route=%2Fwp%2Fv2%2Fcomments&post=7991"}],"version-history":[{"count":2,"href":"https:\/\/news-papers.eu\/index.php?rest_route=\/wp\/v2\/posts\/7991\/revisions"}],"predecessor-version":[{"id":8021,"href":"https:\/\/news-papers.eu\/index.php?rest_route=\/wp\/v2\/posts\/7991\/revisions\/8021"}],"wp:featuredmedia":[{"embeddable":true,"href":"https:\/\/news-papers.eu\/index.php?rest_route=\/wp\/v2\/media\/7993"}],"wp:attachment":[{"href":"https:\/\/news-papers.eu\/index.php?rest_route=%2Fwp%2Fv2%2Fmedia&parent=7991"}],"wp:term":[{"taxonomy":"category","embeddable":true,"href":"https:\/\/news-papers.eu\/index.php?rest_route=%2Fwp%2Fv2%2Fcategories&post=7991"},{"taxonomy":"post_tag","embeddable":true,"href":"https:\/\/news-papers.eu\/index.php?rest_route=%2Fwp%2Fv2%2Ftags&post=7991"}],"curies":[{"name":"wp","href":"https:\/\/api.w.org\/{rel}","templated":true}]}}