{"id":7793,"date":"2018-08-25T04:12:49","date_gmt":"2018-08-25T02:12:49","guid":{"rendered":"http:\/\/news-papers.eu\/?p=7793"},"modified":"2018-08-19T17:26:56","modified_gmt":"2018-08-19T15:26:56","slug":"7793-2","status":"publish","type":"post","link":"https:\/\/news-papers.eu\/?p=7793","title":{"rendered":"P\u00e4diatrische Sepsis (engl. Version)"},"content":{"rendered":"<p style=\"text-align: justify;\">Anbei ein interessantes Video zu <strong>p\u00e4diatrischen Sepsis<\/strong> von Dr. Mardi Steere:<\/p>\n<p><a href=\"https:\/\/vimeo.com\/280188563\/96935e1b7a\" target=\"_blank\" rel=\"noopener\"><img data-recalc-dims=\"1\" loading=\"lazy\" decoding=\"async\" data-attachment-id=\"7794\" data-permalink=\"https:\/\/news-papers.eu\/?attachment_id=7794\" data-orig-file=\"https:\/\/i0.wp.com\/news-papers.eu\/wp-content\/uploads\/2018\/07\/Bildschirmfoto-2018-07-22-um-13.14.06.png?fit=1862%2C964&amp;ssl=1\" data-orig-size=\"1862,964\" data-comments-opened=\"1\" data-image-meta=\"{&quot;aperture&quot;:&quot;0&quot;,&quot;credit&quot;:&quot;&quot;,&quot;camera&quot;:&quot;&quot;,&quot;caption&quot;:&quot;&quot;,&quot;created_timestamp&quot;:&quot;0&quot;,&quot;copyright&quot;:&quot;&quot;,&quot;focal_length&quot;:&quot;0&quot;,&quot;iso&quot;:&quot;0&quot;,&quot;shutter_speed&quot;:&quot;0&quot;,&quot;title&quot;:&quot;&quot;,&quot;orientation&quot;:&quot;0&quot;}\" data-image-title=\"pediatric sepsis\" data-image-description=\"\" data-image-caption=\"\" data-large-file=\"https:\/\/i0.wp.com\/news-papers.eu\/wp-content\/uploads\/2018\/07\/Bildschirmfoto-2018-07-22-um-13.14.06.png?fit=1024%2C530&amp;ssl=1\" class=\"alignnone wp-image-7794\" src=\"https:\/\/i0.wp.com\/news-papers.eu\/wp-content\/uploads\/2018\/07\/Bildschirmfoto-2018-07-22-um-13.14.06.png?resize=681%2C352\" alt=\"\" width=\"681\" height=\"352\" srcset=\"https:\/\/i0.wp.com\/news-papers.eu\/wp-content\/uploads\/2018\/07\/Bildschirmfoto-2018-07-22-um-13.14.06.png?resize=300%2C155&amp;ssl=1 300w, https:\/\/i0.wp.com\/news-papers.eu\/wp-content\/uploads\/2018\/07\/Bildschirmfoto-2018-07-22-um-13.14.06.png?resize=768%2C398&amp;ssl=1 768w, https:\/\/i0.wp.com\/news-papers.eu\/wp-content\/uploads\/2018\/07\/Bildschirmfoto-2018-07-22-um-13.14.06.png?resize=1024%2C530&amp;ssl=1 1024w, https:\/\/i0.wp.com\/news-papers.eu\/wp-content\/uploads\/2018\/07\/Bildschirmfoto-2018-07-22-um-13.14.06.png?resize=750%2C388&amp;ssl=1 750w, https:\/\/i0.wp.com\/news-papers.eu\/wp-content\/uploads\/2018\/07\/Bildschirmfoto-2018-07-22-um-13.14.06.png?w=1862&amp;ssl=1 1862w\" sizes=\"auto, (max-width: 681px) 100vw, 681px\" \/><\/a><\/p>\n<p><a href=\"https:\/\/vimeo.com\/280188563\/96935e1b7a\" target=\"_blank\" rel=\"noopener\">Video<\/a>-Link (englische Sprache)<\/p>\n<p>&nbsp;<\/p>\n<blockquote class=\"wp-embedded-content\" data-secret=\"fQe9bbwrYT\"><p><a href=\"http:\/\/news-papers.eu\/stellenausschreibungen-universititaetsklinikum-duesseldorf\">Stellenausschreibungen Universitit\u00e4tsklinikum D\u00fcsseldorf<\/a><\/p><\/blockquote>\n<p><iframe loading=\"lazy\" class=\"wp-embedded-content\" sandbox=\"allow-scripts\" security=\"restricted\" style=\"position: absolute; clip: rect(1px, 1px, 1px, 1px);\" src=\"http:\/\/news-papers.eu\/stellenausschreibungen-universititaetsklinikum-duesseldorf\/embed#?secret=fQe9bbwrYT\" data-secret=\"fQe9bbwrYT\" width=\"600\" height=\"338\" title=\"&#8222;Stellenausschreibungen Universitit\u00e4tsklinikum D\u00fcsseldorf&#8220; &#8212; News Papers\" frameborder=\"0\" marginwidth=\"0\" marginheight=\"0\" scrolling=\"no\"><\/iframe><\/p>\n","protected":false},"excerpt":{"rendered":"<p>Anbei ein interessantes Video zu p\u00e4diatrischen Sepsis von Dr. Mardi Steere: Video-Link (englische Sprache) &nbsp; Stellenausschreibungen Universitit\u00e4tsklinikum D\u00fcsseldorf<\/p>\n","protected":false},"author":2,"featured_media":7794,"comment_status":"open","ping_status":"open","sticky":false,"template":"","format":"standard","meta":{"__cvm_playback_settings":[],"__cvm_video_id":"","jetpack_post_was_ever_published":false,"_jetpack_newsletter_access":"","_jetpack_dont_email_post_to_subs":false,"_jetpack_newsletter_tier_id":0,"_jetpack_memberships_contains_paywalled_content":false,"_jetpack_memberships_contains_paid_content":false,"footnotes":"","jetpack_publicize_message":"","jetpack_publicize_feature_enabled":true,"jetpack_social_post_already_shared":true,"jetpack_social_options":{"image_generator_settings":{"template":"highway","default_image_id":0,"font":"","enabled":false},"version":2},"_wpas_customize_per_network":false},"categories":[2,13],"tags":[1457],"class_list":["post-7793","post","type-post","status-publish","format-standard","has-post-thumbnail","hentry","category-allgemein","category-kindernotfaelle","tag-pediatric-sepsis"],"jetpack_publicize_connections":[],"jetpack_featured_media_url":"https:\/\/i0.wp.com\/news-papers.eu\/wp-content\/uploads\/2018\/07\/Bildschirmfoto-2018-07-22-um-13.14.06.png?fit=1862%2C964&ssl=1","jetpack_sharing_enabled":true,"jetpack_shortlink":"https:\/\/wp.me\/p7fR2g-21H","jetpack-related-posts":[{"id":10852,"url":"https:\/\/news-papers.eu\/?p=10852","url_meta":{"origin":7793,"position":0},"title":"Sepsis Stiftung &#8211; Gemeinsam gegen Sepsis","author":"Michael Bernhard","date":"Februar 10, 2020","format":false,"excerpt":"Die Sepsis-Stiftung hat 2018 ein Video zur Aufkl\u00e4rung zur Sepsis herausgebracht: https:\/\/www.youtube.com\/watch?feature=youtu.be&v=eixGqum_Je0&app=desktop Abbildung bitte anklicken zum Abspielen des Videos. Weitere Informationen unter https:\/\/www.sepsis-stiftung.eu","rel":"","context":"In &quot;Sepsis&quot;","block_context":{"text":"Sepsis","link":"https:\/\/news-papers.eu\/?cat=57"},"img":{"alt_text":"Sepsis","src":"https:\/\/i0.wp.com\/news-papers.eu\/wp-content\/uploads\/2020\/01\/Bildschirmfoto-2020-01-19-um-11.01.49-e1579428136452.png?fit=700%2C395&ssl=1&resize=350%2C200","width":350,"height":200,"srcset":"https:\/\/i0.wp.com\/news-papers.eu\/wp-content\/uploads\/2020\/01\/Bildschirmfoto-2020-01-19-um-11.01.49-e1579428136452.png?fit=700%2C395&ssl=1&resize=350%2C200 1x, https:\/\/i0.wp.com\/news-papers.eu\/wp-content\/uploads\/2020\/01\/Bildschirmfoto-2020-01-19-um-11.01.49-e1579428136452.png?fit=700%2C395&ssl=1&resize=525%2C300 1.5x, https:\/\/i0.wp.com\/news-papers.eu\/wp-content\/uploads\/2020\/01\/Bildschirmfoto-2020-01-19-um-11.01.49-e1579428136452.png?fit=700%2C395&ssl=1&resize=700%2C400 2x"},"classes":[]},{"id":13576,"url":"https:\/\/news-papers.eu\/?p=13576","url_meta":{"origin":7793,"position":1},"title":"&#8222;G\u00f6nn&#8216; dem Tod &#8217;ne Pause&#8220;","author":"Bj\u00f6rn Hossfeld","date":"April 17, 2021","format":false,"excerpt":"\u00dcber vermeidbare Todesf\u00e4lle beim Trauma haben wir in den letzten 10 Jahren viel geh\u00f6rt. Nun starten das Aktionsb\u00fcndnis Patientensicherheit e.V. (APS), die Sepsis Stiftung, die Deutsche Sepsis-Hilfe, der Sepsisdialog der Universit\u00e4tsmedizin Greifswald und der Verband der Ersatzkassen e. V. (vdek) eine Aufkl\u00e4rungskampagne unter dem Motto \u201eDeutschland erkennt Sepsis\u201c mit dem\u2026","rel":"","context":"In &quot;Sepsis&quot;","block_context":{"text":"Sepsis","link":"https:\/\/news-papers.eu\/?cat=57"},"img":{"alt_text":"","src":"https:\/\/i0.wp.com\/news-papers.eu\/wp-content\/uploads\/2021\/04\/Bildschirmfoto-2021-04-14-um-21.07.58.png?fit=961%2C500&ssl=1&resize=350%2C200","width":350,"height":200,"srcset":"https:\/\/i0.wp.com\/news-papers.eu\/wp-content\/uploads\/2021\/04\/Bildschirmfoto-2021-04-14-um-21.07.58.png?fit=961%2C500&ssl=1&resize=350%2C200 1x, https:\/\/i0.wp.com\/news-papers.eu\/wp-content\/uploads\/2021\/04\/Bildschirmfoto-2021-04-14-um-21.07.58.png?fit=961%2C500&ssl=1&resize=525%2C300 1.5x, https:\/\/i0.wp.com\/news-papers.eu\/wp-content\/uploads\/2021\/04\/Bildschirmfoto-2021-04-14-um-21.07.58.png?fit=961%2C500&ssl=1&resize=700%2C400 2x"},"classes":[]},{"id":11890,"url":"https:\/\/news-papers.eu\/?p=11890","url_meta":{"origin":7793,"position":2},"title":"Sepsis: Die Tarragona-Strategie","author":"Michael Bernhard","date":"August 7, 2020","format":false,"excerpt":"Ein interessantes Video von Sebastian Casu zum Thema Tarragona-Strategie bei der Sepsis: https:\/\/youtu.be\/yzCjbsbYiI4 Viel Spass beim Schauen.","rel":"","context":"In &quot;Sepsis&quot;","block_context":{"text":"Sepsis","link":"https:\/\/news-papers.eu\/?cat=57"},"img":{"alt_text":"","src":"https:\/\/i0.wp.com\/img.youtube.com\/vi\/yzCjbsbYiI4\/0.jpg?resize=350%2C200","width":350,"height":200},"classes":[]},{"id":13646,"url":"https:\/\/news-papers.eu\/?p=13646","url_meta":{"origin":7793,"position":3},"title":"Sepsiskriterien zu unspezifisch?","author":"Michael Bernhard","date":"Mai 12, 2021","format":false,"excerpt":"Eine effektive Sepsistherapie h\u00e4ngt von n\u00fctzlichen Kriterien f\u00fcr eine schnelle und fr\u00fche Identifizierung der in Frage kommenden Patienten ab. Diese Kriterien sollten zuverl\u00e4ssig die Entlassungsdiagnose Sepsis vorhersagen und sicherstellen, dass Interventionen bei denjenigen ausgel\u00f6st werden, die sie ben\u00f6tigen, w\u00e4hrend potenziell sch\u00e4dliche Interventionen bei denjenigen vermieden werden, die sie nicht ben\u00f6tigen.\u2026","rel":"","context":"In &quot;Sepsis&quot;","block_context":{"text":"Sepsis","link":"https:\/\/news-papers.eu\/?cat=57"},"img":{"alt_text":"","src":"https:\/\/i0.wp.com\/news-papers.eu\/wp-content\/uploads\/2016\/02\/Sepsis.jpg?fit=900%2C1200&ssl=1&resize=350%2C200","width":350,"height":200,"srcset":"https:\/\/i0.wp.com\/news-papers.eu\/wp-content\/uploads\/2016\/02\/Sepsis.jpg?fit=900%2C1200&ssl=1&resize=350%2C200 1x, https:\/\/i0.wp.com\/news-papers.eu\/wp-content\/uploads\/2016\/02\/Sepsis.jpg?fit=900%2C1200&ssl=1&resize=525%2C300 1.5x, https:\/\/i0.wp.com\/news-papers.eu\/wp-content\/uploads\/2016\/02\/Sepsis.jpg?fit=900%2C1200&ssl=1&resize=700%2C400 2x"},"classes":[]},{"id":7166,"url":"https:\/\/news-papers.eu\/?p=7166","url_meta":{"origin":7793,"position":4},"title":"Sepsis Teil 1 und Teil 2 by Nerdfallmedizin.de","author":"Michael Bernhard","date":"Mai 8, 2018","format":false,"excerpt":"Sepsis in der Pr\u00e4klinik: https:\/\/www.youtube.com\/watch?v=xnDzpI_07A4 Sepsis in der Notaufnahme: https:\/\/www.youtube.com\/watch?v=K4BIDKAFIU0 Beide Beitr\u00e4ge by Nerdfallmedizin.de News-Papers.eu auf TWITTER\u00a0 \u00a0\u00a0Follow news-papers.eu","rel":"","context":"In &quot;Sepsis&quot;","block_context":{"text":"Sepsis","link":"https:\/\/news-papers.eu\/?cat=57"},"img":{"alt_text":"","src":"https:\/\/i0.wp.com\/news-papers.eu\/wp-content\/uploads\/2018\/05\/Tafel-e1520147642335.jpg?fit=300%2C200&ssl=1&resize=350%2C200","width":350,"height":200},"classes":[]},{"id":3747,"url":"https:\/\/news-papers.eu\/?p=3747","url_meta":{"origin":7793,"position":5},"title":"Surviving Sepsis Campaign &#8211; Guidelines 2017 &#8211; 4th Edition","author":"Michael Bernhard","date":"Januar 25, 2017","format":false,"excerpt":"Gerade sind die neuen Surviving Sepsis Campaign Guidelines 2017\u00a0erschienen: Gesamte Leitlinie\u00a0(67 Seiten, 655 Literaturstellen):\u00a0 Rhodes A et al.,\u00a0Surviving Sepsis Campaign: International\u00a0Guidelines for Management of Sepsis and Septic\u00a0Shock: 2016. Crit Care Med 2017;\u00a0DOI: 10.1097\/CCM.0000000000002255 (PDF) User\u00b4s Guideline\u00a0(5 Seiten): Dellinger RP, et al. A Users\u2019 Guide to the 2016 Surviving Sepsis\u00a0Guidelines. Crit\u2026","rel":"","context":"In &quot;Sepsis&quot;","block_context":{"text":"Sepsis","link":"https:\/\/news-papers.eu\/?cat=57"},"img":{"alt_text":"","src":"https:\/\/i0.wp.com\/news-papers.eu\/wp-content\/uploads\/2017\/01\/Bildschirmfoto-2017-01-23-um-07.57.24-e1485154716876.png?fit=500%2C343&ssl=1&resize=350%2C200","width":350,"height":200},"classes":[]}],"jetpack_likes_enabled":true,"_links":{"self":[{"href":"https:\/\/news-papers.eu\/index.php?rest_route=\/wp\/v2\/posts\/7793","targetHints":{"allow":["GET"]}}],"collection":[{"href":"https:\/\/news-papers.eu\/index.php?rest_route=\/wp\/v2\/posts"}],"about":[{"href":"https:\/\/news-papers.eu\/index.php?rest_route=\/wp\/v2\/types\/post"}],"author":[{"embeddable":true,"href":"https:\/\/news-papers.eu\/index.php?rest_route=\/wp\/v2\/users\/2"}],"replies":[{"embeddable":true,"href":"https:\/\/news-papers.eu\/index.php?rest_route=%2Fwp%2Fv2%2Fcomments&post=7793"}],"version-history":[{"count":5,"href":"https:\/\/news-papers.eu\/index.php?rest_route=\/wp\/v2\/posts\/7793\/revisions"}],"predecessor-version":[{"id":8005,"href":"https:\/\/news-papers.eu\/index.php?rest_route=\/wp\/v2\/posts\/7793\/revisions\/8005"}],"wp:featuredmedia":[{"embeddable":true,"href":"https:\/\/news-papers.eu\/index.php?rest_route=\/wp\/v2\/media\/7794"}],"wp:attachment":[{"href":"https:\/\/news-papers.eu\/index.php?rest_route=%2Fwp%2Fv2%2Fmedia&parent=7793"}],"wp:term":[{"taxonomy":"category","embeddable":true,"href":"https:\/\/news-papers.eu\/index.php?rest_route=%2Fwp%2Fv2%2Fcategories&post=7793"},{"taxonomy":"post_tag","embeddable":true,"href":"https:\/\/news-papers.eu\/index.php?rest_route=%2Fwp%2Fv2%2Ftags&post=7793"}],"curies":[{"name":"wp","href":"https:\/\/api.w.org\/{rel}","templated":true}]}}