{"id":6732,"date":"2018-06-01T04:29:25","date_gmt":"2018-06-01T02:29:25","guid":{"rendered":"http:\/\/news-papers.eu\/?p=6732"},"modified":"2017-12-26T11:08:59","modified_gmt":"2017-12-26T10:08:59","slug":"online-we-fortbildungnow-to-go-atemwegsmanagement-09-06-2018","status":"publish","type":"post","link":"https:\/\/news-papers.eu\/?p=6732","title":{"rendered":"Online WE-Fortbildung:Now-to-Go: Atemwegsmanagement, 09.06.2018"},"content":{"rendered":"<p><img loading=\"lazy\" decoding=\"async\" data-attachment-id=\"3667\" data-permalink=\"https:\/\/news-papers.eu\/?attachment_id=3667\" data-orig-file=\"https:\/\/i0.wp.com\/news-papers.eu\/wp-content\/uploads\/2017\/01\/NOWtogologo.jpg?fit=210%2C72&amp;ssl=1\" data-orig-size=\"210,72\" data-comments-opened=\"1\" data-image-meta=\"{&quot;aperture&quot;:&quot;0&quot;,&quot;credit&quot;:&quot;&quot;,&quot;camera&quot;:&quot;&quot;,&quot;caption&quot;:&quot;&quot;,&quot;created_timestamp&quot;:&quot;0&quot;,&quot;copyright&quot;:&quot;&quot;,&quot;focal_length&quot;:&quot;0&quot;,&quot;iso&quot;:&quot;0&quot;,&quot;shutter_speed&quot;:&quot;0&quot;,&quot;title&quot;:&quot;&quot;,&quot;orientation&quot;:&quot;1&quot;}\" data-image-title=\"NOWtogologo\" data-image-description=\"\" data-image-caption=\"\" data-large-file=\"https:\/\/i0.wp.com\/news-papers.eu\/wp-content\/uploads\/2017\/01\/NOWtogologo.jpg?fit=210%2C72&amp;ssl=1\" class=\"alignnone wp-image-3667\" src=\"https:\/\/i2.wp.com\/news-papers.eu\/wp-content\/uploads\/2017\/01\/NOWtogologo.jpg?zoom=2&amp;resize=490%2C168\" srcset=\"https:\/\/i2.wp.com\/news-papers.eu\/wp-content\/uploads\/2017\/01\/NOWtogologo.jpg?zoom=2&amp;resize=490%2C168\" alt=\"\" width=\"738\" height=\"253\" data-attachment-id=\"3667\" data-permalink=\"http:\/\/news-papers.eu\/s3-ll-polytrauma-bei-notfallwissen-to-go-am-19-01-2017\/nowtogologo\" data-orig-file=\"https:\/\/i2.wp.com\/news-papers.eu\/wp-content\/uploads\/2017\/01\/NOWtogologo.jpg?fit=210%2C72\" data-orig-size=\"210,72\" data-comments-opened=\"1\" data-image-meta=\"{&quot;aperture&quot;:&quot;0&quot;,&quot;credit&quot;:&quot;&quot;,&quot;camera&quot;:&quot;&quot;,&quot;caption&quot;:&quot;&quot;,&quot;created_timestamp&quot;:&quot;0&quot;,&quot;copyright&quot;:&quot;&quot;,&quot;focal_length&quot;:&quot;0&quot;,&quot;iso&quot;:&quot;0&quot;,&quot;shutter_speed&quot;:&quot;0&quot;,&quot;title&quot;:&quot;&quot;,&quot;orientation&quot;:&quot;1&quot;}\" data-image-title=\"NOWtogologo\" data-image-description=\"\" data-medium-file=\"https:\/\/i2.wp.com\/news-papers.eu\/wp-content\/uploads\/2017\/01\/NOWtogologo.jpg?fit=210%2C72\" data-large-file=\"https:\/\/i2.wp.com\/news-papers.eu\/wp-content\/uploads\/2017\/01\/NOWtogologo.jpg?fit=210%2C72\" \/><\/p>\n<p>Die n\u00e4chste ONLINE-Fortbildung von\u00a0<strong>NOtfall-Wissen-TO-GO<\/strong>\u00a0findet zu folgenden Thema statt:<\/p>\n<blockquote><p><strong>Samstag, 09. Juni 2018, 10:00-13:30 h<br \/>\n<\/strong><b>Atemwegsmanagement<br \/>\n<\/b><\/p>\n<p>&#8211; &#8230; in der Notfallmedizin,\u00a0M. Bernhard<br \/>\n&#8211; Um die Ecke geschaut &#8211; Videolaryngoskopie,\u00a0B. Hossfeld<br \/>\n&#8211; Notfallnarkose, V. Wenzel<\/p><\/blockquote>\n<p style=\"text-align: justify;\">Wir w\u00fcnschen allen nicht-\u00e4rztlichen und \u00e4rztlichen Kolleginnen und Kollegen aus Rettung- und Notarztdienst, Notaufnahmen und akutmedizinischen Behandlungsbereichen sowie notfallmedizinisch Interessierten ganz viel Spass bei dieser Online-Fortbildung.<\/p>\n<p>Informationen zu\u00a0<strong>NOtfallWissen TO GO<\/strong>\u00a0finden Sie hier:<strong>\u00a0<a href=\"http:\/\/www.nowtogo.de\/\" target=\"_blank\" rel=\"noopener\">http:\/\/www.nowtogo.de<\/a><\/strong><\/p>\n<p>Das Programm von\u00a0<strong>NOtfallWissen TO GO<\/strong>\u00a0finden Sie hier:\u00a0<strong><a href=\"http:\/\/news-papers.eu\/wp-content\/uploads\/2017\/12\/NOWTOGO_Programm_2018.pdf\">NOWTOGO_Programm_2018<\/a><\/strong><\/p>\n<hr \/>\n<p><strong><a href=\"https:\/\/twitter.com\/news_papers_eu?refsrc=email&amp;s=11\" target=\"_blank\" rel=\"noopener\">News-Papers.eu auf TWITTER<\/a>\u00a0 \u00a0 \u00a0 \u00a0\u00a0<a href=\"http:\/\/news-papers.eu\/follow\" target=\"_blank\" rel=\"noopener\">Follow news-papers.eu<\/a><\/strong><\/p>\n","protected":false},"excerpt":{"rendered":"<p>Die n\u00e4chste ONLINE-Fortbildung von\u00a0NOtfall-Wissen-TO-GO\u00a0findet zu folgenden Thema statt: Samstag, 09. Juni 2018, 10:00-13:30 h Atemwegsmanagement &#8211; &#8230; in der Notfallmedizin,\u00a0M. Bernhard &#8211; Um die Ecke geschaut &#8211; Videolaryngoskopie,\u00a0B. Hossfeld &#8211; [&hellip;]<\/p>\n","protected":false},"author":2,"featured_media":3667,"comment_status":"open","ping_status":"open","sticky":false,"template":"","format":"standard","meta":{"__cvm_playback_settings":[],"__cvm_video_id":"","jetpack_post_was_ever_published":false,"_jetpack_newsletter_access":"","_jetpack_dont_email_post_to_subs":false,"_jetpack_newsletter_tier_id":0,"_jetpack_memberships_contains_paywalled_content":false,"_jetpack_memberships_contains_paid_content":false,"footnotes":"","jetpack_publicize_message":"","jetpack_publicize_feature_enabled":true,"jetpack_social_post_already_shared":true,"jetpack_social_options":{"image_generator_settings":{"template":"highway","default_image_id":0,"font":"","enabled":false},"version":2},"_wpas_customize_per_network":false},"categories":[30],"tags":[631,28],"class_list":["post-6732","post","type-post","status-publish","format-standard","has-post-thumbnail","hentry","category-veranstaltungshinweis","tag-atemwegs-sicherung","tag-atemwegsmanagement"],"jetpack_publicize_connections":[],"jetpack_featured_media_url":"https:\/\/i0.wp.com\/news-papers.eu\/wp-content\/uploads\/2017\/01\/NOWtogologo.jpg?fit=210%2C72&ssl=1","jetpack_sharing_enabled":true,"jetpack_shortlink":"https:\/\/wp.me\/p7fR2g-1KA","jetpack-related-posts":[{"id":5110,"url":"https:\/\/news-papers.eu\/?p=5110","url_meta":{"origin":6732,"position":0},"title":"Online-Fortbildung: Now To Go: Atemwegsmanagement","author":"Michael Bernhard","date":"Oktober 17, 2017","format":false,"excerpt":"Die n\u00e4chste ONLINE-Fortbildung von\u00a0NOtfall-Wissen-TO-GO\u00a0findet zu folgenden Thema statt: Donnerstag, 19. Oktober 2017 Atemwegsmanagement I - Der Atemweg Dr. med. Christian Hohenstein, Jena ; Dr. med. Sabine Merz, Villingen-Schwenningen Wir w\u00fcnschen allen nicht-\u00e4rztlichen und \u00e4rztlichen Kolleginnen und Kollegen aus Rettung- und Notarztdienst, Notaufnahmen und akutmedizinischen Behandlungsbereichen sowie notfallmedizinisch Interessierten ganz viel\u2026","rel":"","context":"In &quot;Veranstaltungshinweis&quot;","block_context":{"text":"Veranstaltungshinweis","link":"https:\/\/news-papers.eu\/?cat=30"},"img":{"alt_text":"","src":"https:\/\/i0.wp.com\/news-papers.eu\/wp-content\/uploads\/2017\/01\/NOWtogologo.jpg?resize=350%2C200","width":350,"height":200,"srcset":"https:\/\/i0.wp.com\/news-papers.eu\/wp-content\/uploads\/2017\/01\/NOWtogologo.jpg?resize=350%2C200 1x, https:\/\/i0.wp.com\/news-papers.eu\/wp-content\/uploads\/2017\/01\/NOWtogologo.jpg?resize=525%2C300 1.5x, https:\/\/i0.wp.com\/news-papers.eu\/wp-content\/uploads\/2017\/01\/NOWtogologo.jpg?resize=700%2C400 2x"},"classes":[]},{"id":15677,"url":"https:\/\/news-papers.eu\/?p=15677","url_meta":{"origin":6732,"position":1},"title":"traumateam meets NowToGo &#8222;Atemwegsmanagement und Notfallnarkose lernen&#8220;","author":"Bj\u00f6rn Hossfeld","date":"Juli 3, 2022","format":false,"excerpt":"Da die notfallmedizinischen Fortbildungen der Kollegen von traumateam.de gemeinsam mit der ADAC Luftrettung gGmbH am Ulmer Bundeswehrkrankenhaus, wie viele andere Termine auch, nicht als Pr\u00e4senzveranstaltungen stattfinden k\u00f6nnen, haben sich die Ulmer mit NOWTOGO zusammengeschlossen und bieten am kommenden Dienstag ihre Fortbildung als Live-Stream an. Die Sicherung der Atemwege und eine\u2026","rel":"","context":"In &quot;Veranstaltungshinweis&quot;","block_context":{"text":"Veranstaltungshinweis","link":"https:\/\/news-papers.eu\/?cat=30"},"img":{"alt_text":"","src":"https:\/\/i0.wp.com\/news-papers.eu\/wp-content\/uploads\/2021\/09\/ANNA-Skill-Station-03-scaled.jpg?fit=1200%2C798&ssl=1&resize=350%2C200","width":350,"height":200,"srcset":"https:\/\/i0.wp.com\/news-papers.eu\/wp-content\/uploads\/2021\/09\/ANNA-Skill-Station-03-scaled.jpg?fit=1200%2C798&ssl=1&resize=350%2C200 1x, https:\/\/i0.wp.com\/news-papers.eu\/wp-content\/uploads\/2021\/09\/ANNA-Skill-Station-03-scaled.jpg?fit=1200%2C798&ssl=1&resize=525%2C300 1.5x, https:\/\/i0.wp.com\/news-papers.eu\/wp-content\/uploads\/2021\/09\/ANNA-Skill-Station-03-scaled.jpg?fit=1200%2C798&ssl=1&resize=700%2C400 2x, https:\/\/i0.wp.com\/news-papers.eu\/wp-content\/uploads\/2021\/09\/ANNA-Skill-Station-03-scaled.jpg?fit=1200%2C798&ssl=1&resize=1050%2C600 3x"},"classes":[]},{"id":19348,"url":"https:\/\/news-papers.eu\/?p=19348","url_meta":{"origin":6732,"position":2},"title":"ANNA-Kurs an der BG Ludwigshafen","author":"Bj\u00f6rn Hossfeld","date":"M\u00e4rz 13, 2025","format":false,"excerpt":"Das Freimachen und die Sicherung der Atemwege sind wesentliche Aufgaben des Rettungsdienstfachpersonals, der Not\u00e4rzte, aber auch von \u00c4rzten und Pflegekr\u00e4ften der klinischen Notfall- und Akutbereiche. Diese Ma\u00dfnahmen stellen absolut lebensrettende Kernkompetenzen dar und m\u00fcssen daher von jedem in der Notfallmedizin T\u00e4tigen auf einer professionellen Basis sicher angewendet werden k\u00f6nnen. Das\u2026","rel":"","context":"In &quot;Veranstaltungshinweis&quot;","block_context":{"text":"Veranstaltungshinweis","link":"https:\/\/news-papers.eu\/?cat=30"},"img":{"alt_text":"","src":"https:\/\/i0.wp.com\/news-papers.eu\/wp-content\/uploads\/2023\/04\/ANNA-Ulm23-SALAD-01-300x200.jpg?resize=350%2C200","width":350,"height":200},"classes":[]},{"id":14906,"url":"https:\/\/news-papers.eu\/?p=14906","url_meta":{"origin":6732,"position":3},"title":"AGNNW Monatsfortbildung ONLINE &#8211; 03.05.2021: Atemwegsmanagement","author":"Michael Bernhard","date":"Mai 1, 2022","format":false,"excerpt":"Regelm\u00e4\u00dfige Fortbildungen sind wichtig, gerade wenn es um Notfallmedizin geht. Die SARS-CoV2 Pandemie zwingt ALLE zum Umdenken, auch hinsichtlich der Fortbildungsm\u00f6glichkeiten f\u00fcr den Rettungs- und Notarztdienst. Vor diesem Hintergrund wird das neu initiierte Fortbildungsprogramm der AGNNW nun ab 2022 einmal im Monat an einem Dienstag um 18.30 Uhr notfallmedizinisch wichtige\u2026","rel":"","context":"In &quot;Veranstaltungshinweis&quot;","block_context":{"text":"Veranstaltungshinweis","link":"https:\/\/news-papers.eu\/?cat=30"},"img":{"alt_text":"","src":"https:\/\/i0.wp.com\/news-papers.eu\/wp-content\/uploads\/2021\/12\/Bildschirmfoto-2021-12-29-um-17.56.29.png?fit=650%2C1074&ssl=1&resize=350%2C200","width":350,"height":200,"srcset":"https:\/\/i0.wp.com\/news-papers.eu\/wp-content\/uploads\/2021\/12\/Bildschirmfoto-2021-12-29-um-17.56.29.png?fit=650%2C1074&ssl=1&resize=350%2C200 1x, https:\/\/i0.wp.com\/news-papers.eu\/wp-content\/uploads\/2021\/12\/Bildschirmfoto-2021-12-29-um-17.56.29.png?fit=650%2C1074&ssl=1&resize=525%2C300 1.5x"},"classes":[]},{"id":16878,"url":"https:\/\/news-papers.eu\/?p=16878","url_meta":{"origin":6732,"position":4},"title":"ANNA: jetzt Kursplatz sichern !","author":"Bj\u00f6rn Hossfeld","date":"April 16, 2023","format":false,"excerpt":"ANNA - Atemwegsmanagement und Narkose in Notfall- und Akutmedizin ist ein neues Kurskonzept der Deutschen Interdisziplin\u00e4ren Vereinigung f\u00fcr Intensiv- und Notfallmedizin (DIVI). Das Freimachen und die Sicherung der Atemwege sind wesentliche Kernaufgaben des Rettungsdienstfach-personals, der Not\u00e4rzte*innen, aber auch von \u00c4rzten*innen und Pflegekr\u00e4ften der klinischen Notfall- und Akutbereiche. Diese Ma\u00dfnahmen sind\u2026","rel":"","context":"In &quot;Atemwegsmanagement&quot;","block_context":{"text":"Atemwegsmanagement","link":"https:\/\/news-papers.eu\/?cat=3"},"img":{"alt_text":"","src":"https:\/\/i0.wp.com\/news-papers.eu\/wp-content\/uploads\/2023\/04\/ANNA.png?fit=1200%2C597&ssl=1&resize=350%2C200","width":350,"height":200,"srcset":"https:\/\/i0.wp.com\/news-papers.eu\/wp-content\/uploads\/2023\/04\/ANNA.png?fit=1200%2C597&ssl=1&resize=350%2C200 1x, https:\/\/i0.wp.com\/news-papers.eu\/wp-content\/uploads\/2023\/04\/ANNA.png?fit=1200%2C597&ssl=1&resize=525%2C300 1.5x, https:\/\/i0.wp.com\/news-papers.eu\/wp-content\/uploads\/2023\/04\/ANNA.png?fit=1200%2C597&ssl=1&resize=700%2C400 2x, https:\/\/i0.wp.com\/news-papers.eu\/wp-content\/uploads\/2023\/04\/ANNA.png?fit=1200%2C597&ssl=1&resize=1050%2C600 3x"},"classes":[]},{"id":8892,"url":"https:\/\/news-papers.eu\/?p=8892","url_meta":{"origin":6732,"position":5},"title":"12. Workshop Atemwegsmanagement, 12.-13.04.2019","author":"Michael Bernhard","date":"Februar 27, 2019","format":false,"excerpt":"Die Atemwegssicherung ist in der An\u00e4sthesie, der\u00a0Intensivmedizin und der Notfallmedizin eine lebenswichtige\u00a0Ma\u00dfnahme, die zum Teil unter hohem Zeitdruck\u00a0erfolgen muss. Auch wenn die endotracheale Intubation\u00a0noch immer der Goldstandard ist, gibt es auch f\u00fcr den\u00a0Erfahrenen immer wieder Situationen, in denen diese\u00a0Option durch anatomische Besonderheiten erheblich\u00a0erschwert ist. Heute steht im Bereich der supraglottischen\u00a0Atemwegshilfen\u2026","rel":"","context":"In &quot;Veranstaltungshinweis&quot;","block_context":{"text":"Veranstaltungshinweis","link":"https:\/\/news-papers.eu\/?cat=30"},"img":{"alt_text":"","src":"https:\/\/i0.wp.com\/news-papers.eu\/wp-content\/uploads\/2019\/01\/Bildschirmfoto-2019-01-20-um-12.43.01.png?fit=514%2C424&ssl=1&resize=350%2C200","width":350,"height":200},"classes":[]}],"jetpack_likes_enabled":true,"_links":{"self":[{"href":"https:\/\/news-papers.eu\/index.php?rest_route=\/wp\/v2\/posts\/6732","targetHints":{"allow":["GET"]}}],"collection":[{"href":"https:\/\/news-papers.eu\/index.php?rest_route=\/wp\/v2\/posts"}],"about":[{"href":"https:\/\/news-papers.eu\/index.php?rest_route=\/wp\/v2\/types\/post"}],"author":[{"embeddable":true,"href":"https:\/\/news-papers.eu\/index.php?rest_route=\/wp\/v2\/users\/2"}],"replies":[{"embeddable":true,"href":"https:\/\/news-papers.eu\/index.php?rest_route=%2Fwp%2Fv2%2Fcomments&post=6732"}],"version-history":[{"count":2,"href":"https:\/\/news-papers.eu\/index.php?rest_route=\/wp\/v2\/posts\/6732\/revisions"}],"predecessor-version":[{"id":6820,"href":"https:\/\/news-papers.eu\/index.php?rest_route=\/wp\/v2\/posts\/6732\/revisions\/6820"}],"wp:featuredmedia":[{"embeddable":true,"href":"https:\/\/news-papers.eu\/index.php?rest_route=\/wp\/v2\/media\/3667"}],"wp:attachment":[{"href":"https:\/\/news-papers.eu\/index.php?rest_route=%2Fwp%2Fv2%2Fmedia&parent=6732"}],"wp:term":[{"taxonomy":"category","embeddable":true,"href":"https:\/\/news-papers.eu\/index.php?rest_route=%2Fwp%2Fv2%2Fcategories&post=6732"},{"taxonomy":"post_tag","embeddable":true,"href":"https:\/\/news-papers.eu\/index.php?rest_route=%2Fwp%2Fv2%2Ftags&post=6732"}],"curies":[{"name":"wp","href":"https:\/\/api.w.org\/{rel}","templated":true}]}}