{"id":6051,"date":"2017-11-06T04:36:51","date_gmt":"2017-11-06T03:36:51","guid":{"rendered":"http:\/\/news-papers.eu\/?p=6051"},"modified":"2017-11-03T09:45:35","modified_gmt":"2017-11-03T08:45:35","slug":"spontanpneumothorax-epidemiologie","status":"publish","type":"post","link":"https:\/\/news-papers.eu\/?p=6051","title":{"rendered":"Spontanpneumothorax: Epidemiologie und Versorgung"},"content":{"rendered":"<p style=\"text-align: justify;\"><img data-recalc-dims=\"1\" loading=\"lazy\" decoding=\"async\" data-attachment-id=\"6054\" data-permalink=\"https:\/\/news-papers.eu\/?attachment_id=6054\" data-orig-file=\"https:\/\/i0.wp.com\/news-papers.eu\/wp-content\/uploads\/2017\/11\/Pneumothorax1-e1509698622586.png?fit=300%2C271&amp;ssl=1\" data-orig-size=\"300,271\" data-comments-opened=\"1\" data-image-meta=\"{&quot;aperture&quot;:&quot;0&quot;,&quot;credit&quot;:&quot;&quot;,&quot;camera&quot;:&quot;&quot;,&quot;caption&quot;:&quot;&quot;,&quot;created_timestamp&quot;:&quot;0&quot;,&quot;copyright&quot;:&quot;&quot;,&quot;focal_length&quot;:&quot;0&quot;,&quot;iso&quot;:&quot;0&quot;,&quot;shutter_speed&quot;:&quot;0&quot;,&quot;title&quot;:&quot;&quot;,&quot;orientation&quot;:&quot;0&quot;}\" data-image-title=\"Pneumothorax1\" data-image-description=\"\" data-image-caption=\"\" data-large-file=\"https:\/\/i0.wp.com\/news-papers.eu\/wp-content\/uploads\/2017\/11\/Pneumothorax1-e1509698622586.png?fit=1024%2C926&amp;ssl=1\" class=\"size-medium wp-image-6054 alignright\" src=\"https:\/\/i0.wp.com\/news-papers.eu\/wp-content\/uploads\/2017\/11\/Pneumothorax1.png?resize=300%2C271\" alt=\"\" width=\"300\" height=\"271\" \/>Im Rettung- und Notarztdienst begegnet man nicht selten Patienten mit pl\u00f6tzlichen Thoraxschmerz und ggf. begleitender Atemnot. Der Spontanpneumothorax ist dann eine der Differentialdiagnosen. Jost Schnell hat nun eine Originalarbeit im Deutschen \u00c4rzteblatt vorgelegt, die sehr interessant ist:<\/p>\n<blockquote>\n<p style=\"text-align: justify;\"><strong>Schnell J, et al.Spontanpneumothorax.\u00a0Epidemiologie und Versorgung in Deutschland 2011\u20132015.\u00a0Dtsch Arztebl Int 2017; 114(44): 739-44; DOI: 10.3238\/arztebl.2017.0739\u00a0(<a href=\"https:\/\/www.aerzteblatt.de\/archiv\/194198\/Spontanpneumothorax\" target=\"_blank\" rel=\"noopener\">PDF<\/a>)<\/strong><\/p>\n<\/blockquote>\n<p>&nbsp;<\/p>\n<p>&nbsp;<\/p>\n<hr \/>\n<p>Abb.: mit freundlichen Genehmigung von Dr. Peter Voigt, Abteilung Neuroradiologie, Universit\u00e4tsklinikum Leipzig.<\/p>\n<hr \/>\n<p><strong><a href=\"https:\/\/twitter.com\/news_papers_eu?refsrc=email&amp;s=11\" target=\"_blank\" rel=\"noopener\">News-Papers.eu auf TWITTER<\/a>\u00a0 \u00a0 \u00a0 \u00a0\u00a0<a href=\"http:\/\/news-papers.eu\/follow\" target=\"_blank\" rel=\"noopener\">Follow news-papers.eu<\/a><\/strong><\/p>\n","protected":false},"excerpt":{"rendered":"<p>Im Rettung- und Notarztdienst begegnet man nicht selten Patienten mit pl\u00f6tzlichen Thoraxschmerz und ggf. begleitender Atemnot. Der Spontanpneumothorax ist dann eine der Differentialdiagnosen. Jost Schnell hat nun eine Originalarbeit im [&hellip;]<\/p>\n","protected":false},"author":2,"featured_media":6054,"comment_status":"open","ping_status":"open","sticky":false,"template":"","format":"standard","meta":{"__cvm_playback_settings":[],"__cvm_video_id":"","jetpack_post_was_ever_published":false,"_jetpack_newsletter_access":"","_jetpack_dont_email_post_to_subs":false,"_jetpack_newsletter_tier_id":0,"_jetpack_memberships_contains_paywalled_content":false,"_jetpack_memberships_contains_paid_content":false,"footnotes":"","jetpack_publicize_message":"","jetpack_publicize_feature_enabled":true,"jetpack_social_post_already_shared":true,"jetpack_social_options":{"image_generator_settings":{"template":"highway","default_image_id":0,"font":"","enabled":false},"version":2},"_wpas_customize_per_network":false},"categories":[583],"tags":[1229],"class_list":["post-6051","post","type-post","status-publish","format-standard","has-post-thumbnail","hentry","category-pneumothorax","tag-spontanpneumothorax"],"jetpack_publicize_connections":[],"jetpack_featured_media_url":"https:\/\/i0.wp.com\/news-papers.eu\/wp-content\/uploads\/2017\/11\/Pneumothorax1-e1509698622586.png?fit=300%2C271&ssl=1","jetpack_sharing_enabled":true,"jetpack_shortlink":"https:\/\/wp.me\/p7fR2g-1zB","jetpack-related-posts":[{"id":10060,"url":"https:\/\/news-papers.eu\/?p=10060","url_meta":{"origin":6051,"position":0},"title":"Spontanpneumothorax by Referenz Notfallmedizin","author":"Michael Bernhard","date":"August 31, 2019","format":false,"excerpt":"Jost Schnell und Jens Gottlieb haben im gerade erschienenen Referenz(werk) Notfallmedizin - ein umfassendes Standardwerk rund um die Notfallmedizin und wichtige notfallmedizinische Krankheitsbilder und Notfalltechniken von Profs. Scholz, Gr\u00e4sner und Bohn - einen Beitrag zum Spontanpneumothorax geschrieben, der sehr lesenswert ist: Schnell J et al. Spontanpneumothorax. In Scholz et al.\u2026","rel":"","context":"In &quot;www - Netzressource&quot;","block_context":{"text":"www - Netzressource","link":"https:\/\/news-papers.eu\/?cat=368"},"img":{"alt_text":"","src":"https:\/\/i0.wp.com\/news-papers.eu\/wp-content\/uploads\/2019\/08\/Bildschirmfoto-2019-08-12-um-19.40.50-287x300.png?resize=350%2C200","width":350,"height":200},"classes":[]},{"id":2633,"url":"https:\/\/news-papers.eu\/?p=2633","url_meta":{"origin":6051,"position":1},"title":"Das \u201eWobble-Sign\u201c","author":"Michael Bernhard","date":"Dezember 16, 2016","format":false,"excerpt":"Johnson G, et al. A portentous wobble: a newly reported symptom of spontaneous pneumothorax. Emerg Med J 2016;0:1. doi:10.1136\/emermed-2016-206216 Graham Johnson aus Derby, England berichtete im Emergency Medicine Journal von einer Beobachtung aus seiner Arbeitsgruppe: Ein \u00e4rztlicher Kollege hat einen Spontanpneumothorax erlitten. Typischerweise pr\u00e4sentiert sich ein Spontanpneumothorax mit einem scharfen,\u2026","rel":"","context":"In &quot;Pneumothorax&quot;","block_context":{"text":"Pneumothorax","link":"https:\/\/news-papers.eu\/?cat=583"},"img":{"alt_text":"news papers","src":"https:\/\/i0.wp.com\/news-papers.eu\/wp-content\/uploads\/2016\/10\/Logo.jpg?fit=480%2C640&ssl=1&resize=350%2C200","width":350,"height":200},"classes":[]},{"id":10963,"url":"https:\/\/news-papers.eu\/?p=10963","url_meta":{"origin":6051,"position":2},"title":"Spontanpneumothorax \u2013 Drainage oder konservativ?","author":"Michael Bernhard","date":"Februar 15, 2020","format":false,"excerpt":"Ein Beitrag von PD Dr. J\u00fcrgen Knapp, Schweiz\/Bern:\u00a0 Der Spontanpneumothorax ist zwar ein nicht ganz so h\u00e4ufiges, daf\u00fcr aber sehr eindr\u00fcckliches Krankheitsbild in der Notfallmedizin. Die Inzidenz liegt f\u00fcr M\u00e4nner bei 25:100.000 Einwohner\/Jahr und f\u00fcr Frauen bei 10:100.000 Einwohner\/Jahr. Das Vorgehen beim Spontanpneumothorax bisher ist bei einer Gr\u00f6\u00dfe von >2\u2026","rel":"","context":"In &quot;Pneumothorax&quot;","block_context":{"text":"Pneumothorax","link":"https:\/\/news-papers.eu\/?cat=583"},"img":{"alt_text":"","src":"https:\/\/i0.wp.com\/news-papers.eu\/wp-content\/uploads\/2017\/11\/Pneumothorax1-300x271.png?resize=350%2C200","width":350,"height":200},"classes":[]},{"id":10305,"url":"https:\/\/news-papers.eu\/?p=10305","url_meta":{"origin":6051,"position":3},"title":"Hospitalisierung und Intensivtherapie\u00a0am Lebensende","author":"Michael Bernhard","date":"Oktober 23, 2019","format":false,"excerpt":"Eine aktuelle Untersuchung im Deutschen \u00c4rzteblatt zeigt aktuelle Daten zur Intensivtherapie am Lebensende: Fleischmann-Struzek C et al.\u00a0Hospitalisierung und Intensivtherapie\u00a0am Lebensende. Eine nationale Analyse der DRG-Statistik zwischen 2007 und 2015. Dtsch Arztebl Int 2019; 116: 653\u201360. DOI: 10.3238\/arztebl.2019.0653 (PDF) Die Inanspruchnahme einer Intensivtherapie bei Krankenhausaufenthalten am Lebensende nimmt\u00a0in Deutschland in allen\u2026","rel":"","context":"In &quot;www - Netzressource&quot;","block_context":{"text":"www - Netzressource","link":"https:\/\/news-papers.eu\/?cat=368"},"img":{"alt_text":"","src":"https:\/\/i0.wp.com\/news-papers.eu\/wp-content\/uploads\/2019\/10\/Kerze.jpg?fit=1200%2C800&ssl=1&resize=350%2C200","width":350,"height":200,"srcset":"https:\/\/i0.wp.com\/news-papers.eu\/wp-content\/uploads\/2019\/10\/Kerze.jpg?fit=1200%2C800&ssl=1&resize=350%2C200 1x, https:\/\/i0.wp.com\/news-papers.eu\/wp-content\/uploads\/2019\/10\/Kerze.jpg?fit=1200%2C800&ssl=1&resize=525%2C300 1.5x, https:\/\/i0.wp.com\/news-papers.eu\/wp-content\/uploads\/2019\/10\/Kerze.jpg?fit=1200%2C800&ssl=1&resize=700%2C400 2x, https:\/\/i0.wp.com\/news-papers.eu\/wp-content\/uploads\/2019\/10\/Kerze.jpg?fit=1200%2C800&ssl=1&resize=1050%2C600 3x"},"classes":[]},{"id":9118,"url":"https:\/\/news-papers.eu\/?p=9118","url_meta":{"origin":6051,"position":4},"title":"Inzidenz und Versorgung des mittelschweren\u00a0bis schweren SHT","author":"Michael Bernhard","date":"April 4, 2019","format":false,"excerpt":"Eine aktuelle Auswertung des DGU TraumaRegisters wurde im Deutschen \u00c4rzteblatt ver\u00f6ffentlich: Maegele M, et al. Inzidenz und Versorgung des mittelschweren\u00a0bis schweren Sch\u00e4del-Hirn-Traumas.\u00a0Retrospektive Analyse auf der Grundlage des TraumaRegisters\u00a0der Deutschen Gesellschaft f\u00fcr Unfallchirurgie (TR-DGU).\u00a0Dtsch Arztebl Int 2019; 116: 167\u201373. DOI: 10.3238\/arztebl.2019.0167 (PDF) Eine kurze Zusammenfassung: In den Jahren 2013 bis 2017\u2026","rel":"","context":"In &quot;Trauma&quot;","block_context":{"text":"Trauma","link":"https:\/\/news-papers.eu\/?cat=6"},"img":{"alt_text":"","src":"https:\/\/i0.wp.com\/news-papers.eu\/wp-content\/uploads\/2019\/04\/SHT.png?fit=1200%2C900&ssl=1&resize=350%2C200","width":350,"height":200,"srcset":"https:\/\/i0.wp.com\/news-papers.eu\/wp-content\/uploads\/2019\/04\/SHT.png?fit=1200%2C900&ssl=1&resize=350%2C200 1x, https:\/\/i0.wp.com\/news-papers.eu\/wp-content\/uploads\/2019\/04\/SHT.png?fit=1200%2C900&ssl=1&resize=525%2C300 1.5x, https:\/\/i0.wp.com\/news-papers.eu\/wp-content\/uploads\/2019\/04\/SHT.png?fit=1200%2C900&ssl=1&resize=700%2C400 2x, https:\/\/i0.wp.com\/news-papers.eu\/wp-content\/uploads\/2019\/04\/SHT.png?fit=1200%2C900&ssl=1&resize=1050%2C600 3x"},"classes":[]},{"id":4795,"url":"https:\/\/news-papers.eu\/?p=4795","url_meta":{"origin":6051,"position":5},"title":"Sch\u00e4del-Hirntrauma: Ein Update","author":"Michael Bernhard","date":"Juli 19, 2017","format":false,"excerpt":"Im Deutschen \u00c4rzteblatt hat Prof. Raimund Firsching (Klinik f\u00fcr Neurochirurgie, Universit\u00e4tsklinikum Magdeburg) ein Update zur Therapie des Akuten Sch\u00e4del-Hirntraumas\u00a0(SHT) publiziert: Firsching R. Akutes Sch\u00e4del-Hirn-Trauma mit Bewusstlosigkeit.\u00a0Dtsch Arztebl Int 2017; 114: 313\u201320. (PDF) Die entsprechende Publikation fasst Neuerungen zum SHT beim Erwachsenen seit der Publikation der AWMF Leitlinie aus 2015 (Kurzfassung,\u2026","rel":"","context":"In &quot;Trauma&quot;","block_context":{"text":"Trauma","link":"https:\/\/news-papers.eu\/?cat=6"},"img":{"alt_text":"","src":"https:\/\/i0.wp.com\/news-papers.eu\/wp-content\/uploads\/2017\/07\/Helm2.jpg?fit=768%2C1024&ssl=1&resize=350%2C200","width":350,"height":200,"srcset":"https:\/\/i0.wp.com\/news-papers.eu\/wp-content\/uploads\/2017\/07\/Helm2.jpg?fit=768%2C1024&ssl=1&resize=350%2C200 1x, https:\/\/i0.wp.com\/news-papers.eu\/wp-content\/uploads\/2017\/07\/Helm2.jpg?fit=768%2C1024&ssl=1&resize=525%2C300 1.5x, https:\/\/i0.wp.com\/news-papers.eu\/wp-content\/uploads\/2017\/07\/Helm2.jpg?fit=768%2C1024&ssl=1&resize=700%2C400 2x"},"classes":[]}],"jetpack_likes_enabled":true,"_links":{"self":[{"href":"https:\/\/news-papers.eu\/index.php?rest_route=\/wp\/v2\/posts\/6051","targetHints":{"allow":["GET"]}}],"collection":[{"href":"https:\/\/news-papers.eu\/index.php?rest_route=\/wp\/v2\/posts"}],"about":[{"href":"https:\/\/news-papers.eu\/index.php?rest_route=\/wp\/v2\/types\/post"}],"author":[{"embeddable":true,"href":"https:\/\/news-papers.eu\/index.php?rest_route=\/wp\/v2\/users\/2"}],"replies":[{"embeddable":true,"href":"https:\/\/news-papers.eu\/index.php?rest_route=%2Fwp%2Fv2%2Fcomments&post=6051"}],"version-history":[{"count":3,"href":"https:\/\/news-papers.eu\/index.php?rest_route=\/wp\/v2\/posts\/6051\/revisions"}],"predecessor-version":[{"id":6055,"href":"https:\/\/news-papers.eu\/index.php?rest_route=\/wp\/v2\/posts\/6051\/revisions\/6055"}],"wp:featuredmedia":[{"embeddable":true,"href":"https:\/\/news-papers.eu\/index.php?rest_route=\/wp\/v2\/media\/6054"}],"wp:attachment":[{"href":"https:\/\/news-papers.eu\/index.php?rest_route=%2Fwp%2Fv2%2Fmedia&parent=6051"}],"wp:term":[{"taxonomy":"category","embeddable":true,"href":"https:\/\/news-papers.eu\/index.php?rest_route=%2Fwp%2Fv2%2Fcategories&post=6051"},{"taxonomy":"post_tag","embeddable":true,"href":"https:\/\/news-papers.eu\/index.php?rest_route=%2Fwp%2Fv2%2Ftags&post=6051"}],"curies":[{"name":"wp","href":"https:\/\/api.w.org\/{rel}","templated":true}]}}