{"id":20697,"date":"2026-04-23T04:32:04","date_gmt":"2026-04-23T02:32:04","guid":{"rendered":"https:\/\/news-papers.eu\/?p=20697"},"modified":"2026-04-20T18:46:06","modified_gmt":"2026-04-20T16:46:06","slug":"emergency-critical-care-ecc-der-blinde-fleck-zwischen-schockraum-und-icu","status":"publish","type":"post","link":"https:\/\/news-papers.eu\/?p=20697","title":{"rendered":"Emergency Critical Care (ECC): Der blinde Fleck zwischen Schockraum und ICU"},"content":{"rendered":"<p style=\"font-weight: 400;\" data-start=\"127\" data-end=\"533\">Kritisch kranke Patient:innen werden l\u00e4ngst nicht mehr erst auf der Intensivstation \u201ewirklich\u201c versorgt. Ein gro\u00dfer Teil der hochakuten Versorgung passiert heute schon vorher in der Notaufnahme. Genau diesen Bereich r\u00fcckt das Paper von <strong>Prof. K\u00fcmpers und Kolleg:innen<\/strong> ins Rampenlicht &#8211; und macht damit auf einen blinden Fleck in der modernen Notfallmedizin aufmerksam:<\/p>\n<blockquote>\n<p style=\"font-weight: 400;\"><strong>K\u00fcmpers P, et al.<\/strong> <strong>Emergency critical care: a blind spot in the upstream phase of critical illness. Critical Care 2026;30:189 Link: <a href=\"https:\/\/link.springer.com\/article\/10.1186\/s13054-026-06031-8\" target=\"_blank\" rel=\"noopener\">https:\/\/link.springer.com\/article\/10.1186\/s13054-026-06031-8<\/a><\/strong><\/p>\n<\/blockquote>\n<p style=\"font-weight: 400;\">Die Kernbotschaft ist ebenso simpel wie relevant:\u00a0<strong data-start=\"585\" data-end=\"618\">Emergency Critical Care (ECC)<\/strong>\u00a0ist kein Randph\u00e4nomen, sondern ein eigenst\u00e4ndiger, hochdynamischer Abschnitt im Verlauf kritischer Erkrankung. In der Notaufnahme werden l\u00e4ngst Beatmung, Vasopressoren, engmaschiges Monitoring und komplexe Entscheidungen durchgef\u00fchrt &#8211; oft \u00fcber Stunden, bevor \u00fcberhaupt ein Bett auf einer Intensivstation verf\u00fcgbar ist. Trotzdem taucht diese Phase in Forschung, Qualit\u00e4tsmessung und Versorgungssteuerung bisher nur unzureichend auf.<\/p>\n<p style=\"font-weight: 400;\" data-start=\"1069\" data-end=\"1634\">Das Paper ist deshalb ans Herz zu legen, da es nicht bei der Problembeschreibung stehen bleibt. Statt ECC starr zu definieren, schlagen die Autor:innen ein <strong>pragmatisches 3-Dimensionen-Modell<\/strong> vor:<\/p>\n<ul>\n<li><strong>Wie krank ist der Patient? <\/strong><\/li>\n<li><strong>Wie intensiv ist die Betreuung? <\/strong><\/li>\n<li><strong>Welche Organunterst\u00fctzung l\u00e4uft?<\/strong><\/li>\n<\/ul>\n<p><img data-recalc-dims=\"1\" loading=\"lazy\" decoding=\"async\" data-attachment-id=\"20698\" data-permalink=\"https:\/\/news-papers.eu\/?attachment_id=20698\" data-orig-file=\"https:\/\/i0.wp.com\/news-papers.eu\/wp-content\/uploads\/2026\/04\/Bildschirmfoto-2026-04-20-um-18.33.42.png?fit=1064%2C430&amp;ssl=1\" data-orig-size=\"1064,430\" data-comments-opened=\"1\" data-image-meta=\"{&quot;aperture&quot;:&quot;0&quot;,&quot;credit&quot;:&quot;&quot;,&quot;camera&quot;:&quot;&quot;,&quot;caption&quot;:&quot;&quot;,&quot;created_timestamp&quot;:&quot;0&quot;,&quot;copyright&quot;:&quot;&quot;,&quot;focal_length&quot;:&quot;0&quot;,&quot;iso&quot;:&quot;0&quot;,&quot;shutter_speed&quot;:&quot;0&quot;,&quot;title&quot;:&quot;&quot;,&quot;orientation&quot;:&quot;0&quot;}\" data-image-title=\"Bildschirmfoto 2026-04-20 um 18.33.42\" data-image-description=\"\" data-image-caption=\"\" data-medium-file=\"https:\/\/i0.wp.com\/news-papers.eu\/wp-content\/uploads\/2026\/04\/Bildschirmfoto-2026-04-20-um-18.33.42.png?fit=300%2C121&amp;ssl=1\" data-large-file=\"https:\/\/i0.wp.com\/news-papers.eu\/wp-content\/uploads\/2026\/04\/Bildschirmfoto-2026-04-20-um-18.33.42.png?fit=1024%2C414&amp;ssl=1\" class=\"alignnone wp-image-20698\" src=\"https:\/\/i0.wp.com\/news-papers.eu\/wp-content\/uploads\/2026\/04\/Bildschirmfoto-2026-04-20-um-18.33.42.png?resize=734%2C296\" alt=\"\" width=\"734\" height=\"296\" srcset=\"https:\/\/i0.wp.com\/news-papers.eu\/wp-content\/uploads\/2026\/04\/Bildschirmfoto-2026-04-20-um-18.33.42.png?resize=300%2C121&amp;ssl=1 300w, https:\/\/i0.wp.com\/news-papers.eu\/wp-content\/uploads\/2026\/04\/Bildschirmfoto-2026-04-20-um-18.33.42.png?resize=1024%2C414&amp;ssl=1 1024w, https:\/\/i0.wp.com\/news-papers.eu\/wp-content\/uploads\/2026\/04\/Bildschirmfoto-2026-04-20-um-18.33.42.png?resize=768%2C310&amp;ssl=1 768w, https:\/\/i0.wp.com\/news-papers.eu\/wp-content\/uploads\/2026\/04\/Bildschirmfoto-2026-04-20-um-18.33.42.png?resize=750%2C303&amp;ssl=1 750w, https:\/\/i0.wp.com\/news-papers.eu\/wp-content\/uploads\/2026\/04\/Bildschirmfoto-2026-04-20-um-18.33.42.png?w=1064&amp;ssl=1 1064w\" sizes=\"auto, (max-width: 734px) 100vw, 734px\" \/><\/p>\n<h6><strong>Abb. 1<\/strong> Dimensions- und verlaufsbasierte Darstellung der Emergency Critical Care (ECC). (A) Konzeptionelle Darstellung der ECC als dreidimensionaler Raum, der durch den Schweregrad der Erkrankung, die Intensit\u00e4t der klinischen Versorgung und die therapeutische Organunterst\u00fctzung definiert ist. Behandlungsverl\u00e4ufe lassen sich anhand klinisch beobachtbarer und messbarer Merkmale in diesem Raum verorten. Anschauliche Beispiele sind die symptomatische Hyponatri\u00e4mie (gr\u00fcn), hypertensives Lungen\u00f6dem (blau) und septischer Schock aufgrund einer obstruktiven Uropathie (rot), die unterschiedliche Konstellationen \u00fcber die Dimensionen hinweg darstellen, wobei die Hyponatri\u00e4mie durch eine hohe klinische Versorgungsintensit\u00e4t bei begrenzter Organunterst\u00fctzung gekennzeichnet ist, das hypertensive Lungen\u00f6dem durch eine Kombination aus physiologischer Instabilit\u00e4t und vor\u00fcbergehender Organunterst\u00fctzung und die Urosepsis mit obstruktiver Uropathie durch einen hohen Schweregrad der Erkrankung, der eine anhaltende Organunterst\u00fctzung und intensive medizinische Versorgung erfordert. Diese Beispiele dienen der Veranschaulichung und implizieren keine spezifischen Behandlungswege oder Entscheidungen zur Patientenverteilung. (B) Schematische Verl\u00e4ufe der gesamten ECC-Intensit\u00e4t im Zeitverlauf, die den kombinierten Beitrag von Krankheitsschweregrad, Intensit\u00e4t der klinischen Versorgung und therapeutischer Organunterst\u00fctzung widerspiegeln. Ver\u00e4nderungen im Verlauf spiegeln eine dynamische Neubewertung mit Eskalation oder Deeskalation der Versorgung wider.<\/h6>\n<p style=\"font-weight: 400;\">Mit diesen drei Achsen wird ECC endlich greifbar, beschreibbar und perspektivisch auch wissenschaftlich messbar. Genau das ist der entscheidende Schritt, wenn aus einem klinischen Bauchgef\u00fchl ein belastbares Forschungsfeld werden soll.<\/p>\n<p style=\"font-weight: 400;\">Warum ist das f\u00fcr die notfallmedizinische Scientific Community wichtig? Weil das Paper einen gemeinsamen Denkrahmen liefert. Es verbindet Notfallmedizin, Intensivmedizin, Versorgungsforschung und Gesundheitssteuerung. Es hilft, die Schnittstelle zwischen Notaufnahme (ED) und Intensivstation (ICU) nicht l\u00e4nger als organisatorisches Niemandsland zu betrachten, sondern als eigenst\u00e4ndigen Versorgungsabschnitt mit Einfluss auf Ressourcen, Behandlungsergebnisse und Patientensicherheit.<\/p>\n<p style=\"font-weight: 400;\" data-start=\"2115\" data-end=\"2665\">Damit ist die Arbeit mehr als nur ein Perspektivartikel: Sie ist ein\u00a0wissenschaftlicher T\u00fcr\u00f6ffner. Sie formuliert eine Sprache, mit der k\u00fcnftig Studien, Register, Qualit\u00e4tsindikatoren und vielleicht sogar neue Versorgungskonzepte entwickelt werden k\u00f6nnen. F\u00fcr die notfallmedizinische Scientific Community ist das hochrelevant, da aufgezeigt wird, dass fr\u00fche umfassende notfallmedzinische Versorgung in der Notaufnahme nicht nur stattfindet, sondern endlich auch als das anerkannt werden muss, was sie ist:\u00a0ein zentraler Teil moderner Versorgung kritisch kranker Patient:innen.<\/p>\n","protected":false},"excerpt":{"rendered":"<p>Kritisch kranke Patient:innen werden l\u00e4ngst nicht mehr erst auf der Intensivstation \u201ewirklich\u201c versorgt. Ein gro\u00dfer Teil der hochakuten Versorgung passiert heute schon vorher in der Notaufnahme. Genau diesen Bereich r\u00fcckt [&hellip;]<\/p>\n","protected":false},"author":2,"featured_media":0,"comment_status":"open","ping_status":"open","sticky":false,"template":"","format":"standard","meta":{"__cvm_playback_settings":[],"__cvm_video_id":"","jetpack_post_was_ever_published":false,"_jetpack_newsletter_access":"","_jetpack_dont_email_post_to_subs":false,"_jetpack_newsletter_tier_id":0,"_jetpack_memberships_contains_paywalled_content":false,"_jetpack_memberships_contains_paid_content":false,"footnotes":"","jetpack_publicize_message":"","jetpack_publicize_feature_enabled":true,"jetpack_social_post_already_shared":true,"jetpack_social_options":{"image_generator_settings":{"template":"highway","default_image_id":0,"font":"","enabled":false},"version":2}},"categories":[2681],"tags":[2614],"class_list":["post-20697","post","type-post","status-publish","format-standard","hentry","category-emergency-critical-care","tag-emergency-critical-care"],"jetpack_publicize_connections":[],"jetpack_featured_media_url":"","jetpack_sharing_enabled":true,"jetpack_shortlink":"https:\/\/wp.me\/p7fR2g-5nP","jetpack-related-posts":[{"id":18073,"url":"https:\/\/news-papers.eu\/?p=18073","url_meta":{"origin":20697,"position":0},"title":"ECC &#8211; Emergency Critical Care in der Notaufnahme","author":"Michael Bernhard","date":"M\u00e4rz 9, 2024","format":false,"excerpt":"Bis zu 10% aller Notfallpatienten sind intensiv- oder u\u0308berwachungspflichtig: Tendenz steigend. Im klinischen Alltag k\u00f6nnen jedoch nur wenige dieser F\u00e4lle unmittelbar auf eine Intensiv- oder \u00dcberwachungsstation verlegt werden. Aus diesem Grund besteht mitunter die Notwendigkeit einer verl\u00e4ngerten notfallmedizinischen Versorgung kritisch kranker Patient:innen in der Notaufnahme. Unter dem Motto \u201eupstairs care,\u2026","rel":"","context":"In &quot;Notaufnahme&quot;","block_context":{"text":"Notaufnahme","link":"https:\/\/news-papers.eu\/?cat=2083"},"img":{"alt_text":"","src":"https:\/\/i0.wp.com\/news-papers.eu\/wp-content\/uploads\/2024\/03\/Bildschirmfoto-2024-03-08-um-23.08.36.png?fit=1200%2C662&ssl=1&resize=350%2C200","width":350,"height":200,"srcset":"https:\/\/i0.wp.com\/news-papers.eu\/wp-content\/uploads\/2024\/03\/Bildschirmfoto-2024-03-08-um-23.08.36.png?fit=1200%2C662&ssl=1&resize=350%2C200 1x, https:\/\/i0.wp.com\/news-papers.eu\/wp-content\/uploads\/2024\/03\/Bildschirmfoto-2024-03-08-um-23.08.36.png?fit=1200%2C662&ssl=1&resize=525%2C300 1.5x, https:\/\/i0.wp.com\/news-papers.eu\/wp-content\/uploads\/2024\/03\/Bildschirmfoto-2024-03-08-um-23.08.36.png?fit=1200%2C662&ssl=1&resize=700%2C400 2x, https:\/\/i0.wp.com\/news-papers.eu\/wp-content\/uploads\/2024\/03\/Bildschirmfoto-2024-03-08-um-23.08.36.png?fit=1200%2C662&ssl=1&resize=1050%2C600 3x"},"classes":[]},{"id":18487,"url":"https:\/\/news-papers.eu\/?p=18487","url_meta":{"origin":20697,"position":1},"title":"AMBOSS-Podcast zum Emergency Critical Care (ECC) mit Professor K\u00fcmpers","author":"Michael Bernhard","date":"August 5, 2024","format":false,"excerpt":"Ein AMBOSS Beitrag mit Professor Philipp K\u00fcmpers (M\u00fcnster) zum Emergency Critical Care: \u00a0Emergency Critical Care (ECC): Notaufnahme neu gedacht","rel":"","context":"In &quot;Emergency Critical Care&quot;","block_context":{"text":"Emergency Critical Care","link":"https:\/\/news-papers.eu\/?cat=2681"},"img":{"alt_text":"","src":"https:\/\/i0.wp.com\/news-papers.eu\/wp-content\/uploads\/2024\/08\/Bildschirmfoto-2024-08-02-um-13.08.49.png?fit=502%2C624&ssl=1&resize=350%2C200","width":350,"height":200},"classes":[]},{"id":19025,"url":"https:\/\/news-papers.eu\/?p=19025","url_meta":{"origin":20697,"position":2},"title":"NERDfallmedzin: Emergency Critical Care mit OSKARinED in der Notaufnahme","author":"Michael Bernhard","date":"Januar 13, 2025","format":false,"excerpt":"https:\/\/www.youtube.com\/watch?v=uZRG2ai1D2s In einem weiteren Interview sprachen Dr. Martin Fandler von NERDfallmedizin mit Professor Michael Bernhard aus der Zentralen Notaufnahme des Universit\u00e4tsklinikum D\u00fcsseldorf zum Thema OSKARinED f\u00fcr die Umsetzung der Emergency Critical Care in der Notaufnahme. Den Algorithmus OSKARinED finden Sie hier: https:\/\/link.springer.com\/article\/10.1007\/s10049-023-01276-0 (Open ACCESS) und bisher \u00fcber 11.000-mal bereits heruntergeladen.\u2026","rel":"","context":"In &quot;Emergency Critical Care&quot;","block_context":{"text":"Emergency Critical Care","link":"https:\/\/news-papers.eu\/?cat=2681"},"img":{"alt_text":"","src":"https:\/\/i0.wp.com\/news-papers.eu\/wp-content\/uploads\/2025\/01\/Bildschirmfoto-2025-01-04-um-14.54.08.png?fit=1200%2C687&ssl=1&resize=350%2C200","width":350,"height":200,"srcset":"https:\/\/i0.wp.com\/news-papers.eu\/wp-content\/uploads\/2025\/01\/Bildschirmfoto-2025-01-04-um-14.54.08.png?fit=1200%2C687&ssl=1&resize=350%2C200 1x, https:\/\/i0.wp.com\/news-papers.eu\/wp-content\/uploads\/2025\/01\/Bildschirmfoto-2025-01-04-um-14.54.08.png?fit=1200%2C687&ssl=1&resize=525%2C300 1.5x, https:\/\/i0.wp.com\/news-papers.eu\/wp-content\/uploads\/2025\/01\/Bildschirmfoto-2025-01-04-um-14.54.08.png?fit=1200%2C687&ssl=1&resize=700%2C400 2x, https:\/\/i0.wp.com\/news-papers.eu\/wp-content\/uploads\/2025\/01\/Bildschirmfoto-2025-01-04-um-14.54.08.png?fit=1200%2C687&ssl=1&resize=1050%2C600 3x"},"classes":[]},{"id":19020,"url":"https:\/\/news-papers.eu\/?p=19020","url_meta":{"origin":20697,"position":3},"title":"NERDfallmedzin: Emergency Critical Care: Intensivmedizin in der Notaufnahme","author":"Michael Bernhard","date":"Januar 6, 2025","format":false,"excerpt":"https:\/\/www.youtube.com\/watch?v=Ck8HgT1FF4g NERDfallmedizin hat einen neuen Beitrag\/Video gepostet zum Thema Emergency Critical Care - Intensivversorgung in der Notaufnahme. Diesmal mit einem spannenden Interview von Dr. Philipp Gotthardt von NERDfallmedizin mit Prof. Philipp K\u00fcmpers aus der Zentralen Notaufnahme am Universit\u00e4tsklinikum M\u00fcnster. Weitere Hintergr\u00fcnde finden sich in diesem Artikel: https:\/\/link.springer.com\/article\/10.1007\/s10049-024-01309-2 \u00a0 \u00a0","rel":"","context":"In &quot;Emergency Critical Care&quot;","block_context":{"text":"Emergency Critical Care","link":"https:\/\/news-papers.eu\/?cat=2681"},"img":{"alt_text":"","src":"https:\/\/i0.wp.com\/news-papers.eu\/wp-content\/uploads\/2025\/01\/Bildschirmfoto-2025-01-04-um-14.44.43.png?fit=1200%2C675&ssl=1&resize=350%2C200","width":350,"height":200,"srcset":"https:\/\/i0.wp.com\/news-papers.eu\/wp-content\/uploads\/2025\/01\/Bildschirmfoto-2025-01-04-um-14.44.43.png?fit=1200%2C675&ssl=1&resize=350%2C200 1x, https:\/\/i0.wp.com\/news-papers.eu\/wp-content\/uploads\/2025\/01\/Bildschirmfoto-2025-01-04-um-14.44.43.png?fit=1200%2C675&ssl=1&resize=525%2C300 1.5x, https:\/\/i0.wp.com\/news-papers.eu\/wp-content\/uploads\/2025\/01\/Bildschirmfoto-2025-01-04-um-14.44.43.png?fit=1200%2C675&ssl=1&resize=700%2C400 2x, https:\/\/i0.wp.com\/news-papers.eu\/wp-content\/uploads\/2025\/01\/Bildschirmfoto-2025-01-04-um-14.44.43.png?fit=1200%2C675&ssl=1&resize=1050%2C600 3x"},"classes":[]},{"id":18821,"url":"https:\/\/news-papers.eu\/?p=18821","url_meta":{"origin":20697,"position":4},"title":"ZNA-Mittwochsfortbildung 14.05.2025: Emergency Critical Care","author":"Michael Bernhard","date":"Mai 10, 2025","format":false,"excerpt":"Regelm\u00e4\u00dfige Fortbildungen sind wichtig, gerade wenn es um Notfallmedizin geht. Aktuell werden Fortbildungen durch die CORONA-Pandemie deutlich erschwert. Vor diesem\u00a0Hintergrund findet die ZNA-Mittwochsfortbildung des Universit\u00e4tsklinikums D\u00fcsseldorf zuk\u00fcnftig als monatliche ONLINE-Fortbildung mit dem Ziel statt, aktuelles notfallmedizinisches Wissen mit besonderem Fokus auf die Zentrale Notaufnahme zu vermitteln. 14.05.2025: \u201e\u2026 und wenn\u2026","rel":"","context":"In &quot;Veranstaltungshinweis&quot;","block_context":{"text":"Veranstaltungshinweis","link":"https:\/\/news-papers.eu\/?cat=30"},"img":{"alt_text":"","src":"https:\/\/i0.wp.com\/news-papers.eu\/wp-content\/uploads\/2024\/11\/Bildschirmfoto-2024-11-10-um-12.08.16.png?fit=800%2C1006&ssl=1&resize=350%2C200","width":350,"height":200,"srcset":"https:\/\/i0.wp.com\/news-papers.eu\/wp-content\/uploads\/2024\/11\/Bildschirmfoto-2024-11-10-um-12.08.16.png?fit=800%2C1006&ssl=1&resize=350%2C200 1x, https:\/\/i0.wp.com\/news-papers.eu\/wp-content\/uploads\/2024\/11\/Bildschirmfoto-2024-11-10-um-12.08.16.png?fit=800%2C1006&ssl=1&resize=525%2C300 1.5x, https:\/\/i0.wp.com\/news-papers.eu\/wp-content\/uploads\/2024\/11\/Bildschirmfoto-2024-11-10-um-12.08.16.png?fit=800%2C1006&ssl=1&resize=700%2C400 2x"},"classes":[]},{"id":17947,"url":"https:\/\/news-papers.eu\/?p=17947","url_meta":{"origin":20697,"position":5},"title":"Emergency Critical Care und OSKARinED &#8211; Neue Konzepte","author":"Michael Bernhard","date":"Januar 24, 2024","format":false,"excerpt":"Der Beschluss des Gemeinsamen Bundesausschusses (G-BA) zu einem gestuften System von Notfallstrukturen in Krankenh\u00e4usern aus dem Jahr 2018 sieht vor, dass in Krankenh\u00e4usern der erweiterten und umfassenden Versorgungsstufe beatmungspflichtige Patienten innerhalb von 60\u202fmin nach Krankenhausaufnahme aus der Notaufnahme auf die Intensivstation \u00fcbernommen werden. In Abh\u00e4ngigkeit von der Krankenhausstruktur, den Auslastungen\u2026","rel":"","context":"In &quot;Schockraummanagement&quot;","block_context":{"text":"Schockraummanagement","link":"https:\/\/news-papers.eu\/?cat=682"},"img":{"alt_text":"","src":"https:\/\/i0.wp.com\/news-papers.eu\/wp-content\/uploads\/2024\/01\/Bildschirmfoto-2024-01-23-um-22.52.36.png?fit=764%2C1030&ssl=1&resize=350%2C200","width":350,"height":200,"srcset":"https:\/\/i0.wp.com\/news-papers.eu\/wp-content\/uploads\/2024\/01\/Bildschirmfoto-2024-01-23-um-22.52.36.png?fit=764%2C1030&ssl=1&resize=350%2C200 1x, https:\/\/i0.wp.com\/news-papers.eu\/wp-content\/uploads\/2024\/01\/Bildschirmfoto-2024-01-23-um-22.52.36.png?fit=764%2C1030&ssl=1&resize=525%2C300 1.5x, https:\/\/i0.wp.com\/news-papers.eu\/wp-content\/uploads\/2024\/01\/Bildschirmfoto-2024-01-23-um-22.52.36.png?fit=764%2C1030&ssl=1&resize=700%2C400 2x"},"classes":[]}],"jetpack_likes_enabled":true,"_links":{"self":[{"href":"https:\/\/news-papers.eu\/index.php?rest_route=\/wp\/v2\/posts\/20697","targetHints":{"allow":["GET"]}}],"collection":[{"href":"https:\/\/news-papers.eu\/index.php?rest_route=\/wp\/v2\/posts"}],"about":[{"href":"https:\/\/news-papers.eu\/index.php?rest_route=\/wp\/v2\/types\/post"}],"author":[{"embeddable":true,"href":"https:\/\/news-papers.eu\/index.php?rest_route=\/wp\/v2\/users\/2"}],"replies":[{"embeddable":true,"href":"https:\/\/news-papers.eu\/index.php?rest_route=%2Fwp%2Fv2%2Fcomments&post=20697"}],"version-history":[{"count":4,"href":"https:\/\/news-papers.eu\/index.php?rest_route=\/wp\/v2\/posts\/20697\/revisions"}],"predecessor-version":[{"id":20702,"href":"https:\/\/news-papers.eu\/index.php?rest_route=\/wp\/v2\/posts\/20697\/revisions\/20702"}],"wp:attachment":[{"href":"https:\/\/news-papers.eu\/index.php?rest_route=%2Fwp%2Fv2%2Fmedia&parent=20697"}],"wp:term":[{"taxonomy":"category","embeddable":true,"href":"https:\/\/news-papers.eu\/index.php?rest_route=%2Fwp%2Fv2%2Fcategories&post=20697"},{"taxonomy":"post_tag","embeddable":true,"href":"https:\/\/news-papers.eu\/index.php?rest_route=%2Fwp%2Fv2%2Ftags&post=20697"}],"curies":[{"name":"wp","href":"https:\/\/api.w.org\/{rel}","templated":true}]}}