{"id":20482,"date":"2026-03-01T01:12:15","date_gmt":"2026-03-01T00:12:15","guid":{"rendered":"https:\/\/news-papers.eu\/?p=20482"},"modified":"2026-02-28T23:28:23","modified_gmt":"2026-02-28T22:28:23","slug":"fear-kurze-umfrage-zu-frequenz-und-einsatz-invasiver-akutmassnahmen-im-rettungsdienst","status":"publish","type":"post","link":"https:\/\/news-papers.eu\/?p=20482","title":{"rendered":"FEAR: kurze Umfrage zu Frequenz und Einsatz invasiver Akutma\u00dfnahmen im Rettungsdienst"},"content":{"rendered":"<p style=\"text-align: justify;\">Vor 20 Jahren haben Zink, Bernhard und Kollegen die Teilnehmer am <a href=\"https:\/\/www.klinikum.uni-heidelberg.de\/kliniken-institute\/kliniken\/klinik-fuer-anaesthesiologie\/fortbildung\/notfallmedizin\/intech\/\" target=\"_blank\" rel=\"noopener\">Heidelberger INTECH-Seminar<\/a> gefragt, vor welchen Situationen im Notarztdienst sie sich f\u00fcrchten.<\/p>\n<figure id=\"attachment_20484\" aria-describedby=\"caption-attachment-20484\" style=\"width: 300px\" class=\"wp-caption alignright\"><a href=\"https:\/\/i0.wp.com\/news-papers.eu\/wp-content\/uploads\/2026\/02\/Angst-vor-Einsaetzen.png\"><img data-recalc-dims=\"1\" loading=\"lazy\" decoding=\"async\" data-attachment-id=\"20484\" data-permalink=\"https:\/\/news-papers.eu\/?attachment_id=20484\" data-orig-file=\"https:\/\/i0.wp.com\/news-papers.eu\/wp-content\/uploads\/2026\/02\/Angst-vor-Einsaetzen.png?fit=1164%2C516&amp;ssl=1\" data-orig-size=\"1164,516\" data-comments-opened=\"1\" data-image-meta=\"{&quot;aperture&quot;:&quot;0&quot;,&quot;credit&quot;:&quot;&quot;,&quot;camera&quot;:&quot;&quot;,&quot;caption&quot;:&quot;&quot;,&quot;created_timestamp&quot;:&quot;0&quot;,&quot;copyright&quot;:&quot;&quot;,&quot;focal_length&quot;:&quot;0&quot;,&quot;iso&quot;:&quot;0&quot;,&quot;shutter_speed&quot;:&quot;0&quot;,&quot;title&quot;:&quot;&quot;,&quot;orientation&quot;:&quot;0&quot;}\" data-image-title=\"Angst vor Einsa\u0308tzen\" data-image-description=\"\" data-image-caption=\"&lt;p&gt;Zink, W., Bernhard, M., Keul, W. et al. Invasive Techniken in der Notfallmedizin. Anaesthesist 53, 1086\u20131092 (2004)&lt;\/p&gt;\n\" data-large-file=\"https:\/\/i0.wp.com\/news-papers.eu\/wp-content\/uploads\/2026\/02\/Angst-vor-Einsaetzen.png?fit=1024%2C454&amp;ssl=1\" class=\"size-medium wp-image-20484\" src=\"https:\/\/i0.wp.com\/news-papers.eu\/wp-content\/uploads\/2026\/02\/Angst-vor-Einsaetzen-300x133.png?resize=300%2C133\" alt=\"\" width=\"300\" height=\"133\" srcset=\"https:\/\/i0.wp.com\/news-papers.eu\/wp-content\/uploads\/2026\/02\/Angst-vor-Einsaetzen.png?resize=300%2C133&amp;ssl=1 300w, https:\/\/i0.wp.com\/news-papers.eu\/wp-content\/uploads\/2026\/02\/Angst-vor-Einsaetzen.png?resize=1024%2C454&amp;ssl=1 1024w, https:\/\/i0.wp.com\/news-papers.eu\/wp-content\/uploads\/2026\/02\/Angst-vor-Einsaetzen.png?resize=768%2C340&amp;ssl=1 768w, https:\/\/i0.wp.com\/news-papers.eu\/wp-content\/uploads\/2026\/02\/Angst-vor-Einsaetzen.png?resize=750%2C332&amp;ssl=1 750w, https:\/\/i0.wp.com\/news-papers.eu\/wp-content\/uploads\/2026\/02\/Angst-vor-Einsaetzen.png?w=1164&amp;ssl=1 1164w\" sizes=\"auto, (max-width: 300px) 100vw, 300px\" \/><\/a><figcaption id=\"caption-attachment-20484\" class=\"wp-caption-text\">Zink, W., Bernhard, M., Keul, W. et al. Invasive Techniken in der Notfallmedizin. Anaesthesist 53, 1086\u20131092 (2004)<\/figcaption><\/figure>\n<blockquote>\n<p style=\"text-align: justify;\">Nun m\u00f6chten die Kollegen von <a href=\"https:\/\/www.soscisurvey.de\/fear\/\" target=\"_blank\" rel=\"noopener\"><strong>Notfallguru<\/strong><\/a> dieses Thema neu bearbeiten und haben dabei aber nicht nur Not\u00e4rztinnen und Not\u00e4rzte im Blick, sondern richten ihre Fragen auch an das Rettungsfachpersonal. <strong><i>FEAR <\/i><\/strong>steht f\u00fcr <i><strong>Frequenz und Einsatz invasiver Akutma\u00dfnahmen im Rettungsdienst<\/strong>.\u00a0<\/i><\/p>\n<\/blockquote>\n<p style=\"text-align: justify;\">Wir halten diese kurze Umfrage f\u00fcr extrem wichtig und haben selbst auch schon teilgenommen.<\/p>\n<p style=\"text-align: justify;\">Bitte nehmt Euch <a href=\"https:\/\/www.soscisurvey.de\/fear\/\" target=\"_blank\" rel=\"noopener\"><strong>5 Minuten Zeit, die wenigen Fragen zu beantworten<\/strong><\/a>.<\/p>\n<p>&nbsp;<\/p>\n","protected":false},"excerpt":{"rendered":"<p>Vor 20 Jahren haben Zink, Bernhard und Kollegen die Teilnehmer am Heidelberger INTECH-Seminar gefragt, vor welchen Situationen im Notarztdienst sie sich f\u00fcrchten. Nun m\u00f6chten die Kollegen von Notfallguru dieses Thema [&hellip;]<\/p>\n","protected":false},"author":1,"featured_media":20483,"comment_status":"open","ping_status":"open","sticky":false,"template":"","format":"standard","meta":{"__cvm_playback_settings":[],"__cvm_video_id":"","jetpack_post_was_ever_published":false,"_jetpack_newsletter_access":"","_jetpack_dont_email_post_to_subs":false,"_jetpack_newsletter_tier_id":0,"_jetpack_memberships_contains_paywalled_content":false,"_jetpack_memberships_contains_paid_content":false,"footnotes":"","jetpack_publicize_message":"","jetpack_publicize_feature_enabled":true,"jetpack_social_post_already_shared":true,"jetpack_social_options":{"image_generator_settings":{"template":"highway","default_image_id":0,"font":"","enabled":false},"version":2},"_wpas_customize_per_network":false},"categories":[2],"tags":[],"class_list":["post-20482","post","type-post","status-publish","format-standard","has-post-thumbnail","hentry","category-allgemein"],"jetpack_publicize_connections":[],"jetpack_featured_media_url":"https:\/\/i0.wp.com\/news-papers.eu\/wp-content\/uploads\/2026\/02\/FEAR.png?fit=1248%2C1382&ssl=1","jetpack_sharing_enabled":true,"jetpack_shortlink":"https:\/\/wp.me\/p7fR2g-5km","jetpack-related-posts":[{"id":7768,"url":"https:\/\/news-papers.eu\/?p=7768","url_meta":{"origin":20482,"position":0},"title":"Akute Gastroenteritis &#8211; Auswirkungen in den USA","author":"Michael Bernhard","date":"August 6, 2018","format":false,"excerpt":"In einem interessanten Beitrag in The Lancet gehen\u00a0Kriszti\u00e1n B\u00e1nyai und Kollegen den Auswirkungen akuter Gastroenteritiden nach: B\u00e1nyai K et al. Viral gastroenteritis. Lancet 2018; 392: 175-186 Die j\u00e4hrlichen Auswirkungen des Norovirus lassen sich wie folgt zusammenfassen (PDF): Gastroenteritiden betreffen Menschen in allen Altersgruppen Norovirus treten in allen Altersgruppen auf Rotavirus\u2026","rel":"","context":"In &quot;Infektionen&quot;","block_context":{"text":"Infektionen","link":"https:\/\/news-papers.eu\/?cat=5"},"img":{"alt_text":"","src":"https:\/\/i0.wp.com\/news-papers.eu\/wp-content\/uploads\/2018\/07\/Wordpress_Norovirus.jpg?fit=720%2C405&ssl=1&resize=350%2C200","width":350,"height":200,"srcset":"https:\/\/i0.wp.com\/news-papers.eu\/wp-content\/uploads\/2018\/07\/Wordpress_Norovirus.jpg?fit=720%2C405&ssl=1&resize=350%2C200 1x, https:\/\/i0.wp.com\/news-papers.eu\/wp-content\/uploads\/2018\/07\/Wordpress_Norovirus.jpg?fit=720%2C405&ssl=1&resize=525%2C300 1.5x, https:\/\/i0.wp.com\/news-papers.eu\/wp-content\/uploads\/2018\/07\/Wordpress_Norovirus.jpg?fit=720%2C405&ssl=1&resize=700%2C400 2x"},"classes":[]},{"id":11303,"url":"https:\/\/news-papers.eu\/?p=11303","url_meta":{"origin":20482,"position":1},"title":"#FightingCorona: Campus f\u00fcr Intensiv- und Notfallmedizin e.v. Teil 2","author":"Michael Bernhard","date":"April 12, 2020","format":false,"excerpt":"Campus f\u00fcr Intensiv- und Notfallmedizin e.v. ist \u00fcber https:\/\/cin.team\u00a0 zu erreichen. Die Kollegen haben eine Intubationscheckliste\u00a0entwickelt, diese soll den Teams die M\u00f6glichkeit geben sich zum einen auf die Situation vorzubereiten und in der Anwendung unmittelbar vor der Intubation die Vollst\u00e4ndigkeit der Materialien zu garantieren.\u00a0 Intubation bei COVID: ITN_COVID19_CIN Campus f\u00fcr\u2026","rel":"","context":"In &quot;COVID-19&quot;","block_context":{"text":"COVID-19","link":"https:\/\/news-papers.eu\/?cat=1821"},"img":{"alt_text":"","src":"https:\/\/i0.wp.com\/news-papers.eu\/wp-content\/uploads\/2020\/04\/Bildschirmfoto-2020-04-01-um-21.40.32.png?fit=746%2C1066&ssl=1&resize=350%2C200","width":350,"height":200,"srcset":"https:\/\/i0.wp.com\/news-papers.eu\/wp-content\/uploads\/2020\/04\/Bildschirmfoto-2020-04-01-um-21.40.32.png?fit=746%2C1066&ssl=1&resize=350%2C200 1x, https:\/\/i0.wp.com\/news-papers.eu\/wp-content\/uploads\/2020\/04\/Bildschirmfoto-2020-04-01-um-21.40.32.png?fit=746%2C1066&ssl=1&resize=525%2C300 1.5x, https:\/\/i0.wp.com\/news-papers.eu\/wp-content\/uploads\/2020\/04\/Bildschirmfoto-2020-04-01-um-21.40.32.png?fit=746%2C1066&ssl=1&resize=700%2C400 2x"},"classes":[]},{"id":7265,"url":"https:\/\/news-papers.eu\/?p=7265","url_meta":{"origin":20482,"position":2},"title":"EKG: Die Basics by Nerdfallmedizin.de","author":"Michael Bernhard","date":"April 8, 2018","format":false,"excerpt":"Heute unterst\u00fctzen wir einmal die Kollegen von Nerdfallmedizin.de, die einen sch\u00f6nen Beitrag zum 12-Kanal herausgebracht haben: https:\/\/nerdfallmedizin.blog\/2018\/04\/07\/ekg-im-notfall-teil1-basics\/ Wir w\u00fcnschen allen nicht-\u00e4rztlichen und \u00e4rztlichen Kolleginnen und Kollegen im Rettungs- und Notarztdienst, Zentralen Notaufnahmen und akutmedizinischen Behandlungsbereichen viel Spass dabei! News-Papers.eu auf TWITTER\u00a0 \u00a0 \u00a0 \u00a0\u00a0Follow news-papers.eu","rel":"","context":"In &quot;EKG-Diagnostik&quot;","block_context":{"text":"EKG-Diagnostik","link":"https:\/\/news-papers.eu\/?cat=640"},"img":{"alt_text":"EKG Sinusrhythmus","src":"https:\/\/i0.wp.com\/news-papers.eu\/wp-content\/uploads\/2018\/02\/EKG.jpg?fit=402%2C299&ssl=1&resize=350%2C200","width":350,"height":200},"classes":[]},{"id":4510,"url":"https:\/\/news-papers.eu\/?p=4510","url_meta":{"origin":20482,"position":3},"title":"17. Heidelberger INTECH Seminar, 14.10.2017","author":"Michael Bernhard","date":"Juni 11, 2017","format":false,"excerpt":"Am 14.10.2017 findet das 17. Heidelberger Seminar \"Invasive Notfalltechniken\" statt. Das Team um Prof. Popp organisiert wieder in einer interdisziplin\u00e4ren Zusammensetzung dieses praxisorientierte Ausbildungskonzept f\u00fcr folgende Invasion Notfalltechniken: \u00a0Thoraxdraiage Intraoss\u00e4re Punktino Notfallkoniotomie Stop the bleeding Ganz excellent, innovativ und vor allem praxiserprobt ist die Kooperation mit dem Institut f\u00fcr Anatomie\u2026","rel":"","context":"In &quot;Veranstaltungshinweis&quot;","block_context":{"text":"Veranstaltungshinweis","link":"https:\/\/news-papers.eu\/?cat=30"},"img":{"alt_text":"","src":"https:\/\/i0.wp.com\/news-papers.eu\/wp-content\/uploads\/2017\/04\/Bildschirmfoto-2017-04-14-um-13.46.06.png?fit=380%2C392&ssl=1&resize=350%2C200","width":350,"height":200},"classes":[]},{"id":11299,"url":"https:\/\/news-papers.eu\/?p=11299","url_meta":{"origin":20482,"position":4},"title":"#FightingCorona: Campus f\u00fcr Intensiv- und Notfallmedizin e.v.","author":"Michael Bernhard","date":"April 11, 2020","format":false,"excerpt":"Campus f\u00fcr Intensiv- und Notfallmedizin e.v. ist \u00fcber https:\/\/cin.team\u00a0 zu erreichen. Die Kollegen haben eine Beatmungshilfe entwickelt und auch in englischer Sprache hinterlegt.\u00a0Auch auf Facebook sind die Kollegen des Campus f\u00fcr Intensiv- und Notafallmedizin CIN zu finden. Campus f\u00fcr Intensiv- und Notfallmedizin e.v. sind vier Intensiv- und Notfallmediziner aus Hamburg.\u2026","rel":"","context":"In &quot;COVID-19&quot;","block_context":{"text":"COVID-19","link":"https:\/\/news-papers.eu\/?cat=1821"},"img":{"alt_text":"","src":"https:\/\/i0.wp.com\/news-papers.eu\/wp-content\/uploads\/2020\/04\/Bildschirmfoto-2020-04-01-um-21.39.44.png?fit=782%2C1108&ssl=1&resize=350%2C200","width":350,"height":200,"srcset":"https:\/\/i0.wp.com\/news-papers.eu\/wp-content\/uploads\/2020\/04\/Bildschirmfoto-2020-04-01-um-21.39.44.png?fit=782%2C1108&ssl=1&resize=350%2C200 1x, https:\/\/i0.wp.com\/news-papers.eu\/wp-content\/uploads\/2020\/04\/Bildschirmfoto-2020-04-01-um-21.39.44.png?fit=782%2C1108&ssl=1&resize=525%2C300 1.5x, https:\/\/i0.wp.com\/news-papers.eu\/wp-content\/uploads\/2020\/04\/Bildschirmfoto-2020-04-01-um-21.39.44.png?fit=782%2C1108&ssl=1&resize=700%2C400 2x"},"classes":[]},{"id":20009,"url":"https:\/\/news-papers.eu\/?p=20009","url_meta":{"origin":20482,"position":5},"title":"DGINA Umfrage: Erfassung des Patientenzustands vor Beginn der \u00dcbergabe kritisch kranker Patient:Innen","author":"Michael Bernhard","date":"Oktober 15, 2025","format":false,"excerpt":"https:\/\/de.surveymonkey.com\/r\/DCJBNBV Sehr geehrte Kolleginnen und Kollegen! Wir m\u00f6chten Sie herzlich zur Teilnahme an dieser Onlineumfrage der DGINA AG \"Schockraum\"\u00a0zur\u00a0\u00dcbergabephase in der Schockraumversorgung\u00a0einladen. Ziel dieser Onlinebefragung ist, die Durchf\u00fchrung einer strukturierten Erfassung des Patientenzustands vor\u00a0der \u00dcbergabe im Schockraum, bei Erwachsenen und p\u00e4diatrischen Patient:Innen zu untersuchen. Dies beinhaltet auch potentielle Ma\u00dfnahmen, also\u2026","rel":"","context":"In &quot;Umfragen&quot;","block_context":{"text":"Umfragen","link":"https:\/\/news-papers.eu\/?cat=557"},"img":{"alt_text":"","src":"https:\/\/i0.wp.com\/news-papers.eu\/wp-content\/uploads\/2025\/10\/Bildschirmfoto-2025-10-14-um-21.59.45.png?fit=1200%2C740&ssl=1&resize=350%2C200","width":350,"height":200,"srcset":"https:\/\/i0.wp.com\/news-papers.eu\/wp-content\/uploads\/2025\/10\/Bildschirmfoto-2025-10-14-um-21.59.45.png?fit=1200%2C740&ssl=1&resize=350%2C200 1x, https:\/\/i0.wp.com\/news-papers.eu\/wp-content\/uploads\/2025\/10\/Bildschirmfoto-2025-10-14-um-21.59.45.png?fit=1200%2C740&ssl=1&resize=525%2C300 1.5x, https:\/\/i0.wp.com\/news-papers.eu\/wp-content\/uploads\/2025\/10\/Bildschirmfoto-2025-10-14-um-21.59.45.png?fit=1200%2C740&ssl=1&resize=700%2C400 2x, https:\/\/i0.wp.com\/news-papers.eu\/wp-content\/uploads\/2025\/10\/Bildschirmfoto-2025-10-14-um-21.59.45.png?fit=1200%2C740&ssl=1&resize=1050%2C600 3x"},"classes":[]}],"jetpack_likes_enabled":true,"_links":{"self":[{"href":"https:\/\/news-papers.eu\/index.php?rest_route=\/wp\/v2\/posts\/20482","targetHints":{"allow":["GET"]}}],"collection":[{"href":"https:\/\/news-papers.eu\/index.php?rest_route=\/wp\/v2\/posts"}],"about":[{"href":"https:\/\/news-papers.eu\/index.php?rest_route=\/wp\/v2\/types\/post"}],"author":[{"embeddable":true,"href":"https:\/\/news-papers.eu\/index.php?rest_route=\/wp\/v2\/users\/1"}],"replies":[{"embeddable":true,"href":"https:\/\/news-papers.eu\/index.php?rest_route=%2Fwp%2Fv2%2Fcomments&post=20482"}],"version-history":[{"count":3,"href":"https:\/\/news-papers.eu\/index.php?rest_route=\/wp\/v2\/posts\/20482\/revisions"}],"predecessor-version":[{"id":20486,"href":"https:\/\/news-papers.eu\/index.php?rest_route=\/wp\/v2\/posts\/20482\/revisions\/20486"}],"wp:featuredmedia":[{"embeddable":true,"href":"https:\/\/news-papers.eu\/index.php?rest_route=\/wp\/v2\/media\/20483"}],"wp:attachment":[{"href":"https:\/\/news-papers.eu\/index.php?rest_route=%2Fwp%2Fv2%2Fmedia&parent=20482"}],"wp:term":[{"taxonomy":"category","embeddable":true,"href":"https:\/\/news-papers.eu\/index.php?rest_route=%2Fwp%2Fv2%2Fcategories&post=20482"},{"taxonomy":"post_tag","embeddable":true,"href":"https:\/\/news-papers.eu\/index.php?rest_route=%2Fwp%2Fv2%2Ftags&post=20482"}],"curies":[{"name":"wp","href":"https:\/\/api.w.org\/{rel}","templated":true}]}}