{"id":19929,"date":"2025-09-12T04:03:19","date_gmt":"2025-09-12T02:03:19","guid":{"rendered":"https:\/\/news-papers.eu\/?p=19929"},"modified":"2025-09-11T21:47:01","modified_gmt":"2025-09-11T19:47:01","slug":"kinderschockraeume-von-paedpr_e-aud2it-bis-zu-observe-ped-dus","status":"publish","type":"post","link":"https:\/\/news-papers.eu\/?p=19929","title":{"rendered":"Kinderschockr\u00e4ume: Von P\u00e4d(PR_E-)AUD2IT bis zu OBSERvE PED DUS"},"content":{"rendered":"<p><a href=\"https:\/\/notfall-campus.de\/acils\/paed-pr_e-aud2it\/\" target=\"_blank\" rel=\"noopener\"><img data-recalc-dims=\"1\" loading=\"lazy\" decoding=\"async\" data-attachment-id=\"19930\" data-permalink=\"https:\/\/news-papers.eu\/?attachment_id=19930\" data-orig-file=\"https:\/\/i0.wp.com\/news-papers.eu\/wp-content\/uploads\/2025\/09\/image.jpeg?fit=384%2C480&amp;ssl=1\" data-orig-size=\"384,480\" data-comments-opened=\"1\" data-image-meta=\"{&quot;aperture&quot;:&quot;0&quot;,&quot;credit&quot;:&quot;&quot;,&quot;camera&quot;:&quot;&quot;,&quot;caption&quot;:&quot;&quot;,&quot;created_timestamp&quot;:&quot;0&quot;,&quot;copyright&quot;:&quot;&quot;,&quot;focal_length&quot;:&quot;0&quot;,&quot;iso&quot;:&quot;0&quot;,&quot;shutter_speed&quot;:&quot;0&quot;,&quot;title&quot;:&quot;&quot;,&quot;orientation&quot;:&quot;1&quot;}\" data-image-title=\"image\" data-image-description=\"\" data-image-caption=\"\" data-large-file=\"https:\/\/i0.wp.com\/news-papers.eu\/wp-content\/uploads\/2025\/09\/image.jpeg?fit=384%2C480&amp;ssl=1\" class=\"alignnone wp-image-19930\" src=\"https:\/\/i0.wp.com\/news-papers.eu\/wp-content\/uploads\/2025\/09\/image.jpeg?resize=747%2C934\" alt=\"\" width=\"747\" height=\"934\" srcset=\"https:\/\/i0.wp.com\/news-papers.eu\/wp-content\/uploads\/2025\/09\/image.jpeg?resize=240%2C300&amp;ssl=1 240w, https:\/\/i0.wp.com\/news-papers.eu\/wp-content\/uploads\/2025\/09\/image.jpeg?w=384&amp;ssl=1 384w\" sizes=\"auto, (max-width: 747px) 100vw, 747px\" \/><\/a><\/p>\n<p>Mittlerweile gibt es eine ganze Menge zu Kinderschockraumversorgung:<\/p>\n<p>Das Neuste ist der <strong>P\u00e4d(PR_E-)AUD2IT-Algorithmus<br \/>\n<a href=\"https:\/\/notfall-campus.de\/acils\/paed-pr_e-aud2it\/\" target=\"_blank\" rel=\"noopener\">(https:\/\/notfall-campus.de\/acils\/paed-pr_e-aud2it\/)<\/a><\/strong>:<\/p>\n<blockquote><p><strong>Michael M, et al. Versorgungsalgorithmus f\u00fcr die Behandlung nichttraumatologisch kritisch kranker Kinder undJugendlicher im Schockraum \u2013 der P\u00e4d(PR_E-)AUD2IT-Algorithmus. Notfall Rettungsmed 2025, Open Access Link: <a href=\"https:\/\/link.springer.com\/article\/10.1007\/s10049-025-01622-4\" target=\"_blank\" rel=\"noopener\">https:\/\/link.springer.com\/article\/10.1007\/s10049-025-01622-4<\/a><\/strong><\/p><\/blockquote>\n<p>Versorgungsrealit\u00e4t zu Kindernotf\u00e4llen in Deutschland:<\/p>\n<blockquote><p><strong>Schunk D, et al. Versorgungsrealit\u00e4t kritisch kranker Kinder und Jugendlicher in deutschen Notaufnahmen: Ergebnisse einer bundesweiten Umfrage. Notfall Rettungsmed 2025; Open Access Link<\/strong><br \/>\n<a href=\"https:\/\/link.springer.com\/article\/10.1007\/s10049-025-01603-7\" target=\"_blank\" rel=\"noopener\"><strong>https:\/\/link.springer.com\/article\/10.1007\/s10049-025-01603-7<\/strong><\/a><\/p><\/blockquote>\n<p>Die D\u00fcsseldorfer Kinderschockraumstudie:<\/p>\n<blockquote><p><strong>Priebe C, et al.\u00a0Retrospektive Analyse des Schockraummanagements nichttraumatologisch kritisch kranker Kinder in einer universit\u00e4ren zentralen Notaufnahme (OBSERvE-DUS-PED-Studie). An\u00e4sthesiologie 2024; 73: 656-667:\u00a0<\/strong><br \/>\n<a href=\"https:\/\/link.springer.com\/article\/10.1007\/s00101-024-01457-7\" target=\"_blank\" rel=\"noopener\"><strong>https:\/\/link.springer.com\/article\/10.1007\/s00101-024-01457-7<\/strong><\/a><\/p><\/blockquote>\n<p>Wie kann man Kinderschockr\u00e4ume optimieren?<\/p>\n<blockquote><p><strong>Tautz J, et al. \u00dcberlegungen und Herausforderungen zur zuk\u00fcnftigen Versorgung kritisch kranker Kinder im nichttraumatologischen Schockraum. Notfall Rettungsmed 2024, online<\/strong><br \/>\n<strong><a href=\"https:\/\/link.springer.com\/article\/10.1007\/s10049-024-01367-6\" target=\"_blank\" rel=\"noopener\">https:\/\/link.springer.com\/article\/10.1007\/s10049-024-01367-6<\/a><\/strong><\/p><\/blockquote>\n","protected":false},"excerpt":{"rendered":"<p>Mittlerweile gibt es eine ganze Menge zu Kinderschockraumversorgung: Das Neuste ist der P\u00e4d(PR_E-)AUD2IT-Algorithmus (https:\/\/notfall-campus.de\/acils\/paed-pr_e-aud2it\/): Michael M, et al. Versorgungsalgorithmus f\u00fcr die Behandlung nichttraumatologisch kritisch kranker Kinder undJugendlicher im Schockraum \u2013 [&hellip;]<\/p>\n","protected":false},"author":2,"featured_media":19930,"comment_status":"open","ping_status":"open","sticky":false,"template":"","format":"standard","meta":{"__cvm_playback_settings":[],"__cvm_video_id":"","jetpack_post_was_ever_published":false,"_jetpack_newsletter_access":"","_jetpack_dont_email_post_to_subs":false,"_jetpack_newsletter_tier_id":0,"_jetpack_memberships_contains_paywalled_content":false,"_jetpack_memberships_contains_paid_content":false,"footnotes":"","jetpack_publicize_message":"","jetpack_publicize_feature_enabled":true,"jetpack_social_post_already_shared":true,"jetpack_social_options":{"image_generator_settings":{"template":"highway","default_image_id":0,"font":"","enabled":false},"version":2},"_wpas_customize_per_network":false},"categories":[13],"tags":[168,2856,78,1366,183],"class_list":["post-19929","post","type-post","status-publish","format-standard","has-post-thumbnail","hentry","category-kindernotfaelle","tag-kinder","tag-kritisch-kranke","tag-notaufnahme","tag-notfall","tag-schockraum"],"jetpack_publicize_connections":[],"jetpack_featured_media_url":"https:\/\/i0.wp.com\/news-papers.eu\/wp-content\/uploads\/2025\/09\/image.jpeg?fit=384%2C480&ssl=1","jetpack_sharing_enabled":true,"jetpack_shortlink":"https:\/\/wp.me\/p7fR2g-5br","jetpack-related-posts":[{"id":19878,"url":"https:\/\/news-papers.eu\/?p=19878","url_meta":{"origin":19929,"position":0},"title":"Schockraumversorgung bei Kinder: P\u00e4d(PR_E-)AUD2IT-Algorithmus","author":"Michael Bernhard","date":"September 3, 2025","format":false,"excerpt":"Zur Schockraumversorgung nichttraumatologisch kritisch kranker Kinder liegen bislang wenig Daten vor. Die Versorgung findet in Kindernotaufnahmen, in Akutversorgungsbereichen von Kinderintensivstationen und in den Schockr\u00e4umen von Zentralen Notaufnahmen statt. Durch selbstst\u00e4ndige Vorstellung von Patienten bzw. lokale Rettungsdienstdispositionen erfolgen teilweise aber auch Erstversorgungen in Notaufnahmen ohne angebundene Fachabteilung f\u00fcr Kinder- und Jugendmedizin.\u2026","rel":"","context":"In &quot;Kindernotf\u00e4lle&quot;","block_context":{"text":"Kindernotf\u00e4lle","link":"https:\/\/news-papers.eu\/?cat=13"},"img":{"alt_text":"","src":"https:\/\/i0.wp.com\/news-papers.eu\/wp-content\/uploads\/2025\/09\/Bildschirmfoto-2025-09-02-um-20.47.45.png?fit=764%2C1082&ssl=1&resize=350%2C200","width":350,"height":200,"srcset":"https:\/\/i0.wp.com\/news-papers.eu\/wp-content\/uploads\/2025\/09\/Bildschirmfoto-2025-09-02-um-20.47.45.png?fit=764%2C1082&ssl=1&resize=350%2C200 1x, https:\/\/i0.wp.com\/news-papers.eu\/wp-content\/uploads\/2025\/09\/Bildschirmfoto-2025-09-02-um-20.47.45.png?fit=764%2C1082&ssl=1&resize=525%2C300 1.5x, https:\/\/i0.wp.com\/news-papers.eu\/wp-content\/uploads\/2025\/09\/Bildschirmfoto-2025-09-02-um-20.47.45.png?fit=764%2C1082&ssl=1&resize=700%2C400 2x"},"classes":[]},{"id":16128,"url":"https:\/\/news-papers.eu\/?p=16128","url_meta":{"origin":19929,"position":1},"title":"(PR_E)AUD2IT-Algorithmus: Das Handwerkzeug f\u00fcr den Non-Trauma-Schockraum","author":"Michael Bernhard","date":"November 15, 2022","format":false,"excerpt":"Bei traumatologischen Schockraumpatienten ist die Versorgung seit vielen Jahren standardisiert und auf Basis von Algorithmen vereinheitlicht. Fu\u0308r das breite Spektrum der nichttraumatologischen Notfallpatienten fehlt eine solche einheitliche, u\u0308bergeordnete Struktur bisher in der Schockraumversorgung. Ingmar Gr\u00f6ning und Kollegen haben nun mit dem (PR_E-)AUD2IT-Algorithmus das Handwerkzeug f\u00fcr die nicht-traumatologische Schockraumversorgung publiziert: Gr\u00f6ning\u2026","rel":"","context":"In &quot;NON-Trauma-Schockraum&quot;","block_context":{"text":"NON-Trauma-Schockraum","link":"https:\/\/news-papers.eu\/?cat=2047"},"img":{"alt_text":"","src":"https:\/\/i0.wp.com\/news-papers.eu\/wp-content\/uploads\/2022\/11\/Bildschirm%C2%ADfoto-2022-11-13-um-17.49.53-e1668358274508-247x300.png?resize=350%2C200","width":350,"height":200},"classes":[]},{"id":13856,"url":"https:\/\/news-papers.eu\/?p=13856","url_meta":{"origin":19929,"position":2},"title":"DGINA Notfallcampus: Lehrfilm zum Nicht-traumatologischen Schockraum","author":"Michael Bernhard","date":"Juni 26, 2021","format":false,"excerpt":"Der Lehrfilm zum nicht-traumatologischen Schockraummanagement\u00a0des ACiLS-Konzeptes ist nun auch auf dem DGINA Notfallcampus verf\u00fcgbar: https:\/\/notfall-campus.de\/acils\/ https:\/\/notfall-campus.de\/acils\/ Und hier noch einmal der (PR_E)-AUD2IT-Agorithmus in Kurzform: (PR_E)-AUD2IT: Pr\u00e4paration\/Anmeldung (PR_E)-AUD2IT: Pr\u00e4paration\/ Teamzusammensetzung\/Briefing (PR_E)-AUD2IT: Pr\u00e4paration\/Schutzausr\u00fcstung anlegen (PR_E)-AUD2IT: Ressourcen (PR_E)-AUD2IT: 5 sec Round (kurzer Vitalcheck) (PR_E)-AUD2IT: \u00dcbergabe vor Umlagerung (PR_E)-AUD2IT: Erstversorgung (Primary Survey) (PR_E)-AU2IT: Erstversorgung\u2026","rel":"","context":"In &quot;allgemein&quot;","block_context":{"text":"allgemein","link":"https:\/\/news-papers.eu\/?cat=2"},"img":{"alt_text":"","src":"https:\/\/i0.wp.com\/news-papers.eu\/wp-content\/uploads\/2021\/06\/Bildschirmfoto-2021-06-19-um-15.00.34-e1624107650866.png?fit=500%2C356&ssl=1&resize=350%2C200","width":350,"height":200},"classes":[]},{"id":15442,"url":"https:\/\/news-papers.eu\/?p=15442","url_meta":{"origin":19929,"position":3},"title":"Lehrfilm zum nicht-traumatologischen Schockraummanagement","author":"Michael Bernhard","date":"Mai 12, 2022","format":false,"excerpt":"Kritisch kranke nicht-traumatologische Patienten werden regelm\u00e4\u00dfig in der pr\u00e4hospitalen Notfallmedizin versorgt. Fortschreitend in der medizinischen Versorgungskette kommen diese kritisch kranke Patienten aller Altersstufen in Notaufnahmen zur Vorstellung. An der Nahtstelle zwischen pr\u00e4hospitaler und innerklinischer Notfallversorgung besteht dann die Notwendigkeit ohne Zeitverlust und auf hohem notfall- bzw. intensivmedizinischen Niveau die Behandlung\u2026","rel":"","context":"In &quot;Schockraummanagement&quot;","block_context":{"text":"Schockraummanagement","link":"https:\/\/news-papers.eu\/?cat=682"},"img":{"alt_text":"","src":"https:\/\/i0.wp.com\/news-papers.eu\/wp-content\/uploads\/2022\/05\/Bildschirmfoto-2022-05-07-um-20.08.42-e1651946939221.png?fit=1000%2C498&ssl=1&resize=350%2C200","width":350,"height":200,"srcset":"https:\/\/i0.wp.com\/news-papers.eu\/wp-content\/uploads\/2022\/05\/Bildschirmfoto-2022-05-07-um-20.08.42-e1651946939221.png?fit=1000%2C498&ssl=1&resize=350%2C200 1x, https:\/\/i0.wp.com\/news-papers.eu\/wp-content\/uploads\/2022\/05\/Bildschirmfoto-2022-05-07-um-20.08.42-e1651946939221.png?fit=1000%2C498&ssl=1&resize=525%2C300 1.5x, https:\/\/i0.wp.com\/news-papers.eu\/wp-content\/uploads\/2022\/05\/Bildschirmfoto-2022-05-07-um-20.08.42-e1651946939221.png?fit=1000%2C498&ssl=1&resize=700%2C400 2x"},"classes":[]},{"id":17454,"url":"https:\/\/news-papers.eu\/?p=17454","url_meta":{"origin":19929,"position":4},"title":"(PR_E-)AUD2IT f\u00fcr NON-Trauma mit Dr. Gr\u00f6ning by NERDfallmedizin.de","author":"Michael Bernhard","date":"September 18, 2023","format":false,"excerpt":"Link: https:\/\/www.youtube.com\/watch?v=yQN-l5HrSgw Themenhintergrund: Infografik nichttraumatologischer Schockraum (Nerdfallmedizin) \u00dcberblick zentrale Publikationen zum Nichttraumatologischen Schockraum inkl. viele open-access Paper (Springer Medizin) Wei\u00dfbuch Nichttraumatologischer Schockraum (open access, Notfall&Rettungsmedizin)","rel":"","context":"In &quot;NON-Trauma-Schockraum&quot;","block_context":{"text":"NON-Trauma-Schockraum","link":"https:\/\/news-papers.eu\/?cat=2047"},"img":{"alt_text":"","src":"https:\/\/i0.wp.com\/news-papers.eu\/wp-content\/uploads\/2023\/09\/Bildschirmfoto-2023-09-16-um-16.44.10.png?fit=1200%2C665&ssl=1&resize=350%2C200","width":350,"height":200,"srcset":"https:\/\/i0.wp.com\/news-papers.eu\/wp-content\/uploads\/2023\/09\/Bildschirmfoto-2023-09-16-um-16.44.10.png?fit=1200%2C665&ssl=1&resize=350%2C200 1x, https:\/\/i0.wp.com\/news-papers.eu\/wp-content\/uploads\/2023\/09\/Bildschirmfoto-2023-09-16-um-16.44.10.png?fit=1200%2C665&ssl=1&resize=525%2C300 1.5x, https:\/\/i0.wp.com\/news-papers.eu\/wp-content\/uploads\/2023\/09\/Bildschirmfoto-2023-09-16-um-16.44.10.png?fit=1200%2C665&ssl=1&resize=700%2C400 2x, https:\/\/i0.wp.com\/news-papers.eu\/wp-content\/uploads\/2023\/09\/Bildschirmfoto-2023-09-16-um-16.44.10.png?fit=1200%2C665&ssl=1&resize=1050%2C600 3x"},"classes":[]},{"id":13633,"url":"https:\/\/news-papers.eu\/?p=13633","url_meta":{"origin":19929,"position":5},"title":"(PR_E-)AUD2IT f\u00fcr den nichttraumatologischen Schockraum","author":"Michael Bernhard","date":"Mai 9, 2021","format":false,"excerpt":"Das nichttraumatologische Schockraummanagement mausert sich immer weiter und wird vielerorts mittlerweile durchgef\u00fchrt. Neben epidemiologischen Daten aus der OBSERvE1 und OBSERVE2-Studie, infrastrukturellen Daten sind auch erste Konzepte zum nichttraumatologischen Schockraummanagement (A-Problem) publiziert worden. Unter der Federf\u00fchrung von Dr. Ingmar Gr\u00f6ning\u00a0und weiteren Kollegen ist nun die\u00a0Versorgungsstruktur (PR_E-)AUD2IT\u00a0in Notfall Rettungsmed publiziert worden: Die\u2026","rel":"","context":"In &quot;NON-Trauma-Schockraum&quot;","block_context":{"text":"NON-Trauma-Schockraum","link":"https:\/\/news-papers.eu\/?cat=2047"},"img":{"alt_text":"","src":"https:\/\/i0.wp.com\/news-papers.eu\/wp-content\/uploads\/2021\/05\/Bildschirmfoto-2021-05-05-um-19.35.41-e1620236156676.png?fit=500%2C499&ssl=1&resize=350%2C200","width":350,"height":200},"classes":[]}],"jetpack_likes_enabled":true,"_links":{"self":[{"href":"https:\/\/news-papers.eu\/index.php?rest_route=\/wp\/v2\/posts\/19929","targetHints":{"allow":["GET"]}}],"collection":[{"href":"https:\/\/news-papers.eu\/index.php?rest_route=\/wp\/v2\/posts"}],"about":[{"href":"https:\/\/news-papers.eu\/index.php?rest_route=\/wp\/v2\/types\/post"}],"author":[{"embeddable":true,"href":"https:\/\/news-papers.eu\/index.php?rest_route=\/wp\/v2\/users\/2"}],"replies":[{"embeddable":true,"href":"https:\/\/news-papers.eu\/index.php?rest_route=%2Fwp%2Fv2%2Fcomments&post=19929"}],"version-history":[{"count":4,"href":"https:\/\/news-papers.eu\/index.php?rest_route=\/wp\/v2\/posts\/19929\/revisions"}],"predecessor-version":[{"id":19940,"href":"https:\/\/news-papers.eu\/index.php?rest_route=\/wp\/v2\/posts\/19929\/revisions\/19940"}],"wp:featuredmedia":[{"embeddable":true,"href":"https:\/\/news-papers.eu\/index.php?rest_route=\/wp\/v2\/media\/19930"}],"wp:attachment":[{"href":"https:\/\/news-papers.eu\/index.php?rest_route=%2Fwp%2Fv2%2Fmedia&parent=19929"}],"wp:term":[{"taxonomy":"category","embeddable":true,"href":"https:\/\/news-papers.eu\/index.php?rest_route=%2Fwp%2Fv2%2Fcategories&post=19929"},{"taxonomy":"post_tag","embeddable":true,"href":"https:\/\/news-papers.eu\/index.php?rest_route=%2Fwp%2Fv2%2Ftags&post=19929"}],"curies":[{"name":"wp","href":"https:\/\/api.w.org\/{rel}","templated":true}]}}