{"id":19846,"date":"2025-08-23T04:11:36","date_gmt":"2025-08-23T02:11:36","guid":{"rendered":"https:\/\/news-papers.eu\/?p=19846"},"modified":"2025-08-22T09:21:00","modified_gmt":"2025-08-22T07:21:00","slug":"cannabis-assoziierte-notfaelle-in-der-notaufnahme","status":"publish","type":"post","link":"https:\/\/news-papers.eu\/?p=19846","title":{"rendered":"Cannabis-assoziierte Notf\u00e4lle in der Notaufnahme"},"content":{"rendered":"<p>Das Inkrafttreten des Cannabisgesetzes k\u00f6nnte in Deutschland die H\u00e4ufigkeit des Cannabiskonsums und in der Folge die Anzahl von Vorstellungen in Notaufnahmen erh\u00f6hen.<\/p>\n<blockquote><p><strong>Eichhorn D, et al. <\/strong><strong>Cannabis-associated emergencies. Dtsch Arztebl Int 2025; 122: 467\u201371. DOI: 10.3238\/arztebl.m2025.0074<\/strong><\/p><\/blockquote>\n<p>In der <strong>narrativen \u00dcbersichtsarbeit<\/strong> werden die Entwicklungen der Fallzahlen nach Cannabislegalisierung in Vergleichsl\u00e4ndern und die h\u00e4ufigsten notfallmedizinischen Vorstellungsgru\u0308nde sowie Behandlungsoptionen identifiziert und ausgewertet. Daten zur Entwicklung von cannabisbezogenen Anrufen wurden vom Giftinformationszentrums Nord zur Verfu\u0308gung gestellt und deskriptiv ausgewertet.<\/p>\n<p><strong>Ergebnisse: <\/strong><\/p>\n<ul>\n<li>Die Konsumpr\u00e4valenz wird in Europa auf 8 % gesch\u00e4tzt. In Kanada ist nach der Legalisierung der Cannabiskonsum der u\u0308ber 15-j\u00e4hrigen Gesamtbev\u00f6lkerung im Zeitraum 2017 bis 2021 von 15 % auf 25 % gestiegen, und die Krankenhausvorstellungen verdoppelten sich von 15\/100 000 im Jahr 2017 auf 32\/100 000 im Jahr 2022.<\/li>\n<li>Eine akute Intoxikation ist der am h\u00e4ufigsten auftretende Grund fu\u0308r eine Krankenhausvorstellung und geht oft mit akuten Angst- und Panikzust\u00e4nden einher.<\/li>\n<li>Das Risiko eine Psychose zu entwickeln, steigt mit dem THC-Gehalt und der Konsumh\u00e4ufigkeit.<\/li>\n<\/ul>\n<p><img data-recalc-dims=\"1\" loading=\"lazy\" decoding=\"async\" data-attachment-id=\"19847\" data-permalink=\"https:\/\/news-papers.eu\/?attachment_id=19847\" data-orig-file=\"https:\/\/i0.wp.com\/news-papers.eu\/wp-content\/uploads\/2025\/08\/Bildschirmfoto-2025-08-22-um-09.15.13.png?fit=2620%2C1652&amp;ssl=1\" data-orig-size=\"2620,1652\" data-comments-opened=\"1\" data-image-meta=\"{&quot;aperture&quot;:&quot;0&quot;,&quot;credit&quot;:&quot;&quot;,&quot;camera&quot;:&quot;&quot;,&quot;caption&quot;:&quot;&quot;,&quot;created_timestamp&quot;:&quot;0&quot;,&quot;copyright&quot;:&quot;&quot;,&quot;focal_length&quot;:&quot;0&quot;,&quot;iso&quot;:&quot;0&quot;,&quot;shutter_speed&quot;:&quot;0&quot;,&quot;title&quot;:&quot;&quot;,&quot;orientation&quot;:&quot;0&quot;}\" data-image-title=\"Bildschirmfoto 2025-08-22 um 09.15.13\" data-image-description=\"\" data-image-caption=\"\" data-large-file=\"https:\/\/i0.wp.com\/news-papers.eu\/wp-content\/uploads\/2025\/08\/Bildschirmfoto-2025-08-22-um-09.15.13.png?fit=1024%2C646&amp;ssl=1\" class=\"alignnone wp-image-19847\" src=\"https:\/\/i0.wp.com\/news-papers.eu\/wp-content\/uploads\/2025\/08\/Bildschirmfoto-2025-08-22-um-09.15.13.png?resize=743%2C468\" alt=\"\" width=\"743\" height=\"468\" srcset=\"https:\/\/i0.wp.com\/news-papers.eu\/wp-content\/uploads\/2025\/08\/Bildschirmfoto-2025-08-22-um-09.15.13.png?resize=300%2C189&amp;ssl=1 300w, https:\/\/i0.wp.com\/news-papers.eu\/wp-content\/uploads\/2025\/08\/Bildschirmfoto-2025-08-22-um-09.15.13.png?resize=1024%2C646&amp;ssl=1 1024w, https:\/\/i0.wp.com\/news-papers.eu\/wp-content\/uploads\/2025\/08\/Bildschirmfoto-2025-08-22-um-09.15.13.png?resize=768%2C484&amp;ssl=1 768w, https:\/\/i0.wp.com\/news-papers.eu\/wp-content\/uploads\/2025\/08\/Bildschirmfoto-2025-08-22-um-09.15.13.png?resize=1536%2C969&amp;ssl=1 1536w, https:\/\/i0.wp.com\/news-papers.eu\/wp-content\/uploads\/2025\/08\/Bildschirmfoto-2025-08-22-um-09.15.13.png?resize=2048%2C1291&amp;ssl=1 2048w, https:\/\/i0.wp.com\/news-papers.eu\/wp-content\/uploads\/2025\/08\/Bildschirmfoto-2025-08-22-um-09.15.13.png?resize=750%2C473&amp;ssl=1 750w, https:\/\/i0.wp.com\/news-papers.eu\/wp-content\/uploads\/2025\/08\/Bildschirmfoto-2025-08-22-um-09.15.13.png?w=2340 2340w\" sizes=\"auto, (max-width: 743px) 100vw, 743px\" \/><\/p>\n<ul>\n<li>Das Cannabinoid-Hyperemesis-Syndrom manifestiert sich mit abdominellen Schmerzen und massivem, zyklisch auftretendem Erbrechen. Die wichtigste Akutma\u00dfnahme ist der Ausgleich des oft massiven Flu\u0308ssigkeitsverlustes.<\/li>\n<\/ul>\n<p><img data-recalc-dims=\"1\" loading=\"lazy\" decoding=\"async\" data-attachment-id=\"19852\" data-permalink=\"https:\/\/news-papers.eu\/?attachment_id=19852\" data-orig-file=\"https:\/\/i0.wp.com\/news-papers.eu\/wp-content\/uploads\/2025\/08\/Bildschirmfoto-2025-08-22-um-09.20.33.png?fit=2898%2C1668&amp;ssl=1\" data-orig-size=\"2898,1668\" data-comments-opened=\"1\" data-image-meta=\"{&quot;aperture&quot;:&quot;0&quot;,&quot;credit&quot;:&quot;&quot;,&quot;camera&quot;:&quot;&quot;,&quot;caption&quot;:&quot;&quot;,&quot;created_timestamp&quot;:&quot;0&quot;,&quot;copyright&quot;:&quot;&quot;,&quot;focal_length&quot;:&quot;0&quot;,&quot;iso&quot;:&quot;0&quot;,&quot;shutter_speed&quot;:&quot;0&quot;,&quot;title&quot;:&quot;&quot;,&quot;orientation&quot;:&quot;0&quot;}\" data-image-title=\"Bildschirmfoto 2025-08-22 um 09.20.33\" data-image-description=\"\" data-image-caption=\"\" data-large-file=\"https:\/\/i0.wp.com\/news-papers.eu\/wp-content\/uploads\/2025\/08\/Bildschirmfoto-2025-08-22-um-09.20.33.png?fit=1024%2C589&amp;ssl=1\" class=\"alignnone wp-image-19852\" src=\"https:\/\/i0.wp.com\/news-papers.eu\/wp-content\/uploads\/2025\/08\/Bildschirmfoto-2025-08-22-um-09.20.33.png?resize=747%2C431\" alt=\"\" width=\"747\" height=\"431\" srcset=\"https:\/\/i0.wp.com\/news-papers.eu\/wp-content\/uploads\/2025\/08\/Bildschirmfoto-2025-08-22-um-09.20.33.png?resize=300%2C173&amp;ssl=1 300w, https:\/\/i0.wp.com\/news-papers.eu\/wp-content\/uploads\/2025\/08\/Bildschirmfoto-2025-08-22-um-09.20.33.png?resize=1024%2C589&amp;ssl=1 1024w, https:\/\/i0.wp.com\/news-papers.eu\/wp-content\/uploads\/2025\/08\/Bildschirmfoto-2025-08-22-um-09.20.33.png?resize=768%2C442&amp;ssl=1 768w, https:\/\/i0.wp.com\/news-papers.eu\/wp-content\/uploads\/2025\/08\/Bildschirmfoto-2025-08-22-um-09.20.33.png?resize=1536%2C884&amp;ssl=1 1536w, https:\/\/i0.wp.com\/news-papers.eu\/wp-content\/uploads\/2025\/08\/Bildschirmfoto-2025-08-22-um-09.20.33.png?resize=2048%2C1179&amp;ssl=1 2048w, https:\/\/i0.wp.com\/news-papers.eu\/wp-content\/uploads\/2025\/08\/Bildschirmfoto-2025-08-22-um-09.20.33.png?resize=750%2C432&amp;ssl=1 750w, https:\/\/i0.wp.com\/news-papers.eu\/wp-content\/uploads\/2025\/08\/Bildschirmfoto-2025-08-22-um-09.20.33.png?w=2340 2340w\" sizes=\"auto, (max-width: 747px) 100vw, 747px\" \/><\/p>\n<ul>\n<li>Benzodiazepine und Antipsychotika k\u00f6nnen zur symptomatischen Behandlung eingesetzt werden.<\/li>\n<\/ul>\n<p><strong><i>Schlussfolgerung: \u00a0<\/i><\/strong>Auch in Deutschland muss mit einer weiteren Zunahme von cannabisassoziierten Notf\u00e4llen nach der Cannabislegalisierung gerechnet werden. Bei oft unspezifischer Symptompr\u00e4sentation sollte ein m\u00f6glicher Cannabiskonsum gezielt abgekl\u00e4rt werden, um den Patientinnen und Patienten eine ad\u00e4quate Behandlung und Hilfestellung anbieten zu k\u00f6nnen.<\/p>\n","protected":false},"excerpt":{"rendered":"<p>Das Inkrafttreten des Cannabisgesetzes k\u00f6nnte in Deutschland die H\u00e4ufigkeit des Cannabiskonsums und in der Folge die Anzahl von Vorstellungen in Notaufnahmen erh\u00f6hen. Eichhorn D, et al. Cannabis-associated emergencies. Dtsch Arztebl [&hellip;]<\/p>\n","protected":false},"author":2,"featured_media":0,"comment_status":"open","ping_status":"open","sticky":false,"template":"","format":"standard","meta":{"__cvm_playback_settings":[],"__cvm_video_id":"","jetpack_post_was_ever_published":false,"_jetpack_newsletter_access":"","_jetpack_dont_email_post_to_subs":false,"_jetpack_newsletter_tier_id":0,"_jetpack_memberships_contains_paywalled_content":false,"_jetpack_memberships_contains_paid_content":false,"footnotes":"","jetpack_publicize_message":"","jetpack_publicize_feature_enabled":true,"jetpack_social_post_already_shared":true,"jetpack_social_options":{"image_generator_settings":{"template":"highway","default_image_id":0,"font":"","enabled":false},"version":2},"_wpas_customize_per_network":false},"categories":[14],"tags":[],"class_list":["post-19846","post","type-post","status-publish","format-standard","hentry","category-intoxikationen"],"jetpack_publicize_connections":[],"jetpack_featured_media_url":"","jetpack_sharing_enabled":true,"jetpack_shortlink":"https:\/\/wp.me\/p7fR2g-5a6","jetpack-related-posts":[{"id":17125,"url":"https:\/\/news-papers.eu\/?p=17125","url_meta":{"origin":19846,"position":0},"title":"Standardisierung erh\u00f6ht Erfolg in der Atemwegssicherung","author":"Bj\u00f6rn Hossfeld","date":"Mai 28, 2023","format":false,"excerpt":"Ein Gastbeitrag von Harald Genzw\u00fcrker, Buchen \u00a0\u00a0\u00a0\u00a0\u00a0\u00a0\u00a0 Die pr\u00e4hospitale Narkose und Atemwegssicherung ist eine komplexe, risikobehaftete Ma\u00dfnahme. Durch Vereinheitlichung und Standardisierung von Abl\u00e4ufen sowie Schulungsma\u00dfnahmen kann die Patienten- und Anwender-Sicherheit erh\u00f6ht werden \u2013 diese Erkenntnis ist eine Grundlage f\u00fcr das ANNA-Kursformat der DIVI. Kollegen der Universit\u00e4t Helsinki haben nun im\u2026","rel":"","context":"In &quot;Atemwegsmanagement&quot;","block_context":{"text":"Atemwegsmanagement","link":"https:\/\/news-papers.eu\/?cat=3"},"img":{"alt_text":"","src":"https:\/\/i0.wp.com\/news-papers.eu\/wp-content\/uploads\/2021\/03\/C-MAC-PM-II-.jpg?fit=1200%2C1026&ssl=1&resize=350%2C200","width":350,"height":200,"srcset":"https:\/\/i0.wp.com\/news-papers.eu\/wp-content\/uploads\/2021\/03\/C-MAC-PM-II-.jpg?fit=1200%2C1026&ssl=1&resize=350%2C200 1x, https:\/\/i0.wp.com\/news-papers.eu\/wp-content\/uploads\/2021\/03\/C-MAC-PM-II-.jpg?fit=1200%2C1026&ssl=1&resize=525%2C300 1.5x, https:\/\/i0.wp.com\/news-papers.eu\/wp-content\/uploads\/2021\/03\/C-MAC-PM-II-.jpg?fit=1200%2C1026&ssl=1&resize=700%2C400 2x, https:\/\/i0.wp.com\/news-papers.eu\/wp-content\/uploads\/2021\/03\/C-MAC-PM-II-.jpg?fit=1200%2C1026&ssl=1&resize=1050%2C600 3x"},"classes":[]},{"id":12812,"url":"https:\/\/news-papers.eu\/?p=12812","url_meta":{"origin":19846,"position":1},"title":"Was hat die deutsche Bundesliga mit Verkehrsunf\u00e4llen in Taiwan zu tun?","author":"Michael Bernhard","date":"Januar 9, 2021","format":false,"excerpt":"Ein Beitrag von PD Dr. J\u00fcrgen Knapp, Bern\/Schweiz:\u00a0 In der aktuellen Weihnachtsausgabe des British Medical Journal ist eine interessante Arbeit erschienen, die den Zusammenhang von Fu\u00dfballspielen in den europ\u00e4ischen Top-Ligen mit Verkehrsunf\u00e4llen in Asien untersucht. Yam KC et al. Association of high profile football matches in Europe with traffic accidents\u2026","rel":"","context":"In &quot;Trauma&quot;","block_context":{"text":"Trauma","link":"https:\/\/news-papers.eu\/?cat=6"},"img":{"alt_text":"","src":"https:\/\/i0.wp.com\/news-papers.eu\/wp-content\/uploads\/2021\/01\/football-257489_1280.png?fit=1200%2C675&ssl=1&resize=350%2C200","width":350,"height":200,"srcset":"https:\/\/i0.wp.com\/news-papers.eu\/wp-content\/uploads\/2021\/01\/football-257489_1280.png?fit=1200%2C675&ssl=1&resize=350%2C200 1x, https:\/\/i0.wp.com\/news-papers.eu\/wp-content\/uploads\/2021\/01\/football-257489_1280.png?fit=1200%2C675&ssl=1&resize=525%2C300 1.5x, https:\/\/i0.wp.com\/news-papers.eu\/wp-content\/uploads\/2021\/01\/football-257489_1280.png?fit=1200%2C675&ssl=1&resize=700%2C400 2x, https:\/\/i0.wp.com\/news-papers.eu\/wp-content\/uploads\/2021\/01\/football-257489_1280.png?fit=1200%2C675&ssl=1&resize=1050%2C600 3x"},"classes":[]},{"id":11007,"url":"https:\/\/news-papers.eu\/?p=11007","url_meta":{"origin":19846,"position":2},"title":"Innerklinische Notf\u00e4lle &#8211; prospektive Analyse","author":"Michael Bernhard","date":"M\u00e4rz 5, 2020","format":false,"excerpt":"G\u00e4ssler aus Ulm berichten in der neusten Ausgabe von An\u00e4sthesiologie&Intensivmedizin \u00fcber die\u00a0Entwicklung eines zentral gesteuerten Ausbildungs- und Ausstattungs\u00adkonzepts f\u00fcr innerklinische Notf\u00e4lle. G\u00e4ssler H et al. Entwicklung eines zentral gesteuerten Ausbildungs- und Ausstattungs\u00adkonzepts f\u00fcr innerklinische Notf\u00e4lle. An\u00e4sth Intensivmed 2020;61:040\u2013050 Das bestehende Konzept eines Krankenhauses zur Versorgung medizinischer Notf\u00e4lle au\u00dferhalb der High-Care-Bereiche\u2026","rel":"","context":"In &quot;Medical Emergency Teams&quot;","block_context":{"text":"Medical Emergency Teams","link":"https:\/\/news-papers.eu\/?cat=1007"},"img":{"alt_text":"","src":"https:\/\/i0.wp.com\/news-papers.eu\/wp-content\/uploads\/2020\/02\/Bildschirmfoto-2020-02-11-um-20.59.49.png?fit=1200%2C246&ssl=1&resize=350%2C200","width":350,"height":200,"srcset":"https:\/\/i0.wp.com\/news-papers.eu\/wp-content\/uploads\/2020\/02\/Bildschirmfoto-2020-02-11-um-20.59.49.png?fit=1200%2C246&ssl=1&resize=350%2C200 1x, https:\/\/i0.wp.com\/news-papers.eu\/wp-content\/uploads\/2020\/02\/Bildschirmfoto-2020-02-11-um-20.59.49.png?fit=1200%2C246&ssl=1&resize=525%2C300 1.5x, https:\/\/i0.wp.com\/news-papers.eu\/wp-content\/uploads\/2020\/02\/Bildschirmfoto-2020-02-11-um-20.59.49.png?fit=1200%2C246&ssl=1&resize=700%2C400 2x, https:\/\/i0.wp.com\/news-papers.eu\/wp-content\/uploads\/2020\/02\/Bildschirmfoto-2020-02-11-um-20.59.49.png?fit=1200%2C246&ssl=1&resize=1050%2C600 3x"},"classes":[]},{"id":20684,"url":"https:\/\/news-papers.eu\/?p=20684","url_meta":{"origin":19846,"position":3},"title":"Tourniquets fr\u00fchzeitig konvertieren !","author":"Bj\u00f6rn Hossfeld","date":"April 18, 2026","format":false,"excerpt":"Ein Gastbeitrag von Marius M\u00fcnchen, Ulm\u00a0 \u00a0 \u00a0 \u00a0 \u00a0 \u00a0 \u00a0 \u00a0 \u00a0W\u00e4hrend man in den beiden Weltkriegen der Anlage von Tourniquets aufgrund hoher Komplikationsraten infolge prolongierter Anlagedauer eher ablehnend gegenu\u0308berstand, entwickelte sich das Tourniquet im Rahmen von Stabilisierungsoperationen \u2013 insbesondere in Afghanistan und im Irak \u2013 zu einem\u2026","rel":"","context":"In &quot;Blutungsmanagement&quot;","block_context":{"text":"Blutungsmanagement","link":"https:\/\/news-papers.eu\/?cat=1210"},"img":{"alt_text":"","src":"https:\/\/i0.wp.com\/news-papers.eu\/wp-content\/uploads\/2026\/04\/Druckverband.png?fit=1200%2C1181&ssl=1&resize=350%2C200","width":350,"height":200,"srcset":"https:\/\/i0.wp.com\/news-papers.eu\/wp-content\/uploads\/2026\/04\/Druckverband.png?fit=1200%2C1181&ssl=1&resize=350%2C200 1x, https:\/\/i0.wp.com\/news-papers.eu\/wp-content\/uploads\/2026\/04\/Druckverband.png?fit=1200%2C1181&ssl=1&resize=525%2C300 1.5x, https:\/\/i0.wp.com\/news-papers.eu\/wp-content\/uploads\/2026\/04\/Druckverband.png?fit=1200%2C1181&ssl=1&resize=700%2C400 2x, https:\/\/i0.wp.com\/news-papers.eu\/wp-content\/uploads\/2026\/04\/Druckverband.png?fit=1200%2C1181&ssl=1&resize=1050%2C600 3x"},"classes":[]},{"id":10862,"url":"https:\/\/news-papers.eu\/?p=10862","url_meta":{"origin":19846,"position":4},"title":"Onlinebefragung unter den \u00c4LRD zur Vorhaltung moderner Medizintechnik","author":"Michael Bernhard","date":"Januar 27, 2020","format":false,"excerpt":"In An\u00e4sthesiologie und Intensivmedizin ist eine bundesweite Onlinebefragung unter den \u00c4rztlichen Leitern Rettungsdienst\u00a0(\u00c4LRD) zur Bewertung und tats\u00e4chlicher bzw. geplanter Vorhaltung moderner Medizintechnik in den geleiteten Rettungsdienstbereichen publiziert worden. Themenschwerpunkte waren hierbei Airwaymanagement, akutes Koronarsyndrom, kardiogener Schock, kardiopulmonale Reanimation, Polytrauma und Einsatzdokumentation. Die Erhebung erfolgte anonym nach postalischem Anschreiben und zweifachem\u2026","rel":"","context":"In &quot;Rettungsdienst&quot;","block_context":{"text":"Rettungsdienst","link":"https:\/\/news-papers.eu\/?cat=12"},"img":{"alt_text":"Rettungsgasse","src":"https:\/\/i0.wp.com\/news-papers.eu\/wp-content\/uploads\/2016\/07\/Rettungsgasse-ist-Pflicht-1200x800-5b9235f806201915.jpg?fit=1200%2C800&ssl=1&resize=350%2C200","width":350,"height":200,"srcset":"https:\/\/i0.wp.com\/news-papers.eu\/wp-content\/uploads\/2016\/07\/Rettungsgasse-ist-Pflicht-1200x800-5b9235f806201915.jpg?fit=1200%2C800&ssl=1&resize=350%2C200 1x, https:\/\/i0.wp.com\/news-papers.eu\/wp-content\/uploads\/2016\/07\/Rettungsgasse-ist-Pflicht-1200x800-5b9235f806201915.jpg?fit=1200%2C800&ssl=1&resize=525%2C300 1.5x, https:\/\/i0.wp.com\/news-papers.eu\/wp-content\/uploads\/2016\/07\/Rettungsgasse-ist-Pflicht-1200x800-5b9235f806201915.jpg?fit=1200%2C800&ssl=1&resize=700%2C400 2x, https:\/\/i0.wp.com\/news-papers.eu\/wp-content\/uploads\/2016\/07\/Rettungsgasse-ist-Pflicht-1200x800-5b9235f806201915.jpg?fit=1200%2C800&ssl=1&resize=1050%2C600 3x"},"classes":[]},{"id":17153,"url":"https:\/\/news-papers.eu\/?p=17153","url_meta":{"origin":19846,"position":5},"title":"Analgesie durch Notfallsanit\u00e4ter entlastet Not\u00e4rzte","author":"Bj\u00f6rn Hossfeld","date":"Juni 9, 2023","format":false,"excerpt":"Foto: M. Herm\u00a0\u00a0\u00a0\u00a0\u00a0\u00a0\u00a0\u00a0\u00a0\u00a0\u00a0\u00a0\u00a0\u00a0\u00a0\u00a0\u00a0\u00a0 Schmerzen sind ein h\u00e4ufiger Alarmierungsgrund f\u00fcr Rettungs- und Notarztdienst. Oft werden Not\u00e4rzte durch den Rettungsdienst nachgefordert um Analgesie zu veranlassen. Nach \u00a7 4 Abs. 2 Nr. 2c Notfallsanit\u00e4tergesetz ist es m\u00f6glich die Analgesie durch den \u00c4rztlichen Leiter Rettungsdienst (\u00c4LRD) z.B. bei Lumbago oder isoliertem Extremit\u00e4tentrauma bei ansonsten\u2026","rel":"","context":"In &quot;Analgesie&quot;","block_context":{"text":"Analgesie","link":"https:\/\/news-papers.eu\/?cat=288"},"img":{"alt_text":"","src":"https:\/\/i0.wp.com\/news-papers.eu\/wp-content\/uploads\/2023\/06\/Analgesie-Dipi.jpg?fit=1200%2C540&ssl=1&resize=350%2C200","width":350,"height":200,"srcset":"https:\/\/i0.wp.com\/news-papers.eu\/wp-content\/uploads\/2023\/06\/Analgesie-Dipi.jpg?fit=1200%2C540&ssl=1&resize=350%2C200 1x, https:\/\/i0.wp.com\/news-papers.eu\/wp-content\/uploads\/2023\/06\/Analgesie-Dipi.jpg?fit=1200%2C540&ssl=1&resize=525%2C300 1.5x, https:\/\/i0.wp.com\/news-papers.eu\/wp-content\/uploads\/2023\/06\/Analgesie-Dipi.jpg?fit=1200%2C540&ssl=1&resize=700%2C400 2x, https:\/\/i0.wp.com\/news-papers.eu\/wp-content\/uploads\/2023\/06\/Analgesie-Dipi.jpg?fit=1200%2C540&ssl=1&resize=1050%2C600 3x"},"classes":[]}],"jetpack_likes_enabled":true,"_links":{"self":[{"href":"https:\/\/news-papers.eu\/index.php?rest_route=\/wp\/v2\/posts\/19846","targetHints":{"allow":["GET"]}}],"collection":[{"href":"https:\/\/news-papers.eu\/index.php?rest_route=\/wp\/v2\/posts"}],"about":[{"href":"https:\/\/news-papers.eu\/index.php?rest_route=\/wp\/v2\/types\/post"}],"author":[{"embeddable":true,"href":"https:\/\/news-papers.eu\/index.php?rest_route=\/wp\/v2\/users\/2"}],"replies":[{"embeddable":true,"href":"https:\/\/news-papers.eu\/index.php?rest_route=%2Fwp%2Fv2%2Fcomments&post=19846"}],"version-history":[{"count":2,"href":"https:\/\/news-papers.eu\/index.php?rest_route=\/wp\/v2\/posts\/19846\/revisions"}],"predecessor-version":[{"id":19853,"href":"https:\/\/news-papers.eu\/index.php?rest_route=\/wp\/v2\/posts\/19846\/revisions\/19853"}],"wp:attachment":[{"href":"https:\/\/news-papers.eu\/index.php?rest_route=%2Fwp%2Fv2%2Fmedia&parent=19846"}],"wp:term":[{"taxonomy":"category","embeddable":true,"href":"https:\/\/news-papers.eu\/index.php?rest_route=%2Fwp%2Fv2%2Fcategories&post=19846"},{"taxonomy":"post_tag","embeddable":true,"href":"https:\/\/news-papers.eu\/index.php?rest_route=%2Fwp%2Fv2%2Ftags&post=19846"}],"curies":[{"name":"wp","href":"https:\/\/api.w.org\/{rel}","templated":true}]}}