{"id":16579,"date":"2023-01-26T04:48:16","date_gmt":"2023-01-26T03:48:16","guid":{"rendered":"http:\/\/news-papers.eu\/?p=16579"},"modified":"2023-01-22T20:51:30","modified_gmt":"2023-01-22T19:51:30","slug":"fasttrack-haendehygiene-ist-auch-in-einer-notaufnahme-wichtig","status":"publish","type":"post","link":"https:\/\/news-papers.eu\/?p=16579","title":{"rendered":"FASTtrack: H\u00e4ndehygiene ist auch in einer Notaufnahme wichtig"},"content":{"rendered":"<div>\n<div id=\"cc-m-textwithimage-10260749350\" class=\"cc-m-textwithimage-inline-rte\" data-name=\"text\" data-action=\"text\">\n<p style=\"text-align: justify\" data-pm-slice=\"1 1 []\"><img data-recalc-dims=\"1\" loading=\"lazy\" decoding=\"async\" data-attachment-id=\"16580\" data-permalink=\"https:\/\/news-papers.eu\/?attachment_id=16580\" data-orig-file=\"https:\/\/i0.wp.com\/news-papers.eu\/wp-content\/uploads\/2023\/01\/Bildschirm%C2%ADfoto-2023-01-22-um-20.48.27.png?fit=816%2C830&amp;ssl=1\" data-orig-size=\"816,830\" data-comments-opened=\"1\" data-image-meta=\"{&quot;aperture&quot;:&quot;0&quot;,&quot;credit&quot;:&quot;&quot;,&quot;camera&quot;:&quot;&quot;,&quot;caption&quot;:&quot;&quot;,&quot;created_timestamp&quot;:&quot;0&quot;,&quot;copyright&quot;:&quot;&quot;,&quot;focal_length&quot;:&quot;0&quot;,&quot;iso&quot;:&quot;0&quot;,&quot;shutter_speed&quot;:&quot;0&quot;,&quot;title&quot;:&quot;&quot;,&quot;orientation&quot;:&quot;0&quot;}\" data-image-title=\"Bildschirm\u00adfoto 2023-01-22 um 20.48.27\" data-image-description=\"\" data-image-caption=\"\" data-large-file=\"https:\/\/i0.wp.com\/news-papers.eu\/wp-content\/uploads\/2023\/01\/Bildschirm%C2%ADfoto-2023-01-22-um-20.48.27.png?fit=816%2C830&amp;ssl=1\" class=\"size-medium wp-image-16580 alignright\" src=\"https:\/\/i0.wp.com\/news-papers.eu\/wp-content\/uploads\/2023\/01\/Bildschirm%C2%ADfoto-2023-01-22-um-20.48.27.png?resize=295%2C300\" alt=\"\" width=\"295\" height=\"300\" srcset=\"https:\/\/i0.wp.com\/news-papers.eu\/wp-content\/uploads\/2023\/01\/Bildschirm%C2%ADfoto-2023-01-22-um-20.48.27.png?resize=295%2C300&amp;ssl=1 295w, https:\/\/i0.wp.com\/news-papers.eu\/wp-content\/uploads\/2023\/01\/Bildschirm%C2%ADfoto-2023-01-22-um-20.48.27.png?resize=768%2C781&amp;ssl=1 768w, https:\/\/i0.wp.com\/news-papers.eu\/wp-content\/uploads\/2023\/01\/Bildschirm%C2%ADfoto-2023-01-22-um-20.48.27.png?resize=750%2C763&amp;ssl=1 750w, https:\/\/i0.wp.com\/news-papers.eu\/wp-content\/uploads\/2023\/01\/Bildschirm%C2%ADfoto-2023-01-22-um-20.48.27.png?w=816&amp;ssl=1 816w\" sizes=\"auto, (max-width: 295px) 100vw, 295px\" \/>H\u00e4ndehygiene ist auch in einer Notaufnahme wichtig, das haben wir alle gelernt und es ist sicher den meisten bewusst.\u00a0Warum die Bedeutung der H\u00e4ndehygiene trotzdem h\u00e4ufig untersch\u00e4tzt wird und \u00fcber M\u00f6glichkeiten das strukturell zu optimieren bespricht Sebastian mit Dr.Sonja Hansen (Ober\u00e4rztin in der Charit\u00e9) bei FASTtrack.\u00a0Das Thema von Folge 48 ist die H\u00e4ndehygiene in der Notfallmedizin.<\/p>\n<\/div>\n<p><a href=\"https:\/\/www.fasttrack-notfall.com\/2023\/01\/15\/folge-48-h\u00e4ndehygiene-in-der-notfallmediziner\/\" target=\"_blank\" rel=\"noopener\">https:\/\/www.fasttrack-notfall.com\/2023\/01\/15\/folge-48-h\u00e4ndehygiene-in-der-notfallmediziner\/<\/a><\/p>\n<\/div>\n","protected":false},"excerpt":{"rendered":"<p>H\u00e4ndehygiene ist auch in einer Notaufnahme wichtig, das haben wir alle gelernt und es ist sicher den meisten bewusst.\u00a0Warum die Bedeutung der H\u00e4ndehygiene trotzdem h\u00e4ufig untersch\u00e4tzt wird und \u00fcber M\u00f6glichkeiten [&hellip;]<\/p>\n","protected":false},"author":2,"featured_media":16580,"comment_status":"open","ping_status":"open","sticky":false,"template":"","format":"standard","meta":{"__cvm_playback_settings":[],"__cvm_video_id":"","jetpack_post_was_ever_published":false,"_jetpack_newsletter_access":"","_jetpack_dont_email_post_to_subs":false,"_jetpack_newsletter_tier_id":0,"_jetpack_memberships_contains_paywalled_content":false,"_jetpack_memberships_contains_paid_content":false,"footnotes":"","jetpack_publicize_message":"","jetpack_publicize_feature_enabled":true,"jetpack_social_post_already_shared":true,"jetpack_social_options":{"image_generator_settings":{"template":"highway","default_image_id":0,"font":"","enabled":false},"version":2},"_wpas_customize_per_network":false},"categories":[494],"tags":[2463],"class_list":["post-16579","post","type-post","status-publish","format-standard","has-post-thumbnail","hentry","category-hygiene","tag-haendehygiene"],"jetpack_publicize_connections":[],"jetpack_featured_media_url":"https:\/\/i0.wp.com\/news-papers.eu\/wp-content\/uploads\/2023\/01\/Bildschirm%C2%ADfoto-2023-01-22-um-20.48.27.png?fit=816%2C830&ssl=1","jetpack_sharing_enabled":true,"jetpack_shortlink":"https:\/\/wp.me\/p7fR2g-4jp","jetpack-related-posts":[{"id":17242,"url":"https:\/\/news-papers.eu\/?p=17242","url_meta":{"origin":16579,"position":0},"title":"FASTtrack zur Praxisanleitung in der Notfallpflege (Folge 54)","author":"Michael Bernhard","date":"Juli 20, 2023","format":false,"excerpt":"In Folge 54 sprechen FASTtrack.de dar\u00fcber wie wichtig eine gute Praxisanleitung in der Notfallpflege ist. Wie kann man die 5 Kompetenzstufen nach Benner in den Alltag einer Notaufnahme\/ Notfallstation integrieren um allen Mitarbeitern gerecht zu werden und eine fachgerechte, individuelle Einf\u00fchrung zu erm\u00f6glichen? Viel Spass beim H\u00f6ren und wie immer\u2026","rel":"","context":"In &quot;Notfallpflege&quot;","block_context":{"text":"Notfallpflege","link":"https:\/\/news-papers.eu\/?cat=1463"},"img":{"alt_text":"","src":"https:\/\/i0.wp.com\/news-papers.eu\/wp-content\/uploads\/2023\/07\/Bildschirmfoto-2023-07-05-um-18.03.04.png?fit=840%2C846&ssl=1&resize=350%2C200","width":350,"height":200,"srcset":"https:\/\/i0.wp.com\/news-papers.eu\/wp-content\/uploads\/2023\/07\/Bildschirmfoto-2023-07-05-um-18.03.04.png?fit=840%2C846&ssl=1&resize=350%2C200 1x, https:\/\/i0.wp.com\/news-papers.eu\/wp-content\/uploads\/2023\/07\/Bildschirmfoto-2023-07-05-um-18.03.04.png?fit=840%2C846&ssl=1&resize=525%2C300 1.5x, https:\/\/i0.wp.com\/news-papers.eu\/wp-content\/uploads\/2023\/07\/Bildschirmfoto-2023-07-05-um-18.03.04.png?fit=840%2C846&ssl=1&resize=700%2C400 2x"},"classes":[]},{"id":16709,"url":"https:\/\/news-papers.eu\/?p=16709","url_meta":{"origin":16579,"position":1},"title":"FASTTRACK &#8211; Folge 49: Schnittstelle Notaufnahme\/Radiologie","author":"Michael Bernhard","date":"Februar 27, 2023","format":false,"excerpt":"F\u00fcr Folge 49 konnten FASTTRACK Andrea Metzger f\u00fcr ein Interview gewinnen. Sie ist verantwortlich f\u00fcr die Ausbildung der Radiologiefachpersonen im Kantonsspital Baden. FASTTRACK unterhielt sich \u00fcber die Ber\u00fchrungspunkte und manchmal auch Schwierigkeiten in der Zusammenarbeit zwischen dem Notfall und der Radiologie.\u00a0Viel Spass beim H\u00f6ren und wir freuen uns wie immer\u2026","rel":"","context":"In &quot;Bildgebung&quot;","block_context":{"text":"Bildgebung","link":"https:\/\/news-papers.eu\/?cat=853"},"img":{"alt_text":"","src":"https:\/\/i0.wp.com\/news-papers.eu\/wp-content\/uploads\/2023\/02\/Bildschirm%C2%ADfoto-2023-02-21-um-21.22.13.png?fit=810%2C808&ssl=1&resize=350%2C200","width":350,"height":200,"srcset":"https:\/\/i0.wp.com\/news-papers.eu\/wp-content\/uploads\/2023\/02\/Bildschirm%C2%ADfoto-2023-02-21-um-21.22.13.png?fit=810%2C808&ssl=1&resize=350%2C200 1x, https:\/\/i0.wp.com\/news-papers.eu\/wp-content\/uploads\/2023\/02\/Bildschirm%C2%ADfoto-2023-02-21-um-21.22.13.png?fit=810%2C808&ssl=1&resize=525%2C300 1.5x, https:\/\/i0.wp.com\/news-papers.eu\/wp-content\/uploads\/2023\/02\/Bildschirm%C2%ADfoto-2023-02-21-um-21.22.13.png?fit=810%2C808&ssl=1&resize=700%2C400 2x"},"classes":[]},{"id":17429,"url":"https:\/\/news-papers.eu\/?p=17429","url_meta":{"origin":16579,"position":2},"title":"FASTtrack: Kriminalistische Aspekte &#8230; (Folge 56)","author":"Michael Bernhard","date":"September 11, 2023","format":false,"excerpt":"In der aktuellen Folge von FASTtrack unterhalten sich die KollegInnen mit Fabian Seiler, der hauptberuflich bei der Kriminalpolizei arbeitet und in einer Nebent\u00e4tigkeit in der Notaufnahme des Marienhospitals in Stuttgart, also optimale Voraussetzungen f\u00fcr das Thema \u201eKriminalistische Aspekte in der Notaufnahme\u201c. https:\/\/www.fasttrack-notfall.com\/2023\/09\/06\/folge-56-kriminalistische-aspekte-in-der-notaufnahme\/ https:\/\/www.fasttrack-notfall.com\/2023\/09\/06\/folge-56-kriminalistische-aspekte-in-der-notaufnahme\/","rel":"","context":"In &quot;Management&quot;","block_context":{"text":"Management","link":"https:\/\/news-papers.eu\/?cat=9"},"img":{"alt_text":"","src":"https:\/\/i0.wp.com\/news-papers.eu\/wp-content\/uploads\/2023\/09\/Bildschirmfoto-2023-09-07-um-21.50.48.png?fit=812%2C808&ssl=1&resize=350%2C200","width":350,"height":200,"srcset":"https:\/\/i0.wp.com\/news-papers.eu\/wp-content\/uploads\/2023\/09\/Bildschirmfoto-2023-09-07-um-21.50.48.png?fit=812%2C808&ssl=1&resize=350%2C200 1x, https:\/\/i0.wp.com\/news-papers.eu\/wp-content\/uploads\/2023\/09\/Bildschirmfoto-2023-09-07-um-21.50.48.png?fit=812%2C808&ssl=1&resize=525%2C300 1.5x, https:\/\/i0.wp.com\/news-papers.eu\/wp-content\/uploads\/2023\/09\/Bildschirmfoto-2023-09-07-um-21.50.48.png?fit=812%2C808&ssl=1&resize=700%2C400 2x"},"classes":[]},{"id":18349,"url":"https:\/\/news-papers.eu\/?p=18349","url_meta":{"origin":16579,"position":3},"title":"Folge 64 von FASTtrack &#8211; der Notfall-Podcast","author":"Michael Bernhard","date":"Juni 3, 2024","format":false,"excerpt":"FASTtrack sind f\u00fcr diese Folge extra nach Basel ins Unispital gefahren und haben dort mit Rebekka und Demi \u00fcber Besonderheiten und Herausforderungen von Notf\u00e4llen mit geh\u00f6rlosen Patientinnen unterhalten. Dabei konnten FASTtrack sicher auch das eine oder andere Vorurteil abbauen und unter anderem viel lernen \u00fcber Geb\u00e4rdensprache, Lippenlesen und vielem mehr:\u00a0\u2026","rel":"","context":"In &quot;Zentrale interdisziplin\u00e4re Notaufnahme&quot;","block_context":{"text":"Zentrale interdisziplin\u00e4re Notaufnahme","link":"https:\/\/news-papers.eu\/?cat=10"},"img":{"alt_text":"","src":"https:\/\/i0.wp.com\/news-papers.eu\/wp-content\/uploads\/2024\/06\/Bildschirmfoto-2024-06-01-um-14.22.00.png?fit=804%2C806&ssl=1&resize=350%2C200","width":350,"height":200,"srcset":"https:\/\/i0.wp.com\/news-papers.eu\/wp-content\/uploads\/2024\/06\/Bildschirmfoto-2024-06-01-um-14.22.00.png?fit=804%2C806&ssl=1&resize=350%2C200 1x, https:\/\/i0.wp.com\/news-papers.eu\/wp-content\/uploads\/2024\/06\/Bildschirmfoto-2024-06-01-um-14.22.00.png?fit=804%2C806&ssl=1&resize=525%2C300 1.5x, https:\/\/i0.wp.com\/news-papers.eu\/wp-content\/uploads\/2024\/06\/Bildschirmfoto-2024-06-01-um-14.22.00.png?fit=804%2C806&ssl=1&resize=700%2C400 2x"},"classes":[]},{"id":15298,"url":"https:\/\/news-papers.eu\/?p=15298","url_meta":{"origin":16579,"position":4},"title":"FASTTRACK: Gratulation zur 40. Folge &#8211; Pneumothorax und Thoraxdrainage","author":"Michael Bernhard","date":"April 1, 2022","format":false,"excerpt":"In der 40.Folge von FASTTRACK sprechen die Kollegen mit Marius \u00fcber den Pneumothorax und wann eine Thoraxdrainage evidenzbasiert sinnvoll ist und wann nicht. https:\/\/www.fasttrack-notfall.com\/2022\/03\/29\/folge-40-pneumothorax\/ Sinnvoll und wichtig f\u00fcr die Notfallpflege.","rel":"","context":"In &quot;Trauma&quot;","block_context":{"text":"Trauma","link":"https:\/\/news-papers.eu\/?cat=6"},"img":{"alt_text":"","src":"https:\/\/i0.wp.com\/news-papers.eu\/wp-content\/uploads\/2022\/03\/Bildschirmfoto-2022-03-31-um-21.41.17.png?fit=780%2C712&ssl=1&resize=350%2C200","width":350,"height":200,"srcset":"https:\/\/i0.wp.com\/news-papers.eu\/wp-content\/uploads\/2022\/03\/Bildschirmfoto-2022-03-31-um-21.41.17.png?fit=780%2C712&ssl=1&resize=350%2C200 1x, https:\/\/i0.wp.com\/news-papers.eu\/wp-content\/uploads\/2022\/03\/Bildschirmfoto-2022-03-31-um-21.41.17.png?fit=780%2C712&ssl=1&resize=525%2C300 1.5x, https:\/\/i0.wp.com\/news-papers.eu\/wp-content\/uploads\/2022\/03\/Bildschirmfoto-2022-03-31-um-21.41.17.png?fit=780%2C712&ssl=1&resize=700%2C400 2x"},"classes":[]},{"id":12566,"url":"https:\/\/news-papers.eu\/?p=12566","url_meta":{"origin":16579,"position":5},"title":"Neue Folge von FASTtrack f\u00fcr die Notfallpflege","author":"Michael Bernhard","date":"November 27, 2020","format":false,"excerpt":"FASTtrack bringt seine neuste Folge (die 21.ste) heraus: https:\/\/www.fasttrack-notfall.com\/2020\/11\/15\/folge-21-ist-online\/ Marvin stellt\u00a0in dieser Folge seine Diplomarbeit zum stumpfen Abdominaltrauma beim Kind vor (die komplette Arbeit kann der Fasttrack\u00a0Homepage\u00a0runtergeladen werden). Marius stellt \u00a0nicht nur das H\u00e4moglobin vor, nein, er gibt auch musikalische Tips zu den Genre Rap, Rock und Death Metal. Ausserdem\u2026","rel":"","context":"In &quot;Notfallpflege&quot;","block_context":{"text":"Notfallpflege","link":"https:\/\/news-papers.eu\/?cat=1463"},"img":{"alt_text":"","src":"https:\/\/i0.wp.com\/news-papers.eu\/wp-content\/uploads\/2020\/11\/Bildschirmfoto-2020-11-16-um-20.46.54.png?fit=820%2C836&ssl=1&resize=350%2C200","width":350,"height":200,"srcset":"https:\/\/i0.wp.com\/news-papers.eu\/wp-content\/uploads\/2020\/11\/Bildschirmfoto-2020-11-16-um-20.46.54.png?fit=820%2C836&ssl=1&resize=350%2C200 1x, https:\/\/i0.wp.com\/news-papers.eu\/wp-content\/uploads\/2020\/11\/Bildschirmfoto-2020-11-16-um-20.46.54.png?fit=820%2C836&ssl=1&resize=525%2C300 1.5x, https:\/\/i0.wp.com\/news-papers.eu\/wp-content\/uploads\/2020\/11\/Bildschirmfoto-2020-11-16-um-20.46.54.png?fit=820%2C836&ssl=1&resize=700%2C400 2x"},"classes":[]}],"jetpack_likes_enabled":true,"_links":{"self":[{"href":"https:\/\/news-papers.eu\/index.php?rest_route=\/wp\/v2\/posts\/16579","targetHints":{"allow":["GET"]}}],"collection":[{"href":"https:\/\/news-papers.eu\/index.php?rest_route=\/wp\/v2\/posts"}],"about":[{"href":"https:\/\/news-papers.eu\/index.php?rest_route=\/wp\/v2\/types\/post"}],"author":[{"embeddable":true,"href":"https:\/\/news-papers.eu\/index.php?rest_route=\/wp\/v2\/users\/2"}],"replies":[{"embeddable":true,"href":"https:\/\/news-papers.eu\/index.php?rest_route=%2Fwp%2Fv2%2Fcomments&post=16579"}],"version-history":[{"count":1,"href":"https:\/\/news-papers.eu\/index.php?rest_route=\/wp\/v2\/posts\/16579\/revisions"}],"predecessor-version":[{"id":16581,"href":"https:\/\/news-papers.eu\/index.php?rest_route=\/wp\/v2\/posts\/16579\/revisions\/16581"}],"wp:featuredmedia":[{"embeddable":true,"href":"https:\/\/news-papers.eu\/index.php?rest_route=\/wp\/v2\/media\/16580"}],"wp:attachment":[{"href":"https:\/\/news-papers.eu\/index.php?rest_route=%2Fwp%2Fv2%2Fmedia&parent=16579"}],"wp:term":[{"taxonomy":"category","embeddable":true,"href":"https:\/\/news-papers.eu\/index.php?rest_route=%2Fwp%2Fv2%2Fcategories&post=16579"},{"taxonomy":"post_tag","embeddable":true,"href":"https:\/\/news-papers.eu\/index.php?rest_route=%2Fwp%2Fv2%2Ftags&post=16579"}],"curies":[{"name":"wp","href":"https:\/\/api.w.org\/{rel}","templated":true}]}}