{"id":15250,"date":"2022-03-17T02:33:29","date_gmt":"2022-03-17T01:33:29","guid":{"rendered":"http:\/\/news-papers.eu\/?p=15250"},"modified":"2022-03-18T00:17:06","modified_gmt":"2022-03-17T23:17:06","slug":"uebergabekaeffchen-der-agnn-zur-atemnot-beim-kind","status":"publish","type":"post","link":"https:\/\/news-papers.eu\/?p=15250","title":{"rendered":"&#8222;\u00dcbergabek\u00e4ffchen&#8220; der AGNN zur Atemnot beim Kind"},"content":{"rendered":"<p>Die 4. Folge des Podcasts &#8222;<strong><a href=\"http:\/\/news-papers.eu\/?p=14361\" target=\"_blank\" rel=\"noopener\">\u00dcbergabek\u00e4ffchen<\/a><\/strong>&#8220; der Arbeitsgemeinschaft in Norddeutschland t\u00e4tiger Not\u00e4rzte (<a href=\"https:\/\/www.agnn.de\/uebergabekaeffchen-folge-4-kindliche-dyspnoe\/\" target=\"_blank\" rel=\"noopener\"><strong>AGNN<\/strong><\/a>) gemeinsam mit den &#8222;<strong><a href=\"https:\/\/pin-up-docs.de\/\" target=\"_blank\" rel=\"noopener\">Pin up docs<\/a><\/strong>&#8220; ist online.<\/p>\n<p>In dieser <strong><a href=\"http:\/\/www.agnn.de\/category\/rettungsteam\/\" target=\"_blank\" rel=\"noopener\">h\u00f6renswerten Folge<\/a><\/strong> unterhalten sich<\/p>\n<blockquote>\n<ul>\n<li>Philipp Jung, P\u00e4diater aus L\u00fcbeck,<\/li>\n<li>Christian Both, Kinderan\u00e4sthesist aus Z\u00fcrich<\/li>\n<li>Michael Storz, Notfallsanit\u00e4ter aus M\u00fcnchen und<\/li>\n<li>Thorben Doll von den Pin up docs<\/li>\n<\/ul>\n<\/blockquote>\n<p>\u00fcber die Dyspnoe bei p\u00e4diatrischen Notfallpatienten.<\/p>\n","protected":false},"excerpt":{"rendered":"<p>Die 4. Folge des Podcasts &#8222;\u00dcbergabek\u00e4ffchen&#8220; der Arbeitsgemeinschaft in Norddeutschland t\u00e4tiger Not\u00e4rzte (AGNN) gemeinsam mit den &#8222;Pin up docs&#8220; ist online. In dieser h\u00f6renswerten Folge unterhalten sich Philipp Jung, P\u00e4diater [&hellip;]<\/p>\n","protected":false},"author":1,"featured_media":15252,"comment_status":"open","ping_status":"open","sticky":false,"template":"","format":"standard","meta":{"__cvm_playback_settings":[],"__cvm_video_id":"","jetpack_post_was_ever_published":false,"_jetpack_newsletter_access":"","_jetpack_dont_email_post_to_subs":false,"_jetpack_newsletter_tier_id":0,"_jetpack_memberships_contains_paywalled_content":false,"_jetpack_memberships_contains_paid_content":false,"footnotes":"","jetpack_publicize_message":"","jetpack_publicize_feature_enabled":true,"jetpack_social_post_already_shared":true,"jetpack_social_options":{"image_generator_settings":{"template":"highway","default_image_id":0,"font":"","enabled":false},"version":2},"_wpas_customize_per_network":false},"categories":[13],"tags":[],"class_list":["post-15250","post","type-post","status-publish","format-standard","has-post-thumbnail","hentry","category-kindernotfaelle"],"jetpack_publicize_connections":[],"jetpack_featured_media_url":"https:\/\/i0.wp.com\/news-papers.eu\/wp-content\/uploads\/2022\/03\/Uebergabekaeffchen.jpg?fit=400%2C280&ssl=1","jetpack_sharing_enabled":true,"jetpack_shortlink":"https:\/\/wp.me\/p7fR2g-3XY","jetpack-related-posts":[{"id":14361,"url":"https:\/\/news-papers.eu\/?p=14361","url_meta":{"origin":15250,"position":0},"title":"Vom &#8222;RettungsTEAM&#8220; und &#8222;\u00dcbergabek\u00e4ffchen&#8220; der AGNN","author":"Michael Bernhard","date":"Oktober 3, 2021","format":false,"excerpt":"Die AGNN hat einen interprofessionellen Ausschuss f\u00fcr \u00e4rztliches und nicht-\u00e4rztliches Personal gegr\u00fcndet \u2013 das RettungsTEAM. Aus dem RettungsTEAM kommt ein neuer Podcast \u2013 das \u201e\u00dcbergabek\u00e4ffchen\u201c. Die erste Folge widmet sich dem Thema der p\u00e4diatrischen Notfallnarkose. Die p\u00e4diatrische Notfallnarkose treibt auch erfahrenen RetterInnen immer wieder die Schwei\u00dfperlen auf die Stirn, daher\u2026","rel":"","context":"In &quot;www - Netzressource&quot;","block_context":{"text":"www - Netzressource","link":"https:\/\/news-papers.eu\/?cat=368"},"img":{"alt_text":"","src":"https:\/\/i0.wp.com\/news-papers.eu\/wp-content\/uploads\/2021\/09\/image-e1632740047232.png?fit=500%2C509&ssl=1&resize=350%2C200","width":350,"height":200},"classes":[]},{"id":15421,"url":"https:\/\/news-papers.eu\/?p=15421","url_meta":{"origin":15250,"position":1},"title":"Neue Therapieempfehlungen &#038; 40 Jahre AGNN","author":"Bj\u00f6rn Hossfeld","date":"Mai 2, 2022","format":false,"excerpt":"Die Arbeitsgemeinschaft in Norddeutschland t\u00e4tiger Not\u00e4rzte e.V. (AGNN) feiert in diesem Jahr ihr 40-j\u00e4hriges Bestehen. Dieses Jubil\u00e4um war auch Anlass nach einer pandemiebedingten Pause das Notfallsymposium in Travem\u00fcnde (NOSTRA) zum 13. Mal wieder in Pr\u00e4senz stattfinden zu lassen. Bei herrlichem Fr\u00fchjahrswetter trafen sich vom 28.-30. April mehr als 500 Teilnehmerinnen\u2026","rel":"","context":"In &quot;Tagungen und Kongresse&quot;","block_context":{"text":"Tagungen und Kongresse","link":"https:\/\/news-papers.eu\/?cat=1012"},"img":{"alt_text":"","src":"https:\/\/i0.wp.com\/news-papers.eu\/wp-content\/uploads\/2022\/05\/Travemu%CC%88nde.png?fit=1200%2C726&ssl=1&resize=350%2C200","width":350,"height":200,"srcset":"https:\/\/i0.wp.com\/news-papers.eu\/wp-content\/uploads\/2022\/05\/Travemu%CC%88nde.png?fit=1200%2C726&ssl=1&resize=350%2C200 1x, https:\/\/i0.wp.com\/news-papers.eu\/wp-content\/uploads\/2022\/05\/Travemu%CC%88nde.png?fit=1200%2C726&ssl=1&resize=525%2C300 1.5x, https:\/\/i0.wp.com\/news-papers.eu\/wp-content\/uploads\/2022\/05\/Travemu%CC%88nde.png?fit=1200%2C726&ssl=1&resize=700%2C400 2x, https:\/\/i0.wp.com\/news-papers.eu\/wp-content\/uploads\/2022\/05\/Travemu%CC%88nde.png?fit=1200%2C726&ssl=1&resize=1050%2C600 3x"},"classes":[]},{"id":20719,"url":"https:\/\/news-papers.eu\/?p=20719","url_meta":{"origin":15250,"position":2},"title":"Schr\u00e4ge V\u00f6gel in Travem\u00fcnde","author":"Bj\u00f6rn Hossfeld","date":"April 25, 2026","format":false,"excerpt":"Von Donnerstag bis Samstag trafen sich \u00fcber 800 Interessierte aus Rettungs- und Notarztdienst auf dem NOtfallSymposium in TRAvem\u00fcnde (NOSTRA), der alle zwei Jahre stattfindenen Tagung der Arbeitsgemeinschaft Norddeutscher Not\u00e4rzte (agnn) e.V. Auch wir durften in diesem Jahr wieder dabei sein und danken dem agnn-Vorstand ganz herzlich f\u00fcr die Einladung zu\u2026","rel":"","context":"In &quot;Veranstaltungshinweis&quot;","block_context":{"text":"Veranstaltungshinweis","link":"https:\/\/news-papers.eu\/?cat=30"},"img":{"alt_text":"","src":"https:\/\/i0.wp.com\/news-papers.eu\/wp-content\/uploads\/2026\/04\/Michel-Bjoern.png?fit=1200%2C670&ssl=1&resize=350%2C200","width":350,"height":200,"srcset":"https:\/\/i0.wp.com\/news-papers.eu\/wp-content\/uploads\/2026\/04\/Michel-Bjoern.png?fit=1200%2C670&ssl=1&resize=350%2C200 1x, https:\/\/i0.wp.com\/news-papers.eu\/wp-content\/uploads\/2026\/04\/Michel-Bjoern.png?fit=1200%2C670&ssl=1&resize=525%2C300 1.5x, https:\/\/i0.wp.com\/news-papers.eu\/wp-content\/uploads\/2026\/04\/Michel-Bjoern.png?fit=1200%2C670&ssl=1&resize=700%2C400 2x, https:\/\/i0.wp.com\/news-papers.eu\/wp-content\/uploads\/2026\/04\/Michel-Bjoern.png?fit=1200%2C670&ssl=1&resize=1050%2C600 3x"},"classes":[]},{"id":3704,"url":"https:\/\/news-papers.eu\/?p=3704","url_meta":{"origin":15250,"position":3},"title":"AGNN-Preis f\u00fcr Notfallmedizin 2017","author":"Michael Bernhard","date":"Januar 14, 2017","format":false,"excerpt":"FRIST zur EINREICHUNG wurde auf den 28.02.2017 verl\u00e4ngert! Die Arbeitsgemeinschaft in Norddeutschland t\u00e4tiger Not\u00e4rzte e.V. (AGNN) verleiht alle zwei Jahre den von ihr gestifteten \u201eAGNN-Preis f\u00fcr Notfallmedizin\u201c f\u00fcr herausragende Projekte und\/oder wissenschaftliche Arbeiten auf dem Gebiet der Notfallmedizin. Die Bewerbung erfolgt durch Abstract-Einreichung zum Notfallmedzinischen Symposium der AGNN in Travem\u00fcnde\u2026","rel":"","context":"In &quot;Forschung&quot;","block_context":{"text":"Forschung","link":"https:\/\/news-papers.eu\/?cat=616"},"img":{"alt_text":"","src":"https:\/\/i0.wp.com\/news-papers.eu\/wp-content\/uploads\/2017\/01\/Bildschirmfoto-2017-01-14-um-17.35.17-e1484412244585.png?fit=500%2C360&ssl=1&resize=350%2C200","width":350,"height":200},"classes":[]},{"id":17934,"url":"https:\/\/news-papers.eu\/?p=17934","url_meta":{"origin":15250,"position":4},"title":"AGNN-Preis f\u00fcr Notfallmedizin &#8211; jetzt bewerben","author":"Bj\u00f6rn Hossfeld","date":"Januar 14, 2024","format":false,"excerpt":"Die Arbeitsgemeinschaft in Norddeutschland t\u00e4tiger Not\u00e4rzte e.V. (AGNN) verleiht alle zwei Jahre den von ihr gestifteten \u201eAGNN-Preis f\u00fcr Notfallmedizin\u201c f\u00fcr herausragende Projekte und\/oder wissenschaftliche Arbeiten auf dem Gebiet der Notfallmedizin. Die Bewerbung erfolgt durch Abstract-Einreichung zum Notfallmedizinischen Symposium der AGNN in Travem\u00fcnde (NOSTRA). An der Auswahl k\u00f6nnen unver\u00f6ffentlichte sowie in\u2026","rel":"","context":"In &quot;allgemein&quot;","block_context":{"text":"allgemein","link":"https:\/\/news-papers.eu\/?cat=2"},"img":{"alt_text":"","src":"","width":0,"height":0},"classes":[]},{"id":8988,"url":"https:\/\/news-papers.eu\/?p=8988","url_meta":{"origin":15250,"position":5},"title":"AGNN-Preis f\u00fcr Notfallmedizin","author":"Michael Bernhard","date":"Februar 20, 2019","format":false,"excerpt":"Die Arbeitsgemeinschaft in Norddeutschland t\u00e4tiger Not\u00e4rzte e.V. (AGNN) verleiht alle zwei Jahre den von ihr gestifteten \u201eAGNN-Preis f\u00fcr Notfallmedizin\u201c f\u00fcr herausragende Projekte und \/ oder wissenschaftliche Arbeiten auf dem Gebiet der Notfallmedizin. Die Bewerbung erfolgt durch Abstract-Einreichung zum Notfallmedizinischen Symposium der AGNN in Travem\u00fcnde (NOSTRA). An der Auswahl k\u00f6nnen unver\u00f6ffentlichte\u2026","rel":"","context":"In &quot;Forschung&quot;","block_context":{"text":"Forschung","link":"https:\/\/news-papers.eu\/?cat=616"},"img":{"alt_text":"","src":"https:\/\/i0.wp.com\/news-papers.eu\/wp-content\/uploads\/2019\/02\/Bildschirmfoto-2019-02-18-um-20.51.22.png?fit=592%2C314&ssl=1&resize=350%2C200","width":350,"height":200,"srcset":"https:\/\/i0.wp.com\/news-papers.eu\/wp-content\/uploads\/2019\/02\/Bildschirmfoto-2019-02-18-um-20.51.22.png?fit=592%2C314&ssl=1&resize=350%2C200 1x, https:\/\/i0.wp.com\/news-papers.eu\/wp-content\/uploads\/2019\/02\/Bildschirmfoto-2019-02-18-um-20.51.22.png?fit=592%2C314&ssl=1&resize=525%2C300 1.5x"},"classes":[]}],"jetpack_likes_enabled":true,"_links":{"self":[{"href":"https:\/\/news-papers.eu\/index.php?rest_route=\/wp\/v2\/posts\/15250","targetHints":{"allow":["GET"]}}],"collection":[{"href":"https:\/\/news-papers.eu\/index.php?rest_route=\/wp\/v2\/posts"}],"about":[{"href":"https:\/\/news-papers.eu\/index.php?rest_route=\/wp\/v2\/types\/post"}],"author":[{"embeddable":true,"href":"https:\/\/news-papers.eu\/index.php?rest_route=\/wp\/v2\/users\/1"}],"replies":[{"embeddable":true,"href":"https:\/\/news-papers.eu\/index.php?rest_route=%2Fwp%2Fv2%2Fcomments&post=15250"}],"version-history":[{"count":3,"href":"https:\/\/news-papers.eu\/index.php?rest_route=\/wp\/v2\/posts\/15250\/revisions"}],"predecessor-version":[{"id":15254,"href":"https:\/\/news-papers.eu\/index.php?rest_route=\/wp\/v2\/posts\/15250\/revisions\/15254"}],"wp:featuredmedia":[{"embeddable":true,"href":"https:\/\/news-papers.eu\/index.php?rest_route=\/wp\/v2\/media\/15252"}],"wp:attachment":[{"href":"https:\/\/news-papers.eu\/index.php?rest_route=%2Fwp%2Fv2%2Fmedia&parent=15250"}],"wp:term":[{"taxonomy":"category","embeddable":true,"href":"https:\/\/news-papers.eu\/index.php?rest_route=%2Fwp%2Fv2%2Fcategories&post=15250"},{"taxonomy":"post_tag","embeddable":true,"href":"https:\/\/news-papers.eu\/index.php?rest_route=%2Fwp%2Fv2%2Ftags&post=15250"}],"curies":[{"name":"wp","href":"https:\/\/api.w.org\/{rel}","templated":true}]}}