{"id":15091,"date":"2022-02-12T04:46:07","date_gmt":"2022-02-12T03:46:07","guid":{"rendered":"http:\/\/news-papers.eu\/?p=15091"},"modified":"2022-02-11T15:39:10","modified_gmt":"2022-02-11T14:39:10","slug":"einfluss-der-notaerztliche-einschaetzung-der-verletzungsschwere-auf-die-praehospitale-versorgung-und-die-schockraumbehandlung","status":"publish","type":"post","link":"https:\/\/news-papers.eu\/?p=15091","title":{"rendered":"Einfluss der not\u00e4rztlichen Einsch\u00e4tzung der Verletzungsschwere auf die pr\u00e4hospitale Versorgung und die Schockraumbehandlung"},"content":{"rendered":"<div class=\"page\" title=\"Page 2\">\n<div class=\"section\">\n<div class=\"layoutArea\">\n<div class=\"column\">\n<p style=\"text-align: justify;\"><strong><img data-recalc-dims=\"1\" loading=\"lazy\" decoding=\"async\" data-attachment-id=\"9637\" data-permalink=\"https:\/\/news-papers.eu\/?attachment_id=9637\" data-orig-file=\"https:\/\/i0.wp.com\/news-papers.eu\/wp-content\/uploads\/2019\/06\/Fahhradunfall-e1558776751880.jpg?fit=300%2C201&amp;ssl=1\" data-orig-size=\"300,201\" data-comments-opened=\"1\" data-image-meta=\"{&quot;aperture&quot;:&quot;11&quot;,&quot;credit&quot;:&quot;&quot;,&quot;camera&quot;:&quot;NIKON D80&quot;,&quot;caption&quot;:&quot;&quot;,&quot;created_timestamp&quot;:&quot;0&quot;,&quot;copyright&quot;:&quot;&quot;,&quot;focal_length&quot;:&quot;18&quot;,&quot;iso&quot;:&quot;200&quot;,&quot;shutter_speed&quot;:&quot;0.002&quot;,&quot;title&quot;:&quot;&quot;,&quot;orientation&quot;:&quot;0&quot;}\" data-image-title=\"Fahhradunfall\" data-image-description=\"\" data-image-caption=\"\" data-large-file=\"https:\/\/i0.wp.com\/news-papers.eu\/wp-content\/uploads\/2019\/06\/Fahhradunfall-e1558776751880.jpg?fit=1024%2C685&amp;ssl=1\" class=\"size-medium wp-image-9637 alignright\" src=\"https:\/\/i0.wp.com\/news-papers.eu\/wp-content\/uploads\/2019\/06\/Fahhradunfall.jpg?resize=300%2C201\" alt=\"\" width=\"300\" height=\"201\" \/>Eine tolle Arbeit aus dem Traumaregister der DGU:<\/strong><\/p>\n<p style=\"text-align: justify;\">In der pra\u0308hospitalen Versorgungsphase schwer verletzter Patienten steht die Stabilisierung der Vitalparameter im Vordergrund. Die zu\u0308gige und mo\u0308glichst genaue Einscha\u0308tzung des vorliegenden Verletzungsmusters durch den Notarzt ist entscheidend fu\u0308r die Auswahl der Zielklinik und die Initialbehandlung.<\/p>\n<blockquote><p><strong>Jaekel C et al. Implikationen der pra\u0308hospitalen Einscha\u0308tzung des Traumapatienten auf den Behandlungsverlauf \u2013 Eine Auswertung aus dem TraumaRegister DGU\u00ae. Anaesthesist 2022 \u00b7 71:94\u2013103 (open access: <a href=\"https:\/\/link.springer.com\/content\/pdf\/10.1007\/s00101-021-01001-x.pdf\" target=\"_blank\" rel=\"noopener\">PDF<\/a>)<\/strong><\/p><\/blockquote>\n<p style=\"text-align: justify;\">Ziel dieser Studie von Jaekel et al. war es zu eruieren, welchen Einfluss die nota\u0308rztliche Einscha\u0308tzung der Verletzungsschwere auf die pra\u0308hospitale Versorgung und die Schockraumbehandlung hat.<\/p>\n<p style=\"text-align: justify;\"><strong>Material und Methoden:<\/strong><\/p>\n<ul>\n<li>Es erfolgt eine Analyse der Daten des TraumaRegister DGU\u00ae im Fu\u0308nfjahreszeitraum von 2015\u20132019 innerhalb Deutschlands. Die pra\u0308hospitale nota\u0308rztliche Einscha\u0308tzung des Verletzungsmusters wurde anhand\u00a0des Notarzteinsatzprotokolls erfasst und mit den innerklinischen dokumentierten Diagnosen gema\u0308\u00df den Abbreviated Injury Scale Codes abgeglichen.<\/li>\n<\/ul>\n<p><strong>Ergebnisse:<\/strong><\/p>\n<ul>\n<li>Insgesamt wurden 47.838 Patienten mit einem durchschnittlichen Injury Severity Score (ISS) von 18,7 Punkten (SA 12,3) eingeschlossen.<\/li>\n<li>Zusammenfassend wurden innerklinisch 127.739 verletzte Ko\u0308rperregionen dokumentiert.<\/li>\n<li>Von diesen wurden 68,8 % pra\u0308hospital vom Notarzt richtig vermutet.<\/li>\n<li>Somit wurden 31,2 % verletzte Ko\u0308rperregionen nicht detektiert.<\/li>\n<li>In insgesamt 42.530 Fa\u0308llen wurde eine Ko\u0308rperregion als verletzt vermutet, ohne dass sich der Verdacht innerklinisch beta\u0308tigte.<\/li>\n<li>Bei den fehleingescha\u0308tzten Verletzungen wurden Scha\u0308del-Hirn-Traumata und Gesichtsverletzungen am ha\u0308ufigsten u\u0308berdiagnostiziert (13,5 % bzw. 14,7 % nota\u0308rztlich dokumentiert bei nichtvorliegender Diagnose).<\/li>\n<li>Thoraxverletzungen wurden am ha\u0308ufigsten unterdokumentiert (17,3 % nota\u0308rztlich nichtdokumentiert bei abschlie\u00dfend gesicherter Diagnose).<\/li>\n<li>Die tatsa\u0308chliche Gesamtmortalita\u0308t aller Gruppen entsprach nahezu der erwarteten Mortalita\u0308t, berechnet mit dem Revised Injury Severity Classification II(RISC II)-Score (12,0 % vs. 11,3 %).<\/li>\n<\/ul>\n<p><strong>Diskussion: <\/strong><\/p>\n<ul>\n<li style=\"text-align: justify;\">In der pra\u0308hospitalen Phase der Versorgung von schwer verletzten Patienten wird die durch den Notarzt erfasste Gesamtverletzungsschwere gut eingescha\u0308tzt\u00a0und korreliert mit den eingeleiteten Therapien, der Auswahl der Zielklinik als auch dem innerklinischen Verlauf sowie dem Behandlungsergebnis des Patienten. Die Erfassung von Verletzungen einzelner Ko\u0308rperregionen scheint pra\u0308hospital jedoch herausfordernd zu sein.<\/li>\n<\/ul>\n<p>Lesen Sie den ganzen Beitrag hier: <a href=\"https:\/\/link.springer.com\/content\/pdf\/10.1007\/s00101-021-01001-x.pdf\" target=\"_blank\" rel=\"noopener\"><strong>https:\/\/link.springer.com\/content\/pdf\/10.1007\/s00101-021-01001-x.pdf<\/strong><\/a><\/p>\n<\/div>\n<\/div>\n<\/div>\n<\/div>\n","protected":false},"excerpt":{"rendered":"<p>Eine tolle Arbeit aus dem Traumaregister der DGU: In der pra\u0308hospitalen Versorgungsphase schwer verletzter Patienten steht die Stabilisierung der Vitalparameter im Vordergrund. Die zu\u0308gige und mo\u0308glichst genaue Einscha\u0308tzung des vorliegenden [&hellip;]<\/p>\n","protected":false},"author":2,"featured_media":9637,"comment_status":"open","ping_status":"open","sticky":false,"template":"","format":"standard","meta":{"__cvm_playback_settings":[],"__cvm_video_id":"","jetpack_post_was_ever_published":false,"_jetpack_newsletter_access":"","_jetpack_dont_email_post_to_subs":false,"_jetpack_newsletter_tier_id":0,"_jetpack_memberships_contains_paywalled_content":false,"_jetpack_memberships_contains_paid_content":false,"footnotes":"","jetpack_publicize_message":"","jetpack_publicize_feature_enabled":true,"jetpack_social_post_already_shared":true,"jetpack_social_options":{"image_generator_settings":{"template":"highway","default_image_id":0,"font":"","enabled":false},"version":2},"_wpas_customize_per_network":false},"categories":[6],"tags":[1700,39,2270,1751],"class_list":["post-15091","post","type-post","status-publish","format-standard","has-post-thumbnail","hentry","category-trauma","tag-dgu","tag-trauma","tag-verletzungschwere","tag-weissbuch-dgu"],"jetpack_publicize_connections":[],"jetpack_featured_media_url":"https:\/\/i0.wp.com\/news-papers.eu\/wp-content\/uploads\/2019\/06\/Fahhradunfall-e1558776751880.jpg?fit=300%2C201&ssl=1","jetpack_sharing_enabled":true,"jetpack_shortlink":"https:\/\/wp.me\/p7fR2g-3Vp","jetpack-related-posts":[{"id":18099,"url":"https:\/\/news-papers.eu\/?p=18099","url_meta":{"origin":15091,"position":0},"title":"Trends der pr\u00e4hospitalen Volumentherapie von Patienten mit stumpfem Trauma: eine 15-Jahres-Analyse des britischen (TARN) und des deutschen (TraumaRegister DGU\u00ae) Traumaregisters","author":"Bj\u00f6rn Hossfeld","date":"April 2, 2024","format":false,"excerpt":"Ein Gastbeitrag von Stefanie Maier, Ulm\u00a0\u00a0 \u00a0\u00a0\u00a0\u00a0\u00a0\u00a0\u00a0\u00a0\u00a0\u00a0\u00a0\u00a0\u00a0\u00a0 Die Volumentherapie in der pr\u00e4hospitalen Traumaversorgung ist ein weiterhin sehr kontrovers diskutiertes Thema. Neben der Blutstillung ist die Volumentherapie eine der wichtigsten Ma\u00dfnahmen zur Kreislaufstabilisierung. Bereits in mehreren Studien konnten zahlreiche Komplikationen im Zusammenhang mit einer aggressiven Volumentherapie mit kristallinen Fl\u00fcssigkeiten gezeigt werden,\u2026","rel":"","context":"In &quot;allgemein&quot;","block_context":{"text":"allgemein","link":"https:\/\/news-papers.eu\/?cat=2"},"img":{"alt_text":"","src":"https:\/\/i0.wp.com\/news-papers.eu\/wp-content\/uploads\/2017\/07\/Volumentherapie-e1495885846940.jpg?fit=300%2C400&ssl=1&resize=350%2C200","width":350,"height":200},"classes":[]},{"id":9118,"url":"https:\/\/news-papers.eu\/?p=9118","url_meta":{"origin":15091,"position":1},"title":"Inzidenz und Versorgung des mittelschweren\u00a0bis schweren SHT","author":"Michael Bernhard","date":"April 4, 2019","format":false,"excerpt":"Eine aktuelle Auswertung des DGU TraumaRegisters wurde im Deutschen \u00c4rzteblatt ver\u00f6ffentlich: Maegele M, et al. Inzidenz und Versorgung des mittelschweren\u00a0bis schweren Sch\u00e4del-Hirn-Traumas.\u00a0Retrospektive Analyse auf der Grundlage des TraumaRegisters\u00a0der Deutschen Gesellschaft f\u00fcr Unfallchirurgie (TR-DGU).\u00a0Dtsch Arztebl Int 2019; 116: 167\u201373. DOI: 10.3238\/arztebl.2019.0167 (PDF) Eine kurze Zusammenfassung: In den Jahren 2013 bis 2017\u2026","rel":"","context":"In &quot;Trauma&quot;","block_context":{"text":"Trauma","link":"https:\/\/news-papers.eu\/?cat=6"},"img":{"alt_text":"","src":"https:\/\/i0.wp.com\/news-papers.eu\/wp-content\/uploads\/2019\/04\/SHT.png?fit=1200%2C900&ssl=1&resize=350%2C200","width":350,"height":200,"srcset":"https:\/\/i0.wp.com\/news-papers.eu\/wp-content\/uploads\/2019\/04\/SHT.png?fit=1200%2C900&ssl=1&resize=350%2C200 1x, https:\/\/i0.wp.com\/news-papers.eu\/wp-content\/uploads\/2019\/04\/SHT.png?fit=1200%2C900&ssl=1&resize=525%2C300 1.5x, https:\/\/i0.wp.com\/news-papers.eu\/wp-content\/uploads\/2019\/04\/SHT.png?fit=1200%2C900&ssl=1&resize=700%2C400 2x, https:\/\/i0.wp.com\/news-papers.eu\/wp-content\/uploads\/2019\/04\/SHT.png?fit=1200%2C900&ssl=1&resize=1050%2C600 3x"},"classes":[]},{"id":2414,"url":"https:\/\/news-papers.eu\/?p=2414","url_meta":{"origin":15091,"position":2},"title":"Reanimation beim Trauma &#8211; Sinnlos oder hilfreich?","author":"Michael Bernhard","date":"November 11, 2016","format":false,"excerpt":"In einer aktuellen Analyse des TraumaRegister DGU wurde der Frage nach dem \u00dcberleben eines Trauma-assoziierten Herzkreislaufstillstandes nachgegangen: Zwingmann J, et al. \u00a0Outcome and predictors for successful\u00a0resuscitation in the emergency room\u00a0of adult patients in traumatic\u00a0cardiorespiratory arrest.\u00a0Critical Care (2016) 20:282 (PDF) Zwingmann und Kollegen analysierten die Daten des bundesweiten\u00a0TraumaRegister DGU von 2002-2013.\u2026","rel":"","context":"In &quot;Trauma&quot;","block_context":{"text":"Trauma","link":"https:\/\/news-papers.eu\/?cat=6"},"img":{"alt_text":"","src":"https:\/\/i0.wp.com\/news-papers.eu\/wp-content\/uploads\/2016\/03\/Vitalfunktionen.png?fit=518%2C278&ssl=1&resize=350%2C200","width":350,"height":200},"classes":[]},{"id":9890,"url":"https:\/\/news-papers.eu\/?p=9890","url_meta":{"origin":15091,"position":3},"title":"H\u00f6here Sterblichkeit bei schwerverletzten Motorradfahrern \u00fcber 65 Jahren","author":"Michael Bernhard","date":"August 22, 2019","format":false,"excerpt":"Und wieder liegt eine spannende Untersuchung des Deutschen TraumaRegisters vor. Diesmal geht es um die Sterblichkeit von Motorradfahrern in Abh\u00e4ngigkeit vom Alter: Eden L et al. H\u00f6here Sterblichkeit bei schwerverletzten Motorradfahrern \u00fcber 65 Jahren. Retrospektive, multizentrische Querschnittsstudie anhand des Traumaregisters der Deutschen Gesellschaft f\u00fcr Unfallchirurgie (TraumaRegister DGU\u00ae). Dtsch Arztebl Int\u2026","rel":"","context":"In &quot;Trauma&quot;","block_context":{"text":"Trauma","link":"https:\/\/news-papers.eu\/?cat=6"},"img":{"alt_text":"","src":"https:\/\/i0.wp.com\/news-papers.eu\/wp-content\/uploads\/2019\/06\/RTH-mit-Motorradwrack.jpg?fit=1200%2C900&ssl=1&resize=350%2C200","width":350,"height":200,"srcset":"https:\/\/i0.wp.com\/news-papers.eu\/wp-content\/uploads\/2019\/06\/RTH-mit-Motorradwrack.jpg?fit=1200%2C900&ssl=1&resize=350%2C200 1x, https:\/\/i0.wp.com\/news-papers.eu\/wp-content\/uploads\/2019\/06\/RTH-mit-Motorradwrack.jpg?fit=1200%2C900&ssl=1&resize=525%2C300 1.5x, https:\/\/i0.wp.com\/news-papers.eu\/wp-content\/uploads\/2019\/06\/RTH-mit-Motorradwrack.jpg?fit=1200%2C900&ssl=1&resize=700%2C400 2x, https:\/\/i0.wp.com\/news-papers.eu\/wp-content\/uploads\/2019\/06\/RTH-mit-Motorradwrack.jpg?fit=1200%2C900&ssl=1&resize=1050%2C600 3x"},"classes":[]},{"id":10228,"url":"https:\/\/news-papers.eu\/?p=10228","url_meta":{"origin":15091,"position":4},"title":"Pr\u00e4hospitale Kapnometrie als Qualit\u00e4tsindikator bei Schwerverletzten","author":"Michael Bernhard","date":"Oktober 10, 2019","format":false,"excerpt":"Eine spannende Analyse aus dem TraumaRegister der Deutschen Gesellschaft f\u00fcr Unfallchirurgie\u00a0(DGU) liegt nun publiziert in An\u00e4sthesiologie und Intensivmedizin vor: Wilharm A. et al. TraumaRegister DGU\u00ae\u00a0Pr\u00e4hospitale Kapnometrie als Qualit\u00e4tsindikator der Schwerverletztenversorgung. An\u00e4sth Intensivmed 2019;\u00a060:419\u2013432\u00a0(PDF) DOI: 10.19224\/ai2019.419 Methodik Datengrundlage ist das TraumaRegister DGU\u00ae. Einschlusskriterien waren Aufnahme \u00fcber den Schockraum und vollst\u00e4ndige Angaben\u2026","rel":"","context":"In &quot;Beatmung&quot;","block_context":{"text":"Beatmung","link":"https:\/\/news-papers.eu\/?cat=501"},"img":{"alt_text":"","src":"https:\/\/i0.wp.com\/news-papers.eu\/wp-content\/uploads\/2018\/04\/1f25fb5b-4aed-4642-a220-a2105817f317.jpg?fit=1024%2C768&ssl=1&resize=350%2C200","width":350,"height":200,"srcset":"https:\/\/i0.wp.com\/news-papers.eu\/wp-content\/uploads\/2018\/04\/1f25fb5b-4aed-4642-a220-a2105817f317.jpg?fit=1024%2C768&ssl=1&resize=350%2C200 1x, https:\/\/i0.wp.com\/news-papers.eu\/wp-content\/uploads\/2018\/04\/1f25fb5b-4aed-4642-a220-a2105817f317.jpg?fit=1024%2C768&ssl=1&resize=525%2C300 1.5x, https:\/\/i0.wp.com\/news-papers.eu\/wp-content\/uploads\/2018\/04\/1f25fb5b-4aed-4642-a220-a2105817f317.jpg?fit=1024%2C768&ssl=1&resize=700%2C400 2x"},"classes":[]},{"id":20116,"url":"https:\/\/news-papers.eu\/?p=20116","url_meta":{"origin":15091,"position":5},"title":"Kritische Indikation vor wiederholter Applikation von Tranexams\u00e4ure","author":"Bj\u00f6rn Hossfeld","date":"November 17, 2025","format":false,"excerpt":"Seit der CRASH-2-Studie hat sich Tranexams\u00e4ure (TXA) etabliertes Medikament in der Traumaversorgung etabliert. Allerdings wurden die anf\u00e4nglich gro\u00dfz\u00fcgige pr\u00e4hospitale Gabe sp\u00e4testens mit der CALPAT-Studie auf blutende Traumapatientinnen im h\u00e4morrhagischen Schock reduziert, f\u00fcr die in der weiteren Versorgung Transfusionsbedarf angenommen wird. Rezent wurden immer h\u00e4ufiger Bedenken hinsichtlich m\u00f6glicher Komplikationen, insbesondere thromboembolischer\u2026","rel":"","context":"In &quot;Blutungsmanagement&quot;","block_context":{"text":"Blutungsmanagement","link":"https:\/\/news-papers.eu\/?cat=1210"},"img":{"alt_text":"","src":"https:\/\/i0.wp.com\/news-papers.eu\/wp-content\/uploads\/2025\/11\/13049_2025_1512_Fig1_HTML.png-215x300.webp?resize=350%2C200","width":350,"height":200},"classes":[]}],"jetpack_likes_enabled":true,"_links":{"self":[{"href":"https:\/\/news-papers.eu\/index.php?rest_route=\/wp\/v2\/posts\/15091","targetHints":{"allow":["GET"]}}],"collection":[{"href":"https:\/\/news-papers.eu\/index.php?rest_route=\/wp\/v2\/posts"}],"about":[{"href":"https:\/\/news-papers.eu\/index.php?rest_route=\/wp\/v2\/types\/post"}],"author":[{"embeddable":true,"href":"https:\/\/news-papers.eu\/index.php?rest_route=\/wp\/v2\/users\/2"}],"replies":[{"embeddable":true,"href":"https:\/\/news-papers.eu\/index.php?rest_route=%2Fwp%2Fv2%2Fcomments&post=15091"}],"version-history":[{"count":3,"href":"https:\/\/news-papers.eu\/index.php?rest_route=\/wp\/v2\/posts\/15091\/revisions"}],"predecessor-version":[{"id":15102,"href":"https:\/\/news-papers.eu\/index.php?rest_route=\/wp\/v2\/posts\/15091\/revisions\/15102"}],"wp:featuredmedia":[{"embeddable":true,"href":"https:\/\/news-papers.eu\/index.php?rest_route=\/wp\/v2\/media\/9637"}],"wp:attachment":[{"href":"https:\/\/news-papers.eu\/index.php?rest_route=%2Fwp%2Fv2%2Fmedia&parent=15091"}],"wp:term":[{"taxonomy":"category","embeddable":true,"href":"https:\/\/news-papers.eu\/index.php?rest_route=%2Fwp%2Fv2%2Fcategories&post=15091"},{"taxonomy":"post_tag","embeddable":true,"href":"https:\/\/news-papers.eu\/index.php?rest_route=%2Fwp%2Fv2%2Ftags&post=15091"}],"curies":[{"name":"wp","href":"https:\/\/api.w.org\/{rel}","templated":true}]}}