{"id":1491,"date":"2016-04-30T04:45:51","date_gmt":"2016-04-30T02:45:51","guid":{"rendered":"http:\/\/news-papers.eu\/?p=1491"},"modified":"2016-04-29T07:49:40","modified_gmt":"2016-04-29T05:49:40","slug":"mobile-retter-ev-16-06-2016","status":"publish","type":"post","link":"https:\/\/news-papers.eu\/?p=1491","title":{"rendered":"Mobile Retter eV &#8211; 16.06.2016"},"content":{"rendered":"<p><img data-recalc-dims=\"1\" loading=\"lazy\" decoding=\"async\" data-attachment-id=\"1493\" data-permalink=\"https:\/\/news-papers.eu\/?attachment_id=1493\" data-orig-file=\"https:\/\/i0.wp.com\/news-papers.eu\/wp-content\/uploads\/2016\/04\/Bildschirmfoto-2016-04-29-um-07.45.25.png?fit=270%2C579&amp;ssl=1\" data-orig-size=\"270,579\" data-comments-opened=\"1\" data-image-meta=\"{&quot;aperture&quot;:&quot;0&quot;,&quot;credit&quot;:&quot;&quot;,&quot;camera&quot;:&quot;&quot;,&quot;caption&quot;:&quot;&quot;,&quot;created_timestamp&quot;:&quot;0&quot;,&quot;copyright&quot;:&quot;&quot;,&quot;focal_length&quot;:&quot;0&quot;,&quot;iso&quot;:&quot;0&quot;,&quot;shutter_speed&quot;:&quot;0&quot;,&quot;title&quot;:&quot;&quot;,&quot;orientation&quot;:&quot;0&quot;}\" data-image-title=\"Bildschirmfoto 2016-04-29 um 07.45.25\" data-image-description=\"\" data-image-caption=\"\" data-large-file=\"https:\/\/i0.wp.com\/news-papers.eu\/wp-content\/uploads\/2016\/04\/Bildschirmfoto-2016-04-29-um-07.45.25.png?fit=270%2C579&amp;ssl=1\" class=\"size-medium wp-image-1493 alignright\" src=\"https:\/\/i0.wp.com\/news-papers.eu\/wp-content\/uploads\/2016\/04\/Bildschirmfoto-2016-04-29-um-07.45.25.png?resize=140%2C300\" alt=\"Bildschirmfoto 2016-04-29 um 07.45.25\" width=\"140\" height=\"300\" srcset=\"https:\/\/i0.wp.com\/news-papers.eu\/wp-content\/uploads\/2016\/04\/Bildschirmfoto-2016-04-29-um-07.45.25.png?resize=140%2C300&amp;ssl=1 140w, https:\/\/i0.wp.com\/news-papers.eu\/wp-content\/uploads\/2016\/04\/Bildschirmfoto-2016-04-29-um-07.45.25.png?w=270&amp;ssl=1 270w\" sizes=\"auto, (max-width: 140px) 100vw, 140px\" \/>Es freut uns auf die <strong>1. Mobile Retter Symposium<\/strong> in G\u00fctersloh hinweisen zu k\u00f6nnen.<\/p>\n<p><strong>Veranstalter:<\/strong> Kreis G\u00fctersloh und\u00a0Mobile Retter e.V.<br \/>\n<strong>Tagungsleiter:<\/strong> Bernd Strickmann<br \/>\n<strong>Kontakt:<\/strong> symposium@mobile-retter.de<br \/>\n<strong>Telefon:<\/strong> 0221-80 11 00 0<\/p>\n<p><strong>Tagungsort:<\/strong> Kreishaus G\u00fctersloh<br \/>\nHerzebrocker Stra\u00dfe 140<br \/>\n33334 G\u00fctersloh<br \/>\nSitzungssaal 1 und 2<\/p>\n<p>Es wurden bei der \u00c4rztekammer Westfalen-Lippe\u00a0CME Punkte beantragt.<\/p>\n<p>Online-Anmeldung: www.comed-kongresse.de<br \/>\nOnline-Anmeldeschluss 12. Juni 2016<\/p>\n<p>&nbsp;<\/p>\n","protected":false},"excerpt":{"rendered":"<p>Es freut uns auf die 1. Mobile Retter Symposium in G\u00fctersloh hinweisen zu k\u00f6nnen. Veranstalter: Kreis G\u00fctersloh und\u00a0Mobile Retter e.V. Tagungsleiter: Bernd Strickmann Kontakt: symposium@mobile-retter.de Telefon: 0221-80 11 00 0 [&hellip;]<\/p>\n","protected":false},"author":2,"featured_media":1492,"comment_status":"open","ping_status":"open","sticky":false,"template":"","format":"standard","meta":{"__cvm_playback_settings":[],"__cvm_video_id":"","jetpack_post_was_ever_published":false,"_jetpack_newsletter_access":"","_jetpack_dont_email_post_to_subs":false,"_jetpack_newsletter_tier_id":0,"_jetpack_memberships_contains_paywalled_content":false,"_jetpack_memberships_contains_paid_content":false,"footnotes":"","jetpack_publicize_message":"","jetpack_publicize_feature_enabled":true,"jetpack_social_post_already_shared":true,"jetpack_social_options":{"image_generator_settings":{"template":"highway","default_image_id":0,"font":"","enabled":false},"version":2},"_wpas_customize_per_network":false},"categories":[30],"tags":[255],"class_list":["post-1491","post","type-post","status-publish","format-standard","has-post-thumbnail","hentry","category-veranstaltungshinweis","tag-mobile-retter-de"],"jetpack_publicize_connections":[],"jetpack_featured_media_url":"https:\/\/i0.wp.com\/news-papers.eu\/wp-content\/uploads\/2016\/04\/Bildschirmfoto-2016-04-29-um-07.45.09.png?fit=458%2C421&ssl=1","jetpack_sharing_enabled":true,"jetpack_shortlink":"https:\/\/wp.me\/p7fR2g-o3","jetpack-related-posts":[{"id":15416,"url":"https:\/\/news-papers.eu\/?p=15416","url_meta":{"origin":1491,"position":0},"title":"2. Notfallmedizinische Symposium in G\u00fctersloh _HYBRID &#8211; 28.05.2022","author":"Michael Bernhard","date":"April 29, 2022","format":false,"excerpt":"2. Notfallmedizinische Symposium in G\u00fctersloh Die klinische Notfallmedizin hat in den vergangenen Jahren eine rasante Entwicklung genommen. Als Meilensteine sind Fachs sind exemplarisch die Etablierung der \u201eFachweiterbildung Notfallpflege\u201c und die Aufnahme der Zusatzweiterbildung\u00a0\u201eklinische Akut- und Notfallmedizin\u201c zu nennen. Der Beschluss des gemeinsamen Bundesausschusses\u00a0zur Regelung zuku\u0308nftiger Strukturen der\u00a0stationa\u0308ren Notfallversorgung und das\u2026","rel":"","context":"In &quot;Veranstaltungshinweis&quot;","block_context":{"text":"Veranstaltungshinweis","link":"https:\/\/news-papers.eu\/?cat=30"},"img":{"alt_text":"","src":"https:\/\/i0.wp.com\/news-papers.eu\/wp-content\/uploads\/2022\/04\/Bildschirmfoto-2022-04-25-um-19.43.17.png?fit=532%2C956&ssl=1&resize=350%2C200","width":350,"height":200,"srcset":"https:\/\/i0.wp.com\/news-papers.eu\/wp-content\/uploads\/2022\/04\/Bildschirmfoto-2022-04-25-um-19.43.17.png?fit=532%2C956&ssl=1&resize=350%2C200 1x, https:\/\/i0.wp.com\/news-papers.eu\/wp-content\/uploads\/2022\/04\/Bildschirmfoto-2022-04-25-um-19.43.17.png?fit=532%2C956&ssl=1&resize=525%2C300 1.5x"},"classes":[]},{"id":5091,"url":"https:\/\/news-papers.eu\/?p=5091","url_meta":{"origin":1491,"position":1},"title":"Kunstherzpatienten","author":"Michael Bernhard","date":"August 28, 2017","format":false,"excerpt":"Ein HERZ f\u00fcr Retter: Thieme hat den Beitrag von Bernd Panholzer und Assad Haneya zum Thema Kunstherzpatienten im Rettungsdienst f\u00fcr alle Leser freigeschaltet: Panholzer B et al. Kunstherzpatienten im Rettungswesen Notfallmedizin up2date 2017; 12: 63\u201376\u00a0(PDF) Wir danken\u00a0AGNN und AGNNW f\u00fcr den wichtigen Tipp zu diesem Beitrag. Wir danken Frau PD\u2026","rel":"","context":"In &quot;Kardiovaskul\u00e4rer Notfall&quot;","block_context":{"text":"Kardiovaskul\u00e4rer Notfall","link":"https:\/\/news-papers.eu\/?cat=1079"},"img":{"alt_text":"","src":"https:\/\/i0.wp.com\/news-papers.eu\/wp-content\/uploads\/2017\/08\/Kunstherz.jpg?fit=1200%2C900&ssl=1&resize=350%2C200","width":350,"height":200,"srcset":"https:\/\/i0.wp.com\/news-papers.eu\/wp-content\/uploads\/2017\/08\/Kunstherz.jpg?fit=1200%2C900&ssl=1&resize=350%2C200 1x, https:\/\/i0.wp.com\/news-papers.eu\/wp-content\/uploads\/2017\/08\/Kunstherz.jpg?fit=1200%2C900&ssl=1&resize=525%2C300 1.5x, https:\/\/i0.wp.com\/news-papers.eu\/wp-content\/uploads\/2017\/08\/Kunstherz.jpg?fit=1200%2C900&ssl=1&resize=700%2C400 2x, https:\/\/i0.wp.com\/news-papers.eu\/wp-content\/uploads\/2017\/08\/Kunstherz.jpg?fit=1200%2C900&ssl=1&resize=1050%2C600 3x"},"classes":[]},{"id":9952,"url":"https:\/\/news-papers.eu\/?p=9952","url_meta":{"origin":1491,"position":2},"title":"#CommunityFirstResponder 26.09.2019 Greifswald","author":"Michael Bernhard","date":"August 17, 2019","format":false,"excerpt":"Programm und Informationen: www.land-rettung.de\/mobile-ersthelfer\/cfr-symposium\/ Flyer: Community First Responder Symposium Greifswald 26.09.2019","rel":"","context":"In &quot;Veranstaltungshinweis&quot;","block_context":{"text":"Veranstaltungshinweis","link":"https:\/\/news-papers.eu\/?cat=30"},"img":{"alt_text":"","src":"https:\/\/i0.wp.com\/news-papers.eu\/wp-content\/uploads\/2019\/07\/Bildschirmfoto-2019-07-26-um-16.32.03-300x151.png?resize=350%2C200","width":350,"height":200,"srcset":"https:\/\/i0.wp.com\/news-papers.eu\/wp-content\/uploads\/2019\/07\/Bildschirmfoto-2019-07-26-um-16.32.03-300x151.png?resize=350%2C200 1x, https:\/\/i0.wp.com\/news-papers.eu\/wp-content\/uploads\/2019\/07\/Bildschirmfoto-2019-07-26-um-16.32.03-300x151.png?resize=525%2C300 1.5x, https:\/\/i0.wp.com\/news-papers.eu\/wp-content\/uploads\/2019\/07\/Bildschirmfoto-2019-07-26-um-16.32.03-300x151.png?resize=700%2C400 2x"},"classes":[]},{"id":18783,"url":"https:\/\/news-papers.eu\/?p=18783","url_meta":{"origin":1491,"position":3},"title":"R.E.S.P.E.C.T","author":"Bj\u00f6rn Hossfeld","date":"November 6, 2024","format":false,"excerpt":"Ein Statement von Svenja Wagner\u00a0\u00a0\u00a0\u00a0\u00a0\u00a0 Am vergangenen Wochenende hat Svenja auf ihrem Instagram-account ein Statement gepostet, welches wir gerne hier teilen wollen: Viel zu oft wird alles als selbstverst\u00e4ndlich angesehen, auch oder gerade die Anwesenheit und Dienstbereitschaft von Rettungskr\u00e4ften. Wie viele von Euch haben sich schon Gedanken dar\u00fcber gemacht, dass\u2026","rel":"","context":"In &quot;allgemein&quot;","block_context":{"text":"allgemein","link":"https:\/\/news-papers.eu\/?cat=2"},"img":{"alt_text":"","src":"https:\/\/i0.wp.com\/news-papers.eu\/wp-content\/uploads\/2024\/11\/Rettungskraefte.png?fit=940%2C1160&ssl=1&resize=350%2C200","width":350,"height":200,"srcset":"https:\/\/i0.wp.com\/news-papers.eu\/wp-content\/uploads\/2024\/11\/Rettungskraefte.png?fit=940%2C1160&ssl=1&resize=350%2C200 1x, https:\/\/i0.wp.com\/news-papers.eu\/wp-content\/uploads\/2024\/11\/Rettungskraefte.png?fit=940%2C1160&ssl=1&resize=525%2C300 1.5x, https:\/\/i0.wp.com\/news-papers.eu\/wp-content\/uploads\/2024\/11\/Rettungskraefte.png?fit=940%2C1160&ssl=1&resize=700%2C400 2x"},"classes":[]},{"id":9866,"url":"https:\/\/news-papers.eu\/?p=9866","url_meta":{"origin":1491,"position":4},"title":"Symposium &#8222;Smartphone-basierte Ersthelfer-Alarmierung&#8220;","author":"Bj\u00f6rn Hossfeld","date":"Juli 8, 2019","format":false,"excerpt":"Die Alarmierung von Ersthelfern zur Reanimation \u00fcber das Smartphone wird derzeit von verschiedenen Software-Firmen per App offeriert. Grunds\u00e4tzlich funktionieren diese Apps \u00e4hnlich, bieten jedoch unterschiedliche Optionen f\u00fcr die Rettungsleitstellen. Probleme ergeben sich unter anderem dadurch, dass ein qualifizierter Helfer der in Stadt A \u00fcber eine bestimmte App alarmierbar ist, beim\u2026","rel":"","context":"In &quot;Reanimatologie&quot;","block_context":{"text":"Reanimatologie","link":"https:\/\/news-papers.eu\/?cat=137"},"img":{"alt_text":"","src":"https:\/\/i0.wp.com\/news-papers.eu\/wp-content\/uploads\/2019\/07\/Smartphone-Alarmierung.png?fit=1200%2C554&ssl=1&resize=350%2C200","width":350,"height":200,"srcset":"https:\/\/i0.wp.com\/news-papers.eu\/wp-content\/uploads\/2019\/07\/Smartphone-Alarmierung.png?fit=1200%2C554&ssl=1&resize=350%2C200 1x, https:\/\/i0.wp.com\/news-papers.eu\/wp-content\/uploads\/2019\/07\/Smartphone-Alarmierung.png?fit=1200%2C554&ssl=1&resize=525%2C300 1.5x, https:\/\/i0.wp.com\/news-papers.eu\/wp-content\/uploads\/2019\/07\/Smartphone-Alarmierung.png?fit=1200%2C554&ssl=1&resize=700%2C400 2x, https:\/\/i0.wp.com\/news-papers.eu\/wp-content\/uploads\/2019\/07\/Smartphone-Alarmierung.png?fit=1200%2C554&ssl=1&resize=1050%2C600 3x"},"classes":[]},{"id":17703,"url":"https:\/\/news-papers.eu\/?p=17703","url_meta":{"origin":1491,"position":5},"title":"Pr\u00e4klinische Analgesie durch Notfallsanit\u00e4ter*innen mit Nalbuphin ist sicher und effektiv","author":"Michael Bernhard","date":"Dezember 4, 2023","format":false,"excerpt":"Ein Gastbeitrag von PD Dr. Gerrit Jansen, Minden: Die optimale pr\u00e4klinische Analgesie durch Notfallsanit\u00e4ter*innen ist nicht zuletzt auf Grund der aktuellen Gesetzes\u00e4nderungen des Bet\u00e4ubungsmittel- sowie Notfallsanit\u00e4ter*innengesetzes Gegenstand zahlreicher Diskussionen. W\u00e4hrend Bef\u00fcrworter durch die Gesetzes\u00e4nderungen eine verbesserte Patient*innenversorgung sowie eine steigende Verf\u00fcgbarkeit der Ressource Notarzt*in anf\u00fchren bef\u00fcrchten Kritiker*innen eine erh\u00f6hte Rate\u2026","rel":"","context":"In &quot;Analgesie&quot;","block_context":{"text":"Analgesie","link":"https:\/\/news-papers.eu\/?cat=288"},"img":{"alt_text":"","src":"https:\/\/i0.wp.com\/news-papers.eu\/wp-content\/uploads\/2023\/06\/Analgesie-Dipi.jpg?fit=1200%2C540&ssl=1&resize=350%2C200","width":350,"height":200,"srcset":"https:\/\/i0.wp.com\/news-papers.eu\/wp-content\/uploads\/2023\/06\/Analgesie-Dipi.jpg?fit=1200%2C540&ssl=1&resize=350%2C200 1x, https:\/\/i0.wp.com\/news-papers.eu\/wp-content\/uploads\/2023\/06\/Analgesie-Dipi.jpg?fit=1200%2C540&ssl=1&resize=525%2C300 1.5x, https:\/\/i0.wp.com\/news-papers.eu\/wp-content\/uploads\/2023\/06\/Analgesie-Dipi.jpg?fit=1200%2C540&ssl=1&resize=700%2C400 2x, https:\/\/i0.wp.com\/news-papers.eu\/wp-content\/uploads\/2023\/06\/Analgesie-Dipi.jpg?fit=1200%2C540&ssl=1&resize=1050%2C600 3x"},"classes":[]}],"jetpack_likes_enabled":true,"_links":{"self":[{"href":"https:\/\/news-papers.eu\/index.php?rest_route=\/wp\/v2\/posts\/1491","targetHints":{"allow":["GET"]}}],"collection":[{"href":"https:\/\/news-papers.eu\/index.php?rest_route=\/wp\/v2\/posts"}],"about":[{"href":"https:\/\/news-papers.eu\/index.php?rest_route=\/wp\/v2\/types\/post"}],"author":[{"embeddable":true,"href":"https:\/\/news-papers.eu\/index.php?rest_route=\/wp\/v2\/users\/2"}],"replies":[{"embeddable":true,"href":"https:\/\/news-papers.eu\/index.php?rest_route=%2Fwp%2Fv2%2Fcomments&post=1491"}],"version-history":[{"count":1,"href":"https:\/\/news-papers.eu\/index.php?rest_route=\/wp\/v2\/posts\/1491\/revisions"}],"predecessor-version":[{"id":1494,"href":"https:\/\/news-papers.eu\/index.php?rest_route=\/wp\/v2\/posts\/1491\/revisions\/1494"}],"wp:featuredmedia":[{"embeddable":true,"href":"https:\/\/news-papers.eu\/index.php?rest_route=\/wp\/v2\/media\/1492"}],"wp:attachment":[{"href":"https:\/\/news-papers.eu\/index.php?rest_route=%2Fwp%2Fv2%2Fmedia&parent=1491"}],"wp:term":[{"taxonomy":"category","embeddable":true,"href":"https:\/\/news-papers.eu\/index.php?rest_route=%2Fwp%2Fv2%2Fcategories&post=1491"},{"taxonomy":"post_tag","embeddable":true,"href":"https:\/\/news-papers.eu\/index.php?rest_route=%2Fwp%2Fv2%2Ftags&post=1491"}],"curies":[{"name":"wp","href":"https:\/\/api.w.org\/{rel}","templated":true}]}}