{"id":14400,"date":"2021-11-07T04:48:20","date_gmt":"2021-11-07T03:48:20","guid":{"rendered":"http:\/\/news-papers.eu\/?p=14400"},"modified":"2021-11-02T22:32:47","modified_gmt":"2021-11-02T21:32:47","slug":"einmal-dem-patienten-genau-zugoeren-visuelle-phaenomene","status":"publish","type":"post","link":"https:\/\/news-papers.eu\/?p=14400","title":{"rendered":"Einmal dem Patienten genau Zuh\u00f6ren: Visuelle Ph\u00e4nomene &#8230;"},"content":{"rendered":"<div class=\"page\" title=\"Page 1\">\n<div class=\"layoutArea\">\n<div class=\"column\">\n<p style=\"text-align: justify\"><img data-recalc-dims=\"1\" loading=\"lazy\" decoding=\"async\" data-attachment-id=\"14401\" data-permalink=\"https:\/\/news-papers.eu\/?attachment_id=14401\" data-orig-file=\"https:\/\/i0.wp.com\/news-papers.eu\/wp-content\/uploads\/2021\/10\/Bildschirmfoto-2021-10-02-um-13.53.34-e1633175631658.png?fit=500%2C247&amp;ssl=1\" data-orig-size=\"500,247\" data-comments-opened=\"1\" data-image-meta=\"{&quot;aperture&quot;:&quot;0&quot;,&quot;credit&quot;:&quot;&quot;,&quot;camera&quot;:&quot;&quot;,&quot;caption&quot;:&quot;&quot;,&quot;created_timestamp&quot;:&quot;0&quot;,&quot;copyright&quot;:&quot;&quot;,&quot;focal_length&quot;:&quot;0&quot;,&quot;iso&quot;:&quot;0&quot;,&quot;shutter_speed&quot;:&quot;0&quot;,&quot;title&quot;:&quot;&quot;,&quot;orientation&quot;:&quot;0&quot;}\" data-image-title=\"Bildschirmfoto 2021-10-02 um 13.53.34\" data-image-description=\"\" data-image-caption=\"\" data-medium-file=\"https:\/\/i0.wp.com\/news-papers.eu\/wp-content\/uploads\/2021\/10\/Bildschirmfoto-2021-10-02-um-13.53.34-e1633175631658.png?fit=300%2C148&amp;ssl=1\" data-large-file=\"https:\/\/i0.wp.com\/news-papers.eu\/wp-content\/uploads\/2021\/10\/Bildschirmfoto-2021-10-02-um-13.53.34-e1633175631658.png?fit=1024%2C506&amp;ssl=1\" class=\"size-medium wp-image-14401 alignright\" src=\"https:\/\/i0.wp.com\/news-papers.eu\/wp-content\/uploads\/2021\/10\/Bildschirmfoto-2021-10-02-um-13.53.34.png?resize=300%2C148\" alt=\"\" width=\"300\" height=\"148\" \/><strong>Visuelle Ph\u00e4nomene<\/strong> werden im Rahmen einer Migr\u00e4neaura beschrieben. Hierbei gibt es aber <strong>zahlreiche Differentialdiagnose<\/strong> neben der Migr\u00e4ne. Eren et al. gegen genau auf diese Differentialdiagnostik ein:<\/p>\n<blockquote>\n<p style=\"text-align: justify\"><strong>Eren OE et al. \u00a0Visuelle Ph\u00e4nomene in Verbindung mit Migr\u00e4ne und ihre Differenzialdiagnose. Dtsch Arztebl Int 2021; 118: <span class=\"nobr\">647-53<\/span>; DOI: 10.3238\/arztebl.m2021.0287\u00a0(<a href=\"https:\/\/www.aerzteblatt.de\/archiv\/221315\/Visuelle-Phaenomene-in-Verbindung-mit-Migraene-und-ihre-Differenzialdiagnose\" target=\"_blank\" rel=\"noopener\">PDF<\/a>)<\/strong><\/p>\n<\/blockquote>\n<\/div>\n<div class=\"column\">\n<p style=\"text-align: justify\"><strong>Hintergrund: <\/strong><\/p>\n<ul style=\"text-align: justify\">\n<li>Visuelle Pha\u0308nomene sind vielgestaltig, wobei ihre differenzialdiagnostische Zuordnung meist u\u0308ber die gezielte Anamnese mo\u0308glich ist.<\/li>\n<li>Im Folgenden werden ha\u0308ufig vorkommende, von der Migra\u0308neaura abzugrenzende visuelle Pha\u0308nomene beschrieben.<\/li>\n<\/ul>\n<p style=\"text-align: justify\"><strong>Methode: <\/strong><\/p>\n<ul style=\"text-align: justify\">\n<li>Die U\u0308bersicht basiert auf einer selektiven Literaturrecherche in PubMed und dem Web of Knowledge\/Science mit Beru\u0308cksichtigung der aktuellen Klassifikationen der internationalen Kopfschmerzgesellschaft sowie Empfehlungen der Deutschen Migra\u0308ne- und Kopfschmerzgesellschaft.<\/li>\n<li>Es wurden die folgenden Suchbegriffe verwendet: \u201evisual phenomena\/phenomenon\u201c, \u201emigraine aura\u201c, und \u201epersistent\/complication\/longlasting\/ ongoing\u201c.<\/li>\n<\/ul>\n<p style=\"text-align: justify\"><strong>Ergebnisse: <\/strong><\/p>\n<ul style=\"text-align: justify\">\n<li>Richtungsweisend sind die Fragen, ob die\n<ul style=\"text-align: justify\">\n<li><strong>Symptome mono- der binokular<\/strong> vorliegen, ob die<\/li>\n<li><strong>Symptomatik schlagartig, u\u0308ber Minuten oder Tage<\/strong> einsetzte und<\/li>\n<li>ob es sich um ein <strong>erstmaliges, rezidivierendes oder bleibendes Pha\u0308nomen<\/strong> handelt.<\/li>\n<\/ul>\n<\/li>\n<li>Die visuelle Aura als ein migra\u0308neassoziiertes Pha\u0308nomen muss in seltenen Fa\u0308llen von folgenden Erkrankungen abgegrenzt werden:\n<ul>\n<li>der <strong>isolierten Epilepsieaura<\/strong>,<\/li>\n<li>einer <strong>zerebralen\/retinalen Ischa\u0308mie<\/strong> sowie von<\/li>\n<li><strong>Visual-Snow-Syndrom (VSS)<\/strong><\/li>\n<\/ul>\n<\/li>\n<\/ul>\n<\/div>\n<\/div>\n<\/div>\n<div class=\"page\" title=\"Page 3\">\n<div class=\"layoutArea\"><\/div>\n<\/div>\n<div class=\"page\" title=\"Page 1\">\n<div class=\"layoutArea\">\n<div class=\"column\">\n<ul style=\"text-align: justify\">\n<li>Weitere Differenzialdiagnosen sind\n<ul>\n<li>die fortbestehende Wahrnehmungssto\u0308rung nach <strong>Halluzinogengebrauch (HPPD, \u201ehallucinogen persisting perception disorder\u201c)<\/strong> sowie das<\/li>\n<li><strong>Charles Bonnet Syndrom (CBS)<\/strong> als Folge einer stark eingeschra\u0308nkten Sehleistung.<\/li>\n<li>Das seltene <strong>posteriore reversible Enzephalopathie-Syndrom (PRES) <\/strong>demaskiert sich durch die zusa\u0308tzlich auftretenden klinischen Symptome meist im Verlauf selbst.<\/li>\n<li><strong>Prima\u0308r ophthalmologische Ursachen<\/strong> ko\u0308nnen durch die augena\u0308rztliche Untersuchung meist sehr gut zugeordnet werden.<\/li>\n<\/ul>\n<\/li>\n<\/ul>\n<p style=\"text-align: justify\"><strong>Schlussfolgerung: <\/strong><\/p>\n<ul>\n<li style=\"text-align: justify\">Typischerweise konsultieren Patienten mit visuellen Pha\u0308nomenen verschiedene Fachdisziplinen. Dabei ist eine Einordnung nur mo\u0308glich, wenn die Schilderungen in einem Gesamtkontext gesehen und den unterschiedlichen Krankheitsentita\u0308ten zugeordnet werden ko\u0308nnen.<\/li>\n<\/ul>\n<\/div>\n<\/div>\n<\/div>\n","protected":false},"excerpt":{"rendered":"<p>Visuelle Ph\u00e4nomene werden im Rahmen einer Migr\u00e4neaura beschrieben. Hierbei gibt es aber zahlreiche Differentialdiagnose neben der Migr\u00e4ne. Eren et al. gegen genau auf diese Differentialdiagnostik ein: Eren OE et al. [&hellip;]<\/p>\n","protected":false},"author":2,"featured_media":14401,"comment_status":"open","ping_status":"open","sticky":false,"template":"","format":"standard","meta":{"__cvm_playback_settings":[],"__cvm_video_id":"","jetpack_post_was_ever_published":false,"_jetpack_newsletter_access":"","_jetpack_dont_email_post_to_subs":false,"_jetpack_newsletter_tier_id":0,"_jetpack_memberships_contains_paywalled_content":false,"_jetpack_memberships_contains_paid_content":false,"footnotes":"","jetpack_publicize_message":"","jetpack_publicize_feature_enabled":true,"jetpack_social_post_already_shared":true,"jetpack_social_options":{"image_generator_settings":{"template":"highway","default_image_id":0,"font":"","enabled":false},"version":2}},"categories":[7],"tags":[1798,2172],"class_list":["post-14400","post","type-post","status-publish","format-standard","has-post-thumbnail","hentry","category-neurologie","tag-coronavirus","tag-migraene"],"jetpack_publicize_connections":[],"jetpack_featured_media_url":"https:\/\/i0.wp.com\/news-papers.eu\/wp-content\/uploads\/2021\/10\/Bildschirmfoto-2021-10-02-um-13.53.34-e1633175631658.png?fit=500%2C247&ssl=1","jetpack_sharing_enabled":true,"jetpack_shortlink":"https:\/\/wp.me\/p7fR2g-3Kg","jetpack-related-posts":[{"id":7441,"url":"https:\/\/news-papers.eu\/?p=7441","url_meta":{"origin":14400,"position":0},"title":"Migr\u00e4ne: Neue S1 Leitlinie der AWMF","author":"Michael Bernhard","date":"Juni 15, 2018","format":false,"excerpt":"Hier die S1 Leitlinie zur Migr\u00e4netherapie: Diener H.-C., Gaul C., Kropp P. et al., Therapie der Migr\u00e4neattacke und Prophylaxe der Migr\u00e4ne, S1-Leitlinie, 2018, in: Deutsche Gesellschaft f\u00fcr Neurologie (Hrsg.), Leitlinien f\u00fcr Diagnostik und Therapie\u00a0in der Neurologie. Online: www.dgn.org\/leitlinien (abgerufen am 29.04.2018) (PDF) Was gibt es neues bei der Migr\u00e4ne? Bei\u2026","rel":"","context":"In &quot;Neurologischer Notfall&quot;","block_context":{"text":"Neurologischer Notfall","link":"https:\/\/news-papers.eu\/?cat=7"},"img":{"alt_text":"","src":"https:\/\/i0.wp.com\/news-papers.eu\/wp-content\/uploads\/2018\/06\/Kopfschmerz.jpg?fit=1200%2C783&ssl=1&resize=350%2C200","width":350,"height":200,"srcset":"https:\/\/i0.wp.com\/news-papers.eu\/wp-content\/uploads\/2018\/06\/Kopfschmerz.jpg?fit=1200%2C783&ssl=1&resize=350%2C200 1x, https:\/\/i0.wp.com\/news-papers.eu\/wp-content\/uploads\/2018\/06\/Kopfschmerz.jpg?fit=1200%2C783&ssl=1&resize=525%2C300 1.5x, https:\/\/i0.wp.com\/news-papers.eu\/wp-content\/uploads\/2018\/06\/Kopfschmerz.jpg?fit=1200%2C783&ssl=1&resize=700%2C400 2x, https:\/\/i0.wp.com\/news-papers.eu\/wp-content\/uploads\/2018\/06\/Kopfschmerz.jpg?fit=1200%2C783&ssl=1&resize=1050%2C600 3x"},"classes":[]},{"id":5641,"url":"https:\/\/news-papers.eu\/?p=5641","url_meta":{"origin":14400,"position":1},"title":"(Notfall-)Therapie von Erkrankungen in der Schwangerschaft","author":"Michael Bernhard","date":"Oktober 31, 2017","format":false,"excerpt":"Einen \u00dcberblick \u00fcber die Therapie von Asthma\u00a0bronchiale, Hypo- und Hyperthyreose, Migr\u00e4ne und\u00a0Varicosis in der Schwangerschaft wurden gerade von Michael Bolz und Kollegen im Deutschen \u00c4rzteblatt zusammengestellt: Bolz M et al.\u00a0Begleiterkrankungen in der\u00a0Schwangerschaft. Dtsch Arztebl Int 2017; 114: 616\u2013626 (PDF) In diesem Artikel werden die Basistherapie und die Besonderheiten bei den\u2026","rel":"","context":"In &quot;Geburtshilfliche und gyn\u00e4kologische Notf\u00e4lle&quot;","block_context":{"text":"Geburtshilfliche und gyn\u00e4kologische Notf\u00e4lle","link":"https:\/\/news-papers.eu\/?cat=197"},"img":{"alt_text":"","src":"https:\/\/i0.wp.com\/news-papers.eu\/wp-content\/uploads\/2016\/05\/Schwanger.jpg?fit=817%2C648&ssl=1&resize=350%2C200","width":350,"height":200,"srcset":"https:\/\/i0.wp.com\/news-papers.eu\/wp-content\/uploads\/2016\/05\/Schwanger.jpg?fit=817%2C648&ssl=1&resize=350%2C200 1x, https:\/\/i0.wp.com\/news-papers.eu\/wp-content\/uploads\/2016\/05\/Schwanger.jpg?fit=817%2C648&ssl=1&resize=525%2C300 1.5x, https:\/\/i0.wp.com\/news-papers.eu\/wp-content\/uploads\/2016\/05\/Schwanger.jpg?fit=817%2C648&ssl=1&resize=700%2C400 2x"},"classes":[]},{"id":3947,"url":"https:\/\/news-papers.eu\/?p=3947","url_meta":{"origin":14400,"position":2},"title":"Akute Kopfschmerzen: Red Flag&#8230;","author":"Michael Bernhard","date":"August 11, 2017","format":false,"excerpt":"Akute Kopfschmerzen sind kein seltener Grund einer Vorstellung in einer Notaufnahme. Eine US-amerikanische Studie aus Queensland untersuchte landesweit die Demographie und klinischen Befunde von Patienten, die sich mit Kopfschmerzen in Notaufnahmen vorstellten: Chu KH et al. \u00a0Acute Headache Presentations to the\u00a0Emergency Department: A Statewide\u00a0Cross-sectional Study. Acad Emerg Med 2017, onlinen\u00a0doi:\u2026","rel":"","context":"In &quot;Neurologischer Notfall&quot;","block_context":{"text":"Neurologischer Notfall","link":"https:\/\/news-papers.eu\/?cat=7"},"img":{"alt_text":"","src":"https:\/\/i0.wp.com\/news-papers.eu\/wp-content\/uploads\/2017\/04\/Bildschirmfoto-2017-03-05-um-07.58.18-300x224.png?resize=350%2C200","width":350,"height":200},"classes":[]},{"id":12324,"url":"https:\/\/news-papers.eu\/?p=12324","url_meta":{"origin":14400,"position":3},"title":"Sprache im Notfall: Assessment mit &#8222;OPQRST&#8220;","author":"Michael Bernhard","date":"Oktober 17, 2020","format":false,"excerpt":"Im Notfall ist man aufgeregt, verhaspelt sich, vergisst etwas oder kommt einfach nicht drauf, was man noch fragen soll. G\u00fcnstig ist, wenn man in der Notfallmedizin eine Sprache spricht. Das ABCDE-Schema kennen hier nun schon die meisten. Es gibt aber auch eine Sprache bzw. Merkhilfe f\u00fcr die Notfallanamanese, diese wird\u2026","rel":"","context":"In &quot;Notfallsprache&quot;","block_context":{"text":"Notfallsprache","link":"https:\/\/news-papers.eu\/?cat=1918"},"img":{"alt_text":"Sprache","src":"https:\/\/i0.wp.com\/news-papers.eu\/wp-content\/uploads\/2020\/10\/language-2844985_1920.jpg?fit=1200%2C675&ssl=1&resize=350%2C200","width":350,"height":200,"srcset":"https:\/\/i0.wp.com\/news-papers.eu\/wp-content\/uploads\/2020\/10\/language-2844985_1920.jpg?fit=1200%2C675&ssl=1&resize=350%2C200 1x, https:\/\/i0.wp.com\/news-papers.eu\/wp-content\/uploads\/2020\/10\/language-2844985_1920.jpg?fit=1200%2C675&ssl=1&resize=525%2C300 1.5x, https:\/\/i0.wp.com\/news-papers.eu\/wp-content\/uploads\/2020\/10\/language-2844985_1920.jpg?fit=1200%2C675&ssl=1&resize=700%2C400 2x, https:\/\/i0.wp.com\/news-papers.eu\/wp-content\/uploads\/2020\/10\/language-2844985_1920.jpg?fit=1200%2C675&ssl=1&resize=1050%2C600 3x"},"classes":[]},{"id":6569,"url":"https:\/\/news-papers.eu\/?p=6569","url_meta":{"origin":14400,"position":4},"title":"Paracetamol i.v. versus Paracetamol p.o.","author":"Michael Bernhard","date":"Februar 17, 2018","format":false,"excerpt":"Schmerztherapie in der pr\u00e4hospitalen Notfallmedizin und in der Notaufnahme ist ein wirklich spannendes Thema und h\u00e4ufig viel zu wenig ber\u00fccksichtigt. Die Opioid-Epidemie in den USA f\u00fchrt nun zu einer deutlichen Zunahme an Untersuchungen mit Nicht-Opioidanalgetika. Eine aktuelle Untersuchung hierzu hat sich Paracetamol vorgenommen: Furyk J et al.\u00a0Intravenous versus oral paracetamol\u2026","rel":"","context":"In &quot;Analgesie&quot;","block_context":{"text":"Analgesie","link":"https:\/\/news-papers.eu\/?cat=288"},"img":{"alt_text":"","src":"https:\/\/i0.wp.com\/news-papers.eu\/wp-content\/uploads\/2017\/12\/ErsteHilfe-300x211.png?resize=350%2C200","width":350,"height":200},"classes":[]},{"id":1729,"url":"https:\/\/news-papers.eu\/?p=1729","url_meta":{"origin":14400,"position":5},"title":"Sprachbarriere: Ein Fallstrick in der Notfallmedizin&#8230;","author":"Michael Bernhard","date":"Juli 13, 2016","format":false,"excerpt":"Notfallmedizin bezieht Professionalit\u00e4t mit ein. Ein ganz wesentliches Tool in der Notfallmedizin ist die Anamnese, hierzu ist ein sprachlicher Austausch notwendig. Zunehmend werden Notfallmediziner mit Patienten konfrontiert, f\u00fcr die deutsch keine Muttersprache ist, oder die teilweise trotz eines l\u00e4ngeren Aufenthaltes im deutschsprachigen Raum noch keine ausreichende Sprachexpertise entwickeln konnten. Mangelnde\u2026","rel":"","context":"In &quot;Kommunikation&quot;","block_context":{"text":"Kommunikation","link":"https:\/\/news-papers.eu\/?cat=322"},"img":{"alt_text":"","src":"https:\/\/i0.wp.com\/news-papers.eu\/wp-content\/uploads\/2016\/07\/10049_19_4_CoverFigure_Print.jpg?fit=827%2C1099&ssl=1&resize=350%2C200","width":350,"height":200,"srcset":"https:\/\/i0.wp.com\/news-papers.eu\/wp-content\/uploads\/2016\/07\/10049_19_4_CoverFigure_Print.jpg?fit=827%2C1099&ssl=1&resize=350%2C200 1x, https:\/\/i0.wp.com\/news-papers.eu\/wp-content\/uploads\/2016\/07\/10049_19_4_CoverFigure_Print.jpg?fit=827%2C1099&ssl=1&resize=525%2C300 1.5x, https:\/\/i0.wp.com\/news-papers.eu\/wp-content\/uploads\/2016\/07\/10049_19_4_CoverFigure_Print.jpg?fit=827%2C1099&ssl=1&resize=700%2C400 2x"},"classes":[]}],"jetpack_likes_enabled":true,"_links":{"self":[{"href":"https:\/\/news-papers.eu\/index.php?rest_route=\/wp\/v2\/posts\/14400","targetHints":{"allow":["GET"]}}],"collection":[{"href":"https:\/\/news-papers.eu\/index.php?rest_route=\/wp\/v2\/posts"}],"about":[{"href":"https:\/\/news-papers.eu\/index.php?rest_route=\/wp\/v2\/types\/post"}],"author":[{"embeddable":true,"href":"https:\/\/news-papers.eu\/index.php?rest_route=\/wp\/v2\/users\/2"}],"replies":[{"embeddable":true,"href":"https:\/\/news-papers.eu\/index.php?rest_route=%2Fwp%2Fv2%2Fcomments&post=14400"}],"version-history":[{"count":2,"href":"https:\/\/news-papers.eu\/index.php?rest_route=\/wp\/v2\/posts\/14400\/revisions"}],"predecessor-version":[{"id":14500,"href":"https:\/\/news-papers.eu\/index.php?rest_route=\/wp\/v2\/posts\/14400\/revisions\/14500"}],"wp:featuredmedia":[{"embeddable":true,"href":"https:\/\/news-papers.eu\/index.php?rest_route=\/wp\/v2\/media\/14401"}],"wp:attachment":[{"href":"https:\/\/news-papers.eu\/index.php?rest_route=%2Fwp%2Fv2%2Fmedia&parent=14400"}],"wp:term":[{"taxonomy":"category","embeddable":true,"href":"https:\/\/news-papers.eu\/index.php?rest_route=%2Fwp%2Fv2%2Fcategories&post=14400"},{"taxonomy":"post_tag","embeddable":true,"href":"https:\/\/news-papers.eu\/index.php?rest_route=%2Fwp%2Fv2%2Ftags&post=14400"}],"curies":[{"name":"wp","href":"https:\/\/api.w.org\/{rel}","templated":true}]}}