{"id":11921,"date":"2020-08-15T04:40:58","date_gmt":"2020-08-15T02:40:58","guid":{"rendered":"http:\/\/news-papers.eu\/?p=11921"},"modified":"2020-08-09T10:50:36","modified_gmt":"2020-08-09T08:50:36","slug":"jahresbericht-des-deutschen-reanimationsregister-2019","status":"publish","type":"post","link":"https:\/\/news-papers.eu\/?p=11921","title":{"rendered":"Jahresbericht des Deutschen Reanimationsregister 2019"},"content":{"rendered":"<p style=\"text-align: justify;\"><img data-recalc-dims=\"1\" loading=\"lazy\" decoding=\"async\" data-attachment-id=\"11924\" data-permalink=\"https:\/\/news-papers.eu\/?attachment_id=11924\" data-orig-file=\"https:\/\/i0.wp.com\/news-papers.eu\/wp-content\/uploads\/2020\/08\/Bildschirmfoto-2020-08-09-um-10.48.48.png?fit=548%2C174&amp;ssl=1\" data-orig-size=\"548,174\" data-comments-opened=\"1\" data-image-meta=\"{&quot;aperture&quot;:&quot;0&quot;,&quot;credit&quot;:&quot;&quot;,&quot;camera&quot;:&quot;&quot;,&quot;caption&quot;:&quot;&quot;,&quot;created_timestamp&quot;:&quot;0&quot;,&quot;copyright&quot;:&quot;&quot;,&quot;focal_length&quot;:&quot;0&quot;,&quot;iso&quot;:&quot;0&quot;,&quot;shutter_speed&quot;:&quot;0&quot;,&quot;title&quot;:&quot;&quot;,&quot;orientation&quot;:&quot;0&quot;}\" data-image-title=\"Bildschirmfoto 2020-08-09 um 10.48.48\" data-image-description=\"\" data-image-caption=\"\" data-medium-file=\"https:\/\/i0.wp.com\/news-papers.eu\/wp-content\/uploads\/2020\/08\/Bildschirmfoto-2020-08-09-um-10.48.48.png?fit=300%2C95&amp;ssl=1\" data-large-file=\"https:\/\/i0.wp.com\/news-papers.eu\/wp-content\/uploads\/2020\/08\/Bildschirmfoto-2020-08-09-um-10.48.48.png?fit=548%2C174&amp;ssl=1\" class=\"size-medium wp-image-11924 alignright\" src=\"https:\/\/i0.wp.com\/news-papers.eu\/wp-content\/uploads\/2020\/08\/Bildschirmfoto-2020-08-09-um-10.48.48.png?resize=300%2C95\" alt=\"\" width=\"300\" height=\"95\" srcset=\"https:\/\/i0.wp.com\/news-papers.eu\/wp-content\/uploads\/2020\/08\/Bildschirmfoto-2020-08-09-um-10.48.48.png?resize=300%2C95&amp;ssl=1 300w, https:\/\/i0.wp.com\/news-papers.eu\/wp-content\/uploads\/2020\/08\/Bildschirmfoto-2020-08-09-um-10.48.48.png?w=548&amp;ssl=1 548w\" sizes=\"auto, (max-width: 300px) 100vw, 300px\" \/>Matthias Fischer und Kollegen publizierten den Jahresbericht des Deutschen Reanimationsregister 2019 in An\u00e4sthesiologie und Intensivmedizin:<\/p>\n<p><strong>Fischer M et al.\u00a0Jahresbericht des Deutschen Reanimationsregister &#8211; Au\u00dferklinische Reanimation 2019. An\u00e4sth Intensivmed 2020; 61: V89-V93 (<a href=\"https:\/\/www.ai-online.info\/images\/ai-ausgabe\/2020\/06-2020\/AI_06-2019_Verbaende_Reanimationsregister_2.pdf\" target=\"_blank\" rel=\"noopener noreferrer\">PDF<\/a>)<\/strong><\/p>\n<p>&nbsp;<\/p>\n<div class=\"page\" title=\"Page 1\">\n<div class=\"section\">\n<div class=\"layoutArea\">\n<div class=\"column\">\n<ul>\n<li>62,6 Reanimationen pro 100.000 Einwohner und Jahr<\/li>\n<li>51.970 Patienten nach einem pl\u00f6tzlichen Herz-Kreislauf-Stillstand durch den Notarzt- und Rettungsdienst behandelt<\/li>\n<li>2\/3 der Patienten sind m\u00e4nnlichen Geschlechts<\/li>\n<li>im Mittel 69 Jahre alt<\/li>\n<li>7% der Reanimationspatienten erleiden ihren Kollaps unter Monitoring des Rettungsdienstes<\/li>\n<li>bei 44% wird der Kollaps durch Laien beobachtet<\/li>\n<li>Laien-Reanimationsquote von 42,1% im Gesamtkollektiv, deutlicher Anstieg !<\/li>\n<li>telefonische Anleitung zur Reanimation: 23,4%<\/li>\n<li>VF\/pVT wird bei 21 bis 22% der Patienten festgestellt<\/li>\n<li>hoch-gerechnet auf Deutschland konnten im Jahr 2019 ca. 6.740 Patienten nach einer Reanimationsbehandlung entlassen werden<\/li>\n<\/ul>\n<p style=\"text-align: justify;\">Lesen Sie den gesamten Jahresbericht 2019 von Fischer et al. unter <a href=\"https:\/\/www.ai-online.info\/images\/ai-ausgabe\/2020\/06-2020\/AI_06-2019_Verbaende_Reanimationsregister_2.pdf\" target=\"_blank\" rel=\"noopener noreferrer\"><strong>https:\/\/www.ai-online.info\/images\/ai-ausgabe\/2020\/06-2020\/AI_06-2019_Verbaende_Reanimationsregister_2.pdf<\/strong><\/a><\/p>\n<\/div>\n<\/div>\n<\/div>\n<\/div>\n<p>&nbsp;<\/p>\n","protected":false},"excerpt":{"rendered":"<p>Matthias Fischer und Kollegen publizierten den Jahresbericht des Deutschen Reanimationsregister 2019 in An\u00e4sthesiologie und Intensivmedizin: Fischer M et al.\u00a0Jahresbericht des Deutschen Reanimationsregister &#8211; Au\u00dferklinische Reanimation 2019. An\u00e4sth Intensivmed 2020; 61: [&hellip;]<\/p>\n","protected":false},"author":2,"featured_media":11924,"comment_status":"open","ping_status":"open","sticky":false,"template":"","format":"standard","meta":{"__cvm_playback_settings":[],"__cvm_video_id":"","jetpack_post_was_ever_published":false,"_jetpack_newsletter_access":"","_jetpack_dont_email_post_to_subs":false,"_jetpack_newsletter_tier_id":0,"_jetpack_memberships_contains_paywalled_content":false,"_jetpack_memberships_contains_paid_content":false,"footnotes":"","jetpack_publicize_message":"","jetpack_publicize_feature_enabled":true,"jetpack_social_post_already_shared":true,"jetpack_social_options":{"image_generator_settings":{"template":"highway","default_image_id":0,"font":"","enabled":false},"version":2}},"categories":[137],"tags":[],"class_list":["post-11921","post","type-post","status-publish","format-standard","has-post-thumbnail","hentry","category-reanimatologie"],"jetpack_publicize_connections":[],"jetpack_featured_media_url":"https:\/\/i0.wp.com\/news-papers.eu\/wp-content\/uploads\/2020\/08\/Bildschirmfoto-2020-08-09-um-10.48.48.png?fit=548%2C174&ssl=1","jetpack_sharing_enabled":true,"jetpack_shortlink":"https:\/\/wp.me\/p7fR2g-36h","jetpack-related-posts":[{"id":15661,"url":"https:\/\/news-papers.eu\/?p=15661","url_meta":{"origin":11921,"position":0},"title":"Jahresbericht des Deutschen Reanimationsregister &#8211; Pr\u00e4hospitale Reanimation 2021","author":"Michael Bernhard","date":"Juli 10, 2022","format":false,"excerpt":"Die mittlerweile sechste Auflage des o\u0308ffentliches Jahresberichts des Deutschen Reanimationsregisters entha\u0308lt die Daten des zweiten Corona-Pandemie- Jahres 2021 und richtet sich an alle Teilnehmenden und die O\u0308ffentlichkeit, um die Reanimationsversorgung in Deutschland \u2013 ganz im Sinne der Bad Boller Reanimationsgespra\u0308che und des gesamtgesellschaftlichen Auftrags \u2013 weiterzuentwickeln. Fischer M. et al.\u00a0und\u2026","rel":"","context":"In &quot;Reanimatologie&quot;","block_context":{"text":"Reanimatologie","link":"https:\/\/news-papers.eu\/?cat=137"},"img":{"alt_text":"","src":"https:\/\/i0.wp.com\/news-papers.eu\/wp-content\/uploads\/2017\/07\/Bildschirmfoto-2017-05-05-um-14.09.56.png?fit=638%2C636&ssl=1&resize=350%2C200","width":350,"height":200,"srcset":"https:\/\/i0.wp.com\/news-papers.eu\/wp-content\/uploads\/2017\/07\/Bildschirmfoto-2017-05-05-um-14.09.56.png?fit=638%2C636&ssl=1&resize=350%2C200 1x, https:\/\/i0.wp.com\/news-papers.eu\/wp-content\/uploads\/2017\/07\/Bildschirmfoto-2017-05-05-um-14.09.56.png?fit=638%2C636&ssl=1&resize=525%2C300 1.5x"},"classes":[]},{"id":9553,"url":"https:\/\/news-papers.eu\/?p=9553","url_meta":{"origin":11921,"position":1},"title":"Jahresbericht 2018 des Deutschen Reanimationsregister 05.06.2019","author":"Michael Bernhard","date":"Mai 27, 2019","format":false,"excerpt":"In K\u00fcrze wird der Jahresbericht des Deutschen Reanimationsregister publiziert werden. Jetzt g\u00e4be es bei Facebook bereits die ersten kurzen Informationen: Sind wir auf den ganzen Jahresbericht des reanimationsregister.de gespannt.","rel":"","context":"In &quot;Reanimatologie&quot;","block_context":{"text":"Reanimatologie","link":"https:\/\/news-papers.eu\/?cat=137"},"img":{"alt_text":"","src":"https:\/\/i0.wp.com\/news-papers.eu\/wp-content\/uploads\/2019\/05\/Laienreanimationn.jpg?fit=1200%2C1198&ssl=1&resize=350%2C200","width":350,"height":200,"srcset":"https:\/\/i0.wp.com\/news-papers.eu\/wp-content\/uploads\/2019\/05\/Laienreanimationn.jpg?fit=1200%2C1198&ssl=1&resize=350%2C200 1x, https:\/\/i0.wp.com\/news-papers.eu\/wp-content\/uploads\/2019\/05\/Laienreanimationn.jpg?fit=1200%2C1198&ssl=1&resize=525%2C300 1.5x, https:\/\/i0.wp.com\/news-papers.eu\/wp-content\/uploads\/2019\/05\/Laienreanimationn.jpg?fit=1200%2C1198&ssl=1&resize=700%2C400 2x, https:\/\/i0.wp.com\/news-papers.eu\/wp-content\/uploads\/2019\/05\/Laienreanimationn.jpg?fit=1200%2C1198&ssl=1&resize=1050%2C600 3x"},"classes":[]},{"id":14295,"url":"https:\/\/news-papers.eu\/?p=14295","url_meta":{"origin":11921,"position":2},"title":"Jahresbericht des Deutschen Reanimationsregister: Cardiac Arrest Center 2020","author":"Michael Bernhard","date":"September 21, 2021","format":false,"excerpt":"In der An\u00e4sthesiologie & Intensivmedizin ist der\u00a0Jahresbericht des Deutschen Reanimationsregister zu den\u00a0Cardiac Arrest Center 2020 publiziert worden: Seewald S, et al.\u00a0Jahresbericht des Deutschen Reanimationsregister: Cardiac Arrest Center 2020. Ana\u0308sth Intensivmed 2021;62:V128\u2013V130 (PDF) Kurze Zusammenfassung: n=2961 Datens\u00e4tze n=2488 pr\u00e4hospitale Reanimation und n=473 innenklinische Reanimation Epidemiologie:\u00a0 m\u00e4nnlich: 70% Alter: 66 Jahre, 0,8%\u2026","rel":"","context":"In &quot;Reanimatologie&quot;","block_context":{"text":"Reanimatologie","link":"https:\/\/news-papers.eu\/?cat=137"},"img":{"alt_text":"","src":"https:\/\/i0.wp.com\/news-papers.eu\/wp-content\/uploads\/2021\/09\/Bildschirmfoto-2021-09-19-um-10.56.06.png?fit=718%2C426&ssl=1&resize=350%2C200","width":350,"height":200,"srcset":"https:\/\/i0.wp.com\/news-papers.eu\/wp-content\/uploads\/2021\/09\/Bildschirmfoto-2021-09-19-um-10.56.06.png?fit=718%2C426&ssl=1&resize=350%2C200 1x, https:\/\/i0.wp.com\/news-papers.eu\/wp-content\/uploads\/2021\/09\/Bildschirmfoto-2021-09-19-um-10.56.06.png?fit=718%2C426&ssl=1&resize=525%2C300 1.5x, https:\/\/i0.wp.com\/news-papers.eu\/wp-content\/uploads\/2021\/09\/Bildschirmfoto-2021-09-19-um-10.56.06.png?fit=718%2C426&ssl=1&resize=700%2C400 2x"},"classes":[]},{"id":11511,"url":"https:\/\/news-papers.eu\/?p=11511","url_meta":{"origin":11921,"position":3},"title":"Update Reanimationsregister 2020 &#8211; Eine online \u00dcbersicht","author":"Michael Bernhard","date":"Mai 12, 2020","format":false,"excerpt":"Prof. Jan-Thorsten Gr\u00e4sner pr\u00e4sentiert den Jahresbericht 2019 des Deutschen Reanimationsregister online per Video: https:\/\/www.youtube.com\/watch?v=ZB_YMiSOjxI Ergebnisse der EuReCa TWO Studie (publiziert in Resuscitation) CRASS-Score f\u00fcr das Behandlungsergebnis nach Reanimation CARDIAC ARREST Center Modul\u00a0(Benchmarking zwischen Centren) Bad Boller Reanimation- und Notfallgespr\u00e4che 2019 N\u00e4chstes Treffen 28.04.2021 in D\u00fcsseldorf","rel":"","context":"In &quot;allgemein&quot;","block_context":{"text":"allgemein","link":"https:\/\/news-papers.eu\/?cat=2"},"img":{"alt_text":"","src":"https:\/\/i0.wp.com\/news-papers.eu\/wp-content\/uploads\/2020\/05\/Bildschirmfoto-2020-05-11-um-21.07.56-e1589224112159.png?fit=500%2C283&ssl=1&resize=350%2C200","width":350,"height":200},"classes":[]},{"id":4698,"url":"https:\/\/news-papers.eu\/?p=4698","url_meta":{"origin":11921,"position":4},"title":"10 Jahre Deutsches Reanimationsregister &#8211; Gratulation!","author":"Michael Bernhard","date":"Mai 6, 2017","format":false,"excerpt":"Herzlichen Gl\u00fcckwunsch! 10 Jahre nach dem offiziellen Start des Deutschen Reanimationsregisters\u00a0(German Resuscitation Registry) der Deutschen Gesellschaft f\u00fcr An\u00e4sthesiologie und Intensivmedizin e.V. (DGAI) im Mai 2007 wurden in der Datenbank\u00a0mehr als 110.000 Datens\u00e4tze von pr\u00e4hospitalen\u00a0und innerklinischen Reanimationsereignissen sowie Notfallversorgungen in der Klinik erfasst. Damit stellt das Deutsche Reanimationsregister die gr\u00f6\u00dfte \u00fcberregionale\u2026","rel":"","context":"In &quot;Reanimatologie&quot;","block_context":{"text":"Reanimatologie","link":"https:\/\/news-papers.eu\/?cat=137"},"img":{"alt_text":"","src":"https:\/\/i0.wp.com\/news-papers.eu\/wp-content\/uploads\/2017\/07\/Bildschirmfoto-2017-05-05-um-14.09.56.png?fit=638%2C636&ssl=1&resize=350%2C200","width":350,"height":200,"srcset":"https:\/\/i0.wp.com\/news-papers.eu\/wp-content\/uploads\/2017\/07\/Bildschirmfoto-2017-05-05-um-14.09.56.png?fit=638%2C636&ssl=1&resize=350%2C200 1x, https:\/\/i0.wp.com\/news-papers.eu\/wp-content\/uploads\/2017\/07\/Bildschirmfoto-2017-05-05-um-14.09.56.png?fit=638%2C636&ssl=1&resize=525%2C300 1.5x"},"classes":[]},{"id":15405,"url":"https:\/\/news-papers.eu\/?p=15405","url_meta":{"origin":11921,"position":5},"title":"15 Jahre Deutsches Reanimationsregister","author":"Michael Bernhard","date":"April 25, 2022","format":false,"excerpt":"Ristau P et al. Das Deutsche Reanimationsregister feiert sein 15-ja\u0308hriges Bestehen.\u00a0Ein Blick hinter die Kulissen der gro\u0308\u00dften deutschsprachigen Datenbank zur sektorenu\u0308bergreifenden Optimierung der Versorgung von Patienten mit und nach Herz-Kreislauf-Stillstand. Ana\u0308sth Intensivmed 2022;63:V66\u2013V70 (Open Access) 15 Jahre nach seiner Gru\u0308ndung hat sich das Deutsche Reanimationsregister \u2013 German Resuscitation Registry (GRR)\u2026","rel":"","context":"In &quot;Reanimatologie&quot;","block_context":{"text":"Reanimatologie","link":"https:\/\/news-papers.eu\/?cat=137"},"img":{"alt_text":"","src":"https:\/\/i0.wp.com\/news-papers.eu\/wp-content\/uploads\/2022\/04\/Bildschirmfoto-2022-04-23-um-14.36.23-300x203.png?resize=350%2C200","width":350,"height":200},"classes":[]}],"jetpack_likes_enabled":true,"_links":{"self":[{"href":"https:\/\/news-papers.eu\/index.php?rest_route=\/wp\/v2\/posts\/11921","targetHints":{"allow":["GET"]}}],"collection":[{"href":"https:\/\/news-papers.eu\/index.php?rest_route=\/wp\/v2\/posts"}],"about":[{"href":"https:\/\/news-papers.eu\/index.php?rest_route=\/wp\/v2\/types\/post"}],"author":[{"embeddable":true,"href":"https:\/\/news-papers.eu\/index.php?rest_route=\/wp\/v2\/users\/2"}],"replies":[{"embeddable":true,"href":"https:\/\/news-papers.eu\/index.php?rest_route=%2Fwp%2Fv2%2Fcomments&post=11921"}],"version-history":[{"count":3,"href":"https:\/\/news-papers.eu\/index.php?rest_route=\/wp\/v2\/posts\/11921\/revisions"}],"predecessor-version":[{"id":11925,"href":"https:\/\/news-papers.eu\/index.php?rest_route=\/wp\/v2\/posts\/11921\/revisions\/11925"}],"wp:featuredmedia":[{"embeddable":true,"href":"https:\/\/news-papers.eu\/index.php?rest_route=\/wp\/v2\/media\/11924"}],"wp:attachment":[{"href":"https:\/\/news-papers.eu\/index.php?rest_route=%2Fwp%2Fv2%2Fmedia&parent=11921"}],"wp:term":[{"taxonomy":"category","embeddable":true,"href":"https:\/\/news-papers.eu\/index.php?rest_route=%2Fwp%2Fv2%2Fcategories&post=11921"},{"taxonomy":"post_tag","embeddable":true,"href":"https:\/\/news-papers.eu\/index.php?rest_route=%2Fwp%2Fv2%2Ftags&post=11921"}],"curies":[{"name":"wp","href":"https:\/\/api.w.org\/{rel}","templated":true}]}}