{"id":11526,"date":"2020-05-20T04:16:39","date_gmt":"2020-05-20T02:16:39","guid":{"rendered":"http:\/\/news-papers.eu\/?p=11526"},"modified":"2020-05-20T07:50:54","modified_gmt":"2020-05-20T05:50:54","slug":"umfrage-des-covid-19-vom-delir-netzwerk","status":"publish","type":"post","link":"https:\/\/news-papers.eu\/?p=11526","title":{"rendered":"Umfrage des DELIR-Netzwerks zu COVID-19"},"content":{"rendered":"<p style=\"text-align: justify\"><img data-recalc-dims=\"1\" loading=\"lazy\" decoding=\"async\" data-attachment-id=\"3240\" data-permalink=\"https:\/\/news-papers.eu\/?attachment_id=3240\" data-orig-file=\"https:\/\/i0.wp.com\/news-papers.eu\/wp-content\/uploads\/2016\/12\/Umfrage.jpg?fit=960%2C540&amp;ssl=1\" data-orig-size=\"960,540\" data-comments-opened=\"1\" data-image-meta=\"{&quot;aperture&quot;:&quot;0&quot;,&quot;credit&quot;:&quot;&quot;,&quot;camera&quot;:&quot;&quot;,&quot;caption&quot;:&quot;&quot;,&quot;created_timestamp&quot;:&quot;0&quot;,&quot;copyright&quot;:&quot;&quot;,&quot;focal_length&quot;:&quot;0&quot;,&quot;iso&quot;:&quot;0&quot;,&quot;shutter_speed&quot;:&quot;0&quot;,&quot;title&quot;:&quot;&quot;,&quot;orientation&quot;:&quot;0&quot;}\" data-image-title=\"umfrage\" data-image-description=\"\" data-image-caption=\"\" data-large-file=\"https:\/\/i0.wp.com\/news-papers.eu\/wp-content\/uploads\/2016\/12\/Umfrage.jpg?fit=960%2C540&amp;ssl=1\" src=\"https:\/\/i0.wp.com\/news-papers.eu\/wp-content\/uploads\/2016\/12\/Umfrage.jpg?resize=300%2C169\" class=\"alignright size-medium wp-image-3240\" width=\"300\" height=\"169\" alt=\"\" srcset=\"https:\/\/i0.wp.com\/news-papers.eu\/wp-content\/uploads\/2016\/12\/Umfrage.jpg?resize=300%2C169&amp;ssl=1 300w, https:\/\/i0.wp.com\/news-papers.eu\/wp-content\/uploads\/2016\/12\/Umfrage.jpg?resize=768%2C432&amp;ssl=1 768w, https:\/\/i0.wp.com\/news-papers.eu\/wp-content\/uploads\/2016\/12\/Umfrage.jpg?resize=750%2C422&amp;ssl=1 750w, https:\/\/i0.wp.com\/news-papers.eu\/wp-content\/uploads\/2016\/12\/Umfrage.jpg?w=960&amp;ssl=1 960w\" sizes=\"auto, (max-width: 300px) 100vw, 300px\" \/>Im Rahmen der bestehenden <strong>Covid-19 Pandemie<\/strong> ergeben sich vielen Fragen zur pers\u00f6nlichen Belastung von Medizinern und Pflegekr\u00e4ften.&nbsp;Eine Forschungsgruppe der Intensivmedizin (S. Pelz, M.Sc., Hamburg; P. Nydahl, M.ScN., und C. Borzikowsky, Dr. Dipl.-Psych., Universit\u00e4tsklinikum Schleswig-Holstein, Campus Kiel; R. Dubb, M.A., und A. Kaltwasser, B.Sc., Akademie der Kreiskliniken Reutlingen GmbH) l\u00e4dt Sie gerne zu dieser Umfrage bez\u00fcglich der Covid-19 Pandemie ein!<\/p>\n<p style=\"text-align: justify\">In der Umfrage geht es um die Erfahrungen, die die Teilnehmer der Befragung w\u00e4hrend der Covid- 19 Pandemie in Ihrer praktischen T\u00e4tigkeit gemacht haben. Dieser Fragebogen enth\u00e4lt verschiedene Fragen, die u.a. Erfahrungen w\u00e4hrend der Covid-19 Pandemie erfassen. Die Bearbeitungsdauer dieser Umfrage betr\u00e4gt etwa 10 Minuten. F\u00fcr den Erfolg der Studie ist es wichtig, dass der Fragebogen vollst\u00e4ndig ausf\u00fcllt wird und keine der Fragen auslassen werden. Alle Daten werden anonym erhoben, sie k\u00f6nnen einer Person nicht zugeordnet werden und werden streng vertraulich behandelt.<\/p>\n<blockquote><p><strong><a href=\"https:\/\/www.limesurvey.medinfo.uni-kiel.de\/index.php\/624674?lang=de\">https:\/\/www.limesurvey.medinfo.uni-kiel.de\/index.php\/624674?lang=de<\/a><\/strong><\/p>\n<\/blockquote>\n<p>Nehmen Sie bitten an dieser Umfrage teil!<\/p>\n","protected":false},"excerpt":{"rendered":"<p>Im Rahmen der bestehenden Covid-19 Pandemie ergeben sich vielen Fragen zur pers\u00f6nlichen Belastung von Medizinern und Pflegekr\u00e4ften.&nbsp;Eine Forschungsgruppe der Intensivmedizin (S. Pelz, M.Sc., Hamburg; P. Nydahl, M.ScN., und C. Borzikowsky, [&hellip;]<\/p>\n","protected":false},"author":2,"featured_media":3240,"comment_status":"open","ping_status":"open","sticky":false,"template":"","format":"standard","meta":{"__cvm_playback_settings":[],"__cvm_video_id":"","jetpack_post_was_ever_published":false,"_jetpack_newsletter_access":"","_jetpack_dont_email_post_to_subs":false,"_jetpack_newsletter_tier_id":0,"_jetpack_memberships_contains_paywalled_content":false,"_jetpack_memberships_contains_paid_content":false,"footnotes":"","jetpack_publicize_message":"","jetpack_publicize_feature_enabled":true,"jetpack_social_post_already_shared":true,"jetpack_social_options":{"image_generator_settings":{"template":"highway","default_image_id":0,"font":"","enabled":false},"version":2},"_wpas_customize_per_network":false},"categories":[2,557],"tags":[],"class_list":["post-11526","post","type-post","status-publish","format-standard","has-post-thumbnail","hentry","category-allgemein","category-umfragen"],"jetpack_publicize_connections":[],"jetpack_featured_media_url":"https:\/\/i0.wp.com\/news-papers.eu\/wp-content\/uploads\/2016\/12\/Umfrage.jpg?fit=960%2C540&ssl=1","jetpack_sharing_enabled":true,"jetpack_shortlink":"https:\/\/wp.me\/p7fR2g-2ZU","jetpack-related-posts":[{"id":11722,"url":"https:\/\/news-papers.eu\/?p=11722","url_meta":{"origin":11526,"position":0},"title":"Umfrage &#8222;The spread of Coronavirus&#8220;","author":"Michael Bernhard","date":"Juli 6, 2020","format":false,"excerpt":"Studie \u201eThe spread of Coronavirus: Psychological implications and ways of coping in healthcare workers\u201c Gerne w\u00fcrden wir euch einladen, an der Studie \u201eThe spread of Coronavirus: Psychological implications and ways of coping in healthcare workers\u201c teilzunehmen. Die Studie des Universit\u00e4ren Notfallzentrums des Inselspitals in Bern untersucht, in Zusammenarbeit mit der\u2026","rel":"","context":"In &quot;www - Netzressource&quot;","block_context":{"text":"www - Netzressource","link":"https:\/\/news-papers.eu\/?cat=368"},"img":{"alt_text":"","src":"https:\/\/i0.wp.com\/news-papers.eu\/wp-content\/uploads\/2018\/01\/Umfrage-e1515415858825.jpg?fit=1000%2C667&ssl=1&resize=350%2C200","width":350,"height":200,"srcset":"https:\/\/i0.wp.com\/news-papers.eu\/wp-content\/uploads\/2018\/01\/Umfrage-e1515415858825.jpg?fit=1000%2C667&ssl=1&resize=350%2C200 1x, https:\/\/i0.wp.com\/news-papers.eu\/wp-content\/uploads\/2018\/01\/Umfrage-e1515415858825.jpg?fit=1000%2C667&ssl=1&resize=525%2C300 1.5x, https:\/\/i0.wp.com\/news-papers.eu\/wp-content\/uploads\/2018\/01\/Umfrage-e1515415858825.jpg?fit=1000%2C667&ssl=1&resize=700%2C400 2x"},"classes":[]},{"id":18722,"url":"https:\/\/news-papers.eu\/?p=18722","url_meta":{"origin":11526,"position":1},"title":"BEAM &#8211; die Umfrage zum E-Learning in der Akutmedizin!","author":"Bj\u00f6rn Hossfeld","date":"Oktober 28, 2024","format":false,"excerpt":"Die Corona-Pandemie hat eindr\u00fccklich gezeigt, dass Fortbildung nicht nur aus B\u00fcchern, Zeitschriften und Pr\u00e4senzveranstaltungen bestehen muss. E-Learning hat sich auf dieser Basis etabliert und er\u00f6ffnet neue M\u00f6glichkeiten f\u00fcr die medizinische Weiterbildung. Um E-Learning effektiver einsetzen zu k\u00f6nnen, m\u00f6chte eine Studiengruppe das Nutzungsverhalten und die Erwartungen der NutzerInnen besser verstehen und\u2026","rel":"","context":"In &quot;Umfragen&quot;","block_context":{"text":"Umfragen","link":"https:\/\/news-papers.eu\/?cat=557"},"img":{"alt_text":"","src":"https:\/\/i0.wp.com\/news-papers.eu\/wp-content\/uploads\/2024\/10\/BEAM-Umfrage-Logo-Alternative.png?fit=1200%2C1067&ssl=1&resize=350%2C200","width":350,"height":200,"srcset":"https:\/\/i0.wp.com\/news-papers.eu\/wp-content\/uploads\/2024\/10\/BEAM-Umfrage-Logo-Alternative.png?fit=1200%2C1067&ssl=1&resize=350%2C200 1x, https:\/\/i0.wp.com\/news-papers.eu\/wp-content\/uploads\/2024\/10\/BEAM-Umfrage-Logo-Alternative.png?fit=1200%2C1067&ssl=1&resize=525%2C300 1.5x, https:\/\/i0.wp.com\/news-papers.eu\/wp-content\/uploads\/2024\/10\/BEAM-Umfrage-Logo-Alternative.png?fit=1200%2C1067&ssl=1&resize=700%2C400 2x, https:\/\/i0.wp.com\/news-papers.eu\/wp-content\/uploads\/2024\/10\/BEAM-Umfrage-Logo-Alternative.png?fit=1200%2C1067&ssl=1&resize=1050%2C600 3x"},"classes":[]},{"id":13088,"url":"https:\/\/news-papers.eu\/?p=13088","url_meta":{"origin":11526,"position":2},"title":"Blitz-Umfrage der DIVI zur Impfbereitschaft","author":"Bj\u00f6rn Hossfeld","date":"Februar 2, 2021","format":false,"excerpt":"Die Deutsche Interdisziplin\u00e4re Vereinigung f\u00fcr Intensiv- und Notfallmedizin (DIVI) und die Deutsche Gesellschaft f\u00fcr Internistische Intensivmedizin und Notfallmedizin (DGIIN) und m\u00f6chte Sie zur Teilnahme an der online Umfrage \"Einstellung der Mitarbeitenden in den Krankenh\u00e4usern zur Impfung gegen SARS-CoV-2\" einladen. Bereits Anfang Dezember 2020 hatte die DIVI zu einer \u00e4hnlichen Befragung\u2026","rel":"","context":"In &quot;COVID-19&quot;","block_context":{"text":"COVID-19","link":"https:\/\/news-papers.eu\/?cat=1821"},"img":{"alt_text":"","src":"https:\/\/i0.wp.com\/news-papers.eu\/wp-content\/uploads\/2021\/02\/Bildschirmfoto-2021-02-01-um-21.44.04.png?fit=596%2C227&ssl=1&resize=350%2C200","width":350,"height":200,"srcset":"https:\/\/i0.wp.com\/news-papers.eu\/wp-content\/uploads\/2021\/02\/Bildschirmfoto-2021-02-01-um-21.44.04.png?fit=596%2C227&ssl=1&resize=350%2C200 1x, https:\/\/i0.wp.com\/news-papers.eu\/wp-content\/uploads\/2021\/02\/Bildschirmfoto-2021-02-01-um-21.44.04.png?fit=596%2C227&ssl=1&resize=525%2C300 1.5x"},"classes":[]},{"id":16680,"url":"https:\/\/news-papers.eu\/?p=16680","url_meta":{"origin":11526,"position":3},"title":"Umfrage: Versorgung von TIN*-Personen in Notaufnahme und Rettungsdienst","author":"Michael Bernhard","date":"Februar 14, 2023","format":false,"excerpt":"Umfrage: Versorgung von TIN*-Personen in Notaufnahme und Rettungsdienst - Bitte um Unterst\u00fctzung - Als Mitarbeiter*innen in Notaufnahmen und\/oder im Rettungsdienst begegnen Sie immer wieder Menschen, die sich der LGBTQI* Community (Lesbian, Gay, Bi, Trans, Queer, Intersex, Asexuell) zugeh\u00f6rig f\u00fchlen. Insbesondere f\u00fcr die Gruppe der TIN*-Personen (Trans*, Inter* und Nicht-bin\u00e4r), stellt\u2026","rel":"","context":"In &quot;Umfragen&quot;","block_context":{"text":"Umfragen","link":"https:\/\/news-papers.eu\/?cat=557"},"img":{"alt_text":"","src":"https:\/\/i0.wp.com\/news-papers.eu\/wp-content\/uploads\/2018\/01\/Umfrage-e1515415858825.jpg?fit=1000%2C667&ssl=1&resize=350%2C200","width":350,"height":200,"srcset":"https:\/\/i0.wp.com\/news-papers.eu\/wp-content\/uploads\/2018\/01\/Umfrage-e1515415858825.jpg?fit=1000%2C667&ssl=1&resize=350%2C200 1x, https:\/\/i0.wp.com\/news-papers.eu\/wp-content\/uploads\/2018\/01\/Umfrage-e1515415858825.jpg?fit=1000%2C667&ssl=1&resize=525%2C300 1.5x, https:\/\/i0.wp.com\/news-papers.eu\/wp-content\/uploads\/2018\/01\/Umfrage-e1515415858825.jpg?fit=1000%2C667&ssl=1&resize=700%2C400 2x"},"classes":[]},{"id":15098,"url":"https:\/\/news-papers.eu\/?p=15098","url_meta":{"origin":11526,"position":4},"title":"Umfrage zur chirurgischen Atemwegssicherung","author":"Bj\u00f6rn Hossfeld","date":"Februar 13, 2022","format":false,"excerpt":"Die chirurgische Atemwegssicherung \u00fcber eine Er\u00f6ffnung des Lig. Cricothyroideum (auch Lig. Conicum, deshalb auch Koniotomie) ist der ultimative Schritt f\u00fcr eine definitive Atemwegssicherung. F\u00fcr das Atemwegsmanagement im Notfall beschreibt Sise f\u00fcr die Koniotomie eine H\u00e4ufigkeit von 0,7 % in einem Level 1 Traumazentrum. Weit h\u00f6here Zahlen berichten Studien aus dem\u2026","rel":"","context":"In &quot;Atemwegsmanagement&quot;","block_context":{"text":"Atemwegsmanagement","link":"https:\/\/news-papers.eu\/?cat=3"},"img":{"alt_text":"","src":"https:\/\/i0.wp.com\/news-papers.eu\/wp-content\/uploads\/2022\/02\/ANNA-Koniotomie-06-Trachealkanu%CC%88le-in-situ-scaled.jpg?fit=1200%2C900&ssl=1&resize=350%2C200","width":350,"height":200,"srcset":"https:\/\/i0.wp.com\/news-papers.eu\/wp-content\/uploads\/2022\/02\/ANNA-Koniotomie-06-Trachealkanu%CC%88le-in-situ-scaled.jpg?fit=1200%2C900&ssl=1&resize=350%2C200 1x, https:\/\/i0.wp.com\/news-papers.eu\/wp-content\/uploads\/2022\/02\/ANNA-Koniotomie-06-Trachealkanu%CC%88le-in-situ-scaled.jpg?fit=1200%2C900&ssl=1&resize=525%2C300 1.5x, https:\/\/i0.wp.com\/news-papers.eu\/wp-content\/uploads\/2022\/02\/ANNA-Koniotomie-06-Trachealkanu%CC%88le-in-situ-scaled.jpg?fit=1200%2C900&ssl=1&resize=700%2C400 2x, https:\/\/i0.wp.com\/news-papers.eu\/wp-content\/uploads\/2022\/02\/ANNA-Koniotomie-06-Trachealkanu%CC%88le-in-situ-scaled.jpg?fit=1200%2C900&ssl=1&resize=1050%2C600 3x"},"classes":[]},{"id":4449,"url":"https:\/\/news-papers.eu\/?p=4449","url_meta":{"origin":11526,"position":5},"title":"Umfrage zur Pr\u00e4hospitalen Notfallnarkose","author":"Michael Bernhard","date":"April 13, 2017","format":false,"excerpt":"Die Notfallnarkose, Atemwegssicherung und Beatmung sind zentrale therapeutische Ma\u00dfnahmen in der Notfallmedizin. Anbei finden Sie den Hinweis\u00a0zu einer ONLINE-Umfrage unter Not\u00e4rztinnen und Not\u00e4rzten zur pr\u00e4hospitalen Notfallnarkose. Machen Sie mit und nehmen Sie an dieser Umfrage teil: Die Umfrage ist \u00a0anonym, kostenfrei und in weniger als 5 Minuten zu bearbeiten.\u00a0Ein\u00a0positives Ethikvotum\u2026","rel":"","context":"In &quot;Umfragen&quot;","block_context":{"text":"Umfragen","link":"https:\/\/news-papers.eu\/?cat=557"},"img":{"alt_text":"","src":"https:\/\/i0.wp.com\/news-papers.eu\/wp-content\/uploads\/2017\/04\/Umfrage1.jpg?fit=1200%2C800&ssl=1&resize=350%2C200","width":350,"height":200,"srcset":"https:\/\/i0.wp.com\/news-papers.eu\/wp-content\/uploads\/2017\/04\/Umfrage1.jpg?fit=1200%2C800&ssl=1&resize=350%2C200 1x, https:\/\/i0.wp.com\/news-papers.eu\/wp-content\/uploads\/2017\/04\/Umfrage1.jpg?fit=1200%2C800&ssl=1&resize=525%2C300 1.5x, https:\/\/i0.wp.com\/news-papers.eu\/wp-content\/uploads\/2017\/04\/Umfrage1.jpg?fit=1200%2C800&ssl=1&resize=700%2C400 2x, https:\/\/i0.wp.com\/news-papers.eu\/wp-content\/uploads\/2017\/04\/Umfrage1.jpg?fit=1200%2C800&ssl=1&resize=1050%2C600 3x"},"classes":[]}],"jetpack_likes_enabled":true,"_links":{"self":[{"href":"https:\/\/news-papers.eu\/index.php?rest_route=\/wp\/v2\/posts\/11526","targetHints":{"allow":["GET"]}}],"collection":[{"href":"https:\/\/news-papers.eu\/index.php?rest_route=\/wp\/v2\/posts"}],"about":[{"href":"https:\/\/news-papers.eu\/index.php?rest_route=\/wp\/v2\/types\/post"}],"author":[{"embeddable":true,"href":"https:\/\/news-papers.eu\/index.php?rest_route=\/wp\/v2\/users\/2"}],"replies":[{"embeddable":true,"href":"https:\/\/news-papers.eu\/index.php?rest_route=%2Fwp%2Fv2%2Fcomments&post=11526"}],"version-history":[{"count":3,"href":"https:\/\/news-papers.eu\/index.php?rest_route=\/wp\/v2\/posts\/11526\/revisions"}],"predecessor-version":[{"id":11542,"href":"https:\/\/news-papers.eu\/index.php?rest_route=\/wp\/v2\/posts\/11526\/revisions\/11542"}],"wp:featuredmedia":[{"embeddable":true,"href":"https:\/\/news-papers.eu\/index.php?rest_route=\/wp\/v2\/media\/3240"}],"wp:attachment":[{"href":"https:\/\/news-papers.eu\/index.php?rest_route=%2Fwp%2Fv2%2Fmedia&parent=11526"}],"wp:term":[{"taxonomy":"category","embeddable":true,"href":"https:\/\/news-papers.eu\/index.php?rest_route=%2Fwp%2Fv2%2Fcategories&post=11526"},{"taxonomy":"post_tag","embeddable":true,"href":"https:\/\/news-papers.eu\/index.php?rest_route=%2Fwp%2Fv2%2Ftags&post=11526"}],"curies":[{"name":"wp","href":"https:\/\/api.w.org\/{rel}","templated":true}]}}