{"id":11439,"date":"2020-04-28T04:03:47","date_gmt":"2020-04-28T02:03:47","guid":{"rendered":"http:\/\/news-papers.eu\/?p=11439"},"modified":"2020-04-27T21:07:07","modified_gmt":"2020-04-27T19:07:07","slug":"fuer-kurzentschlossene-intubation-und-ards-bei-covid-19","status":"publish","type":"post","link":"https:\/\/news-papers.eu\/?p=11439","title":{"rendered":"F\u00fcr Kurzentschlossene: Intubation und ARDS bei COVID-19"},"content":{"rendered":"<p style=\"text-align: justify;\">Flyerlarm hat sich f\u00fcr 150 Interessierte bereit erkl\u00e4rt <strong>Plakate im Format DIN A3<\/strong> der <strong>Therapiehilfen ARDS und Intubation bei COVID-19<\/strong>\u00a0der Kollegen des Campus f\u00fcr Intensiv- und Notfallmedizin e.V. zu drucken und zu versenden. Anfrage per Mail bitte an <a class=\"\" href=\"mailto:covid-19@flyeralarm.com\">covid-19@flyeralarm.com<\/a><\/p>\n<p style=\"text-align: justify;\">First come, First serve! Also viel Erfolg !<\/p>\n<p><img data-recalc-dims=\"1\" loading=\"lazy\" decoding=\"async\" data-attachment-id=\"11304\" data-permalink=\"https:\/\/news-papers.eu\/?attachment_id=11304\" data-orig-file=\"https:\/\/i0.wp.com\/news-papers.eu\/wp-content\/uploads\/2020\/04\/Bildschirmfoto-2020-04-01-um-21.40.32.png?fit=746%2C1066&amp;ssl=1\" data-orig-size=\"746,1066\" data-comments-opened=\"1\" data-image-meta=\"{&quot;aperture&quot;:&quot;0&quot;,&quot;credit&quot;:&quot;&quot;,&quot;camera&quot;:&quot;&quot;,&quot;caption&quot;:&quot;&quot;,&quot;created_timestamp&quot;:&quot;0&quot;,&quot;copyright&quot;:&quot;&quot;,&quot;focal_length&quot;:&quot;0&quot;,&quot;iso&quot;:&quot;0&quot;,&quot;shutter_speed&quot;:&quot;0&quot;,&quot;title&quot;:&quot;&quot;,&quot;orientation&quot;:&quot;0&quot;}\" data-image-title=\"Bildschirmfoto 2020-04-01 um 21.40.32\" data-image-description=\"\" data-image-caption=\"\" data-large-file=\"https:\/\/i0.wp.com\/news-papers.eu\/wp-content\/uploads\/2020\/04\/Bildschirmfoto-2020-04-01-um-21.40.32.png?fit=717%2C1024&amp;ssl=1\" class=\"alignnone size-medium wp-image-11304\" src=\"https:\/\/i0.wp.com\/news-papers.eu\/wp-content\/uploads\/2020\/04\/Bildschirmfoto-2020-04-01-um-21.40.32.png?resize=210%2C300\" alt=\"\" width=\"210\" height=\"300\" srcset=\"https:\/\/i0.wp.com\/news-papers.eu\/wp-content\/uploads\/2020\/04\/Bildschirmfoto-2020-04-01-um-21.40.32.png?resize=210%2C300&amp;ssl=1 210w, https:\/\/i0.wp.com\/news-papers.eu\/wp-content\/uploads\/2020\/04\/Bildschirmfoto-2020-04-01-um-21.40.32.png?resize=717%2C1024&amp;ssl=1 717w, https:\/\/i0.wp.com\/news-papers.eu\/wp-content\/uploads\/2020\/04\/Bildschirmfoto-2020-04-01-um-21.40.32.png?w=746&amp;ssl=1 746w\" sizes=\"auto, (max-width: 210px) 100vw, 210px\" \/>\u00a0 \u00a0\u00a0<img data-recalc-dims=\"1\" loading=\"lazy\" decoding=\"async\" data-attachment-id=\"11300\" data-permalink=\"https:\/\/news-papers.eu\/?attachment_id=11300\" data-orig-file=\"https:\/\/i0.wp.com\/news-papers.eu\/wp-content\/uploads\/2020\/04\/Bildschirmfoto-2020-04-01-um-21.39.44.png?fit=782%2C1108&amp;ssl=1\" data-orig-size=\"782,1108\" data-comments-opened=\"1\" data-image-meta=\"{&quot;aperture&quot;:&quot;0&quot;,&quot;credit&quot;:&quot;&quot;,&quot;camera&quot;:&quot;&quot;,&quot;caption&quot;:&quot;&quot;,&quot;created_timestamp&quot;:&quot;0&quot;,&quot;copyright&quot;:&quot;&quot;,&quot;focal_length&quot;:&quot;0&quot;,&quot;iso&quot;:&quot;0&quot;,&quot;shutter_speed&quot;:&quot;0&quot;,&quot;title&quot;:&quot;&quot;,&quot;orientation&quot;:&quot;0&quot;}\" data-image-title=\"Bildschirmfoto 2020-04-01 um 21.39.44\" data-image-description=\"\" data-image-caption=\"\" data-large-file=\"https:\/\/i0.wp.com\/news-papers.eu\/wp-content\/uploads\/2020\/04\/Bildschirmfoto-2020-04-01-um-21.39.44.png?fit=723%2C1024&amp;ssl=1\" class=\"alignnone size-medium wp-image-11300\" src=\"https:\/\/i0.wp.com\/news-papers.eu\/wp-content\/uploads\/2020\/04\/Bildschirmfoto-2020-04-01-um-21.39.44.png?resize=212%2C300\" alt=\"\" width=\"212\" height=\"300\" srcset=\"https:\/\/i0.wp.com\/news-papers.eu\/wp-content\/uploads\/2020\/04\/Bildschirmfoto-2020-04-01-um-21.39.44.png?resize=212%2C300&amp;ssl=1 212w, https:\/\/i0.wp.com\/news-papers.eu\/wp-content\/uploads\/2020\/04\/Bildschirmfoto-2020-04-01-um-21.39.44.png?resize=723%2C1024&amp;ssl=1 723w, https:\/\/i0.wp.com\/news-papers.eu\/wp-content\/uploads\/2020\/04\/Bildschirmfoto-2020-04-01-um-21.39.44.png?resize=768%2C1088&amp;ssl=1 768w, https:\/\/i0.wp.com\/news-papers.eu\/wp-content\/uploads\/2020\/04\/Bildschirmfoto-2020-04-01-um-21.39.44.png?resize=750%2C1063&amp;ssl=1 750w, https:\/\/i0.wp.com\/news-papers.eu\/wp-content\/uploads\/2020\/04\/Bildschirmfoto-2020-04-01-um-21.39.44.png?w=782&amp;ssl=1 782w\" sizes=\"auto, (max-width: 212px) 100vw, 212px\" \/><\/p>\n","protected":false},"excerpt":{"rendered":"<p>Flyerlarm hat sich f\u00fcr 150 Interessierte bereit erkl\u00e4rt Plakate im Format DIN A3 der Therapiehilfen ARDS und Intubation bei COVID-19\u00a0der Kollegen des Campus f\u00fcr Intensiv- und Notfallmedizin e.V. zu drucken [&hellip;]<\/p>\n","protected":false},"author":2,"featured_media":11304,"comment_status":"open","ping_status":"open","sticky":false,"template":"","format":"standard","meta":{"__cvm_playback_settings":[],"__cvm_video_id":"","jetpack_post_was_ever_published":false,"_jetpack_newsletter_access":"","_jetpack_dont_email_post_to_subs":false,"_jetpack_newsletter_tier_id":0,"_jetpack_memberships_contains_paywalled_content":false,"_jetpack_memberships_contains_paid_content":false,"footnotes":"","jetpack_publicize_message":"","jetpack_publicize_feature_enabled":true,"jetpack_social_post_already_shared":true,"jetpack_social_options":{"image_generator_settings":{"template":"highway","default_image_id":0,"font":"","enabled":false},"version":2},"_wpas_customize_per_network":false},"categories":[368],"tags":[],"class_list":["post-11439","post","type-post","status-publish","format-standard","has-post-thumbnail","hentry","category-www-netzressource"],"jetpack_publicize_connections":[],"jetpack_featured_media_url":"https:\/\/i0.wp.com\/news-papers.eu\/wp-content\/uploads\/2020\/04\/Bildschirmfoto-2020-04-01-um-21.40.32.png?fit=746%2C1066&ssl=1","jetpack_sharing_enabled":true,"jetpack_shortlink":"https:\/\/wp.me\/p7fR2g-2Yv","jetpack-related-posts":[{"id":804,"url":"https:\/\/news-papers.eu\/?p=804","url_meta":{"origin":11439,"position":0},"title":"Die S3 Leitlinie &#8222;Nichtinvasive Beatmung&#8220; Teil 4","author":"Michael Bernhard","date":"April 4, 2016","format":false,"excerpt":"Nun zum 4. Teil unserer Reihe zur S3 Leitlinie \"Nichtinasvive Beatmung ...\", heute zum Thema \"Hypox\u00e4mische akute respiratorische Insuffizienz anderer Ursache\". Westhoff M, et al.\u00a0Nichtinvasive Beatmung als Therapie der akuten respiratorischen Insuffizienz.\u00a0S3\u00a0Leitlinie AMWF\u00a0(PDF) Das wesentliche Ziel der NIV-Behandlung bei hypox\u00e4mischen ARI ist die Vergr\u00f6\u00dferung bzw. Normalisierung der pathologisch reduzierten funktionellen\u2026","rel":"","context":"In &quot;NIV-Beatmung&quot;","block_context":{"text":"NIV-Beatmung","link":"https:\/\/news-papers.eu\/?cat=111"},"img":{"alt_text":"NIV_Beatmung","src":"https:\/\/i0.wp.com\/news-papers.eu\/wp-content\/uploads\/2016\/03\/NIV_Beatmung-182x300.png?resize=350%2C200","width":350,"height":200},"classes":[]},{"id":11278,"url":"https:\/\/news-papers.eu\/?p=11278","url_meta":{"origin":11439,"position":1},"title":"#FightingCorona: AWMF S1 Leitlinie Intensivmedizin bei COVID","author":"Michael Bernhard","date":"April 1, 2020","format":false,"excerpt":"Eine S1 Leitlinie zur intensivmedizinischen Therapie von Patienten mit COVID-19 ist erschienen: Kluge S et al. S1-Empfehlungen zur intensivmedizinischen Therapie von Patienten mit COVID-19. AWMF Reg.: 113\/001 (PDF) Kurzzusammenfassung - Quick Update:\u00a0 Virus: SARS-CoV2 Erkrankung: COVID-19 Diagnostik: Nachweis von SARS-CoV2 aus Rachenabstrich oder Sp\u00fclwasser, ggf. Tracheobronchialsekret Leitsymptom:\u00a0Fieber und Husten Verlauf:\u2026","rel":"","context":"In &quot;COVID-19&quot;","block_context":{"text":"COVID-19","link":"https:\/\/news-papers.eu\/?cat=1821"},"img":{"alt_text":"","src":"https:\/\/i0.wp.com\/news-papers.eu\/wp-content\/uploads\/2020\/04\/Bildschirmfoto-2020-03-29-um-11.43.08.png?fit=518%2C262&ssl=1&resize=350%2C200","width":350,"height":200},"classes":[]},{"id":12381,"url":"https:\/\/news-papers.eu\/?p=12381","url_meta":{"origin":11439,"position":2},"title":"Neue Empfehlungen zum &#8222;Physiological Difficult Airway&#8220; &#8211; Teil 1","author":"Michael Bernhard","date":"Oktober 24, 2020","format":false,"excerpt":"Mehrere internationale Atemwegsgesellschaften haben Richtlinien f\u00fcr das Management des schwierigen Atemweges erstellt. Bei kritisch kranken Patienten gibt es physiologische St\u00f6rungen, die \u00fcber einen unzureichenden Schutz der Atemwege oder eine Hypox\u00e4mie hinausgehen. Diese Risikofaktoren tragen zu den \"physiologisch schwierigen Atemwegen\" bei und sind mit Komplikationen wie Herzstillstand und Tod verbunden. Wichtig\u2026","rel":"","context":"In &quot;Atemwegsmanagement&quot;","block_context":{"text":"Atemwegsmanagement","link":"https:\/\/news-papers.eu\/?cat=3"},"img":{"alt_text":"","src":"https:\/\/i0.wp.com\/news-papers.eu\/wp-content\/uploads\/2018\/03\/Ikone_Atemwegsregister.jpg?fit=480%2C479&ssl=1&resize=350%2C200","width":350,"height":200},"classes":[]},{"id":12385,"url":"https:\/\/news-papers.eu\/?p=12385","url_meta":{"origin":11439,"position":3},"title":"Neue Empfehlungen zum &#8222;Physiological Difficult Airway&#8220; &#8211; Teil 2","author":"Michael Bernhard","date":"Oktober 26, 2020","format":false,"excerpt":"Schauen wir heute doch noch mal etwas genauer in die neuen Empfehlungen zum Vorgehen f\u00fcr den \"physiologisch schwierigen Atemweg\": Kornas RL et al. Evaluation and Management of the Physiologically\u00a0Difficult Airway: Consensus Recommendations From Society for Airway Management. Anesthesia Analgesia 2020, online Zum Thema \"Hypox\u00e4mie\" finden sich folgende detaillierten Empfehlungen:\u00a0 Alle\u2026","rel":"","context":"In &quot;Atemwegsmanagement&quot;","block_context":{"text":"Atemwegsmanagement","link":"https:\/\/news-papers.eu\/?cat=3"},"img":{"alt_text":"","src":"https:\/\/i0.wp.com\/news-papers.eu\/wp-content\/uploads\/2020\/10\/gas-1689222_1920-e1602836689547.jpg?fit=1000%2C1000&ssl=1&resize=350%2C200","width":350,"height":200,"srcset":"https:\/\/i0.wp.com\/news-papers.eu\/wp-content\/uploads\/2020\/10\/gas-1689222_1920-e1602836689547.jpg?fit=1000%2C1000&ssl=1&resize=350%2C200 1x, https:\/\/i0.wp.com\/news-papers.eu\/wp-content\/uploads\/2020\/10\/gas-1689222_1920-e1602836689547.jpg?fit=1000%2C1000&ssl=1&resize=525%2C300 1.5x, https:\/\/i0.wp.com\/news-papers.eu\/wp-content\/uploads\/2020\/10\/gas-1689222_1920-e1602836689547.jpg?fit=1000%2C1000&ssl=1&resize=700%2C400 2x"},"classes":[]},{"id":11303,"url":"https:\/\/news-papers.eu\/?p=11303","url_meta":{"origin":11439,"position":4},"title":"#FightingCorona: Campus f\u00fcr Intensiv- und Notfallmedizin e.v. Teil 2","author":"Michael Bernhard","date":"April 12, 2020","format":false,"excerpt":"Campus f\u00fcr Intensiv- und Notfallmedizin e.v. ist \u00fcber https:\/\/cin.team\u00a0 zu erreichen. Die Kollegen haben eine Intubationscheckliste\u00a0entwickelt, diese soll den Teams die M\u00f6glichkeit geben sich zum einen auf die Situation vorzubereiten und in der Anwendung unmittelbar vor der Intubation die Vollst\u00e4ndigkeit der Materialien zu garantieren.\u00a0 Intubation bei COVID: ITN_COVID19_CIN Campus f\u00fcr\u2026","rel":"","context":"In &quot;COVID-19&quot;","block_context":{"text":"COVID-19","link":"https:\/\/news-papers.eu\/?cat=1821"},"img":{"alt_text":"","src":"https:\/\/i0.wp.com\/news-papers.eu\/wp-content\/uploads\/2020\/04\/Bildschirmfoto-2020-04-01-um-21.40.32.png?fit=746%2C1066&ssl=1&resize=350%2C200","width":350,"height":200,"srcset":"https:\/\/i0.wp.com\/news-papers.eu\/wp-content\/uploads\/2020\/04\/Bildschirmfoto-2020-04-01-um-21.40.32.png?fit=746%2C1066&ssl=1&resize=350%2C200 1x, https:\/\/i0.wp.com\/news-papers.eu\/wp-content\/uploads\/2020\/04\/Bildschirmfoto-2020-04-01-um-21.40.32.png?fit=746%2C1066&ssl=1&resize=525%2C300 1.5x, https:\/\/i0.wp.com\/news-papers.eu\/wp-content\/uploads\/2020\/04\/Bildschirmfoto-2020-04-01-um-21.40.32.png?fit=746%2C1066&ssl=1&resize=700%2C400 2x"},"classes":[]},{"id":11323,"url":"https:\/\/news-papers.eu\/?p=11323","url_meta":{"origin":11439,"position":5},"title":"#FightingCorona: Erste Daten aus Aachen zu COVID19","author":"Michael Bernhard","date":"April 15, 2020","format":false,"excerpt":"Erste Daten aus Aachen, ganz in der N\u00e4he von Heinsberg, zur Versorgung hospitalisierter COVID 19 Patienten: Dreher M et al. Charakteristik von 50 hospitalisierten COVID-19-Patienten mit und ohne ARDS.\u00a0Dtsch Arztebl Int 2020; 117: 271-8; DOI: 10.3238\/arztebl.2020.0271 Die Kollegen Schlussfolgerung: An COVID-19 erkrankte Patienten mit ARDS weisen vermehrt respiratorische Vorerkrankungen und\u2026","rel":"","context":"In &quot;COVID-19&quot;","block_context":{"text":"COVID-19","link":"https:\/\/news-papers.eu\/?cat=1821"},"img":{"alt_text":"","src":"https:\/\/i0.wp.com\/news-papers.eu\/wp-content\/uploads\/2020\/03\/Daniele-Maccini.jpg?fit=526%2C505&ssl=1&resize=350%2C200","width":350,"height":200,"srcset":"https:\/\/i0.wp.com\/news-papers.eu\/wp-content\/uploads\/2020\/03\/Daniele-Maccini.jpg?fit=526%2C505&ssl=1&resize=350%2C200 1x, https:\/\/i0.wp.com\/news-papers.eu\/wp-content\/uploads\/2020\/03\/Daniele-Maccini.jpg?fit=526%2C505&ssl=1&resize=525%2C300 1.5x"},"classes":[]}],"jetpack_likes_enabled":true,"_links":{"self":[{"href":"https:\/\/news-papers.eu\/index.php?rest_route=\/wp\/v2\/posts\/11439","targetHints":{"allow":["GET"]}}],"collection":[{"href":"https:\/\/news-papers.eu\/index.php?rest_route=\/wp\/v2\/posts"}],"about":[{"href":"https:\/\/news-papers.eu\/index.php?rest_route=\/wp\/v2\/types\/post"}],"author":[{"embeddable":true,"href":"https:\/\/news-papers.eu\/index.php?rest_route=\/wp\/v2\/users\/2"}],"replies":[{"embeddable":true,"href":"https:\/\/news-papers.eu\/index.php?rest_route=%2Fwp%2Fv2%2Fcomments&post=11439"}],"version-history":[{"count":1,"href":"https:\/\/news-papers.eu\/index.php?rest_route=\/wp\/v2\/posts\/11439\/revisions"}],"predecessor-version":[{"id":11440,"href":"https:\/\/news-papers.eu\/index.php?rest_route=\/wp\/v2\/posts\/11439\/revisions\/11440"}],"wp:featuredmedia":[{"embeddable":true,"href":"https:\/\/news-papers.eu\/index.php?rest_route=\/wp\/v2\/media\/11304"}],"wp:attachment":[{"href":"https:\/\/news-papers.eu\/index.php?rest_route=%2Fwp%2Fv2%2Fmedia&parent=11439"}],"wp:term":[{"taxonomy":"category","embeddable":true,"href":"https:\/\/news-papers.eu\/index.php?rest_route=%2Fwp%2Fv2%2Fcategories&post=11439"},{"taxonomy":"post_tag","embeddable":true,"href":"https:\/\/news-papers.eu\/index.php?rest_route=%2Fwp%2Fv2%2Ftags&post=11439"}],"curies":[{"name":"wp","href":"https:\/\/api.w.org\/{rel}","templated":true}]}}