{"id":11311,"date":"2020-04-23T04:37:14","date_gmt":"2020-04-23T02:37:14","guid":{"rendered":"http:\/\/news-papers.eu\/?p=11311"},"modified":"2020-04-24T18:53:11","modified_gmt":"2020-04-24T16:53:11","slug":"fightingcorona-lungensonographie-bei-covid19-by-armin-seibel","status":"publish","type":"post","link":"https:\/\/news-papers.eu\/?p=11311","title":{"rendered":"#FightingCorona: Lungensonographie bei COVID19 by Armin Seibel"},"content":{"rendered":"<p style=\"text-align: justify;\">Die Sonographieschule um Dr. Armin Seibel hat ein tolles Video zur <strong>Lungensonographie bei COVID 19<\/strong> gedreht (aktualisierte Version):<\/p>\n<p><iframe loading=\"lazy\"  id=\"_ytid_54984\"  width=\"1170\" height=\"658\"  data-origwidth=\"1170\" data-origheight=\"658\" src=\"https:\/\/www.youtube.com\/embed\/hM1LZyBlJbM?enablejsapi=1&#038;autoplay=0&#038;cc_load_policy=0&#038;cc_lang_pref=&#038;iv_load_policy=1&#038;loop=0&#038;rel=1&#038;fs=1&#038;playsinline=0&#038;autohide=2&#038;theme=dark&#038;color=red&#038;controls=1&#038;disablekb=0&#038;\" class=\"__youtube_prefs__  epyt-is-override  no-lazyload\" title=\"YouTube player\"  allow=\"fullscreen; accelerometer; autoplay; clipboard-write; encrypted-media; gyroscope; picture-in-picture; web-share\" referrerpolicy=\"strict-origin-when-cross-origin\" allowfullscreen data-no-lazy=\"1\" data-skipgform_ajax_framebjll=\"\"><\/iframe><\/p>\n<p style=\"text-align: justify;\">\n<p>Link: <a href=\"https:\/\/www.youtube.com\/watch?v=hM1LZyBlJbM&amp;feature=youtu.be\" target=\"_blank\" rel=\"noopener noreferrer\">https:\/\/www.youtube.com\/watch?v=hM1LZyBlJbM&amp;feature=youtu.be<\/a><\/p>\n<p>und noch ein Beispiel von LIFE in the FASTLANE:<\/p>\n<blockquote class=\"wp-embedded-content\" data-secret=\"3hkNCBn4Dt\"><p><a href=\"https:\/\/litfl.com\/lung-ultrasound-covid-19-cases\/\">Lung ultrasound: COVID-19 cases<\/a><\/p><\/blockquote>\n<p><iframe loading=\"lazy\" title=\"&#8220;Lung ultrasound: COVID-19 cases&#8221; &#8212; Life in the Fast Lane \u2022 LITFL \u2022 Medical Blog\" class=\"wp-embedded-content\" sandbox=\"allow-scripts\" security=\"restricted\" style=\"position: absolute; clip: rect(1px, 1px, 1px, 1px);\" src=\"https:\/\/litfl.com\/lung-ultrasound-covid-19-cases\/embed\/#?secret=3hkNCBn4Dt\" data-secret=\"3hkNCBn4Dt\" width=\"600\" height=\"338\" frameborder=\"0\" marginwidth=\"0\" marginheight=\"0\" scrolling=\"no\"><\/iframe><\/p>\n","protected":false},"excerpt":{"rendered":"<p>Die Sonographieschule um Dr. Armin Seibel hat ein tolles Video zur Lungensonographie bei COVID 19 gedreht (aktualisierte Version): Link: https:\/\/www.youtube.com\/watch?v=hM1LZyBlJbM&amp;feature=youtu.be und noch ein Beispiel von LIFE in the FASTLANE: Lung [&hellip;]<\/p>\n","protected":false},"author":2,"featured_media":11312,"comment_status":"open","ping_status":"open","sticky":false,"template":"","format":"standard","meta":{"__cvm_playback_settings":[],"__cvm_video_id":"","jetpack_post_was_ever_published":false,"_jetpack_newsletter_access":"","_jetpack_dont_email_post_to_subs":false,"_jetpack_newsletter_tier_id":0,"_jetpack_memberships_contains_paywalled_content":false,"_jetpack_memberships_contains_paid_content":false,"footnotes":"","jetpack_publicize_message":"","jetpack_publicize_feature_enabled":true,"jetpack_social_post_already_shared":true,"jetpack_social_options":{"image_generator_settings":{"template":"highway","default_image_id":0,"font":"","enabled":false},"version":2},"_wpas_customize_per_network":false},"categories":[1821],"tags":[1832,1836],"class_list":["post-11311","post","type-post","status-publish","format-standard","has-post-thumbnail","hentry","category-covid-19","tag-covid19","tag-lungensonographie"],"jetpack_publicize_connections":[],"jetpack_featured_media_url":"https:\/\/i0.wp.com\/news-papers.eu\/wp-content\/uploads\/2020\/04\/Bildschirmfoto-2020-04-04-um-10.38.32-e1585989557534.png?fit=300%2C169&ssl=1","jetpack_sharing_enabled":true,"jetpack_shortlink":"https:\/\/wp.me\/p7fR2g-2Wr","jetpack-related-posts":[{"id":12804,"url":"https:\/\/news-papers.eu\/?p=12804","url_meta":{"origin":11311,"position":0},"title":"PoCUS4COVID: Sonographie bei COVID-19","author":"Michael Bernhard","date":"Januar 8, 2021","format":false,"excerpt":"Tolles Bildmterial und einige Anleitungen zur Lungensonographie: Link: https:\/\/ccforum.biomedcentral.com\/track\/pdf\/10.1186\/s13054-020-03369-5.pdf","rel":"","context":"In &quot;COVID-19&quot;","block_context":{"text":"COVID-19","link":"https:\/\/news-papers.eu\/?cat=1821"},"img":{"alt_text":"","src":"https:\/\/i0.wp.com\/news-papers.eu\/wp-content\/uploads\/2020\/12\/Bildschirmfoto-2020-12-25-um-10.06.46-300x103.png?resize=350%2C200","width":350,"height":200,"srcset":"https:\/\/i0.wp.com\/news-papers.eu\/wp-content\/uploads\/2020\/12\/Bildschirmfoto-2020-12-25-um-10.06.46-300x103.png?resize=350%2C200 1x, https:\/\/i0.wp.com\/news-papers.eu\/wp-content\/uploads\/2020\/12\/Bildschirmfoto-2020-12-25-um-10.06.46-300x103.png?resize=525%2C300 1.5x, https:\/\/i0.wp.com\/news-papers.eu\/wp-content\/uploads\/2020\/12\/Bildschirmfoto-2020-12-25-um-10.06.46-300x103.png?resize=700%2C400 2x"},"classes":[]},{"id":11278,"url":"https:\/\/news-papers.eu\/?p=11278","url_meta":{"origin":11311,"position":1},"title":"#FightingCorona: AWMF S1 Leitlinie Intensivmedizin bei COVID","author":"Michael Bernhard","date":"April 1, 2020","format":false,"excerpt":"Eine S1 Leitlinie zur intensivmedizinischen Therapie von Patienten mit COVID-19 ist erschienen: Kluge S et al. S1-Empfehlungen zur intensivmedizinischen Therapie von Patienten mit COVID-19. AWMF Reg.: 113\/001 (PDF) Kurzzusammenfassung - Quick Update:\u00a0 Virus: SARS-CoV2 Erkrankung: COVID-19 Diagnostik: Nachweis von SARS-CoV2 aus Rachenabstrich oder Sp\u00fclwasser, ggf. Tracheobronchialsekret Leitsymptom:\u00a0Fieber und Husten Verlauf:\u2026","rel":"","context":"In &quot;COVID-19&quot;","block_context":{"text":"COVID-19","link":"https:\/\/news-papers.eu\/?cat=1821"},"img":{"alt_text":"","src":"https:\/\/i0.wp.com\/news-papers.eu\/wp-content\/uploads\/2020\/04\/Bildschirmfoto-2020-03-29-um-11.43.08.png?fit=518%2C262&ssl=1&resize=350%2C200","width":350,"height":200},"classes":[]},{"id":12429,"url":"https:\/\/news-papers.eu\/?p=12429","url_meta":{"origin":11311,"position":2},"title":"Lungen- und Thoraxsonographie bei der COVID-19-Erkrankung","author":"Michael Bernhard","date":"November 11, 2020","format":false,"excerpt":"Die Lungen- und Thoraxsonographie ist neben der Computertomographie und der Labordiagnostik eine weitere Untersuchungsmodalit\u00e4t bei der COVID-19-Erkrankung. Kiefl D et al., Empfehlungen zur Lungen- und Thoraxsonographie bei Patienten mit COVID-19-Erkrankung -\u00a0German recommendations on lung and thoracic ultrasonography in patients with COVID-19. Med Klin Intensivmed Notfmed 2020, online PDF Die Lungen-\u2026","rel":"","context":"In &quot;COVID-19&quot;","block_context":{"text":"COVID-19","link":"https:\/\/news-papers.eu\/?cat=1821"},"img":{"alt_text":"","src":"https:\/\/i0.wp.com\/news-papers.eu\/wp-content\/uploads\/2020\/04\/Sonographie1.jpg?fit=1200%2C900&ssl=1&resize=350%2C200","width":350,"height":200,"srcset":"https:\/\/i0.wp.com\/news-papers.eu\/wp-content\/uploads\/2020\/04\/Sonographie1.jpg?fit=1200%2C900&ssl=1&resize=350%2C200 1x, https:\/\/i0.wp.com\/news-papers.eu\/wp-content\/uploads\/2020\/04\/Sonographie1.jpg?fit=1200%2C900&ssl=1&resize=525%2C300 1.5x, https:\/\/i0.wp.com\/news-papers.eu\/wp-content\/uploads\/2020\/04\/Sonographie1.jpg?fit=1200%2C900&ssl=1&resize=700%2C400 2x, https:\/\/i0.wp.com\/news-papers.eu\/wp-content\/uploads\/2020\/04\/Sonographie1.jpg?fit=1200%2C900&ssl=1&resize=1050%2C600 3x"},"classes":[]},{"id":20712,"url":"https:\/\/news-papers.eu\/?p=20712","url_meta":{"origin":11311,"position":3},"title":"Notaufnahme up2date: Editorial &#038; SOP Lungensonographie","author":"Michael Bernhard","date":"April 25, 2026","format":false,"excerpt":"Weitere Einzelbeitr\u00e4ge der Notaufnahme up2date\u00a0 Einzelbeitr\u00e4gen: Editorial: KI in der Notaufnahme \u2013 klinische Realit\u00e4t statt Gestaltungsillusion von K\u00fcmpers P und Kumle B im Namen aller Herausgebenden Editorial_KI B\u00f6hm L, Fandler M. Leitlinie kompakt: Fokus Notaufnahme \u2013 Nachhaltigkeit in der Intensiv- und Notfallmedizin. Schwarz S J, Bayer J, Kumle B. SOP\u2026","rel":"","context":"In &quot;Notaufnahme&quot;","block_context":{"text":"Notaufnahme","link":"https:\/\/news-papers.eu\/?cat=2083"},"img":{"alt_text":"","src":"https:\/\/i0.wp.com\/news-papers.eu\/wp-content\/uploads\/2026\/04\/Cover_2-26.jpg?fit=576%2C768&ssl=1&resize=350%2C200","width":350,"height":200,"srcset":"https:\/\/i0.wp.com\/news-papers.eu\/wp-content\/uploads\/2026\/04\/Cover_2-26.jpg?fit=576%2C768&ssl=1&resize=350%2C200 1x, https:\/\/i0.wp.com\/news-papers.eu\/wp-content\/uploads\/2026\/04\/Cover_2-26.jpg?fit=576%2C768&ssl=1&resize=525%2C300 1.5x"},"classes":[]},{"id":20390,"url":"https:\/\/news-papers.eu\/?p=20390","url_meta":{"origin":11311,"position":4},"title":"06.\u201307. Juni 2026 | Zentrale Notaufnahme, Universit\u00e4tsklinikum D\u00fcsseldorf","author":"Michael Bernhard","date":"Februar 4, 2026","format":false,"excerpt":"Die Notfallsonographie ist ein unverzichtbares Instrument der modernen Akut- und Notfallmedizin. In diesem DEGUM-zertifizierten Grundkurs erlernen Sie die strukturierte, symptomorientierte Anwendung der Sonographie zur schnellen und sicheren Entscheidungsfindung im Notfall. Der Kurs vom 06.\u201307. Juni 2026 (Zentrale Notaufnahme, Universit\u00e4tsklinikum D\u00fcsseldorf) vermittelt praxisnah die sonographische Diagnostik von Thorax, Abdomen, Gef\u00e4\u00dfen und\u2026","rel":"","context":"In &quot;Veranstaltungshinweis&quot;","block_context":{"text":"Veranstaltungshinweis","link":"https:\/\/news-papers.eu\/?cat=30"},"img":{"alt_text":"","src":"https:\/\/i0.wp.com\/news-papers.eu\/wp-content\/uploads\/2026\/02\/Bildschirmfoto-2026-02-03-um-09.42.33.png?fit=682%2C1200&ssl=1&resize=350%2C200","width":350,"height":200,"srcset":"https:\/\/i0.wp.com\/news-papers.eu\/wp-content\/uploads\/2026\/02\/Bildschirmfoto-2026-02-03-um-09.42.33.png?fit=682%2C1200&ssl=1&resize=350%2C200 1x, https:\/\/i0.wp.com\/news-papers.eu\/wp-content\/uploads\/2026\/02\/Bildschirmfoto-2026-02-03-um-09.42.33.png?fit=682%2C1200&ssl=1&resize=525%2C300 1.5x"},"classes":[]},{"id":19688,"url":"https:\/\/news-papers.eu\/?p=19688","url_meta":{"origin":11311,"position":5},"title":"DEGUM-zertifizierten Grundkurs Notfallsonografie: 13. und 14.09.2025","author":"Michael Bernhard","date":"Juni 18, 2025","format":false,"excerpt":"Notfallmedizinische Patientenversorgung ohne sonografische Bildgebung? In der heutigen Zeit eigentlich nicht mehr denkbar. Die typischen akutmedizinischen Leitsymptome sind allzuoft multifaktoriell begr\u00fcndet und eine zielorientierte Therapie nun mal erst nach gesicherter Diagnose sinnvoll. In einer Studie aus dem Jahr 2017 an \u00fcber 2000 Notaufnahmepatienten konnten Zanobetti et al. durch eine in\u2026","rel":"","context":"In &quot;Veranstaltungshinweis&quot;","block_context":{"text":"Veranstaltungshinweis","link":"https:\/\/news-papers.eu\/?cat=30"},"img":{"alt_text":"","src":"https:\/\/i0.wp.com\/news-papers.eu\/wp-content\/uploads\/2025\/06\/Bildschirmfoto-2025-06-17-um-11.32.00.png?fit=1138%2C1200&ssl=1&resize=350%2C200","width":350,"height":200,"srcset":"https:\/\/i0.wp.com\/news-papers.eu\/wp-content\/uploads\/2025\/06\/Bildschirmfoto-2025-06-17-um-11.32.00.png?fit=1138%2C1200&ssl=1&resize=350%2C200 1x, https:\/\/i0.wp.com\/news-papers.eu\/wp-content\/uploads\/2025\/06\/Bildschirmfoto-2025-06-17-um-11.32.00.png?fit=1138%2C1200&ssl=1&resize=525%2C300 1.5x, https:\/\/i0.wp.com\/news-papers.eu\/wp-content\/uploads\/2025\/06\/Bildschirmfoto-2025-06-17-um-11.32.00.png?fit=1138%2C1200&ssl=1&resize=700%2C400 2x, https:\/\/i0.wp.com\/news-papers.eu\/wp-content\/uploads\/2025\/06\/Bildschirmfoto-2025-06-17-um-11.32.00.png?fit=1138%2C1200&ssl=1&resize=1050%2C600 3x"},"classes":[]}],"jetpack_likes_enabled":true,"_links":{"self":[{"href":"https:\/\/news-papers.eu\/index.php?rest_route=\/wp\/v2\/posts\/11311","targetHints":{"allow":["GET"]}}],"collection":[{"href":"https:\/\/news-papers.eu\/index.php?rest_route=\/wp\/v2\/posts"}],"about":[{"href":"https:\/\/news-papers.eu\/index.php?rest_route=\/wp\/v2\/types\/post"}],"author":[{"embeddable":true,"href":"https:\/\/news-papers.eu\/index.php?rest_route=\/wp\/v2\/users\/2"}],"replies":[{"embeddable":true,"href":"https:\/\/news-papers.eu\/index.php?rest_route=%2Fwp%2Fv2%2Fcomments&post=11311"}],"version-history":[{"count":3,"href":"https:\/\/news-papers.eu\/index.php?rest_route=\/wp\/v2\/posts\/11311\/revisions"}],"predecessor-version":[{"id":11428,"href":"https:\/\/news-papers.eu\/index.php?rest_route=\/wp\/v2\/posts\/11311\/revisions\/11428"}],"wp:featuredmedia":[{"embeddable":true,"href":"https:\/\/news-papers.eu\/index.php?rest_route=\/wp\/v2\/media\/11312"}],"wp:attachment":[{"href":"https:\/\/news-papers.eu\/index.php?rest_route=%2Fwp%2Fv2%2Fmedia&parent=11311"}],"wp:term":[{"taxonomy":"category","embeddable":true,"href":"https:\/\/news-papers.eu\/index.php?rest_route=%2Fwp%2Fv2%2Fcategories&post=11311"},{"taxonomy":"post_tag","embeddable":true,"href":"https:\/\/news-papers.eu\/index.php?rest_route=%2Fwp%2Fv2%2Ftags&post=11311"}],"curies":[{"name":"wp","href":"https:\/\/api.w.org\/{rel}","templated":true}]}}