{"id":8146,"date":"2018-10-19T04:57:54","date_gmt":"2018-10-19T02:57:54","guid":{"rendered":"http:\/\/news-papers.eu\/?p=8146"},"modified":"2018-09-23T11:57:21","modified_gmt":"2018-09-23T09:57:21","slug":"neues-positionspapier-zur-wirbelsaeulenimmobilisation","status":"publish","type":"post","link":"http:\/\/news-papers.eu\/?p=8146","title":{"rendered":"Neues Positionspapier zur Wirbels\u00e4ulenimmobilisation"},"content":{"rendered":"<blockquote><p><strong>Fischer PE et al. Spinal Motion\u00a0Restriction in the Trauma Patient \u2013 A Joint Position Statement, Prehospital Emergency Care 2018, DOI:\u00a010.1080\/10903127.2018.1481476\u00a0To link to this article: https:\/\/doi.org\/10.1080\/10903127.2018.1481476<\/strong><\/p><\/blockquote>\n<p><a href=\"https:\/\/www.tandfonline.com\/doi\/pdf\/10.1080\/10903127.2018.1481476?needAccess=true\" target=\"_blank\" rel=\"noopener\"><strong>https:\/\/www.tandfonline.com\/doi\/pdf\/10.1080\/10903127.2018.1481476?needAccess=true<\/strong><\/a><\/p>\n","protected":false},"excerpt":{"rendered":"<p>Fischer PE et al. Spinal Motion\u00a0Restriction in the Trauma Patient \u2013 A Joint Position Statement, Prehospital Emergency Care 2018, DOI:\u00a010.1080\/10903127.2018.1481476\u00a0To link to this article: https:\/\/doi.org\/10.1080\/10903127.2018.1481476 https:\/\/www.tandfonline.com\/doi\/pdf\/10.1080\/10903127.2018.1481476?needAccess=true<\/p>\n","protected":false},"author":2,"featured_media":4599,"comment_status":"open","ping_status":"open","sticky":false,"template":"","format":"standard","meta":{"__cvm_playback_settings":[],"__cvm_video_id":"","jetpack_post_was_ever_published":false,"_jetpack_newsletter_access":"","_jetpack_dont_email_post_to_subs":false,"_jetpack_newsletter_tier_id":0,"_jetpack_memberships_contains_paywalled_content":false,"_jetpack_memberships_contains_paid_content":false,"footnotes":"","jetpack_publicize_message":"","jetpack_publicize_feature_enabled":true,"jetpack_social_post_already_shared":true,"jetpack_social_options":{"image_generator_settings":{"template":"highway","default_image_id":0,"font":"","enabled":false},"version":2},"_wpas_customize_per_network":false},"categories":[6],"tags":[1144,39,1498],"class_list":["post-8146","post","type-post","status-publish","format-standard","has-post-thumbnail","hentry","category-trauma","tag-immobilisation","tag-trauma","tag-wirbelsaeule"],"jetpack_publicize_connections":[],"jetpack_featured_media_url":"https:\/\/i0.wp.com\/news-papers.eu\/wp-content\/uploads\/2017\/04\/HWS-Trauma.png?fit=990%2C1232","jetpack_sharing_enabled":true,"jetpack_shortlink":"https:\/\/wp.me\/p7fR2g-27o","jetpack-related-posts":[{"id":19933,"url":"http:\/\/news-papers.eu\/?p=19933","url_meta":{"origin":8146,"position":0},"title":"Wohltemperiert statt supercool &#8211; Akzidentielle Hypothermie beim beatmeten Polytrauma","author":"Michael Bernhard","date":"September 14, 2025","format":false,"excerpt":"Der negative Effekt der akzidentiellen Hypothermie bei Schwerverletzten ist seit Jahrzehnten bekannt. Vor allem, wenn pr\u00e4hospital eine Notfallnarkose und Atemwegsmanagement durchgef\u00fchrt wird, kann es zus\u00e4tzlich zu einer Beeintr\u00e4chtigung der Temperaturautoregulation kommen. In einer aktuellen Arbeit aus Leipzig wurde das Thema Hypothermie beim beatmeten Polytrauma beleuchtet: Struck MF, N\u00fcndel A, Kirsten\u2026","rel":"","context":"In &quot;Trauma&quot;","block_context":{"text":"Trauma","link":"http:\/\/news-papers.eu\/?cat=6"},"img":{"alt_text":"","src":"https:\/\/i0.wp.com\/news-papers.eu\/wp-content\/uploads\/2025\/09\/Figure_2.jpg?fit=531%2C619&resize=350%2C200","width":350,"height":200,"srcset":"https:\/\/i0.wp.com\/news-papers.eu\/wp-content\/uploads\/2025\/09\/Figure_2.jpg?fit=531%2C619&resize=350%2C200 1x, https:\/\/i0.wp.com\/news-papers.eu\/wp-content\/uploads\/2025\/09\/Figure_2.jpg?fit=531%2C619&resize=525%2C300 1.5x"},"classes":[]},{"id":12169,"url":"http:\/\/news-papers.eu\/?p=12169","url_meta":{"origin":8146,"position":1},"title":"Einsatz mit Sondersignal: Wie h\u00e4ufig werden potenziell lebensrettende Ma\u00dfnahmen durchgef\u00fchrt?","author":"Bj\u00f6rn Hossfeld","date":"September 15, 2020","format":false,"excerpt":"Im August hatten wir in Zusammenarbeit mit\u00a0 den Organisatoren des Hauptstadtkongresses der DGAI f\u00fcr An\u00e4sthesiolgie und Intensivtherapie drei Tickets f\u00fcr die Teilnahme an diesem virtuellen Kongress im Wert von je \u20ac 120,- ausgeschrieben und daf\u00fcr aufgerufen Gastbeitr\u00e4ge f\u00fcr News-Papers zu schreiben. Gastbeitrag von Dennis Rupp, Notfallsanit\u00e4ter und Praxisanleiter Gie\u00dfen-Land:\u00a0\u00a0\u00a0\u00a0\u00a0\u00a0 Jeder\u2026","rel":"","context":"In &quot;Notarzt&quot;","block_context":{"text":"Notarzt","link":"http:\/\/news-papers.eu\/?cat=11"},"img":{"alt_text":"","src":"https:\/\/i0.wp.com\/news-papers.eu\/wp-content\/uploads\/2020\/08\/20200812_224032-scaled-e1597431489816.jpg?fit=1000%2C750&resize=350%2C200","width":350,"height":200,"srcset":"https:\/\/i0.wp.com\/news-papers.eu\/wp-content\/uploads\/2020\/08\/20200812_224032-scaled-e1597431489816.jpg?fit=1000%2C750&resize=350%2C200 1x, https:\/\/i0.wp.com\/news-papers.eu\/wp-content\/uploads\/2020\/08\/20200812_224032-scaled-e1597431489816.jpg?fit=1000%2C750&resize=525%2C300 1.5x, https:\/\/i0.wp.com\/news-papers.eu\/wp-content\/uploads\/2020\/08\/20200812_224032-scaled-e1597431489816.jpg?fit=1000%2C750&resize=700%2C400 2x"},"classes":[]},{"id":16205,"url":"http:\/\/news-papers.eu\/?p=16205","url_meta":{"origin":8146,"position":2},"title":"Notfalllineal von Prof. Dr. Jost Kaufmann","author":"Michael Bernhard","date":"November 29, 2022","format":false,"excerpt":"Good News 1: Das\u00a0P\u00e4dNFL wird mit einer\u00a0neuen Hersteller-Firma\u00a0komplett\u00a0\u00fcberarbeitet, erg\u00e4nzt und mit\u00a0genialen neuen Design ab Januar 2023 wieder vertrieben! Damit steht Euch das\u00a0international einzige evaluierte Hilfsmittel\u00a0f\u00fcr Kindernotf\u00e4lle\u00a0als ganz frische, 6. Aufllage wieder zur Verf\u00fcgung! www.notfalllineal.de Zwei Studien haben es gezeigt: Das P\u00e4dNFL hilft, Kinderleben zu retten! Kaufmann et al. Prehosp Emerg\u2026","rel":"","context":"In &quot;Kindernotf\u00e4lle&quot;","block_context":{"text":"Kindernotf\u00e4lle","link":"http:\/\/news-papers.eu\/?cat=13"},"img":{"alt_text":"","src":"https:\/\/i0.wp.com\/news-papers.eu\/wp-content\/uploads\/2022\/11\/image.png?resize=350%2C200","width":350,"height":200},"classes":[]},{"id":16803,"url":"http:\/\/news-papers.eu\/?p=16803","url_meta":{"origin":8146,"position":3},"title":"PPSB beim Trauma? &#8211; Teil 1","author":"Bj\u00f6rn Hossfeld","date":"M\u00e4rz 30, 2023","format":false,"excerpt":"Gastbeitrag von Heiko Lier aus K\u00f6ln, Teil 1 W\u00e4hrend die Aufhebung der Wirkung von Vit.K-Antagonisten und DOAK eine seit langem (zumindest in Europa) anerkannte Indikation darstellt [4, 12, 14], ist die Gabe von Prothrombinkomplex (PPSB)-Pr\u00e4paraten bei massiv-blutenden Schwerverletzten mit einer trauma-induzierten Koagulopathie (TIK) wissenschaftlich schlechter begr\u00fcndet. Zwei, in diesem Jahr\u2026","rel":"","context":"In &quot;Blutungsmanagement&quot;","block_context":{"text":"Blutungsmanagement","link":"http:\/\/news-papers.eu\/?cat=1210"},"img":{"alt_text":"","src":"https:\/\/i0.wp.com\/news-papers.eu\/wp-content\/uploads\/2023\/03\/PPSB.png?fit=739%2C1200&resize=350%2C200","width":350,"height":200,"srcset":"https:\/\/i0.wp.com\/news-papers.eu\/wp-content\/uploads\/2023\/03\/PPSB.png?fit=739%2C1200&resize=350%2C200 1x, https:\/\/i0.wp.com\/news-papers.eu\/wp-content\/uploads\/2023\/03\/PPSB.png?fit=739%2C1200&resize=525%2C300 1.5x, https:\/\/i0.wp.com\/news-papers.eu\/wp-content\/uploads\/2023\/03\/PPSB.png?fit=739%2C1200&resize=700%2C400 2x"},"classes":[]},{"id":9286,"url":"http:\/\/news-papers.eu\/?p=9286","url_meta":{"origin":8146,"position":4},"title":"Traumaalarmierung (Trauma Call Timeline) by BMJ","author":"Michael Bernhard","date":"April 29, 2019","format":false,"excerpt":"Im BMJ gab es in der Rubrik \"Practice Essentials\" einen Artikel zum Thema\u00a0\"The trauma call\" (BMJ 2018; 361 doi:\u00a0https:\/\/doi.org\/10.1136\/bmj.k2272),\u00a0dieser wurde nun in eine Infografik \u00fcbersetzt\u00a0und kann unter\u00a0http:\/\/bit.ly\/BMJtrauma eingesehen werden:","rel":"","context":"In &quot;Trauma&quot;","block_context":{"text":"Trauma","link":"http:\/\/news-papers.eu\/?cat=6"},"img":{"alt_text":"","src":"https:\/\/i0.wp.com\/news-papers.eu\/wp-content\/uploads\/2019\/04\/Bildschirmfoto-2019-04-07-um-10.41.21-e1554626599893-207x300.png?resize=350%2C200","width":350,"height":200,"srcset":"https:\/\/i0.wp.com\/news-papers.eu\/wp-content\/uploads\/2019\/04\/Bildschirmfoto-2019-04-07-um-10.41.21-e1554626599893-207x300.png?resize=350%2C200 1x, https:\/\/i0.wp.com\/news-papers.eu\/wp-content\/uploads\/2019\/04\/Bildschirmfoto-2019-04-07-um-10.41.21-e1554626599893-207x300.png?resize=525%2C300 1.5x"},"classes":[]},{"id":16804,"url":"http:\/\/news-papers.eu\/?p=16804","url_meta":{"origin":8146,"position":5},"title":"PPSB beim Trauma? &#8211; Teil 2","author":"Bj\u00f6rn Hossfeld","date":"M\u00e4rz 31, 2023","format":false,"excerpt":"Gastbeitrag von Heiko Lier aus K\u00f6ln, Teil 2 \u00a0 \u00a0 \u00a0 W\u00e4hrend die Aufhebung der Wirkung von Vit.K-Antagonisten und DOAK eine seit langem (zumindest in Europa) anerkannte Indikation darstellt [4, 12, 14], ist die Gabe von Prothrombinkomplex(PPSB)-Pr\u00e4paraten bei massiv-blutenden Schwerverletzten mit einer trauma-induzierten Koagulopathie (TIK) wissenschaftlich schlechter begr\u00fcndet. Im gestrigen\u2026","rel":"","context":"In &quot;Blutungsmanagement&quot;","block_context":{"text":"Blutungsmanagement","link":"http:\/\/news-papers.eu\/?cat=1210"},"img":{"alt_text":"","src":"https:\/\/i0.wp.com\/news-papers.eu\/wp-content\/uploads\/2023\/03\/PPSB.png?fit=739%2C1200&resize=350%2C200","width":350,"height":200,"srcset":"https:\/\/i0.wp.com\/news-papers.eu\/wp-content\/uploads\/2023\/03\/PPSB.png?fit=739%2C1200&resize=350%2C200 1x, https:\/\/i0.wp.com\/news-papers.eu\/wp-content\/uploads\/2023\/03\/PPSB.png?fit=739%2C1200&resize=525%2C300 1.5x, https:\/\/i0.wp.com\/news-papers.eu\/wp-content\/uploads\/2023\/03\/PPSB.png?fit=739%2C1200&resize=700%2C400 2x"},"classes":[]}],"jetpack_likes_enabled":true,"_links":{"self":[{"href":"http:\/\/news-papers.eu\/index.php?rest_route=\/wp\/v2\/posts\/8146","targetHints":{"allow":["GET"]}}],"collection":[{"href":"http:\/\/news-papers.eu\/index.php?rest_route=\/wp\/v2\/posts"}],"about":[{"href":"http:\/\/news-papers.eu\/index.php?rest_route=\/wp\/v2\/types\/post"}],"author":[{"embeddable":true,"href":"http:\/\/news-papers.eu\/index.php?rest_route=\/wp\/v2\/users\/2"}],"replies":[{"embeddable":true,"href":"http:\/\/news-papers.eu\/index.php?rest_route=%2Fwp%2Fv2%2Fcomments&post=8146"}],"version-history":[{"count":3,"href":"http:\/\/news-papers.eu\/index.php?rest_route=\/wp\/v2\/posts\/8146\/revisions"}],"predecessor-version":[{"id":8149,"href":"http:\/\/news-papers.eu\/index.php?rest_route=\/wp\/v2\/posts\/8146\/revisions\/8149"}],"wp:featuredmedia":[{"embeddable":true,"href":"http:\/\/news-papers.eu\/index.php?rest_route=\/wp\/v2\/media\/4599"}],"wp:attachment":[{"href":"http:\/\/news-papers.eu\/index.php?rest_route=%2Fwp%2Fv2%2Fmedia&parent=8146"}],"wp:term":[{"taxonomy":"category","embeddable":true,"href":"http:\/\/news-papers.eu\/index.php?rest_route=%2Fwp%2Fv2%2Fcategories&post=8146"},{"taxonomy":"post_tag","embeddable":true,"href":"http:\/\/news-papers.eu\/index.php?rest_route=%2Fwp%2Fv2%2Ftags&post=8146"}],"curies":[{"name":"wp","href":"https:\/\/api.w.org\/{rel}","templated":true}]}}