{"id":7052,"date":"2018-04-23T04:49:10","date_gmt":"2018-04-23T02:49:10","guid":{"rendered":"http:\/\/news-papers.eu\/?p=7052"},"modified":"2018-04-23T07:34:00","modified_gmt":"2018-04-23T05:34:00","slug":"praehospitales-atemwegsmanagement","status":"publish","type":"post","link":"http:\/\/news-papers.eu\/?p=7052","title":{"rendered":"Pr\u00e4hospitales Atemwegsmanagement"},"content":{"rendered":"<p style=\"text-align: justify;\">Eine Analyse zum pr\u00e4hospitalen Atemwegsmanagement haben Gellerfors et al. open access im British Journal of Anaesthesia pr\u00e4sentiert:<\/p>\n<p style=\"text-align: justify;\"><strong>Gellerfors et al., Pre-hospital advanced airway management by\u00a0anaesthetist and nurse anaesthetist critical care\u00a0teams: a prospective observational study of 2028\u00a0pre-hospital tracheal intubations. BJA 2018;\u00a0doi: 10.1016\/j.bja.2017.12.036\u00a0(<a href=\"http:\/\/bjanaesthesia.org\/article\/S0007-0912(17)54237-3\/pdf\" target=\"_blank\" rel=\"noopener\">PDF<\/a>)<\/strong><\/p>\n<hr \/>\n<p style=\"text-align: justify;\">In der prospektiven Analyse wurde nach dem <a href=\"https:\/\/sjtrem.biomedcentral.com\/track\/pdf\/10.1186\/1757-7241-17-58?site=sjtrem.biomedcentral.com\" target=\"_blank\" rel=\"noopener\"><strong>Utstein Prehospital Advanced Airway Management Datensatz<\/strong><\/a> das pr\u00e4hospitale Atemwegsmanagement durch An\u00e4sthesisten und An\u00e4sthesie-Pflegekr\u00e4fte in Skandinavien evaluiert.<img data-recalc-dims=\"1\" loading=\"lazy\" decoding=\"async\" data-attachment-id=\"7191\" data-permalink=\"http:\/\/news-papers.eu\/?attachment_id=7191\" data-orig-file=\"https:\/\/i0.wp.com\/news-papers.eu\/wp-content\/uploads\/2018\/04\/PHAAM.jpg?fit=4032%2C3024\" data-orig-size=\"4032,3024\" data-comments-opened=\"1\" data-image-meta=\"{&quot;aperture&quot;:&quot;2.2&quot;,&quot;credit&quot;:&quot;&quot;,&quot;camera&quot;:&quot;iPhone 6s&quot;,&quot;caption&quot;:&quot;&quot;,&quot;created_timestamp&quot;:&quot;1497300588&quot;,&quot;copyright&quot;:&quot;&quot;,&quot;focal_length&quot;:&quot;4.15&quot;,&quot;iso&quot;:&quot;200&quot;,&quot;shutter_speed&quot;:&quot;0.03030303030303&quot;,&quot;title&quot;:&quot;&quot;,&quot;orientation&quot;:&quot;1&quot;}\" data-image-title=\"PHAAM\" data-image-description=\"&lt;p&gt;PHAAM&lt;\/p&gt;\n\" data-image-caption=\"\" data-large-file=\"https:\/\/i0.wp.com\/news-papers.eu\/wp-content\/uploads\/2018\/04\/PHAAM.jpg?fit=1024%2C768\" class=\"alignright size-medium wp-image-7191\" src=\"https:\/\/i0.wp.com\/news-papers.eu\/wp-content\/uploads\/2018\/04\/PHAAM.jpg?resize=300%2C225\" alt=\"PHAAM\" width=\"300\" height=\"225\" srcset=\"https:\/\/i0.wp.com\/news-papers.eu\/wp-content\/uploads\/2018\/04\/PHAAM.jpg?resize=300%2C225 300w, https:\/\/i0.wp.com\/news-papers.eu\/wp-content\/uploads\/2018\/04\/PHAAM.jpg?resize=768%2C576 768w, https:\/\/i0.wp.com\/news-papers.eu\/wp-content\/uploads\/2018\/04\/PHAAM.jpg?resize=1024%2C768 1024w, https:\/\/i0.wp.com\/news-papers.eu\/wp-content\/uploads\/2018\/04\/PHAAM.jpg?resize=750%2C563 750w, https:\/\/i0.wp.com\/news-papers.eu\/wp-content\/uploads\/2018\/04\/PHAAM.jpg?w=2340 2340w, https:\/\/i0.wp.com\/news-papers.eu\/wp-content\/uploads\/2018\/04\/PHAAM.jpg?w=3510 3510w\" sizes=\"auto, (max-width: 300px) 100vw, 300px\" \/><\/p>\n<ul>\n<li>2028 von 32007 Patients (6.3%) erhielten eine endotracheale Intubation<\/li>\n<li>Gesamterfolgsrate lag bei 98,7%<\/li>\n<li>Median Intubationszeit 27 sec.<\/li>\n<li>First-pass success: 84,5%<\/li>\n<li>Second-pass success: 95,9%<\/li>\n<li>Komplikationen bei Atemwegsmanagement: 10,9%<\/li>\n<\/ul>\n<p><strong>Weitere Erfolgsraten:\u00a0<\/strong><\/p>\n<ul>\n<li>Rapid Sequence Induction (ja vs. nein):\u00a099,4% vs. 98,1%, p=0,02<\/li>\n<li>An\u00e4sthesist vs. An\u00e4sthesieschwester:\u00a099,0% vs. 97,6%; p=0,03<\/li>\n<\/ul>\n<hr \/>\n<blockquote class=\"wp-embedded-content\" data-secret=\"9BsWM2ufYF\"><p><a href=\"http:\/\/news-papers.eu\/zna-pflegekraefte-gesucht\">ZNA-Pflegekr\u00e4fte gesucht &#8211; Uniklinik D\u00fcsseldorf<\/a><\/p><\/blockquote>\n<p><iframe loading=\"lazy\" class=\"wp-embedded-content\" sandbox=\"allow-scripts\" security=\"restricted\" style=\"position: absolute; clip: rect(1px, 1px, 1px, 1px);\" src=\"http:\/\/news-papers.eu\/zna-pflegekraefte-gesucht\/embed#?secret=9BsWM2ufYF\" data-secret=\"9BsWM2ufYF\" width=\"600\" height=\"338\" title=\"&#8222;ZNA-Pflegekr\u00e4fte gesucht &#8211; Uniklinik D\u00fcsseldorf&#8220; &#8212; News Papers\" frameborder=\"0\" marginwidth=\"0\" marginheight=\"0\" scrolling=\"no\"><\/iframe><\/p>\n<hr \/>\n<p><a href=\"http:\/\/www.ukl.vcongress.de\/lifemed2018\/home\" target=\"_blank\" rel=\"noopener\"><img data-recalc-dims=\"1\" loading=\"lazy\" decoding=\"async\" data-attachment-id=\"7366\" data-permalink=\"http:\/\/news-papers.eu\/?attachment_id=7366\" data-orig-file=\"https:\/\/i0.wp.com\/news-papers.eu\/wp-content\/uploads\/2018\/04\/Bildschirmfoto-2018-04-22-um-11.49.27.png?fit=764%2C212\" data-orig-size=\"764,212\" data-comments-opened=\"1\" data-image-meta=\"{&quot;aperture&quot;:&quot;0&quot;,&quot;credit&quot;:&quot;&quot;,&quot;camera&quot;:&quot;&quot;,&quot;caption&quot;:&quot;&quot;,&quot;created_timestamp&quot;:&quot;0&quot;,&quot;copyright&quot;:&quot;&quot;,&quot;focal_length&quot;:&quot;0&quot;,&quot;iso&quot;:&quot;0&quot;,&quot;shutter_speed&quot;:&quot;0&quot;,&quot;title&quot;:&quot;&quot;,&quot;orientation&quot;:&quot;0&quot;}\" data-image-title=\"LIFEMED 2018\" data-image-description=\"\" data-image-caption=\"\" data-large-file=\"https:\/\/i0.wp.com\/news-papers.eu\/wp-content\/uploads\/2018\/04\/Bildschirmfoto-2018-04-22-um-11.49.27.png?fit=764%2C212\" class=\"wp-image-7366 aligncenter\" src=\"https:\/\/i0.wp.com\/news-papers.eu\/wp-content\/uploads\/2018\/04\/Bildschirmfoto-2018-04-22-um-11.49.27.png?resize=632%2C175\" alt=\"\" width=\"632\" height=\"175\" srcset=\"https:\/\/i0.wp.com\/news-papers.eu\/wp-content\/uploads\/2018\/04\/Bildschirmfoto-2018-04-22-um-11.49.27.png?resize=300%2C83 300w, https:\/\/i0.wp.com\/news-papers.eu\/wp-content\/uploads\/2018\/04\/Bildschirmfoto-2018-04-22-um-11.49.27.png?resize=750%2C208 750w, https:\/\/i0.wp.com\/news-papers.eu\/wp-content\/uploads\/2018\/04\/Bildschirmfoto-2018-04-22-um-11.49.27.png?w=764 764w\" sizes=\"auto, (max-width: 632px) 100vw, 632px\" \/><\/a><\/p>\n<hr \/>\n<p><strong><a href=\"https:\/\/twitter.com\/news_papers_eu?refsrc=email&amp;s=11\" target=\"_blank\" rel=\"noopener\">News-Papers.eu auf TWITTER<\/a>\u00a0 \u00a0 \u00a0 \u00a0\u00a0<a href=\"http:\/\/news-papers.eu\/follow\" target=\"_blank\" rel=\"noopener\">Follow news-papers.eu<\/a><\/strong><\/p>\n","protected":false},"excerpt":{"rendered":"<p>Eine Analyse zum pr\u00e4hospitalen Atemwegsmanagement haben Gellerfors et al. open access im British Journal of Anaesthesia pr\u00e4sentiert: Gellerfors et al., Pre-hospital advanced airway management by\u00a0anaesthetist and nurse anaesthetist critical care\u00a0teams: [&hellip;]<\/p>\n","protected":false},"author":2,"featured_media":6995,"comment_status":"open","ping_status":"open","sticky":false,"template":"","format":"standard","meta":{"__cvm_playback_settings":[],"__cvm_video_id":"","jetpack_post_was_ever_published":false,"_jetpack_newsletter_access":"","_jetpack_dont_email_post_to_subs":false,"_jetpack_newsletter_tier_id":0,"_jetpack_memberships_contains_paywalled_content":false,"_jetpack_memberships_contains_paid_content":false,"footnotes":"","jetpack_publicize_message":"","jetpack_publicize_feature_enabled":true,"jetpack_social_post_already_shared":true,"jetpack_social_options":{"image_generator_settings":{"template":"highway","default_image_id":0,"font":"","enabled":false},"version":2},"_wpas_customize_per_network":false},"categories":[3],"tags":[1355],"class_list":["post-7052","post","type-post","status-publish","format-standard","has-post-thumbnail","hentry","category-atemwegsmanagement","tag-erfolgsrate"],"jetpack_publicize_connections":[],"jetpack_featured_media_url":"https:\/\/i0.wp.com\/news-papers.eu\/wp-content\/uploads\/2018\/04\/ADAC_HUbschrauber-e1517129608823.jpg?fit=300%2C200","jetpack_sharing_enabled":true,"jetpack_shortlink":"https:\/\/wp.me\/p7fR2g-1PK","jetpack-related-posts":[{"id":2258,"url":"http:\/\/news-papers.eu\/?p=2258","url_meta":{"origin":7052,"position":0},"title":"Supplement im BJA zum &#8222;Airway management&#8220;","author":"Michael Bernhard","date":"Dezember 20, 2016","format":false,"excerpt":"Im British Journal of Anaesthesia ist eine sehr interessantes Supplement zum Thema Atemwegsmanagement erschienen\u00a0(Special Issue on Airway Management),\u00a0beinhaltet hier sind beispielsweise: Asai T, et al.\u00a0Special issue on airway management.\u00a0BJA\u00a0(2016)\u00a0117\u00a0(suppl 1):\u00a0i1-i3 (PDF) Jagannathan N, et al.\u00a0Paediatric difficult airway management: what every anaesthetist should know! BJA\u00a0(2016)\u00a0117\u00a0(suppl 1):\u00a0i3-i5\u00a0(PDF) Higgs A, et al.\u00a0Airway management\u2026","rel":"","context":"In &quot;Atemwegsmanagement&quot;","block_context":{"text":"Atemwegsmanagement","link":"http:\/\/news-papers.eu\/?cat=3"},"img":{"alt_text":"bildschirmfoto-2016-12-10-um-08-37-12","src":"https:\/\/i0.wp.com\/news-papers.eu\/wp-content\/uploads\/2016\/12\/Bildschirmfoto-2016-12-10-um-08.37.12-300x236.png?resize=350%2C200","width":350,"height":200},"classes":[]},{"id":6388,"url":"http:\/\/news-papers.eu\/?p=6388","url_meta":{"origin":7052,"position":1},"title":"&#8222;Evolution in Airway Management&#8220;","author":"Michael Bernhard","date":"Mai 15, 2018","format":false,"excerpt":"Eine interessante \u00dcbersicht haben McNarry und Patel zur EVOLUTION des Atemwegsmanagement im Br J Anaesthesia publiziert: McNarry AF et al.\u00a0The evolution of airway management \u2013 new concepts and conflicts with traditional practice. \u00a0British Journal of Anaesthesia 2017; 119 (S1): i154\u2013i166 (PDF)\u00a0 Dieser Artikel beinhaltet viele wichtige Punkte: supraglottische Atemwege Videolaryngoskopie\u2026","rel":"","context":"In &quot;Atemwegsmanagement&quot;","block_context":{"text":"Atemwegsmanagement","link":"http:\/\/news-papers.eu\/?cat=3"},"img":{"alt_text":"","src":"https:\/\/i0.wp.com\/news-papers.eu\/wp-content\/uploads\/2017\/11\/evolution.png?fit=1200%2C500&resize=350%2C200","width":350,"height":200,"srcset":"https:\/\/i0.wp.com\/news-papers.eu\/wp-content\/uploads\/2017\/11\/evolution.png?fit=1200%2C500&resize=350%2C200 1x, https:\/\/i0.wp.com\/news-papers.eu\/wp-content\/uploads\/2017\/11\/evolution.png?fit=1200%2C500&resize=525%2C300 1.5x, https:\/\/i0.wp.com\/news-papers.eu\/wp-content\/uploads\/2017\/11\/evolution.png?fit=1200%2C500&resize=700%2C400 2x, https:\/\/i0.wp.com\/news-papers.eu\/wp-content\/uploads\/2017\/11\/evolution.png?fit=1200%2C500&resize=1050%2C600 3x"},"classes":[]},{"id":4856,"url":"http:\/\/news-papers.eu\/?p=4856","url_meta":{"origin":7052,"position":2},"title":"OPEN ACCESS Airway Management Videos","author":"Michael Bernhard","date":"August 30, 2017","format":false,"excerpt":"Schauen Sie doch mal bei der AIRWAY MANAGEMENT ACADEMY vorbei: https:\/\/vimeopro.com\/airwaymanagementacademy\/airway-management-academy-multimedia-library \u00a0","rel":"","context":"In &quot;Atemwegsmanagement&quot;","block_context":{"text":"Atemwegsmanagement","link":"http:\/\/news-papers.eu\/?cat=3"},"img":{"alt_text":"","src":"https:\/\/i0.wp.com\/news-papers.eu\/wp-content\/uploads\/2017\/05\/Bildschirmfoto-2017-05-19-um-00.10.24-300x258.png?resize=350%2C200","width":350,"height":200,"srcset":"https:\/\/i0.wp.com\/news-papers.eu\/wp-content\/uploads\/2017\/05\/Bildschirmfoto-2017-05-19-um-00.10.24-300x258.png?resize=350%2C200 1x, https:\/\/i0.wp.com\/news-papers.eu\/wp-content\/uploads\/2017\/05\/Bildschirmfoto-2017-05-19-um-00.10.24-300x258.png?resize=525%2C300 1.5x"},"classes":[]},{"id":11085,"url":"http:\/\/news-papers.eu\/?p=11085","url_meta":{"origin":7052,"position":3},"title":"Atemwegsmanagement bei COVID 19","author":"Michael Bernhard","date":"M\u00e4rz 8, 2020","format":false,"excerpt":"Aus dem Departement pf Anaesthesia and and Intensive Care, The Chinese University of Hong Kong PDF.\u00a0https:\/\/www.aic.cuhk.edu.hk\/covid19\/","rel":"","context":"In &quot;Atemwegsmanagement&quot;","block_context":{"text":"Atemwegsmanagement","link":"http:\/\/news-papers.eu\/?cat=3"},"img":{"alt_text":"COVID19 Airway","src":"https:\/\/i0.wp.com\/news-papers.eu\/wp-content\/uploads\/2020\/03\/Bildschirmfoto-2020-03-08-um-09.35.31-213x300.png?resize=350%2C200","width":350,"height":200,"srcset":"https:\/\/i0.wp.com\/news-papers.eu\/wp-content\/uploads\/2020\/03\/Bildschirmfoto-2020-03-08-um-09.35.31-213x300.png?resize=350%2C200 1x, https:\/\/i0.wp.com\/news-papers.eu\/wp-content\/uploads\/2020\/03\/Bildschirmfoto-2020-03-08-um-09.35.31-213x300.png?resize=525%2C300 1.5x"},"classes":[]},{"id":1717,"url":"http:\/\/news-papers.eu\/?p=1717","url_meta":{"origin":7052,"position":4},"title":"Neue skandinavische Empfehlung zum pr\u00e4hospitalem Atemwegsmanagement","author":"Michael Bernhard","date":"Juli 9, 2016","format":false,"excerpt":"Marius Rehn (London\u00b4s Air Ambulance, Royal London Hospital) und Kollegen publizierten eine aktuelle Empfehlung zum pr\u00e4hospitalen Atemwegsmanagement der Skandinavischen Gesellschaft f\u00fcr An\u00e4sthesiologie und Intensivmedizin (SSAI, Scandinavian Society of Anaesthesiology and intensive care medicine): Rehn M, et al. Scandinavian SSAI clinical practice guideline on pre-hospital\u00a0airway management. Acta Anaesthesiologica Scand 2016 (PDF)\u2026","rel":"","context":"In &quot;Atemwegsmanagement&quot;","block_context":{"text":"Atemwegsmanagement","link":"http:\/\/news-papers.eu\/?cat=3"},"img":{"alt_text":"","src":"","width":0,"height":0},"classes":[]},{"id":6021,"url":"http:\/\/news-papers.eu\/?p=6021","url_meta":{"origin":7052,"position":5},"title":"Basics des Atemwegsmanagement auf First10EM","author":"Michael Bernhard","date":"Dezember 13, 2017","format":false,"excerpt":"Link:\u00a0https:\/\/first10em.com\/2017\/10\/23\/airway-optimizing-the-basics\/ by\u00a0First10EM News-Papers.eu auf TWITTER\u00a0 \u00a0 \u00a0 \u00a0\u00a0Follow news-papers.eu","rel":"","context":"In &quot;Atemwegsmanagement&quot;","block_context":{"text":"Atemwegsmanagement","link":"http:\/\/news-papers.eu\/?cat=3"},"img":{"alt_text":"","src":"https:\/\/i0.wp.com\/news-papers.eu\/wp-content\/uploads\/2017\/10\/Bildschirmfoto-2017-10-25-um-13.40.06-300x179.png?resize=350%2C200","width":350,"height":200,"srcset":"https:\/\/i0.wp.com\/news-papers.eu\/wp-content\/uploads\/2017\/10\/Bildschirmfoto-2017-10-25-um-13.40.06-300x179.png?resize=350%2C200 1x, https:\/\/i0.wp.com\/news-papers.eu\/wp-content\/uploads\/2017\/10\/Bildschirmfoto-2017-10-25-um-13.40.06-300x179.png?resize=525%2C300 1.5x, https:\/\/i0.wp.com\/news-papers.eu\/wp-content\/uploads\/2017\/10\/Bildschirmfoto-2017-10-25-um-13.40.06-300x179.png?resize=700%2C400 2x"},"classes":[]}],"jetpack_likes_enabled":true,"_links":{"self":[{"href":"http:\/\/news-papers.eu\/index.php?rest_route=\/wp\/v2\/posts\/7052","targetHints":{"allow":["GET"]}}],"collection":[{"href":"http:\/\/news-papers.eu\/index.php?rest_route=\/wp\/v2\/posts"}],"about":[{"href":"http:\/\/news-papers.eu\/index.php?rest_route=\/wp\/v2\/types\/post"}],"author":[{"embeddable":true,"href":"http:\/\/news-papers.eu\/index.php?rest_route=\/wp\/v2\/users\/2"}],"replies":[{"embeddable":true,"href":"http:\/\/news-papers.eu\/index.php?rest_route=%2Fwp%2Fv2%2Fcomments&post=7052"}],"version-history":[{"count":8,"href":"http:\/\/news-papers.eu\/index.php?rest_route=\/wp\/v2\/posts\/7052\/revisions"}],"predecessor-version":[{"id":7379,"href":"http:\/\/news-papers.eu\/index.php?rest_route=\/wp\/v2\/posts\/7052\/revisions\/7379"}],"wp:featuredmedia":[{"embeddable":true,"href":"http:\/\/news-papers.eu\/index.php?rest_route=\/wp\/v2\/media\/6995"}],"wp:attachment":[{"href":"http:\/\/news-papers.eu\/index.php?rest_route=%2Fwp%2Fv2%2Fmedia&parent=7052"}],"wp:term":[{"taxonomy":"category","embeddable":true,"href":"http:\/\/news-papers.eu\/index.php?rest_route=%2Fwp%2Fv2%2Fcategories&post=7052"},{"taxonomy":"post_tag","embeddable":true,"href":"http:\/\/news-papers.eu\/index.php?rest_route=%2Fwp%2Fv2%2Ftags&post=7052"}],"curies":[{"name":"wp","href":"https:\/\/api.w.org\/{rel}","templated":true}]}}