{"id":7016,"date":"2018-02-02T04:23:39","date_gmt":"2018-02-02T03:23:39","guid":{"rendered":"http:\/\/news-papers.eu\/?p=7016"},"modified":"2018-01-29T10:26:51","modified_gmt":"2018-01-29T09:26:51","slug":"swiss-trauma-acute-care-surgery-days-2018","status":"publish","type":"post","link":"http:\/\/news-papers.eu\/?p=7016","title":{"rendered":"Swiss Trauma &#038; Acute Care Surgery Days 2018"},"content":{"rendered":"<p style=\"text-align: justify;\"><img data-recalc-dims=\"1\" loading=\"lazy\" decoding=\"async\" data-attachment-id=\"7017\" data-permalink=\"http:\/\/news-papers.eu\/?attachment_id=7017\" data-orig-file=\"https:\/\/i0.wp.com\/news-papers.eu\/wp-content\/uploads\/2018\/01\/Bildschirmfoto-2018-01-29-um-10.24.56.png?fit=768%2C358\" data-orig-size=\"768,358\" data-comments-opened=\"1\" data-image-meta=\"{&quot;aperture&quot;:&quot;0&quot;,&quot;credit&quot;:&quot;&quot;,&quot;camera&quot;:&quot;&quot;,&quot;caption&quot;:&quot;&quot;,&quot;created_timestamp&quot;:&quot;0&quot;,&quot;copyright&quot;:&quot;&quot;,&quot;focal_length&quot;:&quot;0&quot;,&quot;iso&quot;:&quot;0&quot;,&quot;shutter_speed&quot;:&quot;0&quot;,&quot;title&quot;:&quot;&quot;,&quot;orientation&quot;:&quot;0&quot;}\" data-image-title=\"Swiss Trauma Days\" data-image-description=\"\" data-image-caption=\"\" data-large-file=\"https:\/\/i0.wp.com\/news-papers.eu\/wp-content\/uploads\/2018\/01\/Bildschirmfoto-2018-01-29-um-10.24.56.png?fit=768%2C358\" class=\"size-medium wp-image-7017 alignright\" src=\"https:\/\/i0.wp.com\/news-papers.eu\/wp-content\/uploads\/2018\/01\/Bildschirmfoto-2018-01-29-um-10.24.56.png?resize=300%2C140\" alt=\"\" width=\"300\" height=\"140\" srcset=\"https:\/\/i0.wp.com\/news-papers.eu\/wp-content\/uploads\/2018\/01\/Bildschirmfoto-2018-01-29-um-10.24.56.png?resize=300%2C140 300w, https:\/\/i0.wp.com\/news-papers.eu\/wp-content\/uploads\/2018\/01\/Bildschirmfoto-2018-01-29-um-10.24.56.png?w=768 768w, https:\/\/i0.wp.com\/news-papers.eu\/wp-content\/uploads\/2018\/01\/Bildschirmfoto-2018-01-29-um-10.24.56.png?resize=750%2C350 750w\" sizes=\"auto, (max-width: 300px) 100vw, 300px\" \/>Am <strong>16. und 17. M\u00e4rz<\/strong> veranstaltet die Swiss Association for Trauma &amp; Acute Care Surgery bereits zum <strong>7. Mal die Swiss Trauma &amp; Acute Care Surgery Days<\/strong>.<\/p>\n<p style=\"text-align: justify;\">An zwei Tagen wird durch ein internationales und interdisziplin\u00e4res Team an Referenten ein breites und interessantes Spektrum an Vortr\u00e4gen und Workshops rund um Trauma und chirurgischer Akutmedizin geboten.<\/p>\n<p>Themen sind u.a.:<\/p>\n<ul>\n<li><strong>Airwaymanagement<\/strong><\/li>\n<li><strong>E-FAST<\/strong><\/li>\n<li><strong>REBOA<\/strong><\/li>\n<li><strong>Update zum ATLS<\/strong><\/li>\n<li><strong>Fl\u00fcssigkeitsmanagement<\/strong><\/li>\n<li><strong>Luftrettung<\/strong><\/li>\n<li><strong>interessante und knifflige Fallpr\u00e4sentationen und \u2013diskussionen<\/strong><\/li>\n<li><strong>Mesenterialisch\u00e4mie<\/strong><\/li>\n<li><strong>abdominelle Sepsis<\/strong><\/li>\n<li><strong>Wann ist es Zeit f\u00fcr \u201eScoop and Run\u201c?<\/strong><\/li>\n<li><strong>penetrierende Verletzungen<\/strong><\/li>\n<\/ul>\n<p>Das detaillierte Programm k\u00f6nnen Sie unter folgenden Links abrufen:<\/p>\n<ol start=\"16\">\n<li>M\u00e4rz: <strong><a href=\"https:\/\/www.swissacs.ch\/annual-meeting\/stacs-2018\/program-day-1-trauma.html\">https:\/\/www.swissacs.ch\/annual-meeting\/stacs-2018\/program-day-1-trauma.html<\/a><\/strong><\/li>\n<li>Marz: <strong><a href=\"https:\/\/www.swissacs.ch\/annual-meeting\/stacs-2018\/program-day-2-acute-care-surgery.html\">https:\/\/www.swissacs.ch\/annual-meeting\/stacs-2018\/program-day-2-acute-care-surgery.html<\/a><\/strong><\/li>\n<\/ol>\n<p>F\u00fcr das Networking und den Austausch mit Kollegen in angenehmer Atmosph\u00e4re findet ein Eat, meet and great im Hotel Schweizerhof in Bern statt: <a href=\"http:\/\/www.schweizerhof-bern.ch\/de\">http:\/\/www.schweizerhof-bern.ch\/de<\/a><\/p>\n<hr \/>\n<p><strong><a href=\"https:\/\/twitter.com\/news_papers_eu?refsrc=email&amp;s=11\" target=\"_blank\" rel=\"noopener noreferrer\">News-Papers.eu auf TWITTER<\/a>\u00a0 \u00a0\u00a0<a href=\"http:\/\/news-papers.eu\/follow\" target=\"_blank\" rel=\"noopener noreferrer\">Follow news-papers.eu<\/a><\/strong><\/p>\n","protected":false},"excerpt":{"rendered":"<p>Am 16. und 17. M\u00e4rz veranstaltet die Swiss Association for Trauma &amp; Acute Care Surgery bereits zum 7. Mal die Swiss Trauma &amp; Acute Care Surgery Days. An zwei Tagen [&hellip;]<\/p>\n","protected":false},"author":2,"featured_media":7017,"comment_status":"open","ping_status":"open","sticky":false,"template":"","format":"standard","meta":{"__cvm_playback_settings":[],"__cvm_video_id":"","jetpack_post_was_ever_published":false,"_jetpack_newsletter_access":"","_jetpack_dont_email_post_to_subs":false,"_jetpack_newsletter_tier_id":0,"_jetpack_memberships_contains_paywalled_content":false,"_jetpack_memberships_contains_paid_content":false,"footnotes":"","jetpack_publicize_message":"","jetpack_publicize_feature_enabled":true,"jetpack_social_post_already_shared":true,"jetpack_social_options":{"image_generator_settings":{"template":"highway","default_image_id":0,"font":"","enabled":false},"version":2},"_wpas_customize_per_network":false},"categories":[30],"tags":[1351,39],"class_list":["post-7016","post","type-post","status-publish","format-standard","has-post-thumbnail","hentry","category-veranstaltungshinweis","tag-swiss-trauma-days","tag-trauma"],"jetpack_publicize_connections":[],"jetpack_featured_media_url":"https:\/\/i0.wp.com\/news-papers.eu\/wp-content\/uploads\/2018\/01\/Bildschirmfoto-2018-01-29-um-10.24.56.png?fit=768%2C358","jetpack_sharing_enabled":true,"jetpack_shortlink":"https:\/\/wp.me\/p7fR2g-1Pa","jetpack-related-posts":[{"id":20188,"url":"http:\/\/news-papers.eu\/?p=20188","url_meta":{"origin":7016,"position":0},"title":"Vom 19. bis 20. M\u00e4rz\u2026","author":"Bj\u00f6rn Hossfeld","date":"Dezember 14, 2025","format":false,"excerpt":"Vom 19. bis 20. M\u00e4rz 2026\u00a0 finden in der Eventfabrik Bern die 15. Swiss Trauma & Acute Care Surgery (STACS) Days statt. Wie in den Vorjahren werden erneut f\u00fchrende Experten, Kliniker und Forscher aus der Chirurgie, An\u00e4sthesiologie, Intensiv- und Notfallmedizin zu zwei Tagen mit aufschlussreichen Vortr\u00e4gen, praktischen \u00dcbungen und interdisziplin\u00e4rem\u2026","rel":"","context":"In &quot;Veranstaltungshinweis&quot;","block_context":{"text":"Veranstaltungshinweis","link":"http:\/\/news-papers.eu\/?cat=30"},"img":{"alt_text":"","src":"https:\/\/i0.wp.com\/news-papers.eu\/wp-content\/uploads\/2025\/12\/STACS-2026.png?fit=1200%2C547&resize=350%2C200","width":350,"height":200,"srcset":"https:\/\/i0.wp.com\/news-papers.eu\/wp-content\/uploads\/2025\/12\/STACS-2026.png?fit=1200%2C547&resize=350%2C200 1x, https:\/\/i0.wp.com\/news-papers.eu\/wp-content\/uploads\/2025\/12\/STACS-2026.png?fit=1200%2C547&resize=525%2C300 1.5x, https:\/\/i0.wp.com\/news-papers.eu\/wp-content\/uploads\/2025\/12\/STACS-2026.png?fit=1200%2C547&resize=700%2C400 2x, https:\/\/i0.wp.com\/news-papers.eu\/wp-content\/uploads\/2025\/12\/STACS-2026.png?fit=1200%2C547&resize=1050%2C600 3x"},"classes":[]},{"id":3504,"url":"http:\/\/news-papers.eu\/?p=3504","url_meta":{"origin":7016,"position":1},"title":"L\u00e4nger und dicker ist doch besser","author":"Bj\u00f6rn Hossfeld","date":"Januar 5, 2017","format":false,"excerpt":"Im Zuge der Vorbereitungen auf m\u00f6gliche Terroranschl\u00e4ge mit einem erh\u00f6hten Risiko f\u00fcr penetrierende Verletzungen werden vielerorts die Ausstattungen der Rettungsmittel erg\u00e4nzt. Neben einem Schwerpunkt im Bereich der Blutstillung (Tourniquet, H\u00e4mostyptika und moderne Verbandmittel) wird ein besonderes Augenmerk auf die Entlastung des Spannungspneumothorax gelegt. Dies begr\u00fcndet sich in der Arbeit von\u2026","rel":"","context":"In &quot;Pneumothorax&quot;","block_context":{"text":"Pneumothorax","link":"http:\/\/news-papers.eu\/?cat=583"},"img":{"alt_text":"Thoraxentlastungspunktion","src":"https:\/\/i0.wp.com\/news-papers.eu\/wp-content\/uploads\/2017\/01\/Thoraxentlastungspunktion.jpg?fit=707%2C306&resize=350%2C200","width":350,"height":200,"srcset":"https:\/\/i0.wp.com\/news-papers.eu\/wp-content\/uploads\/2017\/01\/Thoraxentlastungspunktion.jpg?fit=707%2C306&resize=350%2C200 1x, https:\/\/i0.wp.com\/news-papers.eu\/wp-content\/uploads\/2017\/01\/Thoraxentlastungspunktion.jpg?fit=707%2C306&resize=525%2C300 1.5x, https:\/\/i0.wp.com\/news-papers.eu\/wp-content\/uploads\/2017\/01\/Thoraxentlastungspunktion.jpg?fit=707%2C306&resize=700%2C400 2x"},"classes":[]},{"id":7231,"url":"http:\/\/news-papers.eu\/?p=7231","url_meta":{"origin":7016,"position":2},"title":"TXA \u2013 nicht mit der Gie\u00dfkanne! Teil 1","author":"Michael Bernhard","date":"Mai 17, 2018","format":false,"excerpt":"Es ist mal wieder Zeit\u00a0f\u00fcr eine Serien: Hier nun Teil 1 eines gemeinsamen Beitrages von Dr. Heiko Lier, K\u00f6ln\/Deutschland und PD Dr. J\u00fcrgen Knapp, Bern Schweiz: Vermutlich basierend auf den zwei gro\u00dfen Studien zum Nutzen der Tranexams\u00e4ure (TXA) bei (vermuteter) massiver Blutung beim Trauma-Patienten (CRASH-2 trial) bzw. bei der peripartalen\u2026","rel":"","context":"In &quot;Blutungsmanagement&quot;","block_context":{"text":"Blutungsmanagement","link":"http:\/\/news-papers.eu\/?cat=1210"},"img":{"alt_text":"","src":"https:\/\/i0.wp.com\/news-papers.eu\/wp-content\/uploads\/2018\/05\/Bildschirmfoto-2018-03-31-um-12.50.32-300x197.png?resize=350%2C200","width":350,"height":200},"classes":[]},{"id":1426,"url":"http:\/\/news-papers.eu\/?p=1426","url_meta":{"origin":7016,"position":3},"title":"\u00dcberleben nach Trauma-assoziierten Herzkreislaufstillstand","author":"Michael Bernhard","date":"Juli 6, 2016","format":false,"excerpt":"Chris C. Evans et al. publizierten unl\u00e4ngst in J Trauma Acute Care Surg eine retrospektive Auswertung prospektiv gesammelter Daten zweier gro\u00dfer Traumaregister aus Nordamerika und Canada [Resuscitation Outcome Consortium)\u00a0ROC EPISTRY-Trauma- und PROPHET-Registry]: Evans CC, et al.\u00a0Prehospital traumatic cardiac arrest: management and outcomes from the Resuscitation Outcomes Consortium Epistry-Trauma and PROPHET\u2026","rel":"","context":"In &quot;Reanimatologie&quot;","block_context":{"text":"Reanimatologie","link":"http:\/\/news-papers.eu\/?cat=137"},"img":{"alt_text":"NYFD","src":"https:\/\/i0.wp.com\/news-papers.eu\/wp-content\/uploads\/2016\/06\/NYFD.png?fit=1200%2C652&resize=350%2C200","width":350,"height":200,"srcset":"https:\/\/i0.wp.com\/news-papers.eu\/wp-content\/uploads\/2016\/06\/NYFD.png?fit=1200%2C652&resize=350%2C200 1x, https:\/\/i0.wp.com\/news-papers.eu\/wp-content\/uploads\/2016\/06\/NYFD.png?fit=1200%2C652&resize=525%2C300 1.5x, https:\/\/i0.wp.com\/news-papers.eu\/wp-content\/uploads\/2016\/06\/NYFD.png?fit=1200%2C652&resize=700%2C400 2x, https:\/\/i0.wp.com\/news-papers.eu\/wp-content\/uploads\/2016\/06\/NYFD.png?fit=1200%2C652&resize=1050%2C600 3x"},"classes":[]},{"id":14600,"url":"http:\/\/news-papers.eu\/?p=14600","url_meta":{"origin":7016,"position":4},"title":"Versorgungsstrategie beim penetrierenden Trauma","author":"Michael Bernhard","date":"November 5, 2021","format":false,"excerpt":"Ein Beitrag von PD Dr. J\u00fcrgen Knapp, Bern\/Schweiz: Das penetrierende Trauma ist zwar in der zivilen Notfallmedizin in Europa selten, aber die Einsatzszenarien sind in solchen F\u00e4llen oft dramatisch und f\u00fcr das Team stressbehaftet. Daher lohnt es sich immer wieder einen Blick \u00fcber den Tellerrand zu werfen in die USA,\u2026","rel":"","context":"In &quot;Veranstaltungshinweis&quot;","block_context":{"text":"Veranstaltungshinweis","link":"http:\/\/news-papers.eu\/?cat=30"},"img":{"alt_text":"","src":"https:\/\/i0.wp.com\/news-papers.eu\/wp-content\/uploads\/2021\/11\/PenetrierendesTrauma-e1635752550485.png?fit=500%2C375&resize=350%2C200","width":350,"height":200},"classes":[]},{"id":3861,"url":"http:\/\/news-papers.eu\/?p=3861","url_meta":{"origin":7016,"position":5},"title":"Laktat und Basen\u00fcberschuss als Transfusionsindikatoren","author":"Michael Bernhard","date":"Februar 23, 2017","format":false,"excerpt":"Ein Gastbeitrag von Dr. Heiko Lier, Klinik f\u00fcr An\u00e4sthesiologie und Operative Intensivmedizin am Universit\u00e4tsklinikum K\u00f6ln: Laut Bundes\u00e4rztekammer (B\u00c4K) gibt es nur eine Indikation f\u00fcr die Transfusion von Erythrozyten: die Vermeidung einer manifesten an\u00e4mischen Hypoxie, d.h. eines Sauerstoffmangels auf zellul\u00e4rer Ebene (= Hypoxie), der durch fehlende Sauerstofftr\u00e4ger (= An\u00e4mie) bedingt ist.\u2026","rel":"","context":"In &quot;Transfusion&quot;","block_context":{"text":"Transfusion","link":"http:\/\/news-papers.eu\/?cat=204"},"img":{"alt_text":"","src":"https:\/\/i0.wp.com\/news-papers.eu\/wp-content\/uploads\/2016\/05\/Bluttransfusion.jpg?fit=480%2C616&resize=350%2C200","width":350,"height":200},"classes":[]}],"jetpack_likes_enabled":true,"_links":{"self":[{"href":"http:\/\/news-papers.eu\/index.php?rest_route=\/wp\/v2\/posts\/7016","targetHints":{"allow":["GET"]}}],"collection":[{"href":"http:\/\/news-papers.eu\/index.php?rest_route=\/wp\/v2\/posts"}],"about":[{"href":"http:\/\/news-papers.eu\/index.php?rest_route=\/wp\/v2\/types\/post"}],"author":[{"embeddable":true,"href":"http:\/\/news-papers.eu\/index.php?rest_route=\/wp\/v2\/users\/2"}],"replies":[{"embeddable":true,"href":"http:\/\/news-papers.eu\/index.php?rest_route=%2Fwp%2Fv2%2Fcomments&post=7016"}],"version-history":[{"count":1,"href":"http:\/\/news-papers.eu\/index.php?rest_route=\/wp\/v2\/posts\/7016\/revisions"}],"predecessor-version":[{"id":7018,"href":"http:\/\/news-papers.eu\/index.php?rest_route=\/wp\/v2\/posts\/7016\/revisions\/7018"}],"wp:featuredmedia":[{"embeddable":true,"href":"http:\/\/news-papers.eu\/index.php?rest_route=\/wp\/v2\/media\/7017"}],"wp:attachment":[{"href":"http:\/\/news-papers.eu\/index.php?rest_route=%2Fwp%2Fv2%2Fmedia&parent=7016"}],"wp:term":[{"taxonomy":"category","embeddable":true,"href":"http:\/\/news-papers.eu\/index.php?rest_route=%2Fwp%2Fv2%2Fcategories&post=7016"},{"taxonomy":"post_tag","embeddable":true,"href":"http:\/\/news-papers.eu\/index.php?rest_route=%2Fwp%2Fv2%2Ftags&post=7016"}],"curies":[{"name":"wp","href":"https:\/\/api.w.org\/{rel}","templated":true}]}}