{"id":6972,"date":"2018-01-23T22:59:06","date_gmt":"2018-01-23T21:59:06","guid":{"rendered":"http:\/\/news-papers.eu\/?p=6972"},"modified":"2018-01-23T22:59:06","modified_gmt":"2018-01-23T21:59:06","slug":"in-tiefer-anteilnahme","status":"publish","type":"post","link":"http:\/\/news-papers.eu\/?p=6972","title":{"rendered":"In tiefer Anteilnahme"},"content":{"rendered":"<p>f\u00fchlen wir mit den Angeh\u00f6rigen der Opfer des tragischen Flugunfalls, bei dem heute in der N\u00e4he von Speyer 4 Menschen Ihr Leben verloren haben. Von der Beteiligung eines Hubschraubers der DRF sind viele von uns, die selbst in der Luftrettung t\u00e4tig sind, besonders betroffen.<\/p>\n<blockquote><p>Wenn ihr mich sucht, sucht in euren Herzen.<\/p>\n<p>Habe ich dort eine Bleibe gefunden, lebe ich in euch weiter.<\/p>\n<p style=\"text-align: right;\">Rainer Maria Rilke<\/p>\n<\/blockquote>\n<p>Hier der Link zum <span style=\"color: #000000;\"><a style=\"color: #000000;\" href=\"http:\/\/www.kondolenzbuch-online.de\/cgi-bin\/2018\/books\/000145.pl\" target=\"_blank\" rel=\"noopener\">Kondulenzbuch<\/a><\/span> der Deutschen Rettungsflugwacht<\/p>\n","protected":false},"excerpt":{"rendered":"<p>f\u00fchlen wir mit den Angeh\u00f6rigen der Opfer des tragischen Flugunfalls, bei dem heute in der N\u00e4he von Speyer 4 Menschen Ihr Leben verloren haben. Von der Beteiligung eines Hubschraubers der [&hellip;]<\/p>\n","protected":false},"author":1,"featured_media":6973,"comment_status":"open","ping_status":"open","sticky":false,"template":"","format":"standard","meta":{"__cvm_playback_settings":[],"__cvm_video_id":"","jetpack_post_was_ever_published":false,"_jetpack_newsletter_access":"","_jetpack_dont_email_post_to_subs":false,"_jetpack_newsletter_tier_id":0,"_jetpack_memberships_contains_paywalled_content":false,"_jetpack_memberships_contains_paid_content":false,"footnotes":"","jetpack_publicize_message":"","jetpack_publicize_feature_enabled":true,"jetpack_social_post_already_shared":true,"jetpack_social_options":{"image_generator_settings":{"template":"highway","default_image_id":0,"font":"","enabled":false},"version":2},"_wpas_customize_per_network":false},"categories":[2],"tags":[],"class_list":["post-6972","post","type-post","status-publish","format-standard","has-post-thumbnail","hentry","category-allgemein"],"jetpack_publicize_connections":[],"jetpack_featured_media_url":"https:\/\/i0.wp.com\/news-papers.eu\/wp-content\/uploads\/2018\/01\/D-HDRV.jpg?fit=1024%2C247","jetpack_sharing_enabled":true,"jetpack_shortlink":"https:\/\/wp.me\/p7fR2g-1Os","jetpack-related-posts":[{"id":19233,"url":"http:\/\/news-papers.eu\/?p=19233","url_meta":{"origin":6972,"position":0},"title":"AEDs Melden und gewinnen!","author":"Bj\u00f6rn Hossfeld","date":"Februar 16, 2025","format":false,"excerpt":"Entdecke einen AED und gewinne! Hilf, das System Region der Lebensretter noch besser zu machen, und noch mehr Leben zu retten! Der Verein sucht AEDs (Automatisierte Externe Defibrillatoren), die noch nicht in der App registriert sind und freut sich \u00fcber Deine Unterst\u00fctzung. So funktioniert es: finde AEDs in Deiner Umgebung,\u2026","rel":"","context":"In &quot;allgemein&quot;","block_context":{"text":"allgemein","link":"http:\/\/news-papers.eu\/?cat=2"},"img":{"alt_text":"","src":"https:\/\/i0.wp.com\/news-papers.eu\/wp-content\/uploads\/2025\/02\/AED_gewinnspiel.png?fit=1002%2C1200&resize=350%2C200","width":350,"height":200,"srcset":"https:\/\/i0.wp.com\/news-papers.eu\/wp-content\/uploads\/2025\/02\/AED_gewinnspiel.png?fit=1002%2C1200&resize=350%2C200 1x, https:\/\/i0.wp.com\/news-papers.eu\/wp-content\/uploads\/2025\/02\/AED_gewinnspiel.png?fit=1002%2C1200&resize=525%2C300 1.5x, https:\/\/i0.wp.com\/news-papers.eu\/wp-content\/uploads\/2025\/02\/AED_gewinnspiel.png?fit=1002%2C1200&resize=700%2C400 2x"},"classes":[]},{"id":10919,"url":"http:\/\/news-papers.eu\/?p=10919","url_meta":{"origin":6972,"position":1},"title":"Ferry Porsche Challenge &#8211; Stimmen Sie f\u00fcr &#8222;Ich kann Leben retten! e.V.&#8220;","author":"Michael Bernhard","date":"Februar 5, 2020","format":false,"excerpt":"Seit Jahren engagiert sich der gemeinn\u00fctzige Verein\u00a0Ich kann Leben retten! e.V.\u00a0in Hamburg erfolgreich bei der Ausbildung von Kindern und Jugendlichen in lebensrettenden Sofortma\u00dfnahmen. Bisher wurden \u00fcber 20.000 Kinder und Jugendliche zu Herzrettern ausgebildet. Wir teilen als Cardiac Arrest Center des\u00a0Universit\u00e4tsklinikums Leipzig die \u00dcberzeugung, dass Wiederbelebung zur Lebenskompetenz eines jeden Menschen\u2026","rel":"","context":"In &quot;www - Netzressource&quot;","block_context":{"text":"www - Netzressource","link":"http:\/\/news-papers.eu\/?cat=368"},"img":{"alt_text":"","src":"https:\/\/i0.wp.com\/news-papers.eu\/wp-content\/uploads\/2020\/02\/2019_03_22_Herzretter_54-scaled.jpg?fit=1200%2C808&resize=350%2C200","width":350,"height":200,"srcset":"https:\/\/i0.wp.com\/news-papers.eu\/wp-content\/uploads\/2020\/02\/2019_03_22_Herzretter_54-scaled.jpg?fit=1200%2C808&resize=350%2C200 1x, https:\/\/i0.wp.com\/news-papers.eu\/wp-content\/uploads\/2020\/02\/2019_03_22_Herzretter_54-scaled.jpg?fit=1200%2C808&resize=525%2C300 1.5x, https:\/\/i0.wp.com\/news-papers.eu\/wp-content\/uploads\/2020\/02\/2019_03_22_Herzretter_54-scaled.jpg?fit=1200%2C808&resize=700%2C400 2x, https:\/\/i0.wp.com\/news-papers.eu\/wp-content\/uploads\/2020\/02\/2019_03_22_Herzretter_54-scaled.jpg?fit=1200%2C808&resize=1050%2C600 3x"},"classes":[]},{"id":19643,"url":"http:\/\/news-papers.eu\/?p=19643","url_meta":{"origin":6972,"position":2},"title":"9. Symposium \u201eTaktische Lagen im Rettungsdienst\u201c","author":"Bj\u00f6rn Hossfeld","date":"Mai 23, 2025","format":false,"excerpt":"\u00a0Am 26. Juni 2025 findet in der Messe Dortmund das 9. Symposium \u201eTaktische Lagen im Rettungsdienst\u201c\u00a0 mit hochaktuellen und praxisnahen Themen statt. Freuen Sie sich auf fundierte Einblicke zu aktuellen sicherheitsrelevanten Eins\u00e4tzen und Herausforderungen im Rettungsdienst, u. a. zu: dem Terrorangriff auf Israel (7. Oktober 2023) dem Eigenschutz in Schusswaffen-\u2026","rel":"","context":"In &quot;Veranstaltungshinweis&quot;","block_context":{"text":"Veranstaltungshinweis","link":"http:\/\/news-papers.eu\/?cat=30"},"img":{"alt_text":"","src":"https:\/\/i0.wp.com\/news-papers.eu\/wp-content\/uploads\/2025\/05\/Taktische-Lagen-im-Rettungsdienst-Header.png?fit=1200%2C999&resize=350%2C200","width":350,"height":200,"srcset":"https:\/\/i0.wp.com\/news-papers.eu\/wp-content\/uploads\/2025\/05\/Taktische-Lagen-im-Rettungsdienst-Header.png?fit=1200%2C999&resize=350%2C200 1x, https:\/\/i0.wp.com\/news-papers.eu\/wp-content\/uploads\/2025\/05\/Taktische-Lagen-im-Rettungsdienst-Header.png?fit=1200%2C999&resize=525%2C300 1.5x, https:\/\/i0.wp.com\/news-papers.eu\/wp-content\/uploads\/2025\/05\/Taktische-Lagen-im-Rettungsdienst-Header.png?fit=1200%2C999&resize=700%2C400 2x, https:\/\/i0.wp.com\/news-papers.eu\/wp-content\/uploads\/2025\/05\/Taktische-Lagen-im-Rettungsdienst-Header.png?fit=1200%2C999&resize=1050%2C600 3x"},"classes":[]},{"id":8463,"url":"http:\/\/news-papers.eu\/?p=8463","url_meta":{"origin":6972,"position":3},"title":"Stellenangebot: Zentrale Notaufnahme in D\u00fcsseldorf","author":"Michael Bernhard","date":"November 17, 2018","format":false,"excerpt":"\u00a0\u00a0\u00a0Mit rund 6.200 Besch\u00e4ftigten ist das Universit\u00e4tsklinikum einer der gr\u00f6\u00dften Arbeitgeber D\u00fcsseldorfs und entwickelt sich permanent weiter. Durch seine Gr\u00f6\u00dfe und optimale Ausstattung sowie die Verbindung zu Forschung und Lehre bietet das Universit\u00e4tsklinikum ein breitgef\u00e4chertes Aufgabenspektrum, das den Arbeitsalltag \u00e4u\u00dferst vielf\u00e4ltig gestaltet. Aus diesem Grunde suchen wir motivierte Menschen, die\u2026","rel":"","context":"In &quot;allgemein&quot;","block_context":{"text":"allgemein","link":"http:\/\/news-papers.eu\/?cat=2"},"img":{"alt_text":"","src":"https:\/\/i0.wp.com\/news-papers.eu\/wp-content\/uploads\/2018\/11\/ZNA1.jpg?fit=1000%2C666&resize=350%2C200","width":350,"height":200,"srcset":"https:\/\/i0.wp.com\/news-papers.eu\/wp-content\/uploads\/2018\/11\/ZNA1.jpg?fit=1000%2C666&resize=350%2C200 1x, https:\/\/i0.wp.com\/news-papers.eu\/wp-content\/uploads\/2018\/11\/ZNA1.jpg?fit=1000%2C666&resize=525%2C300 1.5x, https:\/\/i0.wp.com\/news-papers.eu\/wp-content\/uploads\/2018\/11\/ZNA1.jpg?fit=1000%2C666&resize=700%2C400 2x"},"classes":[]},{"id":14593,"url":"http:\/\/news-papers.eu\/?p=14593","url_meta":{"origin":6972,"position":4},"title":"traumateam meets NowToGo &#8222;terroristische Anschl\u00e4ge &#8211; lessons learnt&#8220;","author":"Bj\u00f6rn Hossfeld","date":"Oktober 31, 2021","format":false,"excerpt":"Da die notfallmedizinischen Fortbildungen der Kollegen von traumateam.de gemeinsam mit der ADAC Luftrettung gGmbH am Ulmer Bundeswehrkrankenhaus, wie viele andere Termine auch, nicht als Pr\u00e4senzveranstaltungen stattfinden k\u00f6nnen, haben sich die Ulmer mit NOWTOGO zusammengeschlossen und bieten am kommenden Dienstag ihre Fortbildung als Live-Stream an. Am 11. September j\u00e4hrten sich die\u2026","rel":"","context":"In &quot;allgemein&quot;","block_context":{"text":"allgemein","link":"http:\/\/news-papers.eu\/?cat=2"},"img":{"alt_text":"Terror Polizeiabsperrung","src":"https:\/\/i0.wp.com\/news-papers.eu\/wp-content\/uploads\/2017\/01\/Polizeiabsperrung.jpg?fit=1200%2C286&resize=350%2C200","width":350,"height":200,"srcset":"https:\/\/i0.wp.com\/news-papers.eu\/wp-content\/uploads\/2017\/01\/Polizeiabsperrung.jpg?fit=1200%2C286&resize=350%2C200 1x, https:\/\/i0.wp.com\/news-papers.eu\/wp-content\/uploads\/2017\/01\/Polizeiabsperrung.jpg?fit=1200%2C286&resize=525%2C300 1.5x, https:\/\/i0.wp.com\/news-papers.eu\/wp-content\/uploads\/2017\/01\/Polizeiabsperrung.jpg?fit=1200%2C286&resize=700%2C400 2x, https:\/\/i0.wp.com\/news-papers.eu\/wp-content\/uploads\/2017\/01\/Polizeiabsperrung.jpg?fit=1200%2C286&resize=1050%2C600 3x"},"classes":[]},{"id":13080,"url":"http:\/\/news-papers.eu\/?p=13080","url_meta":{"origin":6972,"position":5},"title":"traumateam meets NOWTOGO \u201eBlut- und Gerinnungsproduke bereits pr\u00e4hospital ?\u201c","author":"Bj\u00f6rn Hossfeld","date":"Februar 1, 2021","format":false,"excerpt":"Da die notfallmedizinischen Fortbildungen der Kollegen von traumateam.de gemeinsam mit der ADAC Luftrettung gGmbH am Ulmer Bundeswehrkrankenhaus, wie viele andere Termine auch, nicht als Pr\u00e4senzveranstaltungen stattfinden k\u00f6nnen, haben sich die Ulmer mit NOWTOGO zusammengeschlossen und bieten am kommenden Dienstag ihre Fortbildung als Live-Stream an. Seit August letzten Jahren fliegt der\u2026","rel":"","context":"In &quot;Blutungsmanagement&quot;","block_context":{"text":"Blutungsmanagement","link":"http:\/\/news-papers.eu\/?cat=1210"},"img":{"alt_text":"","src":"https:\/\/i0.wp.com\/news-papers.eu\/wp-content\/uploads\/2021\/02\/CHR22-RTH-Blut-EKs-KNO%CC%88FEL-01-0--scaled-e1737198382880.jpg?fit=776%2C977&resize=350%2C200","width":350,"height":200,"srcset":"https:\/\/i0.wp.com\/news-papers.eu\/wp-content\/uploads\/2021\/02\/CHR22-RTH-Blut-EKs-KNO%CC%88FEL-01-0--scaled-e1737198382880.jpg?fit=776%2C977&resize=350%2C200 1x, https:\/\/i0.wp.com\/news-papers.eu\/wp-content\/uploads\/2021\/02\/CHR22-RTH-Blut-EKs-KNO%CC%88FEL-01-0--scaled-e1737198382880.jpg?fit=776%2C977&resize=525%2C300 1.5x, https:\/\/i0.wp.com\/news-papers.eu\/wp-content\/uploads\/2021\/02\/CHR22-RTH-Blut-EKs-KNO%CC%88FEL-01-0--scaled-e1737198382880.jpg?fit=776%2C977&resize=700%2C400 2x"},"classes":[]}],"jetpack_likes_enabled":true,"_links":{"self":[{"href":"http:\/\/news-papers.eu\/index.php?rest_route=\/wp\/v2\/posts\/6972","targetHints":{"allow":["GET"]}}],"collection":[{"href":"http:\/\/news-papers.eu\/index.php?rest_route=\/wp\/v2\/posts"}],"about":[{"href":"http:\/\/news-papers.eu\/index.php?rest_route=\/wp\/v2\/types\/post"}],"author":[{"embeddable":true,"href":"http:\/\/news-papers.eu\/index.php?rest_route=\/wp\/v2\/users\/1"}],"replies":[{"embeddable":true,"href":"http:\/\/news-papers.eu\/index.php?rest_route=%2Fwp%2Fv2%2Fcomments&post=6972"}],"version-history":[{"count":2,"href":"http:\/\/news-papers.eu\/index.php?rest_route=\/wp\/v2\/posts\/6972\/revisions"}],"predecessor-version":[{"id":6975,"href":"http:\/\/news-papers.eu\/index.php?rest_route=\/wp\/v2\/posts\/6972\/revisions\/6975"}],"wp:featuredmedia":[{"embeddable":true,"href":"http:\/\/news-papers.eu\/index.php?rest_route=\/wp\/v2\/media\/6973"}],"wp:attachment":[{"href":"http:\/\/news-papers.eu\/index.php?rest_route=%2Fwp%2Fv2%2Fmedia&parent=6972"}],"wp:term":[{"taxonomy":"category","embeddable":true,"href":"http:\/\/news-papers.eu\/index.php?rest_route=%2Fwp%2Fv2%2Fcategories&post=6972"},{"taxonomy":"post_tag","embeddable":true,"href":"http:\/\/news-papers.eu\/index.php?rest_route=%2Fwp%2Fv2%2Ftags&post=6972"}],"curies":[{"name":"wp","href":"https:\/\/api.w.org\/{rel}","templated":true}]}}