{"id":6957,"date":"2018-01-25T04:47:06","date_gmt":"2018-01-25T03:47:06","guid":{"rendered":"http:\/\/news-papers.eu\/?p=6957"},"modified":"2018-01-20T14:49:09","modified_gmt":"2018-01-20T13:49:09","slug":"kinderanaesthesie-aktuell-09-10-03-2018","status":"publish","type":"post","link":"http:\/\/news-papers.eu\/?p=6957","title":{"rendered":"Kinderan\u00e4sthesie aktuell: 09.-10.03.2018"},"content":{"rendered":"<p><img data-recalc-dims=\"1\" loading=\"lazy\" decoding=\"async\" data-attachment-id=\"6618\" data-permalink=\"http:\/\/news-papers.eu\/?attachment_id=6618\" data-orig-file=\"https:\/\/i0.wp.com\/news-papers.eu\/wp-content\/uploads\/2017\/12\/Bildschirmfoto-2017-12-18-um-17.40.41.png?fit=680%2C1328\" data-orig-size=\"680,1328\" data-comments-opened=\"1\" data-image-meta=\"{&quot;aperture&quot;:&quot;0&quot;,&quot;credit&quot;:&quot;&quot;,&quot;camera&quot;:&quot;&quot;,&quot;caption&quot;:&quot;&quot;,&quot;created_timestamp&quot;:&quot;0&quot;,&quot;copyright&quot;:&quot;&quot;,&quot;focal_length&quot;:&quot;0&quot;,&quot;iso&quot;:&quot;0&quot;,&quot;shutter_speed&quot;:&quot;0&quot;,&quot;title&quot;:&quot;&quot;,&quot;orientation&quot;:&quot;0&quot;}\" data-image-title=\"Kinderan\u00e4sthesie aktuell 2018\" data-image-description=\"\" data-image-caption=\"\" data-large-file=\"https:\/\/i0.wp.com\/news-papers.eu\/wp-content\/uploads\/2017\/12\/Bildschirmfoto-2017-12-18-um-17.40.41.png?fit=524%2C1024\" class=\"wp-image-6618 aligncenter\" src=\"https:\/\/i0.wp.com\/news-papers.eu\/wp-content\/uploads\/2017\/12\/Bildschirmfoto-2017-12-18-um-17.40.41.png?resize=420%2C818\" alt=\"\" width=\"420\" height=\"818\" \/><\/p>\n<p><img data-recalc-dims=\"1\" loading=\"lazy\" decoding=\"async\" data-attachment-id=\"6619\" data-permalink=\"http:\/\/news-papers.eu\/?attachment_id=6619\" data-orig-file=\"https:\/\/i0.wp.com\/news-papers.eu\/wp-content\/uploads\/2017\/12\/Bildschirmfoto-2017-12-18-um-17.40.59.png?fit=598%2C144\" data-orig-size=\"598,144\" data-comments-opened=\"1\" data-image-meta=\"{&quot;aperture&quot;:&quot;0&quot;,&quot;credit&quot;:&quot;&quot;,&quot;camera&quot;:&quot;&quot;,&quot;caption&quot;:&quot;&quot;,&quot;created_timestamp&quot;:&quot;0&quot;,&quot;copyright&quot;:&quot;&quot;,&quot;focal_length&quot;:&quot;0&quot;,&quot;iso&quot;:&quot;0&quot;,&quot;shutter_speed&quot;:&quot;0&quot;,&quot;title&quot;:&quot;&quot;,&quot;orientation&quot;:&quot;0&quot;}\" data-image-title=\"Bildschirmfoto 2017-12-18 um 17.40.59\" data-image-description=\"\" data-image-caption=\"\" data-large-file=\"https:\/\/i0.wp.com\/news-papers.eu\/wp-content\/uploads\/2017\/12\/Bildschirmfoto-2017-12-18-um-17.40.59.png?fit=598%2C144\" class=\" wp-image-6619 aligncenter\" src=\"https:\/\/i0.wp.com\/news-papers.eu\/wp-content\/uploads\/2017\/12\/Bildschirmfoto-2017-12-18-um-17.40.59.png?resize=387%2C93\" alt=\"\" width=\"387\" height=\"93\" srcset=\"https:\/\/i0.wp.com\/news-papers.eu\/wp-content\/uploads\/2017\/12\/Bildschirmfoto-2017-12-18-um-17.40.59.png?resize=300%2C72 300w, https:\/\/i0.wp.com\/news-papers.eu\/wp-content\/uploads\/2017\/12\/Bildschirmfoto-2017-12-18-um-17.40.59.png?w=598 598w\" sizes=\"auto, (max-width: 387px) 100vw, 387px\" \/><\/p>\n<p style=\"text-align: center;\"><strong>Hier ist das Programm:\u00a0<a href=\"http:\/\/news-papers.eu\/wp-content\/uploads\/2018\/01\/FOLDER_kinderan\u00e4sthesie-2018.pdf\">Flyer_Kinderan\u00e4sthesie-2018<\/a><\/strong><\/p>\n<hr \/>\n<p><strong><a href=\"https:\/\/twitter.com\/news_papers_eu?refsrc=email&amp;s=11\" target=\"_blank\" rel=\"noopener noreferrer\">News-Papers.eu auf TWITTER<\/a>\u00a0 \u00a0 \u00a0 \u00a0\u00a0<a href=\"http:\/\/news-papers.eu\/follow\" target=\"_blank\" rel=\"noopener noreferrer\">Follow news-papers.eu<\/a><\/strong><\/p>\n","protected":false},"excerpt":{"rendered":"<p>Hier ist das Programm:\u00a0Flyer_Kinderan\u00e4sthesie-2018 News-Papers.eu auf TWITTER\u00a0 \u00a0 \u00a0 \u00a0\u00a0Follow news-papers.eu<\/p>\n","protected":false},"author":2,"featured_media":6618,"comment_status":"open","ping_status":"open","sticky":false,"template":"","format":"standard","meta":{"__cvm_playback_settings":[],"__cvm_video_id":"","jetpack_post_was_ever_published":false,"_jetpack_newsletter_access":"","_jetpack_dont_email_post_to_subs":false,"_jetpack_newsletter_tier_id":0,"_jetpack_memberships_contains_paywalled_content":false,"_jetpack_memberships_contains_paid_content":false,"footnotes":"","jetpack_publicize_message":"","jetpack_publicize_feature_enabled":true,"jetpack_social_post_already_shared":true,"jetpack_social_options":{"image_generator_settings":{"template":"highway","default_image_id":0,"font":"","enabled":false},"version":2},"_wpas_customize_per_network":false},"categories":[30],"tags":[125],"class_list":["post-6957","post","type-post","status-publish","format-standard","has-post-thumbnail","hentry","category-veranstaltungshinweis","tag-kinderanaesthesie"],"jetpack_publicize_connections":[],"jetpack_featured_media_url":"https:\/\/i0.wp.com\/news-papers.eu\/wp-content\/uploads\/2017\/12\/Bildschirmfoto-2017-12-18-um-17.40.41.png?fit=680%2C1328","jetpack_sharing_enabled":true,"jetpack_shortlink":"https:\/\/wp.me\/p7fR2g-1Od","jetpack-related-posts":[{"id":20728,"url":"http:\/\/news-papers.eu\/?p=20728","url_meta":{"origin":6957,"position":0},"title":"Kinderan\u00e4sthesie-Meeting in St. Gallen","author":"Bj\u00f6rn Hossfeld","date":"April 27, 2026","format":false,"excerpt":"Kinderan\u00e4sthesie bedeutet immer wieder eine Herausfordung. Das Team des Ostschweizer Kinderspitals in St. Gallen l\u00e4dt ein zum 1. Ostschweizer Kinderan\u00e4sthesie Meeting am 12. Juni 2026 um 15:00 Uhr im Ostschweizer Kinderspital, St. Gallen Alle Infos im Flyer \u00a0 \u00a0 \u00a0 \u00a0 \u00a0 \u00a0","rel":"","context":"In &quot;Veranstaltungshinweis&quot;","block_context":{"text":"Veranstaltungshinweis","link":"http:\/\/news-papers.eu\/?cat=30"},"img":{"alt_text":"","src":"https:\/\/i0.wp.com\/news-papers.eu\/wp-content\/uploads\/2026\/04\/Kinderanaesthesiemeeting-.png?fit=1200%2C1162&resize=350%2C200","width":350,"height":200,"srcset":"https:\/\/i0.wp.com\/news-papers.eu\/wp-content\/uploads\/2026\/04\/Kinderanaesthesiemeeting-.png?fit=1200%2C1162&resize=350%2C200 1x, https:\/\/i0.wp.com\/news-papers.eu\/wp-content\/uploads\/2026\/04\/Kinderanaesthesiemeeting-.png?fit=1200%2C1162&resize=525%2C300 1.5x, https:\/\/i0.wp.com\/news-papers.eu\/wp-content\/uploads\/2026\/04\/Kinderanaesthesiemeeting-.png?fit=1200%2C1162&resize=700%2C400 2x, https:\/\/i0.wp.com\/news-papers.eu\/wp-content\/uploads\/2026\/04\/Kinderanaesthesiemeeting-.png?fit=1200%2C1162&resize=1050%2C600 3x"},"classes":[]},{"id":16739,"url":"http:\/\/news-papers.eu\/?p=16739","url_meta":{"origin":6957,"position":1},"title":"Repetitorium Kinderan\u00e4sthesie, 17.-20.05.2023","author":"Michael Bernhard","date":"M\u00e4rz 5, 2023","format":false,"excerpt":"Liebe Kolleginnen und Kollegen! Das beliebte Repetitorium Kinderan\u00e4sthesie ist zur\u00fcck als Pr\u00e4senzveranstaltung im sch\u00f6\u00adnen Hotel R\u00f6ssle in Stimpfach-Rechenberg! Bringen Sie Ihr Wissen zur Kinderan\u00e4sthesie mit praxisnahen Vortr\u00e4gen auf den aktuellen Stand und diskutieren Sie Ihre Fragen mit klinisch erfahrenen ReferentInnen. Am vorgeschalteten Mittwoch bieten wir Ihnen das neu konzipierte Zirkeltraining\u2026","rel":"","context":"In &quot;Veranstaltungshinweis&quot;","block_context":{"text":"Veranstaltungshinweis","link":"http:\/\/news-papers.eu\/?cat=30"},"img":{"alt_text":"","src":"https:\/\/i0.wp.com\/news-papers.eu\/wp-content\/uploads\/2023\/03\/Bildschirm%C2%ADfoto-2023-03-04-um-10.38.20.png?fit=636%2C380&resize=350%2C200","width":350,"height":200,"srcset":"https:\/\/i0.wp.com\/news-papers.eu\/wp-content\/uploads\/2023\/03\/Bildschirm%C2%ADfoto-2023-03-04-um-10.38.20.png?fit=636%2C380&resize=350%2C200 1x, https:\/\/i0.wp.com\/news-papers.eu\/wp-content\/uploads\/2023\/03\/Bildschirm%C2%ADfoto-2023-03-04-um-10.38.20.png?fit=636%2C380&resize=525%2C300 1.5x"},"classes":[]},{"id":16743,"url":"http:\/\/news-papers.eu\/?p=16743","url_meta":{"origin":6957,"position":2},"title":"Repetitorium Kinderan\u00e4sthesie 17.-20.05.2023","author":"Michael Bernhard","date":"M\u00e4rz 17, 2023","format":false,"excerpt":"Liebe Kolleginnen und Kollegen! Das beliebte Repetitorium Kinderan\u00e4sthesie ist zur\u00fcck als Pr\u00e4senzveranstaltung im sch\u00f6\u00adnen Hotel R\u00f6ssle in Stimpfach-Rechenberg! Bringen Sie Ihr Wissen zur Kinderan\u00e4sthesie mit praxisnahen Vortr\u00e4gen auf den aktuellen Stand und diskutieren Sie Ihre Fragen mit klinisch erfahrenen ReferentInnen. Am vorgeschalteten Mittwoch bieten wir Ihnen das neu konzipierte Zirkeltraining\u2026","rel":"","context":"In &quot;Veranstaltungshinweis&quot;","block_context":{"text":"Veranstaltungshinweis","link":"http:\/\/news-papers.eu\/?cat=30"},"img":{"alt_text":"","src":"https:\/\/i0.wp.com\/news-papers.eu\/wp-content\/uploads\/2023\/03\/Bildschirm%C2%ADfoto-2023-03-04-um-10.38.20.png?fit=636%2C380&resize=350%2C200","width":350,"height":200,"srcset":"https:\/\/i0.wp.com\/news-papers.eu\/wp-content\/uploads\/2023\/03\/Bildschirm%C2%ADfoto-2023-03-04-um-10.38.20.png?fit=636%2C380&resize=350%2C200 1x, https:\/\/i0.wp.com\/news-papers.eu\/wp-content\/uploads\/2023\/03\/Bildschirm%C2%ADfoto-2023-03-04-um-10.38.20.png?fit=636%2C380&resize=525%2C300 1.5x"},"classes":[]},{"id":6617,"url":"http:\/\/news-papers.eu\/?p=6617","url_meta":{"origin":6957,"position":3},"title":"09.-10.03.2018 Kinderan\u00e4sthesie aktuell","author":"Michael Bernhard","date":"Dezember 25, 2017","format":false,"excerpt":"Hier ist das Programm:\u00a0Flyer_Kinderan\u00e4sthesie-2018 News-Papers.eu auf TWITTER\u00a0 \u00a0 \u00a0 \u00a0\u00a0Follow news-papers.eu","rel":"","context":"In &quot;Veranstaltungshinweis&quot;","block_context":{"text":"Veranstaltungshinweis","link":"http:\/\/news-papers.eu\/?cat=30"},"img":{"alt_text":"","src":"https:\/\/i0.wp.com\/news-papers.eu\/wp-content\/uploads\/2017\/12\/Bildschirmfoto-2017-12-18-um-17.40.41.png?fit=614%2C1200&resize=350%2C200","width":350,"height":200,"srcset":"https:\/\/i0.wp.com\/news-papers.eu\/wp-content\/uploads\/2017\/12\/Bildschirmfoto-2017-12-18-um-17.40.41.png?fit=614%2C1200&resize=350%2C200 1x, https:\/\/i0.wp.com\/news-papers.eu\/wp-content\/uploads\/2017\/12\/Bildschirmfoto-2017-12-18-um-17.40.41.png?fit=614%2C1200&resize=525%2C300 1.5x"},"classes":[]},{"id":3597,"url":"http:\/\/news-papers.eu\/?p=3597","url_meta":{"origin":6957,"position":4},"title":"Kinderan\u00e4sthesie aktuell! K\u00f6lner Symposium am 31.03.-01.04.2017","author":"Michael Bernhard","date":"Januar 16, 2017","format":false,"excerpt":"Das Symposium\u00a0\"Kinderan\u00e4sthesie aktuell\"\u00a0(inkl. Intensivmedizin, Notfallmedizin und Schmerztherapie) findet am\u00a031. M\u00e4rz und 1.\u00a0April\u00a02017\u00a0in K\u00f6ln statt.\u00a0Es ist\u00a0wieder ein tolles Programm mit exzellenten Referenten geworden! 14 Fortbildungspunkte wurden \u00a0beantragt!\u00a0Werfen Sie einen Blick in das Programm: es lohnt sich! (PDF:\u00a0FOLDER_KiAnAkt_2017) News-Paper.eu auf TWITTER\u00a0 \u00a0\u00a0Follow news-papers.eu","rel":"","context":"In &quot;Veranstaltungshinweis&quot;","block_context":{"text":"Veranstaltungshinweis","link":"http:\/\/news-papers.eu\/?cat=30"},"img":{"alt_text":"","src":"https:\/\/i0.wp.com\/news-papers.eu\/wp-content\/uploads\/2017\/01\/Bildschirmfoto-2017-01-13-um-07.53.55.png?fit=658%2C436&resize=350%2C200","width":350,"height":200,"srcset":"https:\/\/i0.wp.com\/news-papers.eu\/wp-content\/uploads\/2017\/01\/Bildschirmfoto-2017-01-13-um-07.53.55.png?fit=658%2C436&resize=350%2C200 1x, https:\/\/i0.wp.com\/news-papers.eu\/wp-content\/uploads\/2017\/01\/Bildschirmfoto-2017-01-13-um-07.53.55.png?fit=658%2C436&resize=525%2C300 1.5x"},"classes":[]},{"id":832,"url":"http:\/\/news-papers.eu\/?p=832","url_meta":{"origin":6957,"position":5},"title":"Kinderan\u00e4sthesie aktuell 18.\/19.03.2016","author":"Michael Bernhard","date":"M\u00e4rz 7, 2016","format":false,"excerpt":"Anbei ein Hinweis zu einem interessanten\u00a0Symposium,\u00a0dass vom 18.-19.03.2016 in K\u00f6ln-M\u00fchlheim stattfindet. \"Kinderan\u00e4sthesie aktuell\", The New Yorker | DOCK.ONE Hafenstra\u00dfe 1 \/ Auenweg 51063 K\u00f6ln Weitere Informationen finden Sie: hier.","rel":"","context":"In &quot;Veranstaltungshinweis&quot;","block_context":{"text":"Veranstaltungshinweis","link":"http:\/\/news-papers.eu\/?cat=30"},"img":{"alt_text":"","src":"https:\/\/i0.wp.com\/news-papers.eu\/wp-content\/uploads\/2016\/03\/Kinderanesthesieaktuell2016.png?fit=457%2C658&resize=350%2C200","width":350,"height":200},"classes":[]}],"jetpack_likes_enabled":true,"_links":{"self":[{"href":"http:\/\/news-papers.eu\/index.php?rest_route=\/wp\/v2\/posts\/6957","targetHints":{"allow":["GET"]}}],"collection":[{"href":"http:\/\/news-papers.eu\/index.php?rest_route=\/wp\/v2\/posts"}],"about":[{"href":"http:\/\/news-papers.eu\/index.php?rest_route=\/wp\/v2\/types\/post"}],"author":[{"embeddable":true,"href":"http:\/\/news-papers.eu\/index.php?rest_route=\/wp\/v2\/users\/2"}],"replies":[{"embeddable":true,"href":"http:\/\/news-papers.eu\/index.php?rest_route=%2Fwp%2Fv2%2Fcomments&post=6957"}],"version-history":[{"count":1,"href":"http:\/\/news-papers.eu\/index.php?rest_route=\/wp\/v2\/posts\/6957\/revisions"}],"predecessor-version":[{"id":6959,"href":"http:\/\/news-papers.eu\/index.php?rest_route=\/wp\/v2\/posts\/6957\/revisions\/6959"}],"wp:featuredmedia":[{"embeddable":true,"href":"http:\/\/news-papers.eu\/index.php?rest_route=\/wp\/v2\/media\/6618"}],"wp:attachment":[{"href":"http:\/\/news-papers.eu\/index.php?rest_route=%2Fwp%2Fv2%2Fmedia&parent=6957"}],"wp:term":[{"taxonomy":"category","embeddable":true,"href":"http:\/\/news-papers.eu\/index.php?rest_route=%2Fwp%2Fv2%2Fcategories&post=6957"},{"taxonomy":"post_tag","embeddable":true,"href":"http:\/\/news-papers.eu\/index.php?rest_route=%2Fwp%2Fv2%2Ftags&post=6957"}],"curies":[{"name":"wp","href":"https:\/\/api.w.org\/{rel}","templated":true}]}}