{"id":6947,"date":"2018-03-29T04:38:30","date_gmt":"2018-03-29T02:38:30","guid":{"rendered":"http:\/\/news-papers.eu\/?p=6947"},"modified":"2018-01-20T14:50:28","modified_gmt":"2018-01-20T13:50:28","slug":"fuldaer-fortbildungen-2018","status":"publish","type":"post","link":"http:\/\/news-papers.eu\/?p=6947","title":{"rendered":"Fuldaer Fortbildungen 2018"},"content":{"rendered":"<p><img data-recalc-dims=\"1\" loading=\"lazy\" decoding=\"async\" data-attachment-id=\"6948\" data-permalink=\"http:\/\/news-papers.eu\/?attachment_id=6948\" data-orig-file=\"https:\/\/i0.wp.com\/news-papers.eu\/wp-content\/uploads\/2018\/01\/Bildschirmfoto-2018-01-18-um-11.31.35-e1516272047526.png?fit=300%2C105\" data-orig-size=\"300,105\" data-comments-opened=\"1\" data-image-meta=\"{&quot;aperture&quot;:&quot;0&quot;,&quot;credit&quot;:&quot;&quot;,&quot;camera&quot;:&quot;&quot;,&quot;caption&quot;:&quot;&quot;,&quot;created_timestamp&quot;:&quot;0&quot;,&quot;copyright&quot;:&quot;&quot;,&quot;focal_length&quot;:&quot;0&quot;,&quot;iso&quot;:&quot;0&quot;,&quot;shutter_speed&quot;:&quot;0&quot;,&quot;title&quot;:&quot;&quot;,&quot;orientation&quot;:&quot;0&quot;}\" data-image-title=\"Fulda\" data-image-description=\"\" data-image-caption=\"\" data-large-file=\"https:\/\/i0.wp.com\/news-papers.eu\/wp-content\/uploads\/2018\/01\/Bildschirmfoto-2018-01-18-um-11.31.35-e1516272047526.png?fit=1024%2C360\" class=\"alignnone wp-image-6948\" src=\"https:\/\/i0.wp.com\/news-papers.eu\/wp-content\/uploads\/2018\/01\/Bildschirmfoto-2018-01-18-um-11.31.35.png?resize=626%2C219\" alt=\"\" width=\"626\" height=\"219\" \/><\/p>\n<p><img data-recalc-dims=\"1\" loading=\"lazy\" decoding=\"async\" data-attachment-id=\"6950\" data-permalink=\"http:\/\/news-papers.eu\/?attachment_id=6950\" data-orig-file=\"https:\/\/i0.wp.com\/news-papers.eu\/wp-content\/uploads\/2018\/03\/Bildschirmfoto-2018-01-18-um-11.32.37-e1516272006403.png?fit=600%2C377\" data-orig-size=\"600,377\" data-comments-opened=\"1\" data-image-meta=\"{&quot;aperture&quot;:&quot;0&quot;,&quot;credit&quot;:&quot;&quot;,&quot;camera&quot;:&quot;&quot;,&quot;caption&quot;:&quot;&quot;,&quot;created_timestamp&quot;:&quot;0&quot;,&quot;copyright&quot;:&quot;&quot;,&quot;focal_length&quot;:&quot;0&quot;,&quot;iso&quot;:&quot;0&quot;,&quot;shutter_speed&quot;:&quot;0&quot;,&quot;title&quot;:&quot;&quot;,&quot;orientation&quot;:&quot;0&quot;}\" data-image-title=\"Fortbildungsprogramm\" data-image-description=\"\" data-image-caption=\"\" data-large-file=\"https:\/\/i0.wp.com\/news-papers.eu\/wp-content\/uploads\/2018\/03\/Bildschirmfoto-2018-01-18-um-11.32.37-e1516272006403.png?fit=1024%2C643\" class=\"alignnone wp-image-6950\" src=\"https:\/\/i0.wp.com\/news-papers.eu\/wp-content\/uploads\/2018\/03\/Bildschirmfoto-2018-01-18-um-11.32.37.png?resize=626%2C392\" alt=\"\" width=\"626\" height=\"392\" \/><\/p>\n<p><strong><a href=\"http:\/\/news-papers.eu\/wp-content\/uploads\/2018\/03\/Veranstaltungskalender2018.pdf\">Flyer: Veranstaltungskalender2018<\/a><\/strong><\/p>\n<hr \/>\n<p><strong><a href=\"https:\/\/twitter.com\/news_papers_eu?refsrc=email&amp;s=11\" target=\"_blank\" rel=\"noopener noreferrer\">News-Papers.eu auf TWITTER<\/a>\u00a0 \u00a0 \u00a0 \u00a0\u00a0<a href=\"http:\/\/news-papers.eu\/follow\" target=\"_blank\" rel=\"noopener noreferrer\">Follow news-papers.eu<\/a><\/strong><\/p>\n","protected":false},"excerpt":{"rendered":"<p>Flyer: Veranstaltungskalender2018 News-Papers.eu auf TWITTER\u00a0 \u00a0 \u00a0 \u00a0\u00a0Follow news-papers.eu<\/p>\n","protected":false},"author":2,"featured_media":6948,"comment_status":"open","ping_status":"open","sticky":false,"template":"","format":"standard","meta":{"__cvm_playback_settings":[],"__cvm_video_id":"","jetpack_post_was_ever_published":false,"_jetpack_newsletter_access":"","_jetpack_dont_email_post_to_subs":false,"_jetpack_newsletter_tier_id":0,"_jetpack_memberships_contains_paywalled_content":false,"_jetpack_memberships_contains_paid_content":false,"footnotes":"","jetpack_publicize_message":"","jetpack_publicize_feature_enabled":true,"jetpack_social_post_already_shared":true,"jetpack_social_options":{"image_generator_settings":{"template":"highway","default_image_id":0,"font":"","enabled":false},"version":2},"_wpas_customize_per_network":false},"categories":[30],"tags":[],"class_list":["post-6947","post","type-post","status-publish","format-standard","has-post-thumbnail","hentry","category-veranstaltungshinweis"],"jetpack_publicize_connections":[],"jetpack_featured_media_url":"https:\/\/i0.wp.com\/news-papers.eu\/wp-content\/uploads\/2018\/01\/Bildschirmfoto-2018-01-18-um-11.31.35-e1516272047526.png?fit=300%2C105","jetpack_sharing_enabled":true,"jetpack_shortlink":"https:\/\/wp.me\/p7fR2g-1O3","jetpack-related-posts":[{"id":6182,"url":"http:\/\/news-papers.eu\/?p=6182","url_meta":{"origin":6947,"position":0},"title":"16. K\u00f6lner Intensivtransportkurs nach DIVI","author":"Michael Bernhard","date":"September 3, 2018","format":false,"excerpt":"Anbeifinden Sie als Veranstaltungshinweis den\u00a016. K\u00f6lner Intensivtransportkurs\u00a0vom 05.-07.10.2018. Die entsprechenden Details entnehmen Sie bitten dem Flyer\u00a0Flyer2018_16 \u00a0 News-Papers.eu auf TWITTER\u00a0 \u00a0 \u00a0 \u00a0\u00a0Follow news-papers.eu","rel":"","context":"In &quot;Veranstaltungshinweis&quot;","block_context":{"text":"Veranstaltungshinweis","link":"http:\/\/news-papers.eu\/?cat=30"},"img":{"alt_text":"","src":"https:\/\/i0.wp.com\/news-papers.eu\/wp-content\/uploads\/2017\/11\/Bildschirmfoto-2017-11-06-um-14.00.06-300x175.png?resize=350%2C200","width":350,"height":200,"srcset":"https:\/\/i0.wp.com\/news-papers.eu\/wp-content\/uploads\/2017\/11\/Bildschirmfoto-2017-11-06-um-14.00.06-300x175.png?resize=350%2C200 1x, https:\/\/i0.wp.com\/news-papers.eu\/wp-content\/uploads\/2017\/11\/Bildschirmfoto-2017-11-06-um-14.00.06-300x175.png?resize=525%2C300 1.5x, https:\/\/i0.wp.com\/news-papers.eu\/wp-content\/uploads\/2017\/11\/Bildschirmfoto-2017-11-06-um-14.00.06-300x175.png?resize=700%2C400 2x"},"classes":[]},{"id":6173,"url":"http:\/\/news-papers.eu\/?p=6173","url_meta":{"origin":6947,"position":1},"title":"15. K\u00f6lner Intensivtransportkurs nach DIVI, K\u00f6ln","author":"Michael Bernhard","date":"Januar 12, 2018","format":false,"excerpt":"Anbei finden Sie als Veranstaltungshinweis den\u00a015. K\u00f6lner Intensivtransportkurs\u00a0vom 23.-25.02.2018. Die entsprechenden Details entnehmen Sie bitten dem Flyer\u00a0Intensivtransportkurs_15_2018\u00a0und\u00a0ITHFlyer2018_K\u00f6ln News-Papers.eu auf TWITTER\u00a0 \u00a0 \u00a0 \u00a0\u00a0Follow news-papers.eu","rel":"","context":"In &quot;Veranstaltungshinweis&quot;","block_context":{"text":"Veranstaltungshinweis","link":"http:\/\/news-papers.eu\/?cat=30"},"img":{"alt_text":"","src":"https:\/\/i0.wp.com\/news-papers.eu\/wp-content\/uploads\/2017\/11\/Bildschirmfoto-2017-11-06-um-14.00.18-300x136.png?resize=350%2C200","width":350,"height":200,"srcset":"https:\/\/i0.wp.com\/news-papers.eu\/wp-content\/uploads\/2017\/11\/Bildschirmfoto-2017-11-06-um-14.00.18-300x136.png?resize=350%2C200 1x, https:\/\/i0.wp.com\/news-papers.eu\/wp-content\/uploads\/2017\/11\/Bildschirmfoto-2017-11-06-um-14.00.18-300x136.png?resize=525%2C300 1.5x, https:\/\/i0.wp.com\/news-papers.eu\/wp-content\/uploads\/2017\/11\/Bildschirmfoto-2017-11-06-um-14.00.18-300x136.png?resize=700%2C400 2x"},"classes":[]},{"id":6185,"url":"http:\/\/news-papers.eu\/?p=6185","url_meta":{"origin":6947,"position":2},"title":"Kritische Situationen in der An\u00e4sthesiologie und Notfallmedizin","author":"Michael Bernhard","date":"Januar 17, 2018","format":false,"excerpt":"Anbei finden Sie als Veranstaltungshinweis den Kurs \"Kritische Situationen in der An\u00e4sthesiologie und Notfallmedizin\" am 21.04.2018. Die entsprechenden Details entnehmen Sie bitten dem Flyer\u00a0Modul1_Flyer_Atemwegs-Management News-Papers.eu auf TWITTER\u00a0 \u00a0 \u00a0 \u00a0\u00a0Follow news-papers.eu","rel":"","context":"In &quot;Veranstaltungshinweis&quot;","block_context":{"text":"Veranstaltungshinweis","link":"http:\/\/news-papers.eu\/?cat=30"},"img":{"alt_text":"","src":"https:\/\/i0.wp.com\/news-papers.eu\/wp-content\/uploads\/2017\/11\/Bildschirmfoto-2017-11-06-um-14.10.13.png?fit=620%2C706&resize=350%2C200","width":350,"height":200,"srcset":"https:\/\/i0.wp.com\/news-papers.eu\/wp-content\/uploads\/2017\/11\/Bildschirmfoto-2017-11-06-um-14.10.13.png?fit=620%2C706&resize=350%2C200 1x, https:\/\/i0.wp.com\/news-papers.eu\/wp-content\/uploads\/2017\/11\/Bildschirmfoto-2017-11-06-um-14.10.13.png?fit=620%2C706&resize=525%2C300 1.5x"},"classes":[]},{"id":4229,"url":"http:\/\/news-papers.eu\/?p=4229","url_meta":{"origin":6947,"position":3},"title":"AINS &#8211; Fortbildungsreihe Oldenburg","author":"Michael Bernhard","date":"April 3, 2017","format":false,"excerpt":"Anbei das Programm des AINS Kolloquium 2017 des Evangelischen Krankenhaus Oldenburg, Medizinische Campus Universit\u00e4t Oldenburg: \u00a0 Den gesamten Flyer finden Sie hier: PDF (170328_EV_AINS_2) News-Papers.eu auf TWITTER\u00a0 \u00a0 \u00a0 \u00a0\u00a0Follow news-papers.eu","rel":"","context":"In &quot;Veranstaltungshinweis&quot;","block_context":{"text":"Veranstaltungshinweis","link":"http:\/\/news-papers.eu\/?cat=30"},"img":{"alt_text":"","src":"https:\/\/i0.wp.com\/news-papers.eu\/wp-content\/uploads\/2017\/04\/Bildschirmfoto-2017-04-01-um-09.48.54-199x300.png?resize=350%2C200","width":350,"height":200},"classes":[]},{"id":6251,"url":"http:\/\/news-papers.eu\/?p=6251","url_meta":{"origin":6947,"position":4},"title":"NASIM25, IRuN Kiel , Termine 2018","author":"Michael Bernhard","date":"Januar 16, 2018","format":false,"excerpt":"Das Konzept \u201eNASIM25\u201cunterst\u00fctzt die Notarztausbildung:\u00a0Im Rahmen eines dreit\u00e4gigen, standardisierten\u00a0Kurses werden 25 relevante Notfallsituationen\u00a0absolviert. F\u00fcr die realit\u00e4tsnahe Darstellung sorgt u.a.\u00a0die Einbindung von Schauspiel-Patienten und high\u00a0fidelity-Simulatoren, die Begleitung durch speziell\u00a0geschulte Instruktoren, die Einsatzdurchf\u00fchrung\u00a0im Simulations-RTW und die Kooperation mit der\u00a0Feuerwehr bei der technischen Rettung. Die positive\u00a0Bewertung durch die bisherigen Teilnehmer mit der\u00a0Schulnote 1\u2026","rel":"","context":"In &quot;Veranstaltungshinweis&quot;","block_context":{"text":"Veranstaltungshinweis","link":"http:\/\/news-papers.eu\/?cat=30"},"img":{"alt_text":"","src":"https:\/\/i0.wp.com\/news-papers.eu\/wp-content\/uploads\/2017\/11\/Bildschirmfoto-2017-11-10-um-09.24.34-300x208.png?resize=350%2C200","width":350,"height":200},"classes":[]},{"id":2904,"url":"http:\/\/news-papers.eu\/?p=2904","url_meta":{"origin":6947,"position":5},"title":"Fuldaer Kurskonzepte: Fit f\u00fcr den Dienst","author":"Michael Bernhard","date":"November 12, 2016","format":false,"excerpt":"Anbei finden Sie den Hinweis auf zwei Fuldaer Kurssystem: 15.-17.09.2017\u00a0Fit f\u00fcr den Dienst? Strukturierter Praxiskurs f\u00fcr Assistenz\u00e4rzte\u00a0in der An\u00e4sthesie (PDF:flyer-sim-kurs-ass-september-2017 17.-18.11.2017 Fit f\u00fcr den Dienst? Strukturierter Praxiskurs f\u00fcr Fach\u00e4rzte in der An\u00e4sthesie (PDF:flyer-sim-kurs-fa-november) \u00a0","rel":"","context":"In &quot;Veranstaltungshinweis&quot;","block_context":{"text":"Veranstaltungshinweis","link":"http:\/\/news-papers.eu\/?cat=30"},"img":{"alt_text":"","src":"https:\/\/i0.wp.com\/news-papers.eu\/wp-content\/uploads\/2016\/11\/Bildschirmfoto-2016-11-10-um-09.18.04.png?fit=754%2C330&resize=350%2C200","width":350,"height":200,"srcset":"https:\/\/i0.wp.com\/news-papers.eu\/wp-content\/uploads\/2016\/11\/Bildschirmfoto-2016-11-10-um-09.18.04.png?fit=754%2C330&resize=350%2C200 1x, https:\/\/i0.wp.com\/news-papers.eu\/wp-content\/uploads\/2016\/11\/Bildschirmfoto-2016-11-10-um-09.18.04.png?fit=754%2C330&resize=525%2C300 1.5x, https:\/\/i0.wp.com\/news-papers.eu\/wp-content\/uploads\/2016\/11\/Bildschirmfoto-2016-11-10-um-09.18.04.png?fit=754%2C330&resize=700%2C400 2x"},"classes":[]}],"jetpack_likes_enabled":true,"_links":{"self":[{"href":"http:\/\/news-papers.eu\/index.php?rest_route=\/wp\/v2\/posts\/6947","targetHints":{"allow":["GET"]}}],"collection":[{"href":"http:\/\/news-papers.eu\/index.php?rest_route=\/wp\/v2\/posts"}],"about":[{"href":"http:\/\/news-papers.eu\/index.php?rest_route=\/wp\/v2\/types\/post"}],"author":[{"embeddable":true,"href":"http:\/\/news-papers.eu\/index.php?rest_route=\/wp\/v2\/users\/2"}],"replies":[{"embeddable":true,"href":"http:\/\/news-papers.eu\/index.php?rest_route=%2Fwp%2Fv2%2Fcomments&post=6947"}],"version-history":[{"count":3,"href":"http:\/\/news-papers.eu\/index.php?rest_route=\/wp\/v2\/posts\/6947\/revisions"}],"predecessor-version":[{"id":6953,"href":"http:\/\/news-papers.eu\/index.php?rest_route=\/wp\/v2\/posts\/6947\/revisions\/6953"}],"wp:featuredmedia":[{"embeddable":true,"href":"http:\/\/news-papers.eu\/index.php?rest_route=\/wp\/v2\/media\/6948"}],"wp:attachment":[{"href":"http:\/\/news-papers.eu\/index.php?rest_route=%2Fwp%2Fv2%2Fmedia&parent=6947"}],"wp:term":[{"taxonomy":"category","embeddable":true,"href":"http:\/\/news-papers.eu\/index.php?rest_route=%2Fwp%2Fv2%2Fcategories&post=6947"},{"taxonomy":"post_tag","embeddable":true,"href":"http:\/\/news-papers.eu\/index.php?rest_route=%2Fwp%2Fv2%2Ftags&post=6947"}],"curies":[{"name":"wp","href":"https:\/\/api.w.org\/{rel}","templated":true}]}}