{"id":5873,"date":"2017-10-16T04:53:12","date_gmt":"2017-10-16T02:53:12","guid":{"rendered":"http:\/\/news-papers.eu\/?p=5873"},"modified":"2017-10-13T10:54:40","modified_gmt":"2017-10-13T08:54:40","slug":"15-dresdener-atemwegssymposium-04-11-2017","status":"publish","type":"post","link":"http:\/\/news-papers.eu\/?p=5873","title":{"rendered":"15. Dresdener Atemwegssymposium, 04.11.2017"},"content":{"rendered":"<p style=\"text-align: center;\">Am 04.11.2017 findet das <strong>15. Dresdener Atemwegssymposium<\/strong> statt.<\/p>\n<p style=\"text-align: center;\">Programm und Anmeldeinformationen:<\/p>\n<p style=\"text-align: center;\"><a href=\"http:\/\/news-papers.eu\/wp-content\/uploads\/2017\/10\/AN\u00c4_Flyer_15Atemweg_ansicht.pdf\">Programm: Atemwegssymposium (PDF)<\/a><\/p>\n<p><img data-recalc-dims=\"1\" loading=\"lazy\" decoding=\"async\" data-attachment-id=\"5875\" data-permalink=\"http:\/\/news-papers.eu\/?attachment_id=5875\" data-orig-file=\"https:\/\/i0.wp.com\/news-papers.eu\/wp-content\/uploads\/2017\/10\/Bildschirmfoto-2017-10-12-um-13.54.25.png?fit=850%2C1206\" data-orig-size=\"850,1206\" data-comments-opened=\"1\" data-image-meta=\"{&quot;aperture&quot;:&quot;0&quot;,&quot;credit&quot;:&quot;&quot;,&quot;camera&quot;:&quot;&quot;,&quot;caption&quot;:&quot;&quot;,&quot;created_timestamp&quot;:&quot;0&quot;,&quot;copyright&quot;:&quot;&quot;,&quot;focal_length&quot;:&quot;0&quot;,&quot;iso&quot;:&quot;0&quot;,&quot;shutter_speed&quot;:&quot;0&quot;,&quot;title&quot;:&quot;&quot;,&quot;orientation&quot;:&quot;0&quot;}\" data-image-title=\"Bildschirmfoto 2017-10-12 um 13.54.25\" data-image-description=\"\" data-image-caption=\"\" data-large-file=\"https:\/\/i0.wp.com\/news-papers.eu\/wp-content\/uploads\/2017\/10\/Bildschirmfoto-2017-10-12-um-13.54.25.png?fit=722%2C1024\" class=\"wp-image-5875 aligncenter\" src=\"https:\/\/i0.wp.com\/news-papers.eu\/wp-content\/uploads\/2017\/10\/Bildschirmfoto-2017-10-12-um-13.54.25.png?resize=366%2C520\" alt=\"\" width=\"366\" height=\"520\" srcset=\"https:\/\/i0.wp.com\/news-papers.eu\/wp-content\/uploads\/2017\/10\/Bildschirmfoto-2017-10-12-um-13.54.25.png?resize=211%2C300 211w, https:\/\/i0.wp.com\/news-papers.eu\/wp-content\/uploads\/2017\/10\/Bildschirmfoto-2017-10-12-um-13.54.25.png?resize=768%2C1090 768w, https:\/\/i0.wp.com\/news-papers.eu\/wp-content\/uploads\/2017\/10\/Bildschirmfoto-2017-10-12-um-13.54.25.png?resize=722%2C1024 722w, https:\/\/i0.wp.com\/news-papers.eu\/wp-content\/uploads\/2017\/10\/Bildschirmfoto-2017-10-12-um-13.54.25.png?resize=750%2C1064 750w, https:\/\/i0.wp.com\/news-papers.eu\/wp-content\/uploads\/2017\/10\/Bildschirmfoto-2017-10-12-um-13.54.25.png?w=850 850w\" sizes=\"auto, (max-width: 366px) 100vw, 366px\" \/><\/p>\n<hr \/>\n<p><strong><a href=\"https:\/\/twitter.com\/news_papers_eu?refsrc=email&amp;s=11\" target=\"_blank\" rel=\"noopener noreferrer\">News-Papers.eu auf TWITTER<\/a>\u00a0 \u00a0\u00a0<a href=\"http:\/\/news-papers.eu\/follow\" target=\"_blank\" rel=\"noopener noreferrer\">Follow news-papers.eu<\/a><\/strong><\/p>\n","protected":false},"excerpt":{"rendered":"<p>Am 04.11.2017 findet das 15. Dresdener Atemwegssymposium statt. Programm und Anmeldeinformationen: Programm: Atemwegssymposium (PDF) News-Papers.eu auf TWITTER\u00a0 \u00a0\u00a0Follow news-papers.eu<\/p>\n","protected":false},"author":2,"featured_media":5875,"comment_status":"open","ping_status":"open","sticky":false,"template":"","format":"standard","meta":{"__cvm_playback_settings":[],"__cvm_video_id":"","jetpack_post_was_ever_published":false,"_jetpack_newsletter_access":"","_jetpack_dont_email_post_to_subs":false,"_jetpack_newsletter_tier_id":0,"_jetpack_memberships_contains_paywalled_content":false,"_jetpack_memberships_contains_paid_content":false,"footnotes":"","jetpack_publicize_message":"","jetpack_publicize_feature_enabled":true,"jetpack_social_post_already_shared":true,"jetpack_social_options":{"image_generator_settings":{"template":"highway","default_image_id":0,"font":"","enabled":false},"version":2},"_wpas_customize_per_network":false},"categories":[2],"tags":[1209,199,252,632,253],"class_list":["post-5873","post","type-post","status-publish","format-standard","has-post-thumbnail","hentry","category-allgemein","tag-airway","tag-atemweg","tag-ausbildung","tag-dresden","tag-fortbildung"],"jetpack_publicize_connections":[],"jetpack_featured_media_url":"https:\/\/i0.wp.com\/news-papers.eu\/wp-content\/uploads\/2017\/10\/Bildschirmfoto-2017-10-12-um-13.54.25.png?fit=850%2C1206","jetpack_sharing_enabled":true,"jetpack_shortlink":"https:\/\/wp.me\/p7fR2g-1wJ","jetpack-related-posts":[{"id":2789,"url":"http:\/\/news-papers.eu\/?p=2789","url_meta":{"origin":5873,"position":0},"title":"14. Atemwegssymposium Dresden 2016","author":"Michael Bernhard","date":"Oktober 27, 2016","format":false,"excerpt":"Am 26.11.2016 findet das 14. Atemwegssymposium Dresden zu folgendem Thema statt: Neue Techniken und Leitlinien bei der Atemwegs-Sicherung. Hier ein Auszug aus dem Programm (anae_flyer_14atemweg_ansicht3):","rel":"","context":"In &quot;Veranstaltungshinweis&quot;","block_context":{"text":"Veranstaltungshinweis","link":"http:\/\/news-papers.eu\/?cat=30"},"img":{"alt_text":"bildschirmfoto-2016-10-25-um-09-08-32","src":"https:\/\/i0.wp.com\/news-papers.eu\/wp-content\/uploads\/2016\/10\/Bildschirmfoto-2016-10-25-um-09.08.32-279x300.png?resize=350%2C200","width":350,"height":200},"classes":[]},{"id":19430,"url":"http:\/\/news-papers.eu\/?p=19430","url_meta":{"origin":5873,"position":1},"title":"DGAI Atemwegssymposium in Mainz","author":"Bj\u00f6rn Hossfeld","date":"April 5, 2025","format":false,"excerpt":"Nach dem Erfolg im letzten Jahr freut sich der wissenschaftliche Arbeitskreis Atemwegsmanagement der DGAI auch in diesem Jahr wieder nach Mainz einzuladen zum 5. Atemwegssymposium der DGAI am 10.05.2025 in das Hotel Laubenheimer H\u00f6he Umgeben von traumhaften Weinbergen, auf dem h\u00f6chsten Punkt von Mainz, erwartet die Teilnehmer nicht nur eine\u2026","rel":"","context":"In &quot;Veranstaltungshinweis&quot;","block_context":{"text":"Veranstaltungshinweis","link":"http:\/\/news-papers.eu\/?cat=30"},"img":{"alt_text":"","src":"https:\/\/i0.wp.com\/news-papers.eu\/wp-content\/uploads\/2025\/04\/DGAI-ATemwegssymposium.png?fit=1200%2C1025&resize=350%2C200","width":350,"height":200,"srcset":"https:\/\/i0.wp.com\/news-papers.eu\/wp-content\/uploads\/2025\/04\/DGAI-ATemwegssymposium.png?fit=1200%2C1025&resize=350%2C200 1x, https:\/\/i0.wp.com\/news-papers.eu\/wp-content\/uploads\/2025\/04\/DGAI-ATemwegssymposium.png?fit=1200%2C1025&resize=525%2C300 1.5x, https:\/\/i0.wp.com\/news-papers.eu\/wp-content\/uploads\/2025\/04\/DGAI-ATemwegssymposium.png?fit=1200%2C1025&resize=700%2C400 2x, https:\/\/i0.wp.com\/news-papers.eu\/wp-content\/uploads\/2025\/04\/DGAI-ATemwegssymposium.png?fit=1200%2C1025&resize=1050%2C600 3x"},"classes":[]},{"id":20810,"url":"http:\/\/news-papers.eu\/?p=20810","url_meta":{"origin":5873,"position":2},"title":"F\u00fcnfseenland-Atemwegssymposium am 11.07.2026","author":"Michael Bernhard","date":"Mai 21, 2026","format":false,"excerpt":"Das 1. F\u00fcnfseenland-Atemwegssymposium widmet sich Themen rund um das notfallm\u00e4\u00dfige Atemwegsmanagement. In 5 spannenden Kurzvortr\u00e4gen und 6 praxisorientierten Workstations stellen Experten und Expertinnen aus unterschiedlichen Fachbereichen die aktuellen Entwicklungen und bew\u00e4hrte Strategien im Atemwegsmanagement vor. Schirmherr: der Starnberger Landrat Herrn Stefan Frey. Programm: Samstag, 11. Juli 2026 Start um 08:00\u2026","rel":"","context":"In &quot;Veranstaltungshinweis&quot;","block_context":{"text":"Veranstaltungshinweis","link":"http:\/\/news-papers.eu\/?cat=30"},"img":{"alt_text":"","src":"https:\/\/i0.wp.com\/news-papers.eu\/wp-content\/uploads\/2026\/05\/Bildschirmfoto-2026-05-19-um-16.20.11.png?fit=735%2C1200&resize=350%2C200","width":350,"height":200,"srcset":"https:\/\/i0.wp.com\/news-papers.eu\/wp-content\/uploads\/2026\/05\/Bildschirmfoto-2026-05-19-um-16.20.11.png?fit=735%2C1200&resize=350%2C200 1x, https:\/\/i0.wp.com\/news-papers.eu\/wp-content\/uploads\/2026\/05\/Bildschirmfoto-2026-05-19-um-16.20.11.png?fit=735%2C1200&resize=525%2C300 1.5x, https:\/\/i0.wp.com\/news-papers.eu\/wp-content\/uploads\/2026\/05\/Bildschirmfoto-2026-05-19-um-16.20.11.png?fit=735%2C1200&resize=700%2C400 2x"},"classes":[]},{"id":13751,"url":"http:\/\/news-papers.eu\/?p=13751","url_meta":{"origin":5873,"position":3},"title":"Dresdner An\u00e4sthesiegespr\u00e4ch 15.06.2021","author":"Michael Bernhard","date":"Juni 6, 2021","format":false,"excerpt":"Programm: Programm__2021_15.06._","rel":"","context":"In &quot;Veranstaltungshinweis&quot;","block_context":{"text":"Veranstaltungshinweis","link":"http:\/\/news-papers.eu\/?cat=30"},"img":{"alt_text":"","src":"https:\/\/i0.wp.com\/news-papers.eu\/wp-content\/uploads\/2021\/05\/Bildschirmfoto-2021-05-20-um-21.34.18.png?fit=1200%2C745&resize=350%2C200","width":350,"height":200,"srcset":"https:\/\/i0.wp.com\/news-papers.eu\/wp-content\/uploads\/2021\/05\/Bildschirmfoto-2021-05-20-um-21.34.18.png?fit=1200%2C745&resize=350%2C200 1x, https:\/\/i0.wp.com\/news-papers.eu\/wp-content\/uploads\/2021\/05\/Bildschirmfoto-2021-05-20-um-21.34.18.png?fit=1200%2C745&resize=525%2C300 1.5x, https:\/\/i0.wp.com\/news-papers.eu\/wp-content\/uploads\/2021\/05\/Bildschirmfoto-2021-05-20-um-21.34.18.png?fit=1200%2C745&resize=700%2C400 2x, https:\/\/i0.wp.com\/news-papers.eu\/wp-content\/uploads\/2021\/05\/Bildschirmfoto-2021-05-20-um-21.34.18.png?fit=1200%2C745&resize=1050%2C600 3x"},"classes":[]},{"id":18340,"url":"http:\/\/news-papers.eu\/?p=18340","url_meta":{"origin":5873,"position":4},"title":"4. DGAI-Atemwegssymposium in Mainz","author":"Bj\u00f6rn Hossfeld","date":"Juni 1, 2024","format":false,"excerpt":"Die Atemwegssicherung ist eine seltene, aber entscheidende Ma\u00dfnahme in der pr\u00e4hospitalen Notfall- sowie in der innerklinischen Akutmedizin. Fu\u0308r ein erfolgreiches Atemwegsmanagement ist eine gute Zusammenarbeit im Team unerl\u00e4sslich. Voraussetzung daf\u00fcr ist eine ad\u00e4quate Ausbildung und regelm\u00e4\u00dfiges Training aller Schritte des\u00a0 Atemwegsalgorithmus - von der videolaryngoskopischen endotrachealen Intubation u\u0308ber supraglottische Atemwegsalternativen\u2026","rel":"","context":"In &quot;Atemwegsmanagement&quot;","block_context":{"text":"Atemwegsmanagement","link":"http:\/\/news-papers.eu\/?cat=3"},"img":{"alt_text":"","src":"https:\/\/i0.wp.com\/news-papers.eu\/wp-content\/uploads\/2024\/05\/DGAI-Atemwegssymposium-Header.png?fit=1200%2C493&resize=350%2C200","width":350,"height":200,"srcset":"https:\/\/i0.wp.com\/news-papers.eu\/wp-content\/uploads\/2024\/05\/DGAI-Atemwegssymposium-Header.png?fit=1200%2C493&resize=350%2C200 1x, https:\/\/i0.wp.com\/news-papers.eu\/wp-content\/uploads\/2024\/05\/DGAI-Atemwegssymposium-Header.png?fit=1200%2C493&resize=525%2C300 1.5x, https:\/\/i0.wp.com\/news-papers.eu\/wp-content\/uploads\/2024\/05\/DGAI-Atemwegssymposium-Header.png?fit=1200%2C493&resize=700%2C400 2x, https:\/\/i0.wp.com\/news-papers.eu\/wp-content\/uploads\/2024\/05\/DGAI-Atemwegssymposium-Header.png?fit=1200%2C493&resize=1050%2C600 3x"},"classes":[]},{"id":3036,"url":"http:\/\/news-papers.eu\/?p=3036","url_meta":{"origin":5873,"position":5},"title":"Dresdener An\u00e4sthesiegespr\u00e4che 2017","author":"Michael Bernhard","date":"Februar 4, 2017","format":false,"excerpt":"Anbei der Flyer der Dresdener An\u00e4sthesiegespr\u00e4che (flyer_dresdner-anaesthesiegespraeche_2017). Ganz besonders d\u00fcrfen wir auf den notfallmedzinischen Termin am 29. August 2017 hinweisen: News-Paper.eu auf TWITTER","rel":"","context":"In &quot;Veranstaltungshinweis&quot;","block_context":{"text":"Veranstaltungshinweis","link":"http:\/\/news-papers.eu\/?cat=30"},"img":{"alt_text":"bildschirmfoto-2016-12-01-um-21-26-07","src":"https:\/\/i0.wp.com\/news-papers.eu\/wp-content\/uploads\/2016\/12\/Bildschirmfoto-2016-12-01-um-21.26.07-243x300.png?resize=350%2C200","width":350,"height":200},"classes":[]}],"jetpack_likes_enabled":true,"_links":{"self":[{"href":"http:\/\/news-papers.eu\/index.php?rest_route=\/wp\/v2\/posts\/5873","targetHints":{"allow":["GET"]}}],"collection":[{"href":"http:\/\/news-papers.eu\/index.php?rest_route=\/wp\/v2\/posts"}],"about":[{"href":"http:\/\/news-papers.eu\/index.php?rest_route=\/wp\/v2\/types\/post"}],"author":[{"embeddable":true,"href":"http:\/\/news-papers.eu\/index.php?rest_route=\/wp\/v2\/users\/2"}],"replies":[{"embeddable":true,"href":"http:\/\/news-papers.eu\/index.php?rest_route=%2Fwp%2Fv2%2Fcomments&post=5873"}],"version-history":[{"count":2,"href":"http:\/\/news-papers.eu\/index.php?rest_route=\/wp\/v2\/posts\/5873\/revisions"}],"predecessor-version":[{"id":5879,"href":"http:\/\/news-papers.eu\/index.php?rest_route=\/wp\/v2\/posts\/5873\/revisions\/5879"}],"wp:featuredmedia":[{"embeddable":true,"href":"http:\/\/news-papers.eu\/index.php?rest_route=\/wp\/v2\/media\/5875"}],"wp:attachment":[{"href":"http:\/\/news-papers.eu\/index.php?rest_route=%2Fwp%2Fv2%2Fmedia&parent=5873"}],"wp:term":[{"taxonomy":"category","embeddable":true,"href":"http:\/\/news-papers.eu\/index.php?rest_route=%2Fwp%2Fv2%2Fcategories&post=5873"},{"taxonomy":"post_tag","embeddable":true,"href":"http:\/\/news-papers.eu\/index.php?rest_route=%2Fwp%2Fv2%2Ftags&post=5873"}],"curies":[{"name":"wp","href":"https:\/\/api.w.org\/{rel}","templated":true}]}}