{"id":5219,"date":"2017-08-02T04:44:43","date_gmt":"2017-08-02T02:44:43","guid":{"rendered":"http:\/\/news-papers.eu\/?p=5219"},"modified":"2017-08-18T11:31:30","modified_gmt":"2017-08-18T09:31:30","slug":"mitteleuropaeisches-flugrettungssymposium-in-ulm","status":"publish","type":"post","link":"http:\/\/news-papers.eu\/?p=5219","title":{"rendered":"Mitteleurop\u00e4isches Flugrettungssymposium in Ulm"},"content":{"rendered":"<p style=\"text-align: justify;\">Nach den \u00fcberaus erfolgreichen Veranstaltungen in Innsbruck und St. Gallen werden die Kollegen von <a href=\"http:\/\/www.traumateam.de\" target=\"_blank\" rel=\"noopener\">traumateam<\/a> das<\/p>\n<p style=\"text-align: justify;\"><strong>3. Mitteleurop\u00e4ische Flugrettungssymposium <\/strong><\/p>\n<p style=\"text-align: justify;\"><strong>am Freitag, den 29. September 2017 in Ulm an der Donau<\/strong> ausrichten.<\/p>\n<p style=\"text-align: justify;\">Als zweit\u00e4lteste Rettungshubschrauber-Station in Deutschland k\u00f6nnen die Ulmer Kollegen auf eine lange Tradition in der Luftrettung zur\u00fcckblicken. Dabei wird die medizinische Besatzung des Hubschraubers\u00a0 seit 46 Jahren unver\u00e4ndert aus der Klinik f\u00fcr An\u00e4sthesiologie &amp; Intensivmedizin des Ulmer Bundeswehrkrankenhauses gestellt, an dem der Helikopter mit dem Rufnamen \u201eChristoph 22\u201c stationiert ist.<\/p>\n<p style=\"text-align: justify;\"><img data-recalc-dims=\"1\" loading=\"lazy\" decoding=\"async\" data-attachment-id=\"5223\" data-permalink=\"http:\/\/news-papers.eu\/?attachment_id=5223\" data-orig-file=\"https:\/\/i0.wp.com\/news-papers.eu\/wp-content\/uploads\/2017\/07\/Flugrettungssymposium-Logo.png?fit=1671%2C1669\" data-orig-size=\"1671,1669\" data-comments-opened=\"1\" data-image-meta=\"{&quot;aperture&quot;:&quot;0&quot;,&quot;credit&quot;:&quot;&quot;,&quot;camera&quot;:&quot;&quot;,&quot;caption&quot;:&quot;&quot;,&quot;created_timestamp&quot;:&quot;0&quot;,&quot;copyright&quot;:&quot;&quot;,&quot;focal_length&quot;:&quot;0&quot;,&quot;iso&quot;:&quot;0&quot;,&quot;shutter_speed&quot;:&quot;0&quot;,&quot;title&quot;:&quot;&quot;,&quot;orientation&quot;:&quot;0&quot;}\" data-image-title=\"Flugrettungssymposium Logo\" data-image-description=\"\" data-image-caption=\"\" data-large-file=\"https:\/\/i0.wp.com\/news-papers.eu\/wp-content\/uploads\/2017\/07\/Flugrettungssymposium-Logo.png?fit=1024%2C1024\" class=\"alignright size-medium wp-image-5223\" src=\"https:\/\/i0.wp.com\/news-papers.eu\/wp-content\/uploads\/2017\/07\/Flugrettungssymposium-Logo.png?resize=300%2C300\" alt=\"\" width=\"300\" height=\"300\" srcset=\"https:\/\/i0.wp.com\/news-papers.eu\/wp-content\/uploads\/2017\/07\/Flugrettungssymposium-Logo.png?resize=300%2C300 300w, https:\/\/i0.wp.com\/news-papers.eu\/wp-content\/uploads\/2017\/07\/Flugrettungssymposium-Logo.png?resize=150%2C150 150w, https:\/\/i0.wp.com\/news-papers.eu\/wp-content\/uploads\/2017\/07\/Flugrettungssymposium-Logo.png?resize=768%2C767 768w, https:\/\/i0.wp.com\/news-papers.eu\/wp-content\/uploads\/2017\/07\/Flugrettungssymposium-Logo.png?resize=1024%2C1024 1024w, https:\/\/i0.wp.com\/news-papers.eu\/wp-content\/uploads\/2017\/07\/Flugrettungssymposium-Logo.png?resize=750%2C749 750w, https:\/\/i0.wp.com\/news-papers.eu\/wp-content\/uploads\/2017\/07\/Flugrettungssymposium-Logo.png?w=1671 1671w\" sizes=\"auto, (max-width: 300px) 100vw, 300px\" \/><br \/>\nDas von Richard Meier entworfene Stadthaus vor dem historischen M\u00fcnster mit dem h\u00f6chsten Kirchturm der Welt bietet einen idealen Veranstaltungsort im Herzen Ulms. Mehr als 300 Teilnehmern wird neben <a href=\"http:\/\/news-papers.eu\/wp-content\/uploads\/2017\/08\/Flugrettungssymposium-2017-Programm.pdf\" target=\"_blank\" rel=\"noopener\">interessanten Vortr\u00e4gen international renommierter Referenten<\/a> und einer vielseitigen Industrieausstellung Gelegenheit zum intensiven Erfahrungsaustausch geboten.<\/p>\n<p style=\"text-align: justify;\">Ab sofort k\u00f6nnen sich Interessierte auf <a href=\"http:\/\/flugrettungssymposium.de\/\" target=\"_blank\" rel=\"noopener\">www.flugrettungssymposium.de<\/a> als Teilnehmer registrieren lassen.<\/p>\n","protected":false},"excerpt":{"rendered":"<p>Nach den \u00fcberaus erfolgreichen Veranstaltungen in Innsbruck und St. Gallen werden die Kollegen von traumateam das 3. Mitteleurop\u00e4ische Flugrettungssymposium am Freitag, den 29. September 2017 in Ulm an der Donau [&hellip;]<\/p>\n","protected":false},"author":1,"featured_media":5220,"comment_status":"open","ping_status":"open","sticky":false,"template":"","format":"standard","meta":{"__cvm_playback_settings":[],"__cvm_video_id":"","jetpack_post_was_ever_published":false,"_jetpack_newsletter_access":"","_jetpack_dont_email_post_to_subs":false,"_jetpack_newsletter_tier_id":0,"_jetpack_memberships_contains_paywalled_content":false,"_jetpack_memberships_contains_paid_content":false,"footnotes":"","jetpack_publicize_message":"","jetpack_publicize_feature_enabled":true,"jetpack_social_post_already_shared":true,"jetpack_social_options":{"image_generator_settings":{"template":"highway","default_image_id":0,"font":"","enabled":false},"version":2},"_wpas_customize_per_network":false},"categories":[30],"tags":[1100,1102,1101,378],"class_list":["post-5219","post","type-post","status-publish","format-standard","has-post-thumbnail","hentry","category-veranstaltungshinweis","tag-flugrettung","tag-helikopter","tag-hubschrauber","tag-luftrettung"],"jetpack_publicize_connections":[],"jetpack_featured_media_url":"https:\/\/i0.wp.com\/news-papers.eu\/wp-content\/uploads\/2017\/07\/Bildschirmfoto-2017-07-29-um-11.25.53.png?fit=2504%2C1314","jetpack_sharing_enabled":true,"jetpack_shortlink":"https:\/\/wp.me\/p7fR2g-1mb","jetpack-related-posts":[{"id":14354,"url":"http:\/\/news-papers.eu\/?p=14354","url_meta":{"origin":5219,"position":0},"title":"Zukunft der Luftrettung: Flugrettungssymposium in Ulm","author":"Bj\u00f6rn Hossfeld","date":"September 27, 2021","format":false,"excerpt":"Blut, Thorakotomie, Atemwegssicherung, Winde und der Einsatz von Multikoptern sind die Themen, die diesen Freitag auf dem 6. Mitteleurop\u00e4ischen Flugrettungssymposium in Ulm besprochen werden. Anl\u00e4sslich des 50-j\u00e4hrigen Jubil\u00e4ums ihrer Luftrettungsstation haben die Ulmer Kollegen von traumateam in Kooperation mit der ADAC Luftrettung gGmbH dieses Symposium nach 2017 zum zweiten Mal\u2026","rel":"","context":"In &quot;allgemein&quot;","block_context":{"text":"allgemein","link":"http:\/\/news-papers.eu\/?cat=2"},"img":{"alt_text":"","src":"https:\/\/i0.wp.com\/news-papers.eu\/wp-content\/uploads\/2021\/08\/Poster-27042021-scaled.jpg?fit=1200%2C799&resize=350%2C200","width":350,"height":200,"srcset":"https:\/\/i0.wp.com\/news-papers.eu\/wp-content\/uploads\/2021\/08\/Poster-27042021-scaled.jpg?fit=1200%2C799&resize=350%2C200 1x, https:\/\/i0.wp.com\/news-papers.eu\/wp-content\/uploads\/2021\/08\/Poster-27042021-scaled.jpg?fit=1200%2C799&resize=525%2C300 1.5x, https:\/\/i0.wp.com\/news-papers.eu\/wp-content\/uploads\/2021\/08\/Poster-27042021-scaled.jpg?fit=1200%2C799&resize=700%2C400 2x, https:\/\/i0.wp.com\/news-papers.eu\/wp-content\/uploads\/2021\/08\/Poster-27042021-scaled.jpg?fit=1200%2C799&resize=1050%2C600 3x"},"classes":[]},{"id":5619,"url":"http:\/\/news-papers.eu\/?p=5619","url_meta":{"origin":5219,"position":1},"title":"Noch 2 Wochen: Flugrettungssymposium in Ulm","author":"Bj\u00f6rn Hossfeld","date":"September 14, 2017","format":false,"excerpt":"Am Freitag, den 29. September findet das ganzt\u00e4gige 3. Mitteleurop\u00e4ische Flugrettungssymposium in Ulm statt. traumateam e.V. und die Klinik f\u00fcr An\u00e4sthesiologie & Intensivmedizin des Bundeswehrkrankenhauses Ulm laden alle an der Luftrettung Interessierten in das Ulmer Stadthaus auf dem M\u00fcnsterplatz ein. In drei Themenbl\u00f6cken werden aktuelle notfallmedizinische Themen mit Bezug zur\u2026","rel":"","context":"In &quot;Veranstaltungshinweis&quot;","block_context":{"text":"Veranstaltungshinweis","link":"http:\/\/news-papers.eu\/?cat=30"},"img":{"alt_text":"Flugrettungssymposium Ulm","src":"https:\/\/i0.wp.com\/news-papers.eu\/wp-content\/uploads\/2017\/09\/Flugrettungssymposium-Header.jpg?fit=1200%2C674&resize=350%2C200","width":350,"height":200,"srcset":"https:\/\/i0.wp.com\/news-papers.eu\/wp-content\/uploads\/2017\/09\/Flugrettungssymposium-Header.jpg?fit=1200%2C674&resize=350%2C200 1x, https:\/\/i0.wp.com\/news-papers.eu\/wp-content\/uploads\/2017\/09\/Flugrettungssymposium-Header.jpg?fit=1200%2C674&resize=525%2C300 1.5x, https:\/\/i0.wp.com\/news-papers.eu\/wp-content\/uploads\/2017\/09\/Flugrettungssymposium-Header.jpg?fit=1200%2C674&resize=700%2C400 2x, https:\/\/i0.wp.com\/news-papers.eu\/wp-content\/uploads\/2017\/09\/Flugrettungssymposium-Header.jpg?fit=1200%2C674&resize=1050%2C600 3x"},"classes":[]},{"id":14162,"url":"http:\/\/news-papers.eu\/?p=14162","url_meta":{"origin":5219,"position":2},"title":"Flugrettungssymposium in Ulm","author":"Bj\u00f6rn Hossfeld","date":"September 8, 2021","format":false,"excerpt":"F\u00fcr Geimpfte sind Pr\u00e4senzveranstaltungen wieder m\u00f6glich. Daraus ergibt sich die Gelegenheit f\u00fcr das Team vom Rettungshubschrauber Christoph 22 in Ulm zum zweiten Mal nach 2017 am Freitag den 1. Oktober 2021 das Mitteleurop\u00e4ische Flugrettungssymposium im Ulmer Stadthaus auszurichten. Dazu laden sie mit folgendem Film ein. Weitere Informationen und die M\u00f6glichkeit\u2026","rel":"","context":"In &quot;Veranstaltungshinweis&quot;","block_context":{"text":"Veranstaltungshinweis","link":"http:\/\/news-papers.eu\/?cat=30"},"img":{"alt_text":"","src":"https:\/\/i0.wp.com\/news-papers.eu\/wp-content\/uploads\/2021\/08\/Poster-27042021-scaled.jpg?fit=1200%2C799&resize=350%2C200","width":350,"height":200,"srcset":"https:\/\/i0.wp.com\/news-papers.eu\/wp-content\/uploads\/2021\/08\/Poster-27042021-scaled.jpg?fit=1200%2C799&resize=350%2C200 1x, https:\/\/i0.wp.com\/news-papers.eu\/wp-content\/uploads\/2021\/08\/Poster-27042021-scaled.jpg?fit=1200%2C799&resize=525%2C300 1.5x, https:\/\/i0.wp.com\/news-papers.eu\/wp-content\/uploads\/2021\/08\/Poster-27042021-scaled.jpg?fit=1200%2C799&resize=700%2C400 2x, https:\/\/i0.wp.com\/news-papers.eu\/wp-content\/uploads\/2021\/08\/Poster-27042021-scaled.jpg?fit=1200%2C799&resize=1050%2C600 3x"},"classes":[]},{"id":14107,"url":"http:\/\/news-papers.eu\/?p=14107","url_meta":{"origin":5219,"position":3},"title":"Jetzt f\u00fcrs Flugrettungssymposium in Ulm anmelden","author":"Bj\u00f6rn Hossfeld","date":"August 19, 2021","format":false,"excerpt":"Das 6. Mitteleurop\u00e4ische Flugrettungssymposium soll am 1. Oktober im Ulmer Stadthaus in Pr\u00e4senz stattfinden. Um eine gr\u00f6\u00dftm\u00f6gliche Sicherheit f\u00fcr alle Teilnehmer zu erzielen und die Chance auf eine Tagung in Pr\u00e4senz mit der M\u00f6glichkeit zum pers\u00f6nlichen Ausstausch zu erh\u00f6hen, haben die Kollgen von traumateam e.V. beschlossen nur vollst\u00e4ndig gegen SARS-CoV-2\u2026","rel":"","context":"In &quot;Veranstaltungshinweis&quot;","block_context":{"text":"Veranstaltungshinweis","link":"http:\/\/news-papers.eu\/?cat=30"},"img":{"alt_text":"","src":"https:\/\/i0.wp.com\/news-papers.eu\/wp-content\/uploads\/2021\/08\/Poster-27042021-scaled.jpg?fit=1200%2C799&resize=350%2C200","width":350,"height":200,"srcset":"https:\/\/i0.wp.com\/news-papers.eu\/wp-content\/uploads\/2021\/08\/Poster-27042021-scaled.jpg?fit=1200%2C799&resize=350%2C200 1x, https:\/\/i0.wp.com\/news-papers.eu\/wp-content\/uploads\/2021\/08\/Poster-27042021-scaled.jpg?fit=1200%2C799&resize=525%2C300 1.5x, https:\/\/i0.wp.com\/news-papers.eu\/wp-content\/uploads\/2021\/08\/Poster-27042021-scaled.jpg?fit=1200%2C799&resize=700%2C400 2x, https:\/\/i0.wp.com\/news-papers.eu\/wp-content\/uploads\/2021\/08\/Poster-27042021-scaled.jpg?fit=1200%2C799&resize=1050%2C600 3x"},"classes":[]},{"id":14607,"url":"http:\/\/news-papers.eu\/?p=14607","url_meta":{"origin":5219,"position":4},"title":"50 Jahre Luftrettung aus Ulm","author":"Bj\u00f6rn Hossfeld","date":"November 2, 2021","format":false,"excerpt":"Virtueller Tag der offenen T\u00fcr am Samstag Heute - am 2. November - vor 50 Jahren wurde in Ulm die zweite Luftrettungsstation Deutschlands in Betrieb genommen. In den vergangenen f\u00fcnf Jahrzehnten war der medizinisch aus der Klinik f\u00fcr Anaesthesiologie, Intensivmedizin, Notfallmedizin und Schmerztherapie des Ulmer Bundeswehrkrankenhauses besetzte Hubschrauber ein Garant\u2026","rel":"","context":"In &quot;allgemein&quot;","block_context":{"text":"allgemein","link":"http:\/\/news-papers.eu\/?cat=2"},"img":{"alt_text":"","src":"https:\/\/i0.wp.com\/news-papers.eu\/wp-content\/uploads\/2021\/11\/HOSSFELD-SAR-UH-1D-CHR-22-scaled.jpg?fit=1200%2C800&resize=350%2C200","width":350,"height":200,"srcset":"https:\/\/i0.wp.com\/news-papers.eu\/wp-content\/uploads\/2021\/11\/HOSSFELD-SAR-UH-1D-CHR-22-scaled.jpg?fit=1200%2C800&resize=350%2C200 1x, https:\/\/i0.wp.com\/news-papers.eu\/wp-content\/uploads\/2021\/11\/HOSSFELD-SAR-UH-1D-CHR-22-scaled.jpg?fit=1200%2C800&resize=525%2C300 1.5x, https:\/\/i0.wp.com\/news-papers.eu\/wp-content\/uploads\/2021\/11\/HOSSFELD-SAR-UH-1D-CHR-22-scaled.jpg?fit=1200%2C800&resize=700%2C400 2x, https:\/\/i0.wp.com\/news-papers.eu\/wp-content\/uploads\/2021\/11\/HOSSFELD-SAR-UH-1D-CHR-22-scaled.jpg?fit=1200%2C800&resize=1050%2C600 3x"},"classes":[]},{"id":17421,"url":"http:\/\/news-papers.eu\/?p=17421","url_meta":{"origin":5219,"position":5},"title":"nur noch 4 Wochen bis zum Flugrettungssymposium","author":"Bj\u00f6rn Hossfeld","date":"August 31, 2023","format":false,"excerpt":"In 4 Wochen findet auf Einladung der \u00d6AMTC Flugrettung das 8. Mitteleurop\u00e4ische Flugrettungssymposium statt: am 30. September 2023 ins Olympia Kongress Zentrum nach Seefeld in Tirol Das eint\u00e4gige Symposium in seinem etablierten Format richtet sich an alle in der Luftrettung t\u00e4tigen Kolleginnen und Kollegen, an Angeh\u00f6rige des Rettungsdienstes, Piloten und\u2026","rel":"","context":"In &quot;Veranstaltungshinweis&quot;","block_context":{"text":"Veranstaltungshinweis","link":"http:\/\/news-papers.eu\/?cat=30"},"img":{"alt_text":"","src":"https:\/\/i0.wp.com\/news-papers.eu\/wp-content\/uploads\/2023\/06\/Bildschirmfoto-2023-06-11-um-07.26.55.png?fit=1200%2C386&resize=350%2C200","width":350,"height":200,"srcset":"https:\/\/i0.wp.com\/news-papers.eu\/wp-content\/uploads\/2023\/06\/Bildschirmfoto-2023-06-11-um-07.26.55.png?fit=1200%2C386&resize=350%2C200 1x, https:\/\/i0.wp.com\/news-papers.eu\/wp-content\/uploads\/2023\/06\/Bildschirmfoto-2023-06-11-um-07.26.55.png?fit=1200%2C386&resize=525%2C300 1.5x, https:\/\/i0.wp.com\/news-papers.eu\/wp-content\/uploads\/2023\/06\/Bildschirmfoto-2023-06-11-um-07.26.55.png?fit=1200%2C386&resize=700%2C400 2x, https:\/\/i0.wp.com\/news-papers.eu\/wp-content\/uploads\/2023\/06\/Bildschirmfoto-2023-06-11-um-07.26.55.png?fit=1200%2C386&resize=1050%2C600 3x"},"classes":[]}],"jetpack_likes_enabled":true,"_links":{"self":[{"href":"http:\/\/news-papers.eu\/index.php?rest_route=\/wp\/v2\/posts\/5219","targetHints":{"allow":["GET"]}}],"collection":[{"href":"http:\/\/news-papers.eu\/index.php?rest_route=\/wp\/v2\/posts"}],"about":[{"href":"http:\/\/news-papers.eu\/index.php?rest_route=\/wp\/v2\/types\/post"}],"author":[{"embeddable":true,"href":"http:\/\/news-papers.eu\/index.php?rest_route=\/wp\/v2\/users\/1"}],"replies":[{"embeddable":true,"href":"http:\/\/news-papers.eu\/index.php?rest_route=%2Fwp%2Fv2%2Fcomments&post=5219"}],"version-history":[{"count":4,"href":"http:\/\/news-papers.eu\/index.php?rest_route=\/wp\/v2\/posts\/5219\/revisions"}],"predecessor-version":[{"id":5417,"href":"http:\/\/news-papers.eu\/index.php?rest_route=\/wp\/v2\/posts\/5219\/revisions\/5417"}],"wp:featuredmedia":[{"embeddable":true,"href":"http:\/\/news-papers.eu\/index.php?rest_route=\/wp\/v2\/media\/5220"}],"wp:attachment":[{"href":"http:\/\/news-papers.eu\/index.php?rest_route=%2Fwp%2Fv2%2Fmedia&parent=5219"}],"wp:term":[{"taxonomy":"category","embeddable":true,"href":"http:\/\/news-papers.eu\/index.php?rest_route=%2Fwp%2Fv2%2Fcategories&post=5219"},{"taxonomy":"post_tag","embeddable":true,"href":"http:\/\/news-papers.eu\/index.php?rest_route=%2Fwp%2Fv2%2Ftags&post=5219"}],"curies":[{"name":"wp","href":"https:\/\/api.w.org\/{rel}","templated":true}]}}