{"id":21061,"date":"2026-09-01T04:41:55","date_gmt":"2026-09-01T02:41:55","guid":{"rendered":"https:\/\/news-papers.eu\/?p=21061"},"modified":"2026-08-31T16:43:59","modified_gmt":"2026-08-31T14:43:59","slug":"umfrage-zum-thema-ceus-in-deutschen-notaufnahmen","status":"publish","type":"post","link":"http:\/\/news-papers.eu\/?p=21061","title":{"rendered":"Umfrage zum Thema CEUS in deutschen Notaufnahmen"},"content":{"rendered":"<blockquote class=\"null\">\n<div class=\"null\">\n<div class=\"null\" dir=\"auto\">\n<div class=\"null\">\n<div class=\"null\">\n<div class=\"null\">\n<div class=\"null\">\n<div class=\"null\">\n<div class=\"null\">\n<div class=\"null\">\n<div class=\"null\">\n<div class=\"null\">\n<div class=\"null\">\n<div class=\"null\">\n<div class=\"null\">\n<div class=\"null\">\n<div class=\"null\">\n<div class=\"null\">\n<div class=\"null\"><img data-recalc-dims=\"1\" loading=\"lazy\" decoding=\"async\" data-attachment-id=\"4450\" data-permalink=\"http:\/\/news-papers.eu\/?attachment_id=4450\" data-orig-file=\"https:\/\/i0.wp.com\/news-papers.eu\/wp-content\/uploads\/2017\/04\/Umfrage1.jpg?fit=1920%2C1280\" data-orig-size=\"1920,1280\" data-comments-opened=\"1\" data-image-meta=\"{&quot;aperture&quot;:&quot;6.3&quot;,&quot;credit&quot;:&quot;&quot;,&quot;camera&quot;:&quot;Canon EOS 5D Mark III&quot;,&quot;caption&quot;:&quot;&quot;,&quot;created_timestamp&quot;:&quot;0&quot;,&quot;copyright&quot;:&quot;&quot;,&quot;focal_length&quot;:&quot;100&quot;,&quot;iso&quot;:&quot;100&quot;,&quot;shutter_speed&quot;:&quot;0.00625&quot;,&quot;title&quot;:&quot;&quot;,&quot;orientation&quot;:&quot;0&quot;}\" data-image-title=\"Umfrage1\" data-image-description=\"\" data-image-caption=\"\" data-large-file=\"https:\/\/i0.wp.com\/news-papers.eu\/wp-content\/uploads\/2017\/04\/Umfrage1.jpg?fit=1024%2C683\" class=\"size-medium wp-image-4450 alignright\" src=\"https:\/\/i0.wp.com\/news-papers.eu\/wp-content\/uploads\/2017\/04\/Umfrage1.jpg?resize=300%2C200\" alt=\"\" width=\"300\" height=\"200\" srcset=\"https:\/\/i0.wp.com\/news-papers.eu\/wp-content\/uploads\/2017\/04\/Umfrage1.jpg?resize=300%2C200 300w, https:\/\/i0.wp.com\/news-papers.eu\/wp-content\/uploads\/2017\/04\/Umfrage1.jpg?resize=768%2C512 768w, https:\/\/i0.wp.com\/news-papers.eu\/wp-content\/uploads\/2017\/04\/Umfrage1.jpg?resize=1024%2C683 1024w, https:\/\/i0.wp.com\/news-papers.eu\/wp-content\/uploads\/2017\/04\/Umfrage1.jpg?resize=750%2C500 750w, https:\/\/i0.wp.com\/news-papers.eu\/wp-content\/uploads\/2017\/04\/Umfrage1.jpg?w=1920 1920w\" sizes=\"auto, (max-width: 300px) 100vw, 300px\" \/>Im Jahr 2022 wurde im Rahmen eines Konsensuspapier\u00a0erstmalig ein Rahmen\u00a0zum Einsatz des CEUS in der Notfall- und Intensivmedizin (CEUS-Akut) gesteckt.\u00a0In wie weit der CEUS-Akut in deutschen Notaufnahmen eingesetzt wird bzw. ob \u00fcberhaupt CEUS-f\u00e4hige\u00a0Ultraschallger\u00e4te vorhanden sind ist unklar, ebenso wie die Zahl der Anwender, deren Ausbildung und den\u00a0Indikationen im Alltag.<\/div>\n<div class=\"null\">Die Beantwortung der Fragen sollte maximal 4 Minuten in Anspruch nehmen.<\/div>\n<div class=\"null\">\u00dcber Ihre Teilnahme, auch wenn Sie kein\u00a0CEUS-f\u00e4higes Ger\u00e4t in Ihrer Notaufnahme haben,\u00a0freue ich mich sehr und bedanke mich vielmals.<\/div>\n<div><\/div>\n<div class=\"null\"><a class=\"null\" title=\"https:\/\/www.surveymonkey.com\/r\/9M7X9D7\" contenteditable=\"false\" href=\"https:\/\/www.surveymonkey.com\/r\/9M7X9D7\" target=\"_BLANK\">https:\/\/www.surveymonkey.com\/r\/9M7X9D7<\/a><\/div>\n<div class=\"null\"><\/div>\n<div class=\"null\">Mit freundlichen Gr\u00fc\u00dfen<\/div>\n<div><\/div>\n<div class=\"null\">Dr. med. Patrick Schuhmacher<\/div>\n<div class=\"null\">Oberarzt Klinik f\u00fcr Akut- und Notfallmedizin<\/div>\n<div class=\"null\">Schwarzwald-Baar Klinikum Villingen-Schwenningen<\/div>\n<\/div>\n<\/div>\n<\/div>\n<\/div>\n<\/div>\n<\/div>\n<\/div>\n<\/div>\n<\/div>\n<\/div>\n<\/div>\n<\/div>\n<\/div>\n<\/div>\n<\/div>\n<\/div>\n<\/div>\n<\/blockquote>\n","protected":false},"excerpt":{"rendered":"<p>Im Jahr 2022 wurde im Rahmen eines Konsensuspapier\u00a0erstmalig ein Rahmen\u00a0zum Einsatz des CEUS in der Notfall- und Intensivmedizin (CEUS-Akut) gesteckt.\u00a0In wie weit der CEUS-Akut in deutschen Notaufnahmen eingesetzt wird bzw. [&hellip;]<\/p>\n","protected":false},"author":2,"featured_media":4450,"comment_status":"open","ping_status":"open","sticky":false,"template":"","format":"standard","meta":{"__cvm_playback_settings":[],"__cvm_video_id":"","jetpack_post_was_ever_published":false,"_jetpack_newsletter_access":"","_jetpack_dont_email_post_to_subs":false,"_jetpack_newsletter_tier_id":0,"_jetpack_memberships_contains_paywalled_content":false,"_jetpack_memberships_contains_paid_content":false,"footnotes":"","jetpack_publicize_message":"","jetpack_publicize_feature_enabled":true,"jetpack_social_post_already_shared":true,"jetpack_social_options":{"image_generator_settings":{"template":"highway","default_image_id":0,"font":"","enabled":false},"version":2},"_wpas_customize_per_network":false},"categories":[557],"tags":[],"class_list":["post-21061","post","type-post","status-publish","format-standard","has-post-thumbnail","hentry","category-umfragen"],"jetpack_publicize_connections":[],"jetpack_featured_media_url":"https:\/\/i0.wp.com\/news-papers.eu\/wp-content\/uploads\/2017\/04\/Umfrage1.jpg?fit=1920%2C1280","jetpack_sharing_enabled":true,"jetpack_shortlink":"https:\/\/wp.me\/p7fR2g-5tH","jetpack-related-posts":[{"id":15136,"url":"http:\/\/news-papers.eu\/?p=15136","url_meta":{"origin":21061,"position":0},"title":"Standardisierte Kontrastmittelsonographie (CEUS)","author":"Michael Bernhard","date":"Februar 19, 2022","format":false,"excerpt":"Druckfrisch die Standardisierte Kontrastmittelsonographie (CEUS): Guido Michels et al.\u00a0Standardisierte Kontrastmittelsonographie (CEUS) in der\u00a0klinischen Akut- und\u00a0Notfallmedizin sowie\u00a0Intensivmedizin (CEUS-Akut)\u00a0Konsensuspapier der DGIIN, DIVI, DGINA, DGAI, DGK, O\u0308GUM, SGUM und DEGUM. Anaesthesist 2022, https:\/\/doi.org\/10.1007\/s00101-021-01080-w Technische Grundlagen Der Untersuchungsablauf ist standardisiert (standardisierbar) CEUS sollte nur von Untersuchern nach qualifiziertem Training eingesetzt werden Fu\u0308r die Untersuchung\u2026","rel":"","context":"In &quot;Sonographie&quot;","block_context":{"text":"Sonographie","link":"http:\/\/news-papers.eu\/?cat=691"},"img":{"alt_text":"","src":"https:\/\/i0.wp.com\/news-papers.eu\/wp-content\/uploads\/2017\/10\/Bildschirmfoto-2017-09-03-um-15.27.02-163x300.png?resize=350%2C200","width":350,"height":200},"classes":[]},{"id":3052,"url":"http:\/\/news-papers.eu\/?p=3052","url_meta":{"origin":21061,"position":1},"title":"Kleiner &#8222;Knuff&#8220; mit gro\u00dfer Wirkung","author":"Michael Bernhard","date":"Februar 6, 2017","format":false,"excerpt":"Die Milz ist das am h\u00e4ufigsten verletzte Organ bei stumpfem Bauchtrauma. FAST (Focused Assessment with Sonography for Trauma) ist mittlerweile in nahezu alle Behandlungspfade integriert. Point-of-Care Ultraschall bietet ein mobiles, verl\u00e4ssliches und schnelles diagnostisches Tool in der Versorgung von Verletzten. Kontrastmittelverst\u00e4rkter Ultraschall (sog. \"CEUS\", contrast-enhanced ultrasound) gewinnt in der Traumaversorgung\u2026","rel":"","context":"In &quot;Sonographie&quot;","block_context":{"text":"Sonographie","link":"http:\/\/news-papers.eu\/?cat=691"},"img":{"alt_text":"bildschirmfoto-2016-12-03-um-08-13-20","src":"https:\/\/i0.wp.com\/news-papers.eu\/wp-content\/uploads\/2017\/02\/Bildschirmfoto-2016-12-03-um-08.13.20-300x77.png?resize=350%2C200","width":350,"height":200},"classes":[]},{"id":9495,"url":"http:\/\/news-papers.eu\/?p=9495","url_meta":{"origin":21061,"position":2},"title":"Wissenschaftliche Arbeitskreis Zentrale Notaufnahme der DGAI gegr\u00fcndet","author":"Michael Bernhard","date":"Mai 26, 2019","format":false,"excerpt":"Im Rahmen des Deutschen An\u00e4sthesiecongress (DAC) vom 09.-11.05.2019 in Leipzig wurde die Kommission Zentrale Notaufnahme der Deutschen Gesellschaft f\u00fcr An\u00e4sthesiologie & Intensivmedizin (DGAI) in einen Wissenschaftlichen Arbeitskreis Zentrale Notaufnahme \u00fcberf\u00fchrt. Die Gr\u00fcndungstreffens\u00a0des Wissenschaftlichen Arbeitskreis Zentrale Notaufnahme fand am 11.05.2019 statt. Nach den Er\u00f6ffnung- und Grussworten des Past-Pr\u00e4sidenten der DGAI Prof.\u2026","rel":"","context":"In &quot;www - Netzressource&quot;","block_context":{"text":"www - Netzressource","link":"http:\/\/news-papers.eu\/?cat=368"},"img":{"alt_text":"","src":"https:\/\/i0.wp.com\/news-papers.eu\/wp-content\/uploads\/2019\/05\/Bildschirmfoto-2019-05-12-um-12.39.51.png?fit=1200%2C280&resize=350%2C200","width":350,"height":200,"srcset":"https:\/\/i0.wp.com\/news-papers.eu\/wp-content\/uploads\/2019\/05\/Bildschirmfoto-2019-05-12-um-12.39.51.png?fit=1200%2C280&resize=350%2C200 1x, https:\/\/i0.wp.com\/news-papers.eu\/wp-content\/uploads\/2019\/05\/Bildschirmfoto-2019-05-12-um-12.39.51.png?fit=1200%2C280&resize=525%2C300 1.5x, https:\/\/i0.wp.com\/news-papers.eu\/wp-content\/uploads\/2019\/05\/Bildschirmfoto-2019-05-12-um-12.39.51.png?fit=1200%2C280&resize=700%2C400 2x, https:\/\/i0.wp.com\/news-papers.eu\/wp-content\/uploads\/2019\/05\/Bildschirmfoto-2019-05-12-um-12.39.51.png?fit=1200%2C280&resize=1050%2C600 3x"},"classes":[]},{"id":20778,"url":"http:\/\/news-papers.eu\/?p=20778","url_meta":{"origin":21061,"position":3},"title":"Swiss Emergency Medicine Day","author":"Bj\u00f6rn Hossfeld","date":"Mai 1, 2026","format":false,"excerpt":"Das Inselspital in Bern l\u00e4dt ein zum Swiss Emergency Medicine Day am 11. September 2026 von 8:00 bis 16:30 Uhr Der Swiss Emergency Medicine Day 2026 beleuchtet zentrale Herausforderungen der Notfallmedizin \u2013 von Eins\u00e4tzen unter Extrembedingungen bis hin zu evidenzbasierten Aktualisierungen f\u00fcr die klinische Praxis. Ein Schwerpunkt liegt auf der\u2026","rel":"","context":"In &quot;Veranstaltungshinweis&quot;","block_context":{"text":"Veranstaltungshinweis","link":"http:\/\/news-papers.eu\/?cat=30"},"img":{"alt_text":"","src":"https:\/\/i0.wp.com\/news-papers.eu\/wp-content\/uploads\/2026\/05\/Bildschirmfoto-2026-05-01-um-13.37.10.png?fit=1200%2C1059&resize=350%2C200","width":350,"height":200,"srcset":"https:\/\/i0.wp.com\/news-papers.eu\/wp-content\/uploads\/2026\/05\/Bildschirmfoto-2026-05-01-um-13.37.10.png?fit=1200%2C1059&resize=350%2C200 1x, https:\/\/i0.wp.com\/news-papers.eu\/wp-content\/uploads\/2026\/05\/Bildschirmfoto-2026-05-01-um-13.37.10.png?fit=1200%2C1059&resize=525%2C300 1.5x, https:\/\/i0.wp.com\/news-papers.eu\/wp-content\/uploads\/2026\/05\/Bildschirmfoto-2026-05-01-um-13.37.10.png?fit=1200%2C1059&resize=700%2C400 2x, https:\/\/i0.wp.com\/news-papers.eu\/wp-content\/uploads\/2026\/05\/Bildschirmfoto-2026-05-01-um-13.37.10.png?fit=1200%2C1059&resize=1050%2C600 3x"},"classes":[]},{"id":21029,"url":"http:\/\/news-papers.eu\/?p=21029","url_meta":{"origin":21061,"position":4},"title":"Swiss Emergency Medicine Day","author":"Bj\u00f6rn Hossfeld","date":"August 21, 2026","format":false,"excerpt":"Das Inselspital in Bern l\u00e4dt ein zum Swiss Emergency Medicine Day am 11. September 2026 von 8:00 bis 16:30 Uhr Der Swiss Emergency Medicine Day 2026 beleuchtet zentrale Herausforderungen der Notfallmedizin \u2013 von Eins\u00e4tzen unter Extrembedingungen bis hin zu evidenzbasierten Aktualisierungen f\u00fcr die klinische Praxis. Ein Schwerpunkt liegt auf der\u2026","rel":"","context":"In &quot;Veranstaltungshinweis&quot;","block_context":{"text":"Veranstaltungshinweis","link":"http:\/\/news-papers.eu\/?cat=30"},"img":{"alt_text":"","src":"https:\/\/i0.wp.com\/news-papers.eu\/wp-content\/uploads\/2026\/05\/Bildschirmfoto-2026-05-01-um-13.37.10.png?fit=1200%2C1059&resize=350%2C200","width":350,"height":200,"srcset":"https:\/\/i0.wp.com\/news-papers.eu\/wp-content\/uploads\/2026\/05\/Bildschirmfoto-2026-05-01-um-13.37.10.png?fit=1200%2C1059&resize=350%2C200 1x, https:\/\/i0.wp.com\/news-papers.eu\/wp-content\/uploads\/2026\/05\/Bildschirmfoto-2026-05-01-um-13.37.10.png?fit=1200%2C1059&resize=525%2C300 1.5x, https:\/\/i0.wp.com\/news-papers.eu\/wp-content\/uploads\/2026\/05\/Bildschirmfoto-2026-05-01-um-13.37.10.png?fit=1200%2C1059&resize=700%2C400 2x, https:\/\/i0.wp.com\/news-papers.eu\/wp-content\/uploads\/2026\/05\/Bildschirmfoto-2026-05-01-um-13.37.10.png?fit=1200%2C1059&resize=1050%2C600 3x"},"classes":[]},{"id":17698,"url":"http:\/\/news-papers.eu\/?p=17698","url_meta":{"origin":21061,"position":5},"title":"Palliativmedizinisches Wissen und palliativmedizinische Strukturen in deutschen Notaufnahmen","author":"Michael Bernhard","date":"November 27, 2023","format":false,"excerpt":"Patienten mit lebenslimitierenden\/palliativen Erkrankungen stellen eine Herausforderung fu\u0308r die Klinische Akut- und Notfallmedizin dar, denn trotz zunehmend ausgebauter Strukturen der spezialisierten ambulanten Palliativversorgung (SAPV) ist die Notaufnahme bei Symptomexazerbationen oder \u00dcberlastung der Angeh\u00f6rigen h\u00e4ufig erste Anlaufstelle. Da hier ebenso lebenslimitierende Erkrankungen erstdiagnostiziert und Therapieziele angepasst werden, scheint eine fru\u0308hzeitige Anbindung\u2026","rel":"","context":"In &quot;Zentrale interdisziplin\u00e4re Notaufnahme&quot;","block_context":{"text":"Zentrale interdisziplin\u00e4re Notaufnahme","link":"http:\/\/news-papers.eu\/?cat=10"},"img":{"alt_text":"","src":"https:\/\/i0.wp.com\/news-papers.eu\/wp-content\/uploads\/2023\/11\/Bildschirmfoto-2023-11-26-um-22.00.10.png?fit=1200%2C664&resize=350%2C200","width":350,"height":200,"srcset":"https:\/\/i0.wp.com\/news-papers.eu\/wp-content\/uploads\/2023\/11\/Bildschirmfoto-2023-11-26-um-22.00.10.png?fit=1200%2C664&resize=350%2C200 1x, https:\/\/i0.wp.com\/news-papers.eu\/wp-content\/uploads\/2023\/11\/Bildschirmfoto-2023-11-26-um-22.00.10.png?fit=1200%2C664&resize=525%2C300 1.5x, https:\/\/i0.wp.com\/news-papers.eu\/wp-content\/uploads\/2023\/11\/Bildschirmfoto-2023-11-26-um-22.00.10.png?fit=1200%2C664&resize=700%2C400 2x, https:\/\/i0.wp.com\/news-papers.eu\/wp-content\/uploads\/2023\/11\/Bildschirmfoto-2023-11-26-um-22.00.10.png?fit=1200%2C664&resize=1050%2C600 3x"},"classes":[]}],"jetpack_likes_enabled":true,"_links":{"self":[{"href":"http:\/\/news-papers.eu\/index.php?rest_route=\/wp\/v2\/posts\/21061","targetHints":{"allow":["GET"]}}],"collection":[{"href":"http:\/\/news-papers.eu\/index.php?rest_route=\/wp\/v2\/posts"}],"about":[{"href":"http:\/\/news-papers.eu\/index.php?rest_route=\/wp\/v2\/types\/post"}],"author":[{"embeddable":true,"href":"http:\/\/news-papers.eu\/index.php?rest_route=\/wp\/v2\/users\/2"}],"replies":[{"embeddable":true,"href":"http:\/\/news-papers.eu\/index.php?rest_route=%2Fwp%2Fv2%2Fcomments&post=21061"}],"version-history":[{"count":2,"href":"http:\/\/news-papers.eu\/index.php?rest_route=\/wp\/v2\/posts\/21061\/revisions"}],"predecessor-version":[{"id":21063,"href":"http:\/\/news-papers.eu\/index.php?rest_route=\/wp\/v2\/posts\/21061\/revisions\/21063"}],"wp:featuredmedia":[{"embeddable":true,"href":"http:\/\/news-papers.eu\/index.php?rest_route=\/wp\/v2\/media\/4450"}],"wp:attachment":[{"href":"http:\/\/news-papers.eu\/index.php?rest_route=%2Fwp%2Fv2%2Fmedia&parent=21061"}],"wp:term":[{"taxonomy":"category","embeddable":true,"href":"http:\/\/news-papers.eu\/index.php?rest_route=%2Fwp%2Fv2%2Fcategories&post=21061"},{"taxonomy":"post_tag","embeddable":true,"href":"http:\/\/news-papers.eu\/index.php?rest_route=%2Fwp%2Fv2%2Ftags&post=21061"}],"curies":[{"name":"wp","href":"https:\/\/api.w.org\/{rel}","templated":true}]}}