{"id":20778,"date":"2026-05-01T14:52:22","date_gmt":"2026-05-01T12:52:22","guid":{"rendered":"https:\/\/news-papers.eu\/?p=20778"},"modified":"2026-05-01T14:52:22","modified_gmt":"2026-05-01T12:52:22","slug":"swiss-emergency-medicine-day","status":"publish","type":"post","link":"http:\/\/news-papers.eu\/?p=20778","title":{"rendered":"Swiss Emergency Medicine Day"},"content":{"rendered":"<p style=\"text-align: justify;\">Das Inselspital in Bern l\u00e4dt ein zum<\/p>\n<blockquote><p><strong>Swiss Emergency Medicine Day<img data-recalc-dims=\"1\" loading=\"lazy\" decoding=\"async\" data-attachment-id=\"20780\" data-permalink=\"http:\/\/news-papers.eu\/?attachment_id=20780\" data-orig-file=\"https:\/\/i0.wp.com\/news-papers.eu\/wp-content\/uploads\/2026\/05\/Inselspital.png?fit=1400%2C384\" data-orig-size=\"1400,384\" data-comments-opened=\"1\" data-image-meta=\"{&quot;aperture&quot;:&quot;0&quot;,&quot;credit&quot;:&quot;&quot;,&quot;camera&quot;:&quot;&quot;,&quot;caption&quot;:&quot;&quot;,&quot;created_timestamp&quot;:&quot;0&quot;,&quot;copyright&quot;:&quot;&quot;,&quot;focal_length&quot;:&quot;0&quot;,&quot;iso&quot;:&quot;0&quot;,&quot;shutter_speed&quot;:&quot;0&quot;,&quot;title&quot;:&quot;&quot;,&quot;orientation&quot;:&quot;0&quot;}\" data-image-title=\"Inselspital\" data-image-description=\"\" data-image-caption=\"\" data-large-file=\"https:\/\/i0.wp.com\/news-papers.eu\/wp-content\/uploads\/2026\/05\/Inselspital.png?fit=1024%2C281\" class=\"alignright size-medium wp-image-20780\" src=\"https:\/\/i0.wp.com\/news-papers.eu\/wp-content\/uploads\/2026\/05\/Inselspital.png?resize=300%2C82\" alt=\"\" width=\"300\" height=\"82\" srcset=\"https:\/\/i0.wp.com\/news-papers.eu\/wp-content\/uploads\/2026\/05\/Inselspital.png?resize=300%2C82 300w, https:\/\/i0.wp.com\/news-papers.eu\/wp-content\/uploads\/2026\/05\/Inselspital.png?resize=1024%2C281 1024w, https:\/\/i0.wp.com\/news-papers.eu\/wp-content\/uploads\/2026\/05\/Inselspital.png?resize=768%2C211 768w, https:\/\/i0.wp.com\/news-papers.eu\/wp-content\/uploads\/2026\/05\/Inselspital.png?resize=750%2C206 750w, https:\/\/i0.wp.com\/news-papers.eu\/wp-content\/uploads\/2026\/05\/Inselspital.png?w=1400 1400w\" sizes=\"auto, (max-width: 300px) 100vw, 300px\" \/><\/strong><\/p>\n<p>am 11. September 2026<\/p>\n<p>von 8:00 bis 16:30 Uhr<\/p><\/blockquote>\n<p style=\"text-align: justify;\">Der <strong>Swiss Emergency Medicine Day<\/strong> 2026 beleuchtet zentrale Herausforderungen der Notfallmedizin \u2013 von Eins\u00e4tzen unter Extrembedingungen bis hin zu evidenzbasierten Aktualisierungen f\u00fcr die klinische Praxis.<\/p>\n<p style=\"text-align: justify;\">Ein Schwerpunkt liegt auf der Analyse komplexer Einsatzszenarien, am Beispiel der Trag\u00f6die in Crans-Montana, entlang der gesamten Versorgungskette: von der pr\u00e4klinischen Triage und der Erstversorgung im Krankenhaus bei Massenanf\u00e4llen von Verletzten bis hin zur spezialisierten Nachbehandlung.<\/p>\n<p style=\"text-align: justify;\">Weitere Themen sind die Notfallmedizin in ressourcenarmen Umgebungen und intensivmedizinische Strategien f\u00fcr kritisch kranke Patienten. Das Programm bietet zudem praxisnahe Aktualisierungen zu Themen wie der Beurteilung von Schwindel, massiver Lungenembolie, Polytrauma und der Integration der Intensivmedizin in die Notaufnahme.<\/p>\n<p style=\"text-align: justify;\">Internationale Experten pr\u00e4sentieren aktuelle Erkenntnisse und konkrete Handlungsempfehlungen. Interaktive Workshops vertiefen praktische Fertigkeiten (REBOA, schwieriger Atemweg, CEUS, FOAM).<\/p>\n<p style=\"text-align: justify;\">Der Kongress soll den Austausch, die Vernetzung und die Weiterentwicklung der Notfallmedizin f\u00f6rdern.<\/p>\n<blockquote>\n<p style=\"text-align: justify;\"><strong>Die Kongresssprache ist Englisch, Programm und Infos im <a href=\"http:\/\/news-papers.eu\/wp-content\/uploads\/2026\/05\/Swiss-Emergency-Medicine-Day-11.9.26.pdf\" target=\"_blank\" rel=\"noopener\">Flyer<\/a><\/strong><\/p>\n<\/blockquote>\n<p>&nbsp;<\/p>\n","protected":false},"excerpt":{"rendered":"<p>Das Inselspital in Bern l\u00e4dt ein zum Swiss Emergency Medicine Day am 11. September 2026 von 8:00 bis 16:30 Uhr Der Swiss Emergency Medicine Day 2026 beleuchtet zentrale Herausforderungen der [&hellip;]<\/p>\n","protected":false},"author":1,"featured_media":20779,"comment_status":"open","ping_status":"open","sticky":false,"template":"","format":"standard","meta":{"__cvm_playback_settings":[],"__cvm_video_id":"","jetpack_post_was_ever_published":false,"_jetpack_newsletter_access":"","_jetpack_dont_email_post_to_subs":false,"_jetpack_newsletter_tier_id":0,"_jetpack_memberships_contains_paywalled_content":false,"_jetpack_memberships_contains_paid_content":false,"footnotes":"","jetpack_publicize_message":"","jetpack_publicize_feature_enabled":true,"jetpack_social_post_already_shared":true,"jetpack_social_options":{"image_generator_settings":{"template":"highway","default_image_id":0,"font":"","enabled":false},"version":2},"_wpas_customize_per_network":false},"categories":[30],"tags":[2886,2941,71],"class_list":["post-20778","post","type-post","status-publish","format-standard","has-post-thumbnail","hentry","category-veranstaltungshinweis","tag-bern","tag-inselspital","tag-notfallmedizin"],"jetpack_publicize_connections":[],"jetpack_featured_media_url":"https:\/\/i0.wp.com\/news-papers.eu\/wp-content\/uploads\/2026\/05\/Bildschirmfoto-2026-05-01-um-13.37.10.png?fit=1280%2C1130","jetpack_sharing_enabled":true,"jetpack_shortlink":"https:\/\/wp.me\/p7fR2g-5p8","jetpack-related-posts":[{"id":12635,"url":"http:\/\/news-papers.eu\/?p=12635","url_meta":{"origin":20778,"position":0},"title":"From Battlefield to Emergency Department","author":"Bj\u00f6rn Hossfeld","date":"Dezember 14, 2020","format":false,"excerpt":"Fast schon traditionell h\u00e4lt Prof. Dr. med. Aristomenis Exadaktylos, Chefarzt des Notfallzentrums am Berner Inselspital die letzte NowToGo-Vorlesung des Jahres in der Woche vor Weihnachten. Im letzten Jahr hat und Prof. Exadaktylos mit dem vielbeachteten Thema: \"Migration, Flucht und Gesundheit\" Einblick in die medizinische Versorgung in Fl\u00fcchtlingslagern gegeben. F\u00fcr den\u2026","rel":"","context":"In &quot;allgemein&quot;","block_context":{"text":"allgemein","link":"http:\/\/news-papers.eu\/?cat=2"},"img":{"alt_text":"","src":"","width":0,"height":0},"classes":[]},{"id":4707,"url":"http:\/\/news-papers.eu\/?p=4707","url_meta":{"origin":20778,"position":1},"title":"Kurzer R\u00fcckblick DAC 2017 &#8230;","author":"Michael Bernhard","date":"Mai 7, 2017","format":false,"excerpt":"Gerade hat der Deutsche An\u00e4sthesie Congress\u00a0(DAC 2017) in N\u00fcrnberg stattgefunden. Eine fantastische Veranstaltung mit zahlreichen wirklich inhaltlich, didaktisch und innovativen \u00a0Vortr\u00e4gen, Fallkonferenzen sowie Pro- und Contrasitzungen zum Thema Notfallmedizin. Hier nur ein paar wenige Beispiele aus dem umfangreichen Programm: Dr. Martin Kulla aus dem Bundeswehrkrankenhaus Ulm pr\u00e4sentierte in einer Fallkonferenz\u2026","rel":"","context":"In &quot;Tagungen und Kongresse&quot;","block_context":{"text":"Tagungen und Kongresse","link":"http:\/\/news-papers.eu\/?cat=1012"},"img":{"alt_text":"","src":"https:\/\/i0.wp.com\/news-papers.eu\/wp-content\/uploads\/2017\/05\/Bildschirmfoto-2017-05-05-um-16.49.38-300x226.png?resize=350%2C200","width":350,"height":200},"classes":[]},{"id":20188,"url":"http:\/\/news-papers.eu\/?p=20188","url_meta":{"origin":20778,"position":2},"title":"Vom 19. bis 20. M\u00e4rz\u2026","author":"Bj\u00f6rn Hossfeld","date":"Dezember 14, 2025","format":false,"excerpt":"Vom 19. bis 20. M\u00e4rz 2026\u00a0 finden in der Eventfabrik Bern die 15. Swiss Trauma & Acute Care Surgery (STACS) Days statt. Wie in den Vorjahren werden erneut f\u00fchrende Experten, Kliniker und Forscher aus der Chirurgie, An\u00e4sthesiologie, Intensiv- und Notfallmedizin zu zwei Tagen mit aufschlussreichen Vortr\u00e4gen, praktischen \u00dcbungen und interdisziplin\u00e4rem\u2026","rel":"","context":"In &quot;Veranstaltungshinweis&quot;","block_context":{"text":"Veranstaltungshinweis","link":"http:\/\/news-papers.eu\/?cat=30"},"img":{"alt_text":"","src":"https:\/\/i0.wp.com\/news-papers.eu\/wp-content\/uploads\/2025\/12\/STACS-2026.png?fit=1200%2C547&resize=350%2C200","width":350,"height":200,"srcset":"https:\/\/i0.wp.com\/news-papers.eu\/wp-content\/uploads\/2025\/12\/STACS-2026.png?fit=1200%2C547&resize=350%2C200 1x, https:\/\/i0.wp.com\/news-papers.eu\/wp-content\/uploads\/2025\/12\/STACS-2026.png?fit=1200%2C547&resize=525%2C300 1.5x, https:\/\/i0.wp.com\/news-papers.eu\/wp-content\/uploads\/2025\/12\/STACS-2026.png?fit=1200%2C547&resize=700%2C400 2x, https:\/\/i0.wp.com\/news-papers.eu\/wp-content\/uploads\/2025\/12\/STACS-2026.png?fit=1200%2C547&resize=1050%2C600 3x"},"classes":[]},{"id":2839,"url":"http:\/\/news-papers.eu\/?p=2839","url_meta":{"origin":20778,"position":3},"title":"&#8222;Subtile&#8220; Zeichen eines Infarktes &#8230;","author":"Michael Bernhard","date":"Januar 10, 2017","format":false,"excerpt":"Steffen Grautoff aus der Zentralen Notaufnahme des Klinikum Herford zeigte in einem aktuellen Artikel in der Medizinischen Klinik - Intensivmedizin und Notfallmedizin typisch atypische EKGs bei Vorderwandinfarkt. Grautoff S. Typisch atypische EKGs bei Vorderwandinfarkt - Subtile Zeichen eines akuten Koronarverschluss. Med Klin Intensivmed Notfmed 2016, DOI 10.1007\/s00063-016-0222-4 In diesem Artikel\u2026","rel":"","context":"In &quot;EKG-Diagnostik&quot;","block_context":{"text":"EKG-Diagnostik","link":"http:\/\/news-papers.eu\/?cat=640"},"img":{"alt_text":"bildschirmfoto-2016-10-19-um-20-11-12","src":"https:\/\/i0.wp.com\/news-papers.eu\/wp-content\/uploads\/2016\/10\/Bildschirmfoto-2016-10-19-um-20.11.12-300x168.png?resize=350%2C200","width":350,"height":200},"classes":[]},{"id":2567,"url":"http:\/\/news-papers.eu\/?p=2567","url_meta":{"origin":20778,"position":4},"title":"Neue Rubrik: Die kniffelige Infoecke &#8230;","author":"Michael Bernhard","date":"Oktober 15, 2016","format":false,"excerpt":"Wir freuen uns sehr Herrn Kollegen Priv.-Doz. Dr. J\u00fcrgen Knapp als Gastautor f\u00fcr news-papers.eu gewonnen zu haben. Nach dem Studium der Humanmedizin von\u00a01998-2004 an der Ruprecht-Karls-Universit\u00e4t Heidelberg hat Kollege Knapp seine Ausbildung zum Facharzt f\u00fcr An\u00e4sthesiologie an der\u00a0Klinik f\u00fcr An\u00e4sthesiologie am Universit\u00e4tsklinikum Heidelberg absolviert und arbeitete dort bis 2016. Seit\u2026","rel":"","context":"In &quot;Kniffelige Infoecke&quot;","block_context":{"text":"Kniffelige Infoecke","link":"http:\/\/news-papers.eu\/?cat=567"},"img":{"alt_text":"J\u00fcrgen Knapp","src":"https:\/\/i0.wp.com\/news-papers.eu\/wp-content\/uploads\/2016\/10\/Knapp.jpg?fit=1200%2C900&resize=350%2C200","width":350,"height":200,"srcset":"https:\/\/i0.wp.com\/news-papers.eu\/wp-content\/uploads\/2016\/10\/Knapp.jpg?fit=1200%2C900&resize=350%2C200 1x, https:\/\/i0.wp.com\/news-papers.eu\/wp-content\/uploads\/2016\/10\/Knapp.jpg?fit=1200%2C900&resize=525%2C300 1.5x, https:\/\/i0.wp.com\/news-papers.eu\/wp-content\/uploads\/2016\/10\/Knapp.jpg?fit=1200%2C900&resize=700%2C400 2x, https:\/\/i0.wp.com\/news-papers.eu\/wp-content\/uploads\/2016\/10\/Knapp.jpg?fit=1200%2C900&resize=1050%2C600 3x"},"classes":[]},{"id":7648,"url":"http:\/\/news-papers.eu\/?p=7648","url_meta":{"origin":20778,"position":5},"title":"Noch eine Woche bis zur CMC-Conference in Neu-Ulm","author":"Bj\u00f6rn Hossfeld","date":"Juni 5, 2018","format":false,"excerpt":"\"Taktische Medizin\" ist Anbetracht der zunehmenden terroristischen Bedrohung in Europa derzeit ein Thema auf vielen notfallmedizinischen Fortbildungsveranstaltungen. Die Arbeistgruppe \"Taktische Medizin\" des Wissenschaftlichen Arbeitskreises Notfallmedizin der Deutschen Gesellschaft f\u00fcr An\u00e4sthesiologie & Intensivmedizn (DGAI) und die Tactical Rescue and Emergency Medicine Association (TREMA e.V.) besch\u00e4ftigen sich jedoch schon viele Jahre mit\u2026","rel":"","context":"In &quot;allgemein&quot;","block_context":{"text":"allgemein","link":"http:\/\/news-papers.eu\/?cat=2"},"img":{"alt_text":"","src":"https:\/\/i0.wp.com\/news-papers.eu\/wp-content\/uploads\/2018\/06\/CMC2018.png?fit=1194%2C1200&resize=350%2C200","width":350,"height":200,"srcset":"https:\/\/i0.wp.com\/news-papers.eu\/wp-content\/uploads\/2018\/06\/CMC2018.png?fit=1194%2C1200&resize=350%2C200 1x, https:\/\/i0.wp.com\/news-papers.eu\/wp-content\/uploads\/2018\/06\/CMC2018.png?fit=1194%2C1200&resize=525%2C300 1.5x, https:\/\/i0.wp.com\/news-papers.eu\/wp-content\/uploads\/2018\/06\/CMC2018.png?fit=1194%2C1200&resize=700%2C400 2x, https:\/\/i0.wp.com\/news-papers.eu\/wp-content\/uploads\/2018\/06\/CMC2018.png?fit=1194%2C1200&resize=1050%2C600 3x"},"classes":[]}],"jetpack_likes_enabled":true,"_links":{"self":[{"href":"http:\/\/news-papers.eu\/index.php?rest_route=\/wp\/v2\/posts\/20778","targetHints":{"allow":["GET"]}}],"collection":[{"href":"http:\/\/news-papers.eu\/index.php?rest_route=\/wp\/v2\/posts"}],"about":[{"href":"http:\/\/news-papers.eu\/index.php?rest_route=\/wp\/v2\/types\/post"}],"author":[{"embeddable":true,"href":"http:\/\/news-papers.eu\/index.php?rest_route=\/wp\/v2\/users\/1"}],"replies":[{"embeddable":true,"href":"http:\/\/news-papers.eu\/index.php?rest_route=%2Fwp%2Fv2%2Fcomments&post=20778"}],"version-history":[{"count":2,"href":"http:\/\/news-papers.eu\/index.php?rest_route=\/wp\/v2\/posts\/20778\/revisions"}],"predecessor-version":[{"id":20783,"href":"http:\/\/news-papers.eu\/index.php?rest_route=\/wp\/v2\/posts\/20778\/revisions\/20783"}],"wp:featuredmedia":[{"embeddable":true,"href":"http:\/\/news-papers.eu\/index.php?rest_route=\/wp\/v2\/media\/20779"}],"wp:attachment":[{"href":"http:\/\/news-papers.eu\/index.php?rest_route=%2Fwp%2Fv2%2Fmedia&parent=20778"}],"wp:term":[{"taxonomy":"category","embeddable":true,"href":"http:\/\/news-papers.eu\/index.php?rest_route=%2Fwp%2Fv2%2Fcategories&post=20778"},{"taxonomy":"post_tag","embeddable":true,"href":"http:\/\/news-papers.eu\/index.php?rest_route=%2Fwp%2Fv2%2Ftags&post=20778"}],"curies":[{"name":"wp","href":"https:\/\/api.w.org\/{rel}","templated":true}]}}