{"id":20728,"date":"2026-04-27T01:12:50","date_gmt":"2026-04-26T23:12:50","guid":{"rendered":"https:\/\/news-papers.eu\/?p=20728"},"modified":"2026-04-26T09:05:18","modified_gmt":"2026-04-26T07:05:18","slug":"kinderanaesthesie-meeting-in-st-gallen","status":"publish","type":"post","link":"http:\/\/news-papers.eu\/?p=20728","title":{"rendered":"Kinderan\u00e4sthesie-Meeting in St. Gallen"},"content":{"rendered":"<p>Kinderan\u00e4sthesie bedeutet immer wieder eine Herausfordung.<\/p>\n<p>Das Team des Ostschweizer Kinderspitals in St. Gallen l\u00e4dt ein zum<a href=\"http:\/\/news-papers.eu\/wp-content\/uploads\/2026\/04\/Einladung_1.-Ostschweizer-Kinderanaesthesie-Meeting-OKS-am-12.06.2026-1500h-2000h_-GesternHeuteMorgen.pdf\" target=\"_blank\" rel=\"noopener\"><img data-recalc-dims=\"1\" loading=\"lazy\" decoding=\"async\" data-attachment-id=\"20730\" data-permalink=\"http:\/\/news-papers.eu\/?attachment_id=20730\" data-orig-file=\"https:\/\/i0.wp.com\/news-papers.eu\/wp-content\/uploads\/2026\/04\/Kinderanaesthesiemeeting-.png?fit=1202%2C1164\" data-orig-size=\"1202,1164\" data-comments-opened=\"1\" data-image-meta=\"{&quot;aperture&quot;:&quot;0&quot;,&quot;credit&quot;:&quot;&quot;,&quot;camera&quot;:&quot;&quot;,&quot;caption&quot;:&quot;&quot;,&quot;created_timestamp&quot;:&quot;0&quot;,&quot;copyright&quot;:&quot;&quot;,&quot;focal_length&quot;:&quot;0&quot;,&quot;iso&quot;:&quot;0&quot;,&quot;shutter_speed&quot;:&quot;0&quot;,&quot;title&quot;:&quot;&quot;,&quot;orientation&quot;:&quot;0&quot;}\" data-image-title=\"Kinderana\u0308sthesiemeeting\" data-image-description=\"\" data-image-caption=\"\" data-large-file=\"https:\/\/i0.wp.com\/news-papers.eu\/wp-content\/uploads\/2026\/04\/Kinderanaesthesiemeeting-.png?fit=1024%2C992\" class=\"alignright size-medium wp-image-20730\" src=\"https:\/\/i0.wp.com\/news-papers.eu\/wp-content\/uploads\/2026\/04\/Kinderanaesthesiemeeting-.png?resize=300%2C291\" alt=\"\" width=\"300\" height=\"291\" srcset=\"https:\/\/i0.wp.com\/news-papers.eu\/wp-content\/uploads\/2026\/04\/Kinderanaesthesiemeeting-.png?resize=300%2C291 300w, https:\/\/i0.wp.com\/news-papers.eu\/wp-content\/uploads\/2026\/04\/Kinderanaesthesiemeeting-.png?resize=1024%2C992 1024w, https:\/\/i0.wp.com\/news-papers.eu\/wp-content\/uploads\/2026\/04\/Kinderanaesthesiemeeting-.png?resize=768%2C744 768w, https:\/\/i0.wp.com\/news-papers.eu\/wp-content\/uploads\/2026\/04\/Kinderanaesthesiemeeting-.png?resize=750%2C726 750w, https:\/\/i0.wp.com\/news-papers.eu\/wp-content\/uploads\/2026\/04\/Kinderanaesthesiemeeting-.png?w=1202 1202w\" sizes=\"auto, (max-width: 300px) 100vw, 300px\" \/><\/a><\/p>\n<blockquote><p><strong>1. Ostschweizer Kinderan\u00e4sthesie Meeting<\/strong><\/p>\n<p><strong>am 12. Juni 2026<\/strong><\/p>\n<p><strong>um 15:00 Uhr<\/strong><\/p>\n<p><strong>im Ostschweizer Kinderspital, St. Gallen<\/strong><\/p><\/blockquote>\n<p>Alle <a href=\"http:\/\/news-papers.eu\/wp-content\/uploads\/2026\/04\/Einladung_1.-Ostschweizer-Kinderanaesthesie-Meeting-OKS-am-12.06.2026-1500h-2000h_-GesternHeuteMorgen.pdf\" target=\"_blank\" rel=\"noopener\"><strong>Infos im Flyer<\/strong><\/a><\/p>\n<p>&nbsp;<\/p>\n<p>&nbsp;<\/p>\n<p>&nbsp;<\/p>\n<p>&nbsp;<\/p>\n<p>&nbsp;<\/p>\n<p>&nbsp;<\/p>\n","protected":false},"excerpt":{"rendered":"<p>Kinderan\u00e4sthesie bedeutet immer wieder eine Herausfordung. Das Team des Ostschweizer Kinderspitals in St. Gallen l\u00e4dt ein zum 1. Ostschweizer Kinderan\u00e4sthesie Meeting am 12. Juni 2026 um 15:00 Uhr im Ostschweizer [&hellip;]<\/p>\n","protected":false},"author":1,"featured_media":20730,"comment_status":"open","ping_status":"open","sticky":false,"template":"","format":"standard","meta":{"__cvm_playback_settings":[],"__cvm_video_id":"","jetpack_post_was_ever_published":false,"_jetpack_newsletter_access":"","_jetpack_dont_email_post_to_subs":false,"_jetpack_newsletter_tier_id":0,"_jetpack_memberships_contains_paywalled_content":false,"_jetpack_memberships_contains_paid_content":false,"footnotes":"","jetpack_publicize_message":"","jetpack_publicize_feature_enabled":true,"jetpack_social_post_already_shared":true,"jetpack_social_options":{"image_generator_settings":{"template":"highway","default_image_id":0,"font":"","enabled":false},"version":2},"_wpas_customize_per_network":false},"categories":[30],"tags":[125,2936],"class_list":["post-20728","post","type-post","status-publish","format-standard","has-post-thumbnail","hentry","category-veranstaltungshinweis","tag-kinderanaesthesie","tag-st-gallen"],"jetpack_publicize_connections":[],"jetpack_featured_media_url":"https:\/\/i0.wp.com\/news-papers.eu\/wp-content\/uploads\/2026\/04\/Kinderanaesthesiemeeting-.png?fit=1202%2C1164","jetpack_sharing_enabled":true,"jetpack_shortlink":"https:\/\/wp.me\/p7fR2g-5ok","jetpack-related-posts":[{"id":16739,"url":"http:\/\/news-papers.eu\/?p=16739","url_meta":{"origin":20728,"position":0},"title":"Repetitorium Kinderan\u00e4sthesie, 17.-20.05.2023","author":"Michael Bernhard","date":"M\u00e4rz 5, 2023","format":false,"excerpt":"Liebe Kolleginnen und Kollegen! Das beliebte Repetitorium Kinderan\u00e4sthesie ist zur\u00fcck als Pr\u00e4senzveranstaltung im sch\u00f6\u00adnen Hotel R\u00f6ssle in Stimpfach-Rechenberg! Bringen Sie Ihr Wissen zur Kinderan\u00e4sthesie mit praxisnahen Vortr\u00e4gen auf den aktuellen Stand und diskutieren Sie Ihre Fragen mit klinisch erfahrenen ReferentInnen. Am vorgeschalteten Mittwoch bieten wir Ihnen das neu konzipierte Zirkeltraining\u2026","rel":"","context":"In &quot;Veranstaltungshinweis&quot;","block_context":{"text":"Veranstaltungshinweis","link":"http:\/\/news-papers.eu\/?cat=30"},"img":{"alt_text":"","src":"https:\/\/i0.wp.com\/news-papers.eu\/wp-content\/uploads\/2023\/03\/Bildschirm%C2%ADfoto-2023-03-04-um-10.38.20.png?fit=636%2C380&resize=350%2C200","width":350,"height":200,"srcset":"https:\/\/i0.wp.com\/news-papers.eu\/wp-content\/uploads\/2023\/03\/Bildschirm%C2%ADfoto-2023-03-04-um-10.38.20.png?fit=636%2C380&resize=350%2C200 1x, https:\/\/i0.wp.com\/news-papers.eu\/wp-content\/uploads\/2023\/03\/Bildschirm%C2%ADfoto-2023-03-04-um-10.38.20.png?fit=636%2C380&resize=525%2C300 1.5x"},"classes":[]},{"id":16743,"url":"http:\/\/news-papers.eu\/?p=16743","url_meta":{"origin":20728,"position":1},"title":"Repetitorium Kinderan\u00e4sthesie 17.-20.05.2023","author":"Michael Bernhard","date":"M\u00e4rz 17, 2023","format":false,"excerpt":"Liebe Kolleginnen und Kollegen! Das beliebte Repetitorium Kinderan\u00e4sthesie ist zur\u00fcck als Pr\u00e4senzveranstaltung im sch\u00f6\u00adnen Hotel R\u00f6ssle in Stimpfach-Rechenberg! Bringen Sie Ihr Wissen zur Kinderan\u00e4sthesie mit praxisnahen Vortr\u00e4gen auf den aktuellen Stand und diskutieren Sie Ihre Fragen mit klinisch erfahrenen ReferentInnen. Am vorgeschalteten Mittwoch bieten wir Ihnen das neu konzipierte Zirkeltraining\u2026","rel":"","context":"In &quot;Veranstaltungshinweis&quot;","block_context":{"text":"Veranstaltungshinweis","link":"http:\/\/news-papers.eu\/?cat=30"},"img":{"alt_text":"","src":"https:\/\/i0.wp.com\/news-papers.eu\/wp-content\/uploads\/2023\/03\/Bildschirm%C2%ADfoto-2023-03-04-um-10.38.20.png?fit=636%2C380&resize=350%2C200","width":350,"height":200,"srcset":"https:\/\/i0.wp.com\/news-papers.eu\/wp-content\/uploads\/2023\/03\/Bildschirm%C2%ADfoto-2023-03-04-um-10.38.20.png?fit=636%2C380&resize=350%2C200 1x, https:\/\/i0.wp.com\/news-papers.eu\/wp-content\/uploads\/2023\/03\/Bildschirm%C2%ADfoto-2023-03-04-um-10.38.20.png?fit=636%2C380&resize=525%2C300 1.5x"},"classes":[]},{"id":1857,"url":"http:\/\/news-papers.eu\/?p=1857","url_meta":{"origin":20728,"position":2},"title":"Flugrettungssymposium in St. Gallen","author":"Bj\u00f6rn Hossfeld","date":"Juni 18, 2016","format":false,"excerpt":"\u00a0\u00a0\u00a0\u00a0\u00a0\u00a0\u00a0\u00a0\u00a0\u00a0\u00a0\u00a0\u00a0\u00a0\u00a0\u00a0\u00a0\u00a0\u00a0\u00a0\u00a0\u00a0\u00a0\u00a0\u00a0\u00a0\u00a0\u00a0\u00a0\u00a0\u00a0\u00a0\u00a0\u00a0\u00a0\u00a0\u00a0\u00a0\u00a0\u00a0\u00a0\u00a0\u00a0\u00a0\u00a0\u00a0\u00a0\u00a0\u00a0\u00a0\u00a0\u00a0\u00a0 Nach dem erfolgreichen mitteleurop\u00e4ischen Flugrettungssymposium im letzten Herbst in Innsbruck ist nun die Fortsetzung in der Schweiz geplant: zum 29. Oktober l\u00e4dt die Schweizer Rettungsflugwacht (REGA) alle Interessierten nach St. Gallen zum 2. mitteleurop\u00e4ischen Flugrettungssymposium ein. \u00a0","rel":"","context":"In &quot;Luftrettung&quot;","block_context":{"text":"Luftrettung","link":"http:\/\/news-papers.eu\/?cat=367"},"img":{"alt_text":"","src":"https:\/\/i0.wp.com\/news-papers.eu\/wp-content\/uploads\/2016\/06\/Flugrettungssymposium.jpg?fit=1200%2C664&resize=350%2C200","width":350,"height":200,"srcset":"https:\/\/i0.wp.com\/news-papers.eu\/wp-content\/uploads\/2016\/06\/Flugrettungssymposium.jpg?fit=1200%2C664&resize=350%2C200 1x, https:\/\/i0.wp.com\/news-papers.eu\/wp-content\/uploads\/2016\/06\/Flugrettungssymposium.jpg?fit=1200%2C664&resize=525%2C300 1.5x, https:\/\/i0.wp.com\/news-papers.eu\/wp-content\/uploads\/2016\/06\/Flugrettungssymposium.jpg?fit=1200%2C664&resize=700%2C400 2x, https:\/\/i0.wp.com\/news-papers.eu\/wp-content\/uploads\/2016\/06\/Flugrettungssymposium.jpg?fit=1200%2C664&resize=1050%2C600 3x"},"classes":[]},{"id":17713,"url":"http:\/\/news-papers.eu\/?p=17713","url_meta":{"origin":20728,"position":3},"title":"Repetitorium Kinderan\u00e4sthesie 2024 &#8211; 01.-03. Mai 2024","author":"Michael Bernhard","date":"Dezember 8, 2023","format":false,"excerpt":"Sehr geehrte Kollegin! Sehr geehrter Kollege! Mit Freude darf ich Ihnen mitteilen, dass die Anmeldung zum Repetitorium Kinderan\u00e4sthesie 2024 ab sofort unter https:\/\/skaga-ev.de\/products\/repetitorium-kinderanaesthesie m\u00f6glich ist. Es findet statt vom 1.-3. Mai 2024 im wundersch\u00f6nen Landhotel R\u00f6ssle in Stimpfach-Rechenberg. Die vorgeschalteten einzigartigen Workshops \u201eZirkeltraining Kinderan\u00e4sthesie\u201c finden am Nachmittag des 30. April\u2026","rel":"","context":"In &quot;Veranstaltungshinweis&quot;","block_context":{"text":"Veranstaltungshinweis","link":"http:\/\/news-papers.eu\/?cat=30"},"img":{"alt_text":"","src":"https:\/\/i0.wp.com\/news-papers.eu\/wp-content\/uploads\/2023\/12\/rep1-raum.jpg?fit=1100%2C1100&resize=350%2C200","width":350,"height":200,"srcset":"https:\/\/i0.wp.com\/news-papers.eu\/wp-content\/uploads\/2023\/12\/rep1-raum.jpg?fit=1100%2C1100&resize=350%2C200 1x, https:\/\/i0.wp.com\/news-papers.eu\/wp-content\/uploads\/2023\/12\/rep1-raum.jpg?fit=1100%2C1100&resize=525%2C300 1.5x, https:\/\/i0.wp.com\/news-papers.eu\/wp-content\/uploads\/2023\/12\/rep1-raum.jpg?fit=1100%2C1100&resize=700%2C400 2x, https:\/\/i0.wp.com\/news-papers.eu\/wp-content\/uploads\/2023\/12\/rep1-raum.jpg?fit=1100%2C1100&resize=1050%2C600 3x"},"classes":[]},{"id":14972,"url":"http:\/\/news-papers.eu\/?p=14972","url_meta":{"origin":20728,"position":4},"title":"Kinderan\u00e4sthesie aktuell: 11.-12.03.2022 ONLINE","author":"Michael Bernhard","date":"Januar 18, 2022","format":false,"excerpt":"Sehr geehrte\u00a0Kolleginnen und\u00a0Kollegen, wir von Kinderan\u00e4sthesie aktuell w\u00fcnschen alles Gute f\u00fcr das neue Jahr 2022 und haben da eine tolle\u00a0Idee f\u00fcr einen guten\u00a0Vorsatz - Kinderan\u00e4sthesie aktuell besuchen! Zwischendurch hatten wir\u00a0auf eine Pr\u00e4senz-Veranstaltung gehofft - aber nun ist klar - wir werden nocheinmal rein virtuell (nat\u00fcrlich CME-zertifziert) bleiben m\u00fcssen. Symposium \"Kinderan\u00e4sthesie\u2026","rel":"","context":"In &quot;Veranstaltungshinweis&quot;","block_context":{"text":"Veranstaltungshinweis","link":"http:\/\/news-papers.eu\/?cat=30"},"img":{"alt_text":"","src":"https:\/\/i0.wp.com\/news-papers.eu\/wp-content\/uploads\/2022\/01\/1.jpg?fit=700%2C254&resize=350%2C200","width":350,"height":200,"srcset":"https:\/\/i0.wp.com\/news-papers.eu\/wp-content\/uploads\/2022\/01\/1.jpg?fit=700%2C254&resize=350%2C200 1x, https:\/\/i0.wp.com\/news-papers.eu\/wp-content\/uploads\/2022\/01\/1.jpg?fit=700%2C254&resize=525%2C300 1.5x, https:\/\/i0.wp.com\/news-papers.eu\/wp-content\/uploads\/2022\/01\/1.jpg?fit=700%2C254&resize=700%2C400 2x"},"classes":[]},{"id":10449,"url":"http:\/\/news-papers.eu\/?p=10449","url_meta":{"origin":20728,"position":5},"title":"13. Celler Symposiums f\u00fcr Kinderan\u00e4sthesie und -notfallmedizin (22.-23. Nov 2019)","author":"Michael Bernhard","date":"Oktober 28, 2019","format":false,"excerpt":"In vier (4) Wochen startet die 13. Auflage des alle zwei Jahre stattfindenden Celler Symposiums f\u00fcr Kinderan\u00e4sthesie und Kindernotfallmedizin (22.-23. Nov 2019).\u00a0Das Motto des diesj\u00e4hrigen Symposiums lautet: \u201eKinder-AINS unter allen Umst\u00e4nden \u2013 OP, Krei\u00dfsaal, Notfall und Intensiv\u201c. In bew\u00e4hrter Kooperation mit dem Wissenschaftlichen Arbeitskreis Kinderan\u00e4sthesie (WAKKA) der Deutschen Gesellschaft f\u00fcr\u2026","rel":"","context":"In &quot;allgemein&quot;","block_context":{"text":"allgemein","link":"http:\/\/news-papers.eu\/?cat=2"},"img":{"alt_text":"","src":"https:\/\/i0.wp.com\/news-papers.eu\/wp-content\/uploads\/2019\/10\/Bildschirmfoto-2019-10-25-um-21.59.47.png?fit=592%2C260&resize=350%2C200","width":350,"height":200,"srcset":"https:\/\/i0.wp.com\/news-papers.eu\/wp-content\/uploads\/2019\/10\/Bildschirmfoto-2019-10-25-um-21.59.47.png?fit=592%2C260&resize=350%2C200 1x, https:\/\/i0.wp.com\/news-papers.eu\/wp-content\/uploads\/2019\/10\/Bildschirmfoto-2019-10-25-um-21.59.47.png?fit=592%2C260&resize=525%2C300 1.5x"},"classes":[]}],"jetpack_likes_enabled":true,"_links":{"self":[{"href":"http:\/\/news-papers.eu\/index.php?rest_route=\/wp\/v2\/posts\/20728","targetHints":{"allow":["GET"]}}],"collection":[{"href":"http:\/\/news-papers.eu\/index.php?rest_route=\/wp\/v2\/posts"}],"about":[{"href":"http:\/\/news-papers.eu\/index.php?rest_route=\/wp\/v2\/types\/post"}],"author":[{"embeddable":true,"href":"http:\/\/news-papers.eu\/index.php?rest_route=\/wp\/v2\/users\/1"}],"replies":[{"embeddable":true,"href":"http:\/\/news-papers.eu\/index.php?rest_route=%2Fwp%2Fv2%2Fcomments&post=20728"}],"version-history":[{"count":5,"href":"http:\/\/news-papers.eu\/index.php?rest_route=\/wp\/v2\/posts\/20728\/revisions"}],"predecessor-version":[{"id":20733,"href":"http:\/\/news-papers.eu\/index.php?rest_route=\/wp\/v2\/posts\/20728\/revisions\/20733"}],"wp:featuredmedia":[{"embeddable":true,"href":"http:\/\/news-papers.eu\/index.php?rest_route=\/wp\/v2\/media\/20730"}],"wp:attachment":[{"href":"http:\/\/news-papers.eu\/index.php?rest_route=%2Fwp%2Fv2%2Fmedia&parent=20728"}],"wp:term":[{"taxonomy":"category","embeddable":true,"href":"http:\/\/news-papers.eu\/index.php?rest_route=%2Fwp%2Fv2%2Fcategories&post=20728"},{"taxonomy":"post_tag","embeddable":true,"href":"http:\/\/news-papers.eu\/index.php?rest_route=%2Fwp%2Fv2%2Ftags&post=20728"}],"curies":[{"name":"wp","href":"https:\/\/api.w.org\/{rel}","templated":true}]}}