{"id":20666,"date":"2026-04-15T01:12:46","date_gmt":"2026-04-14T23:12:46","guid":{"rendered":"https:\/\/news-papers.eu\/?p=20666"},"modified":"2026-04-13T19:04:40","modified_gmt":"2026-04-13T17:04:40","slug":"umfrage-5-minuten-fuer-den-notarztdienst","status":"publish","type":"post","link":"http:\/\/news-papers.eu\/?p=20666","title":{"rendered":"Umfrage: &#8222;5 Minuten f\u00fcr den Notarztdienst&#8220;"},"content":{"rendered":"<p style=\"text-align: justify;\">Landesweit wird immer wieder \u00fcber Besetzungsprobleme an den Notarztstandorten berichtet. Die Motivation am Notarztdienst teilzunehmen d\u00fcrfte dabei ebenso unterschiedlich sein, wie die Hinderungsgr\u00fcnde &#8211; angef\u00fchrt werden die Sorge vor der Verantwortung ebenso wie die Verg\u00fctung, aber auch die eingeschr\u00e4nkte Genehmigung zur Nebent\u00e4tigkeit durch den Hauptarbeitgeber und vieles mehr &#8230;<\/p>\n<p style=\"text-align: justify;\">Tats\u00e4chlich wissen wir jedoch nicht, wo die Hauptgr\u00fcnde liegen, nicht am Notarztdienst teilzunehmen. Es ist anzunehmen, dass es auch altersabh\u00e4ngige Unterschiede gibt.<\/p>\n<p style=\"text-align: justify;\">Um zu dieser Thematik einen \u00dcberblick zu schaffen, bittet die Arbeitsgemeinschaft in Bayern t\u00e4tiger Not\u00e4rzte und Not\u00e4rztinnen (<a href=\"https:\/\/agbn.de\" target=\"_blank\" rel=\"noopener\"><strong><span style=\"color: #ff0000;\">ag<\/span><span style=\"color: #3366ff;\">bn<\/span><\/strong><\/a>) e.V. um die <a href=\"https:\/\/forms.cloud.microsoft\/Pages\/ResponsePage.aspx?id=kzKyyUz0YE-TxlC9wlus_aoxk3xiYNBIiAI9Af6LzxJUQjhWMTNUQVZHU0wyRkRRWVpZQUw4VEVDVS4u\" target=\"_blank\" rel=\"noopener\"><strong>Teilnahme an einer kurzen Umfrage<\/strong><\/a>.<\/p>\n","protected":false},"excerpt":{"rendered":"<p>Landesweit wird immer wieder \u00fcber Besetzungsprobleme an den Notarztstandorten berichtet. Die Motivation am Notarztdienst teilzunehmen d\u00fcrfte dabei ebenso unterschiedlich sein, wie die Hinderungsgr\u00fcnde &#8211; angef\u00fchrt werden die Sorge vor der [&hellip;]<\/p>\n","protected":false},"author":1,"featured_media":20667,"comment_status":"open","ping_status":"open","sticky":false,"template":"","format":"standard","meta":{"__cvm_playback_settings":[],"__cvm_video_id":"","jetpack_post_was_ever_published":false,"_jetpack_newsletter_access":"","_jetpack_dont_email_post_to_subs":false,"_jetpack_newsletter_tier_id":0,"_jetpack_memberships_contains_paywalled_content":false,"_jetpack_memberships_contains_paid_content":false,"footnotes":"","jetpack_publicize_message":"","jetpack_publicize_feature_enabled":true,"jetpack_social_post_already_shared":true,"jetpack_social_options":{"image_generator_settings":{"template":"highway","default_image_id":0,"font":"","enabled":false},"version":2},"_wpas_customize_per_network":false},"categories":[557],"tags":[1343,2932,622,235],"class_list":["post-20666","post","type-post","status-publish","format-standard","has-post-thumbnail","hentry","category-umfragen","tag-agbn","tag-motivation","tag-notarztdienst","tag-umfrage"],"jetpack_publicize_connections":[],"jetpack_featured_media_url":"https:\/\/i0.wp.com\/news-papers.eu\/wp-content\/uploads\/2026\/04\/Umfrage-5-Min-fuer-Notarztdienst.png?fit=1920%2C1108","jetpack_sharing_enabled":true,"jetpack_shortlink":"https:\/\/wp.me\/p7fR2g-5nk","jetpack-related-posts":[{"id":15194,"url":"http:\/\/news-papers.eu\/?p=15194","url_meta":{"origin":20666,"position":0},"title":"Umfrage zum pr\u00e4hospitalen Ultraschall","author":"Bj\u00f6rn Hossfeld","date":"M\u00e4rz 9, 2022","format":false,"excerpt":"Pr\u00e4hospitaler Ultraschall kann f\u00fcr erfahrene Anwender ein wesentliches diagnostisches Hilfsmittel sein. Durch die zunehmende Verf\u00fcgbarkeit portabler Ger\u00e4te steigt die Verbreitung im deutschen Notarztdienst. Allerdings gibt es f\u00fcr den Einsatz dieser Ger\u00e4te aktuell noch keine standardisierten Empfehlungen bez\u00fcglich Ausbildung und Anwendung. Deshalb haben Kollegen der Arbeitsgemeinschaft in Norddeutschland t\u00e4tiger Notz\u00e4rzte (AGNN\u2026","rel":"","context":"In &quot;Umfragen&quot;","block_context":{"text":"Umfragen","link":"http:\/\/news-papers.eu\/?cat=557"},"img":{"alt_text":"","src":"https:\/\/i0.wp.com\/news-papers.eu\/wp-content\/uploads\/2018\/02\/Thoraxsonographie.jpg?fit=1024%2C755&resize=350%2C200","width":350,"height":200,"srcset":"https:\/\/i0.wp.com\/news-papers.eu\/wp-content\/uploads\/2018\/02\/Thoraxsonographie.jpg?fit=1024%2C755&resize=350%2C200 1x, https:\/\/i0.wp.com\/news-papers.eu\/wp-content\/uploads\/2018\/02\/Thoraxsonographie.jpg?fit=1024%2C755&resize=525%2C300 1.5x, https:\/\/i0.wp.com\/news-papers.eu\/wp-content\/uploads\/2018\/02\/Thoraxsonographie.jpg?fit=1024%2C755&resize=700%2C400 2x"},"classes":[]},{"id":15338,"url":"http:\/\/news-papers.eu\/?p=15338","url_meta":{"origin":20666,"position":1},"title":"Mit Sono-Umfrage Platz auf DIVI-Intensivtransportkurs gewinnen","author":"Bj\u00f6rn Hossfeld","date":"April 6, 2022","format":false,"excerpt":"Die Arbeitsgruppe aus Kollegen der Arbeitsgemeinschaft in Norddeutschland t\u00e4tiger Notz\u00e4rzte (AGNN e.V.), der Arbeitsgemeinschaft der in Bayern t\u00e4tigen Not\u00e4rzte und Not\u00e4rztinnen (agbn e.V.) und von den Ulmer Kollegen von traumateam dankt allen Teilnehmern an der Umfrage zur pr\u00e4hospitalen Sonographie herzlichen Dank f\u00fcr die geopferte Zeit. Die Ergebnisse sind so gut,\u2026","rel":"","context":"In &quot;allgemein&quot;","block_context":{"text":"allgemein","link":"http:\/\/news-papers.eu\/?cat=2"},"img":{"alt_text":"","src":"https:\/\/i0.wp.com\/news-papers.eu\/wp-content\/uploads\/2018\/02\/Thoraxsonographie.jpg?fit=1024%2C755&resize=350%2C200","width":350,"height":200,"srcset":"https:\/\/i0.wp.com\/news-papers.eu\/wp-content\/uploads\/2018\/02\/Thoraxsonographie.jpg?fit=1024%2C755&resize=350%2C200 1x, https:\/\/i0.wp.com\/news-papers.eu\/wp-content\/uploads\/2018\/02\/Thoraxsonographie.jpg?fit=1024%2C755&resize=525%2C300 1.5x, https:\/\/i0.wp.com\/news-papers.eu\/wp-content\/uploads\/2018\/02\/Thoraxsonographie.jpg?fit=1024%2C755&resize=700%2C400 2x"},"classes":[]},{"id":19989,"url":"http:\/\/news-papers.eu\/?p=19989","url_meta":{"origin":20666,"position":2},"title":"gemeinsam. retten. lernen","author":"Bj\u00f6rn Hossfeld","date":"Oktober 3, 2025","format":false,"excerpt":"Auf der 42. Jahrestagung der Arbeitsgemeinschaft in Bayern t\u00e4tiger Not\u00e4rzte und Not\u00e4rztinnen (agbn) e.V. geht es unter dem Motto gemeinsam. retten. lernen\u00a0auch in diesem Jahr um die neuesten Erkenntnisse aus dem Bereich Notfallmedizin. Neben einem vielf\u00e4ltigen und abwechslungsreichen Workshop-Programm erwarten Sie spannende Vortr\u00e4ge zu notfallmedizinischen Themen. So werden wir von\u2026","rel":"","context":"In &quot;Veranstaltungshinweis&quot;","block_context":{"text":"Veranstaltungshinweis","link":"http:\/\/news-papers.eu\/?cat=30"},"img":{"alt_text":"","src":"https:\/\/i0.wp.com\/news-papers.eu\/wp-content\/uploads\/2025\/10\/IMG_2645-e1759474308713.jpg?fit=1157%2C1200&resize=350%2C200","width":350,"height":200,"srcset":"https:\/\/i0.wp.com\/news-papers.eu\/wp-content\/uploads\/2025\/10\/IMG_2645-e1759474308713.jpg?fit=1157%2C1200&resize=350%2C200 1x, https:\/\/i0.wp.com\/news-papers.eu\/wp-content\/uploads\/2025\/10\/IMG_2645-e1759474308713.jpg?fit=1157%2C1200&resize=525%2C300 1.5x, https:\/\/i0.wp.com\/news-papers.eu\/wp-content\/uploads\/2025\/10\/IMG_2645-e1759474308713.jpg?fit=1157%2C1200&resize=700%2C400 2x, https:\/\/i0.wp.com\/news-papers.eu\/wp-content\/uploads\/2025\/10\/IMG_2645-e1759474308713.jpg?fit=1157%2C1200&resize=1050%2C600 3x"},"classes":[]},{"id":20482,"url":"http:\/\/news-papers.eu\/?p=20482","url_meta":{"origin":20666,"position":3},"title":"FEAR: kurze Umfrage zu Frequenz und Einsatz invasiver Akutma\u00dfnahmen im Rettungsdienst","author":"Bj\u00f6rn Hossfeld","date":"M\u00e4rz 1, 2026","format":false,"excerpt":"Vor 20 Jahren haben Zink, Bernhard und Kollegen die Teilnehmer am Heidelberger INTECH-Seminar gefragt, vor welchen Situationen im Notarztdienst sie sich f\u00fcrchten. Nun m\u00f6chten die Kollegen von Notfallguru dieses Thema neu bearbeiten und haben dabei aber nicht nur Not\u00e4rztinnen und Not\u00e4rzte im Blick, sondern richten ihre Fragen auch an das\u2026","rel":"","context":"In &quot;allgemein&quot;","block_context":{"text":"allgemein","link":"http:\/\/news-papers.eu\/?cat=2"},"img":{"alt_text":"","src":"https:\/\/i0.wp.com\/news-papers.eu\/wp-content\/uploads\/2026\/02\/FEAR.png?fit=1084%2C1200&resize=350%2C200","width":350,"height":200,"srcset":"https:\/\/i0.wp.com\/news-papers.eu\/wp-content\/uploads\/2026\/02\/FEAR.png?fit=1084%2C1200&resize=350%2C200 1x, https:\/\/i0.wp.com\/news-papers.eu\/wp-content\/uploads\/2026\/02\/FEAR.png?fit=1084%2C1200&resize=525%2C300 1.5x, https:\/\/i0.wp.com\/news-papers.eu\/wp-content\/uploads\/2026\/02\/FEAR.png?fit=1084%2C1200&resize=700%2C400 2x, https:\/\/i0.wp.com\/news-papers.eu\/wp-content\/uploads\/2026\/02\/FEAR.png?fit=1084%2C1200&resize=1050%2C600 3x"},"classes":[]},{"id":15477,"url":"http:\/\/news-papers.eu\/?p=15477","url_meta":{"origin":20666,"position":4},"title":"Schon an der Sono-Umfrage teilgenommen ?","author":"Bj\u00f6rn Hossfeld","date":"Mai 16, 2022","format":false,"excerpt":"Im M\u00e4rz haben Kollegen der Arbeitsgemeinschaft in Norddeutschland t\u00e4tiger Notz\u00e4rzte (AGNN e.V.) und der Arbeitsgemeinschaft der in Bayern t\u00e4tigen Not\u00e4rzte und Not\u00e4rztinnen (agbn e.V.), dem Universit\u00e4tsklinikum Schleswig Holstein sowie vom Bundeswehrkrankenhaus Ulm eine Umfrage gestartet, um den Ausbildungsstand der Not\u00e4rzte in Deutschland in Bezug auf die pr\u00e4hospitale Sonographie und die\u2026","rel":"","context":"In &quot;Umfragen&quot;","block_context":{"text":"Umfragen","link":"http:\/\/news-papers.eu\/?cat=557"},"img":{"alt_text":"","src":"https:\/\/i0.wp.com\/news-papers.eu\/wp-content\/uploads\/2022\/05\/Sono-Header.png?fit=1200%2C384&resize=350%2C200","width":350,"height":200,"srcset":"https:\/\/i0.wp.com\/news-papers.eu\/wp-content\/uploads\/2022\/05\/Sono-Header.png?fit=1200%2C384&resize=350%2C200 1x, https:\/\/i0.wp.com\/news-papers.eu\/wp-content\/uploads\/2022\/05\/Sono-Header.png?fit=1200%2C384&resize=525%2C300 1.5x, https:\/\/i0.wp.com\/news-papers.eu\/wp-content\/uploads\/2022\/05\/Sono-Header.png?fit=1200%2C384&resize=700%2C400 2x, https:\/\/i0.wp.com\/news-papers.eu\/wp-content\/uploads\/2022\/05\/Sono-Header.png?fit=1200%2C384&resize=1050%2C600 3x"},"classes":[]},{"id":13399,"url":"http:\/\/news-papers.eu\/?p=13399","url_meta":{"origin":20666,"position":5},"title":"agbn meets NOWTOGO &#8222;pr\u00e4hospitale Blutungskontrolle&#8220;","author":"Michael Bernhard","date":"April 5, 2021","format":false,"excerpt":"Notfallmedizinischen Versorgungsstrategien unterliegen wissenschaftlichen Erkenntnissen und \u00e4ndern sich entsprechend von Zeit zu Zeit. Dies gilt auch f\u00fcr die Kontrolle lebensbedrohlicher Blutungen. Noch vor wenigen Jahren galt die Abbindung als obsolet, geh\u00f6rt aber heute zum Portfolio bei kritischen Extremit\u00e4tenblutungen. H\u00e4mostyptika in verschiedener Form werden auf dem Markt angeboten. Die externe Stabilisierung\u2026","rel":"","context":"In &quot;Blutstillung&quot;","block_context":{"text":"Blutstillung","link":"http:\/\/news-papers.eu\/?cat=4"},"img":{"alt_text":"","src":"https:\/\/i0.wp.com\/news-papers.eu\/wp-content\/uploads\/2021\/03\/Bildschirmfoto-2021-03-27-um-16.35.57.png?fit=746%2C457&resize=350%2C200","width":350,"height":200,"srcset":"https:\/\/i0.wp.com\/news-papers.eu\/wp-content\/uploads\/2021\/03\/Bildschirmfoto-2021-03-27-um-16.35.57.png?fit=746%2C457&resize=350%2C200 1x, https:\/\/i0.wp.com\/news-papers.eu\/wp-content\/uploads\/2021\/03\/Bildschirmfoto-2021-03-27-um-16.35.57.png?fit=746%2C457&resize=525%2C300 1.5x, https:\/\/i0.wp.com\/news-papers.eu\/wp-content\/uploads\/2021\/03\/Bildschirmfoto-2021-03-27-um-16.35.57.png?fit=746%2C457&resize=700%2C400 2x"},"classes":[]}],"jetpack_likes_enabled":true,"_links":{"self":[{"href":"http:\/\/news-papers.eu\/index.php?rest_route=\/wp\/v2\/posts\/20666","targetHints":{"allow":["GET"]}}],"collection":[{"href":"http:\/\/news-papers.eu\/index.php?rest_route=\/wp\/v2\/posts"}],"about":[{"href":"http:\/\/news-papers.eu\/index.php?rest_route=\/wp\/v2\/types\/post"}],"author":[{"embeddable":true,"href":"http:\/\/news-papers.eu\/index.php?rest_route=\/wp\/v2\/users\/1"}],"replies":[{"embeddable":true,"href":"http:\/\/news-papers.eu\/index.php?rest_route=%2Fwp%2Fv2%2Fcomments&post=20666"}],"version-history":[{"count":1,"href":"http:\/\/news-papers.eu\/index.php?rest_route=\/wp\/v2\/posts\/20666\/revisions"}],"predecessor-version":[{"id":20668,"href":"http:\/\/news-papers.eu\/index.php?rest_route=\/wp\/v2\/posts\/20666\/revisions\/20668"}],"wp:featuredmedia":[{"embeddable":true,"href":"http:\/\/news-papers.eu\/index.php?rest_route=\/wp\/v2\/media\/20667"}],"wp:attachment":[{"href":"http:\/\/news-papers.eu\/index.php?rest_route=%2Fwp%2Fv2%2Fmedia&parent=20666"}],"wp:term":[{"taxonomy":"category","embeddable":true,"href":"http:\/\/news-papers.eu\/index.php?rest_route=%2Fwp%2Fv2%2Fcategories&post=20666"},{"taxonomy":"post_tag","embeddable":true,"href":"http:\/\/news-papers.eu\/index.php?rest_route=%2Fwp%2Fv2%2Ftags&post=20666"}],"curies":[{"name":"wp","href":"https:\/\/api.w.org\/{rel}","templated":true}]}}