{"id":20530,"date":"2026-03-18T03:24:06","date_gmt":"2026-03-18T02:24:06","guid":{"rendered":"https:\/\/news-papers.eu\/?p=20530"},"modified":"2026-03-15T13:25:42","modified_gmt":"2026-03-15T12:25:42","slug":"umfrage-zu-therapiezielfindung-bei-aelteren-neurologischen-intensivpatientinnen","status":"publish","type":"post","link":"http:\/\/news-papers.eu\/?p=20530","title":{"rendered":"Umfrage zu Therapiezielfindung bei \u00e4lteren neurologischen Intensivpatient:innen"},"content":{"rendered":"<div><span style=\"font-family: Calibri,Helvetica,sans-serif,EmojiFont,Apple Color Emoji,Segoe UI Emoji,NotoColorEmoji,Segoe UI Symbol,Android Emoji,EmojiSymbols; font-size: small;\"><span style=\"color: black; font-family: Calibri,Helvetica,sans-serif,serif,EmojiFont; font-size: medium;\"><b><img data-recalc-dims=\"1\" loading=\"lazy\" decoding=\"async\" data-attachment-id=\"4450\" data-permalink=\"http:\/\/news-papers.eu\/?attachment_id=4450\" data-orig-file=\"https:\/\/i0.wp.com\/news-papers.eu\/wp-content\/uploads\/2017\/04\/Umfrage1.jpg?fit=1920%2C1280\" data-orig-size=\"1920,1280\" data-comments-opened=\"1\" data-image-meta=\"{&quot;aperture&quot;:&quot;6.3&quot;,&quot;credit&quot;:&quot;&quot;,&quot;camera&quot;:&quot;Canon EOS 5D Mark III&quot;,&quot;caption&quot;:&quot;&quot;,&quot;created_timestamp&quot;:&quot;0&quot;,&quot;copyright&quot;:&quot;&quot;,&quot;focal_length&quot;:&quot;100&quot;,&quot;iso&quot;:&quot;100&quot;,&quot;shutter_speed&quot;:&quot;0.00625&quot;,&quot;title&quot;:&quot;&quot;,&quot;orientation&quot;:&quot;0&quot;}\" data-image-title=\"Umfrage1\" data-image-description=\"\" data-image-caption=\"\" data-large-file=\"https:\/\/i0.wp.com\/news-papers.eu\/wp-content\/uploads\/2017\/04\/Umfrage1.jpg?fit=1024%2C683\" class=\"size-medium wp-image-4450 alignright\" src=\"https:\/\/i0.wp.com\/news-papers.eu\/wp-content\/uploads\/2017\/04\/Umfrage1.jpg?resize=300%2C200\" alt=\"\" width=\"300\" height=\"200\" srcset=\"https:\/\/i0.wp.com\/news-papers.eu\/wp-content\/uploads\/2017\/04\/Umfrage1.jpg?resize=300%2C200 300w, https:\/\/i0.wp.com\/news-papers.eu\/wp-content\/uploads\/2017\/04\/Umfrage1.jpg?resize=768%2C512 768w, https:\/\/i0.wp.com\/news-papers.eu\/wp-content\/uploads\/2017\/04\/Umfrage1.jpg?resize=1024%2C683 1024w, https:\/\/i0.wp.com\/news-papers.eu\/wp-content\/uploads\/2017\/04\/Umfrage1.jpg?resize=750%2C500 750w, https:\/\/i0.wp.com\/news-papers.eu\/wp-content\/uploads\/2017\/04\/Umfrage1.jpg?w=1920 1920w\" sizes=\"auto, (max-width: 300px) 100vw, 300px\" \/>Umfrage zu Therapiezielfindung bei \u00e4lteren neurologischen Intensivpatient:innen<\/b><\/span><\/span><\/div>\n<div><span style=\"color: #212121; font-family: wf_segoe-ui_normal,Segoe UI,Segoe WP,Tahoma,Arial,sans-serif,serif,EmojiFont; font-size: small;\"><span style=\"color: black; font-family: Calibri,Helvetica,sans-serif,serif,EmojiFont; font-size: medium;\">\u00a0<\/span><\/span><\/div>\n<div align=\"justify\"><span style=\"color: #212121; font-family: wf_segoe-ui_normal,Segoe UI,Segoe WP,Tahoma,Arial,sans-serif,serif,EmojiFont; font-size: small;\"><span style=\"color: black; font-family: Calibri,Helvetica,sans-serif,serif,EmojiFont; font-size: medium;\">Therapiezielentscheidungen auf der Intensivstation geh\u00f6ren zum Alltag der Betreuung von schwer kranken, intensivpflichtigen Patient:innen, sind aber h\u00e4ufig f\u00fcr das Behandlungsteam und die Angeh\u00f6rigen herausfordernd.<\/span><\/span><\/div>\n<div align=\"justify\"><span style=\"color: #212121; font-family: wf_segoe-ui_normal,Segoe UI,Segoe WP,Tahoma,Arial,sans-serif,serif,EmojiFont; font-size: small;\"><span style=\"color: black; font-family: Calibri,Helvetica,sans-serif,serif,EmojiFont; font-size: medium;\">Ziel dieser Umfragestudie ist es, Gr\u00fcnde und Muster der Entscheidungsfindung des Behandlungsteams\u00a0bei \u00e4lteren Neurointensivpatient:innen anhand von drei F\u00e4llen (Schlaganfall, Status epilepticus und Meningoenzephalitis)\u00a0zu untersuchen.<\/span><\/span><\/div>\n<div align=\"justify\"><\/div>\n<div align=\"justify\"><span style=\"color: #212121; font-family: wf_segoe-ui_normal,Segoe UI,Segoe WP,Tahoma,Arial,sans-serif,serif,EmojiFont; font-size: small;\"><span style=\"color: black; font-family: Calibri,Helvetica,sans-serif,serif,EmojiFont; font-size: medium;\">Ihre Antworten werden anonym auf einem gesch\u00fctzten Server des <strong>Universit\u00e4tsklinikums Leipzig<\/strong> abgelegt. <\/span><\/span><strong><span style=\"color: #212121; font-family: wf_segoe-ui_normal,Segoe UI,Segoe WP,Tahoma,Arial,sans-serif,serif,EmojiFont; font-size: small;\"><span style=\"color: black; font-family: Calibri,Helvetica,sans-serif,serif,EmojiFont; font-size: medium;\">Link:<\/span><span style=\"color: black; font-family: Calibri,Helvetica,sans-serif,serif,EmojiFont; font-size: medium;\">\u00a0\u00a0<\/span><a id=\"LPlnk958938\" title=\"https:\/\/redcap.link\/zeacdmk9\" contenteditable=\"false\" href=\"https:\/\/redcap.link\/zeacdmk9\" target=\"_blank\" rel=\"noopener noreferrer\"><span style=\"font-family: Aptos,serif,serif,EmojiFont; font-size: medium;\"><span id=\"LPlnk958938\"><span style=\"font-family: Calibri,Helvetica,sans-serif,serif,EmojiFont; font-size: medium;\">https:\/\/redcap.link\/zeacdmk9<\/span><\/span><\/span><\/a><\/span><\/strong><\/div>\n<div align=\"justify\"><\/div>\n<div align=\"justify\"><span style=\"color: #212121; font-family: wf_segoe-ui_normal,Segoe UI,Segoe WP,Tahoma,Arial,sans-serif,serif,EmojiFont; font-size: small;\"><span style=\"color: black; font-family: Calibri,Helvetica,sans-serif,serif,EmojiFont; font-size: medium;\">Wir freuen uns auf die Teilnahme von sowohl \u00e4rztlichen als auch pflegerischen Kolleg:innen der Intensivstationen!<\/span><\/span><\/div>\n","protected":false},"excerpt":{"rendered":"<p>Umfrage zu Therapiezielfindung bei \u00e4lteren neurologischen Intensivpatient:innen \u00a0 Therapiezielentscheidungen auf der Intensivstation geh\u00f6ren zum Alltag der Betreuung von schwer kranken, intensivpflichtigen Patient:innen, sind aber h\u00e4ufig f\u00fcr das Behandlungsteam und die [&hellip;]<\/p>\n","protected":false},"author":2,"featured_media":4450,"comment_status":"open","ping_status":"open","sticky":false,"template":"","format":"standard","meta":{"__cvm_playback_settings":[],"__cvm_video_id":"","jetpack_post_was_ever_published":false,"_jetpack_newsletter_access":"","_jetpack_dont_email_post_to_subs":false,"_jetpack_newsletter_tier_id":0,"_jetpack_memberships_contains_paywalled_content":false,"_jetpack_memberships_contains_paid_content":false,"footnotes":"","jetpack_publicize_message":"","jetpack_publicize_feature_enabled":true,"jetpack_social_post_already_shared":true,"jetpack_social_options":{"image_generator_settings":{"template":"highway","default_image_id":0,"font":"","enabled":false},"version":2},"_wpas_customize_per_network":false},"categories":[557],"tags":[],"class_list":["post-20530","post","type-post","status-publish","format-standard","has-post-thumbnail","hentry","category-umfragen"],"jetpack_publicize_connections":[],"jetpack_featured_media_url":"https:\/\/i0.wp.com\/news-papers.eu\/wp-content\/uploads\/2017\/04\/Umfrage1.jpg?fit=1920%2C1280","jetpack_sharing_enabled":true,"jetpack_shortlink":"https:\/\/wp.me\/p7fR2g-5l8","jetpack-related-posts":[{"id":16680,"url":"http:\/\/news-papers.eu\/?p=16680","url_meta":{"origin":20530,"position":0},"title":"Umfrage: Versorgung von TIN*-Personen in Notaufnahme und Rettungsdienst","author":"Michael Bernhard","date":"Februar 14, 2023","format":false,"excerpt":"Umfrage: Versorgung von TIN*-Personen in Notaufnahme und Rettungsdienst - Bitte um Unterst\u00fctzung - Als Mitarbeiter*innen in Notaufnahmen und\/oder im Rettungsdienst begegnen Sie immer wieder Menschen, die sich der LGBTQI* Community (Lesbian, Gay, Bi, Trans, Queer, Intersex, Asexuell) zugeh\u00f6rig f\u00fchlen. Insbesondere f\u00fcr die Gruppe der TIN*-Personen (Trans*, Inter* und Nicht-bin\u00e4r), stellt\u2026","rel":"","context":"In &quot;Umfragen&quot;","block_context":{"text":"Umfragen","link":"http:\/\/news-papers.eu\/?cat=557"},"img":{"alt_text":"","src":"https:\/\/i0.wp.com\/news-papers.eu\/wp-content\/uploads\/2018\/01\/Umfrage-e1515415858825.jpg?fit=1000%2C667&resize=350%2C200","width":350,"height":200,"srcset":"https:\/\/i0.wp.com\/news-papers.eu\/wp-content\/uploads\/2018\/01\/Umfrage-e1515415858825.jpg?fit=1000%2C667&resize=350%2C200 1x, https:\/\/i0.wp.com\/news-papers.eu\/wp-content\/uploads\/2018\/01\/Umfrage-e1515415858825.jpg?fit=1000%2C667&resize=525%2C300 1.5x, https:\/\/i0.wp.com\/news-papers.eu\/wp-content\/uploads\/2018\/01\/Umfrage-e1515415858825.jpg?fit=1000%2C667&resize=700%2C400 2x"},"classes":[]},{"id":16098,"url":"http:\/\/news-papers.eu\/?p=16098","url_meta":{"origin":20530,"position":1},"title":"Umfrage zur Versorgung von Patienten mit akutem Thoraxschmerz","author":"Michael Bernhard","date":"November 10, 2022","format":false,"excerpt":"Aus der\u00a0Universit\u00e4tsklinik K\u00f6ln\u00a0kommt eine aktuelle Umfrage zum Thema der\u00a0Versorgung bei Patienten mit akutem Thoraxschmerz con Christoph Adler und und Kollegen: Pr\u00e4klinisches Loading bei akutem Thoraxschmerz:\u00a0 https:\/\/www.survey3.uni-koeln.de\/index.php\/718192?lang=de 18 Fragen, 12 Minuten. Notfallmediziner*innen sind gefragt. Nehmt bitte zahlreich an der Umfrage der Uniklinik K\u00f6ln teil (C. Adler, S.Macherey)! \u00a0","rel":"","context":"In &quot;Umfragen&quot;","block_context":{"text":"Umfragen","link":"http:\/\/news-papers.eu\/?cat=557"},"img":{"alt_text":"","src":"https:\/\/i0.wp.com\/news-papers.eu\/wp-content\/uploads\/2016\/02\/Herzinsuffizienz3.jpg?fit=874%2C798&resize=350%2C200","width":350,"height":200,"srcset":"https:\/\/i0.wp.com\/news-papers.eu\/wp-content\/uploads\/2016\/02\/Herzinsuffizienz3.jpg?fit=874%2C798&resize=350%2C200 1x, https:\/\/i0.wp.com\/news-papers.eu\/wp-content\/uploads\/2016\/02\/Herzinsuffizienz3.jpg?fit=874%2C798&resize=525%2C300 1.5x, https:\/\/i0.wp.com\/news-papers.eu\/wp-content\/uploads\/2016\/02\/Herzinsuffizienz3.jpg?fit=874%2C798&resize=700%2C400 2x"},"classes":[]},{"id":2665,"url":"http:\/\/news-papers.eu\/?p=2665","url_meta":{"origin":20530,"position":2},"title":"EHAC-Umfrage unter RTH-Not\u00e4rzten","author":"Michael Bernhard","date":"Oktober 20, 2016","format":false,"excerpt":"Aktuell erreichte uns ein Schreiben von Kollegen Akos Soti, der um Teilnahme von RTH-Not\u00e4rzten an einer Umfrage des EHAC wirbt: \"Sehr geehrte Kollegen, dieser Aufruf richtet ausschlie\u00dflich an Kollegen die auf Rettungshubschraubern arbeiten. \u00a0Mein Name ist Akos Soti. Ich arbeite als Notarzt in Ungarn und Gro\u00dfbritannien. Im Namen der EHAC\u2026","rel":"","context":"In &quot;Umfragen&quot;","block_context":{"text":"Umfragen","link":"http:\/\/news-papers.eu\/?cat=557"},"img":{"alt_text":"EHAC","src":"https:\/\/i0.wp.com\/news-papers.eu\/wp-content\/uploads\/2016\/10\/Bildschirmfoto-2016-10-13-um-09.58.35-e1476345662453.png?fit=500%2C271&resize=350%2C200","width":350,"height":200},"classes":[]},{"id":17404,"url":"http:\/\/news-papers.eu\/?p=17404","url_meta":{"origin":20530,"position":3},"title":"Umfrage zu Bagatelleins\u00e4tzen in der Notfallrettung","author":"Michael Bernhard","date":"September 4, 2023","format":false,"excerpt":"Timo Rixen hat eine Umfrage zu Bagatelleins\u00e4tzen in der Notfallrettung im Zuge seiner Masterthesis an der TH K\u00f6ln (Institut fu\u0308r Rettungsingenieurwesen und Gefahrenabwehr) entwickelt. Er besch\u00e4ftigt sich mit der Bedeutung und H\u00e4ufigkeit von Bagatelleins\u00e4tzen in der Notfallrettung des Rettungsdienstes. Anbei bittet er um Unterstu\u0308tzung und rege Teilnahme. Gerne darf der\u2026","rel":"","context":"In &quot;Umfragen&quot;","block_context":{"text":"Umfragen","link":"http:\/\/news-papers.eu\/?cat=557"},"img":{"alt_text":"","src":"https:\/\/i0.wp.com\/news-papers.eu\/wp-content\/uploads\/2023\/08\/Bildschirmfoto-2023-08-29-um-16.00.44-224x300.png?resize=350%2C200","width":350,"height":200},"classes":[]},{"id":20532,"url":"http:\/\/news-papers.eu\/?p=20532","url_meta":{"origin":20530,"position":4},"title":"Umfrage zu &#8222;Sprache der klinisch-forensischen Verletzungsdokumentation&#8220;","author":"Michael Bernhard","date":"M\u00e4rz 19, 2026","format":false,"excerpt":"Anbei eine Einladung im Namen des Instituts f\u00fcr Rechtsmedizin des UKD zur Teilnahme an einer anonymen Online-Umfrage zum Thema \u201eSprache der klinisch-forensischen Verletzungsdokumentation\u201c. Die \u00a0Umfrage richtet sich an \u00c4rztinnen und \u00c4rzte aus den Fachrichtungen Allgemeinmedizin, Innere Medizin, Notfallmedizin, Allgemeinchirurgie, Unfallchirurgie, Dermatologie und Rechtsmedizin. Die Autor:innen wollen erheben, ob und in\u2026","rel":"","context":"In &quot;Umfragen&quot;","block_context":{"text":"Umfragen","link":"http:\/\/news-papers.eu\/?cat=557"},"img":{"alt_text":"","src":"https:\/\/i0.wp.com\/news-papers.eu\/wp-content\/uploads\/2026\/03\/image.png?fit=1200%2C1200&resize=350%2C200","width":350,"height":200,"srcset":"https:\/\/i0.wp.com\/news-papers.eu\/wp-content\/uploads\/2026\/03\/image.png?fit=1200%2C1200&resize=350%2C200 1x, https:\/\/i0.wp.com\/news-papers.eu\/wp-content\/uploads\/2026\/03\/image.png?fit=1200%2C1200&resize=525%2C300 1.5x, https:\/\/i0.wp.com\/news-papers.eu\/wp-content\/uploads\/2026\/03\/image.png?fit=1200%2C1200&resize=700%2C400 2x, https:\/\/i0.wp.com\/news-papers.eu\/wp-content\/uploads\/2026\/03\/image.png?fit=1200%2C1200&resize=1050%2C600 3x"},"classes":[]},{"id":17427,"url":"http:\/\/news-papers.eu\/?p=17427","url_meta":{"origin":20530,"position":5},"title":"Umfrage zu Bagatelleins\u00e4tzen in der Notfallrettung","author":"Michael Bernhard","date":"September 12, 2023","format":false,"excerpt":"Timo Rixen hat eine Umfrage zu Bagatelleins\u00e4tzen in der Notfallrettung im Zuge seiner Masterthesis an der TH K\u00f6ln (Institut fu\u0308r Rettungsingenieurwesen und Gefahrenabwehr) entwickelt. Er besch\u00e4ftigt sich mit der Bedeutung und H\u00e4ufigkeit von Bagatelleins\u00e4tzen in der Notfallrettung des Rettungsdienstes. Anbei bittet er um Unterstu\u0308tzung und rege Teilnahme. Gerne darf der\u2026","rel":"","context":"In &quot;Umfragen&quot;","block_context":{"text":"Umfragen","link":"http:\/\/news-papers.eu\/?cat=557"},"img":{"alt_text":"","src":"https:\/\/i0.wp.com\/news-papers.eu\/wp-content\/uploads\/2023\/08\/Bildschirmfoto-2023-08-29-um-16.01.25.png?fit=1200%2C1177&resize=350%2C200","width":350,"height":200,"srcset":"https:\/\/i0.wp.com\/news-papers.eu\/wp-content\/uploads\/2023\/08\/Bildschirmfoto-2023-08-29-um-16.01.25.png?fit=1200%2C1177&resize=350%2C200 1x, https:\/\/i0.wp.com\/news-papers.eu\/wp-content\/uploads\/2023\/08\/Bildschirmfoto-2023-08-29-um-16.01.25.png?fit=1200%2C1177&resize=525%2C300 1.5x, https:\/\/i0.wp.com\/news-papers.eu\/wp-content\/uploads\/2023\/08\/Bildschirmfoto-2023-08-29-um-16.01.25.png?fit=1200%2C1177&resize=700%2C400 2x, https:\/\/i0.wp.com\/news-papers.eu\/wp-content\/uploads\/2023\/08\/Bildschirmfoto-2023-08-29-um-16.01.25.png?fit=1200%2C1177&resize=1050%2C600 3x"},"classes":[]}],"jetpack_likes_enabled":true,"_links":{"self":[{"href":"http:\/\/news-papers.eu\/index.php?rest_route=\/wp\/v2\/posts\/20530","targetHints":{"allow":["GET"]}}],"collection":[{"href":"http:\/\/news-papers.eu\/index.php?rest_route=\/wp\/v2\/posts"}],"about":[{"href":"http:\/\/news-papers.eu\/index.php?rest_route=\/wp\/v2\/types\/post"}],"author":[{"embeddable":true,"href":"http:\/\/news-papers.eu\/index.php?rest_route=\/wp\/v2\/users\/2"}],"replies":[{"embeddable":true,"href":"http:\/\/news-papers.eu\/index.php?rest_route=%2Fwp%2Fv2%2Fcomments&post=20530"}],"version-history":[{"count":1,"href":"http:\/\/news-papers.eu\/index.php?rest_route=\/wp\/v2\/posts\/20530\/revisions"}],"predecessor-version":[{"id":20531,"href":"http:\/\/news-papers.eu\/index.php?rest_route=\/wp\/v2\/posts\/20530\/revisions\/20531"}],"wp:featuredmedia":[{"embeddable":true,"href":"http:\/\/news-papers.eu\/index.php?rest_route=\/wp\/v2\/media\/4450"}],"wp:attachment":[{"href":"http:\/\/news-papers.eu\/index.php?rest_route=%2Fwp%2Fv2%2Fmedia&parent=20530"}],"wp:term":[{"taxonomy":"category","embeddable":true,"href":"http:\/\/news-papers.eu\/index.php?rest_route=%2Fwp%2Fv2%2Fcategories&post=20530"},{"taxonomy":"post_tag","embeddable":true,"href":"http:\/\/news-papers.eu\/index.php?rest_route=%2Fwp%2Fv2%2Ftags&post=20530"}],"curies":[{"name":"wp","href":"https:\/\/api.w.org\/{rel}","templated":true}]}}