{"id":20494,"date":"2026-03-04T04:23:11","date_gmt":"2026-03-04T03:23:11","guid":{"rendered":"https:\/\/news-papers.eu\/?p=20494"},"modified":"2026-03-03T21:22:41","modified_gmt":"2026-03-03T20:22:41","slug":"rettungsdienst-und-feuerwehr-einsaetzen-in-justizvollzugsanstalten","status":"publish","type":"post","link":"http:\/\/news-papers.eu\/?p=20494","title":{"rendered":"Rettungsdienst- und Feuerwehr-Eins\u00e4tzen in Justizvollzugsanstalten"},"content":{"rendered":"<p style=\"font-weight: 400;\"><img data-recalc-dims=\"1\" loading=\"lazy\" decoding=\"async\" data-attachment-id=\"20496\" data-permalink=\"http:\/\/news-papers.eu\/?attachment_id=20496\" data-orig-file=\"https:\/\/i0.wp.com\/news-papers.eu\/wp-content\/uploads\/2026\/03\/Screenshot-2026-03-02-131913.png?fit=789%2C949\" data-orig-size=\"789,949\" data-comments-opened=\"1\" data-image-meta=\"{&quot;aperture&quot;:&quot;0&quot;,&quot;credit&quot;:&quot;&quot;,&quot;camera&quot;:&quot;&quot;,&quot;caption&quot;:&quot;&quot;,&quot;created_timestamp&quot;:&quot;0&quot;,&quot;copyright&quot;:&quot;&quot;,&quot;focal_length&quot;:&quot;0&quot;,&quot;iso&quot;:&quot;0&quot;,&quot;shutter_speed&quot;:&quot;0&quot;,&quot;title&quot;:&quot;&quot;,&quot;orientation&quot;:&quot;0&quot;}\" data-image-title=\"Screenshot 2026-03-02 131913\" data-image-description=\"\" data-image-caption=\"\" data-large-file=\"https:\/\/i0.wp.com\/news-papers.eu\/wp-content\/uploads\/2026\/03\/Screenshot-2026-03-02-131913.png?fit=789%2C949\" class=\"size-medium wp-image-20496 alignright\" src=\"https:\/\/i0.wp.com\/news-papers.eu\/wp-content\/uploads\/2026\/03\/Screenshot-2026-03-02-131913.png?resize=249%2C300\" alt=\"\" width=\"249\" height=\"300\" srcset=\"https:\/\/i0.wp.com\/news-papers.eu\/wp-content\/uploads\/2026\/03\/Screenshot-2026-03-02-131913.png?resize=249%2C300 249w, https:\/\/i0.wp.com\/news-papers.eu\/wp-content\/uploads\/2026\/03\/Screenshot-2026-03-02-131913.png?resize=768%2C924 768w, https:\/\/i0.wp.com\/news-papers.eu\/wp-content\/uploads\/2026\/03\/Screenshot-2026-03-02-131913.png?resize=750%2C902 750w, https:\/\/i0.wp.com\/news-papers.eu\/wp-content\/uploads\/2026\/03\/Screenshot-2026-03-02-131913.png?w=789 789w\" sizes=\"auto, (max-width: 249px) 100vw, 249px\" \/>In der aktuellen M\u00e4rz-Ausgabe der Zeitschrift\u00a0<strong>Brandschutz \u2013 Deutsche Feuerwehr Zeitung<\/strong>\u00a0des Kohlhammer Verlags haben <strong>Dr.<\/strong> <strong>Marc Lehmann, Sarah St\u00e4dtler und <\/strong><strong>David Marten<\/strong>\u00a0einen Beitrag beigesteuert, der sich mit Eins\u00e4tzen in Justizvollzugsanstalten auseinandersetzt.<\/p>\n<p style=\"font-weight: 400;\">Der Beitrag stellt die Herausforderungen von Rettungsdienst- und Feuerwehr-Eins\u00e4tzen in Justizvollzugsanstalten dar: W\u00e4hrend die Einsatzkr\u00e4fte schnellstm\u00f6glich in das Geb\u00e4ude beziehungsweise zur betroffenen Person gelangen m\u00fcssen, sind verschiedene Schutzmechanismen einer Justizvollzugsanstalt so ausgelegt, dass ein Ausbruch oder ein Eindringen von au\u00dfen erschwert sind. Die taktischen Ma\u00dfnahmen der Einsatzkr\u00e4fte m\u00fcssen sich diesen Herausforderungen stellen, um den Einsatzerfolg dennoch sicherzustellen.<\/p>\n<p style=\"font-weight: 400;\">Folgende Erkenntnisse sind f\u00fcr rettungsdienstliche Eins\u00e4tze wichtig:<\/p>\n<ul>\n<li>Eins\u00e4tze in Justizvollzugsanstalten werden aufgrund des Verschlusszustandes deutlich erschwert. Die Einsatzfahrzeuge werden \u00fcber eine Schleuse in den Sicherheitsbereich gelassen, was zu Verz\u00f6gerungen f\u00fchrt.<\/li>\n<li>Im Geb\u00e4ude sind Bedienstete der Justizvollzugsanstalt, so genannte \u201eScouts\u201c oder \u201eLotsen\u201c notwendig, um den Einsatzkr\u00e4ften den Zutritt zu erm\u00f6glichen.<\/li>\n<li>Unter den H\u00e4ftlingen sind Substanzkonsumst\u00f6rungen und Selbstverletzung h\u00e4ufige Einsatzanl\u00e4sse.<\/li>\n<li>Die Hospitalisierung von Insassen in vollzugsexternen Krankenh\u00e4usern, ist sicherungsm\u00e4\u00dfig aufw\u00e4ndig, da zum Transport und zur Bewachung vor Ort Justizvollzugspersonal notwendig ist.<\/li>\n<li>Wesentlich f\u00fcr die Zusammenarbeit von Vollzugspersonal und Einsatzkr\u00e4ften ist das gegenseitige Verst\u00e4ndnis f\u00fcr Einsatzma\u00dfnahmen und die Erfordernisse des Vollzugs.<\/li>\n<\/ul>\n<p style=\"font-weight: 400;\">\u00dcber nachfolgenden Link kann der komplette Beitrag erworben werden:<\/p>\n<p style=\"font-weight: 400;\"><a href=\"https:\/\/shop.kohlhammer.de\/einsatze-in-justizvollzugsanstalten-978-3-00-425328-3.html\">https:\/\/shop.kohlhammer.de\/einsatze-in-justizvollzugsanstalten-978-3-00-425328-3.html<\/a><\/p>\n<p><img data-recalc-dims=\"1\" loading=\"lazy\" decoding=\"async\" data-attachment-id=\"20497\" data-permalink=\"http:\/\/news-papers.eu\/?attachment_id=20497\" data-orig-file=\"https:\/\/i0.wp.com\/news-papers.eu\/wp-content\/uploads\/2026\/03\/qrcode.png?fit=360%2C360\" data-orig-size=\"360,360\" data-comments-opened=\"1\" data-image-meta=\"{&quot;aperture&quot;:&quot;0&quot;,&quot;credit&quot;:&quot;&quot;,&quot;camera&quot;:&quot;&quot;,&quot;caption&quot;:&quot;&quot;,&quot;created_timestamp&quot;:&quot;0&quot;,&quot;copyright&quot;:&quot;&quot;,&quot;focal_length&quot;:&quot;0&quot;,&quot;iso&quot;:&quot;0&quot;,&quot;shutter_speed&quot;:&quot;0&quot;,&quot;title&quot;:&quot;&quot;,&quot;orientation&quot;:&quot;0&quot;}\" data-image-title=\"qrcode\" data-image-description=\"\" data-image-caption=\"\" data-large-file=\"https:\/\/i0.wp.com\/news-papers.eu\/wp-content\/uploads\/2026\/03\/qrcode.png?fit=360%2C360\" class=\"alignnone size-medium wp-image-20497\" src=\"https:\/\/i0.wp.com\/news-papers.eu\/wp-content\/uploads\/2026\/03\/qrcode.png?resize=300%2C300\" alt=\"\" width=\"300\" height=\"300\" srcset=\"https:\/\/i0.wp.com\/news-papers.eu\/wp-content\/uploads\/2026\/03\/qrcode.png?resize=300%2C300 300w, https:\/\/i0.wp.com\/news-papers.eu\/wp-content\/uploads\/2026\/03\/qrcode.png?resize=150%2C150 150w, https:\/\/i0.wp.com\/news-papers.eu\/wp-content\/uploads\/2026\/03\/qrcode.png?w=360 360w\" sizes=\"auto, (max-width: 300px) 100vw, 300px\" \/><\/p>\n","protected":false},"excerpt":{"rendered":"<p>In der aktuellen M\u00e4rz-Ausgabe der Zeitschrift\u00a0Brandschutz \u2013 Deutsche Feuerwehr Zeitung\u00a0des Kohlhammer Verlags haben Dr. Marc Lehmann, Sarah St\u00e4dtler und David Marten\u00a0einen Beitrag beigesteuert, der sich mit Eins\u00e4tzen in Justizvollzugsanstalten auseinandersetzt. [&hellip;]<\/p>\n","protected":false},"author":2,"featured_media":20495,"comment_status":"open","ping_status":"open","sticky":false,"template":"","format":"standard","meta":{"__cvm_playback_settings":[],"__cvm_video_id":"","jetpack_post_was_ever_published":false,"_jetpack_newsletter_access":"","_jetpack_dont_email_post_to_subs":false,"_jetpack_newsletter_tier_id":0,"_jetpack_memberships_contains_paywalled_content":false,"_jetpack_memberships_contains_paid_content":false,"footnotes":"","jetpack_publicize_message":"","jetpack_publicize_feature_enabled":true,"jetpack_social_post_already_shared":true,"jetpack_social_options":{"image_generator_settings":{"template":"highway","default_image_id":0,"font":"","enabled":false},"version":2},"_wpas_customize_per_network":false},"categories":[11],"tags":[],"class_list":["post-20494","post","type-post","status-publish","format-standard","has-post-thumbnail","hentry","category-notarzt"],"jetpack_publicize_connections":[],"jetpack_featured_media_url":"https:\/\/i0.wp.com\/news-papers.eu\/wp-content\/uploads\/2026\/03\/Screenshot-2026-03-02-132004.png?fit=930%2C1238","jetpack_sharing_enabled":true,"jetpack_shortlink":"https:\/\/wp.me\/p7fR2g-5ky","jetpack-related-posts":[{"id":19716,"url":"http:\/\/news-papers.eu\/?p=19716","url_meta":{"origin":20494,"position":0},"title":"Rettungsdienst in Polizeilagen: Zusammenarbeit als Schl\u00fcssel","author":"Michael Bernhard","date":"Juli 19, 2025","format":false,"excerpt":"In der aktuellen Ausgabe der Zeitschrift Rettungsdienst des S+K Verlags hat David Marten einen Beitrag beigesteuert, der sich mit dem Rettungsdienst in \u00a0Polizeilagen besch\u00e4ftigt. Marten D. Rettungsdienst in Polizeilagen: Zusammenarbeit als Schl\u00fcssel. Rettungsdienst 2025; 7: 616-621 Konkret werden der Einsatz im Einkaufszentrum Fields (Kopenhagen) und der Anschlag auf die Manchester\u2026","rel":"","context":"In &quot;Rettungsdienst&quot;","block_context":{"text":"Rettungsdienst","link":"http:\/\/news-papers.eu\/?cat=12"},"img":{"alt_text":"","src":"https:\/\/i0.wp.com\/news-papers.eu\/wp-content\/uploads\/2025\/07\/rd_7-2025_titel-scaled.jpg?fit=848%2C1200&resize=350%2C200","width":350,"height":200,"srcset":"https:\/\/i0.wp.com\/news-papers.eu\/wp-content\/uploads\/2025\/07\/rd_7-2025_titel-scaled.jpg?fit=848%2C1200&resize=350%2C200 1x, https:\/\/i0.wp.com\/news-papers.eu\/wp-content\/uploads\/2025\/07\/rd_7-2025_titel-scaled.jpg?fit=848%2C1200&resize=525%2C300 1.5x, https:\/\/i0.wp.com\/news-papers.eu\/wp-content\/uploads\/2025\/07\/rd_7-2025_titel-scaled.jpg?fit=848%2C1200&resize=700%2C400 2x"},"classes":[]},{"id":15016,"url":"http:\/\/news-papers.eu\/?p=15016","url_meta":{"origin":20494,"position":1},"title":"Vereinfachtes Meldesystem \u00fcber Gewaltangriffe auf Feuerwehr- und Rettungskr\u00e4fte startet","author":"Michael Bernhard","date":"Januar 30, 2022","format":false,"excerpt":"Ein Gastbeitrag von David Marten, Feuerwehr Ratingen: Am 10.01.2022 startete das \u201eInnovative Melde- und Erfassungs-system Gewalt\u00fcbergriffe (IMEG)\u201c f\u00fcr Einsatzkr\u00e4fte des Rettungsdienstes und der Feuerwehr in Nordrhein-Westfalen. Elf Kreise und kreisfreie St\u00e4dte testen in einer Pilotphase das IT-System. K\u00f6rperliche Angriffe, verbale und nonverbale \u00dcbergriffe sowie Sachbesch\u00e4digungen k\u00f6nnen dort k\u00fcnftig online und\u2026","rel":"","context":"In &quot;www - Netzressource&quot;","block_context":{"text":"www - Netzressource","link":"http:\/\/news-papers.eu\/?cat=368"},"img":{"alt_text":"","src":"https:\/\/i0.wp.com\/news-papers.eu\/wp-content\/uploads\/2022\/01\/Bildschirmfoto-2022-01-22-um-07.53.38-267x300.png?resize=350%2C200","width":350,"height":200},"classes":[]},{"id":20551,"url":"http:\/\/news-papers.eu\/?p=20551","url_meta":{"origin":20494,"position":2},"title":"AGNN-Stammtisch Junge Notfallmedizin am 30.03.2026","author":"Bj\u00f6rn Hossfeld","date":"M\u00e4rz 24, 2026","format":false,"excerpt":"Vom Schlauch bis zur Trage - Zusammenarbeit zwischen Feuerwehr und Rettungsdienst Wenn Feuerwehr und Rettungsdienst Hand in Hand arbeiten, entscheidet gute Zusammenarbeit oft \u00fcber Schnelligkeit, Sicherheit und Versorgungsqualit\u00e4t. Beim kostenfreien Online-Stammtisch der Arbeitsgemeinschaft in Norddeutschland t\u00e4tiger Not\u00e4rztinnen und Not\u00e4rzte (AGNN) e.V. beleuchtet Dr. Stefan Behrens, wie die Zusammenarbeit in komplexen\u2026","rel":"","context":"In &quot;allgemein&quot;","block_context":{"text":"allgemein","link":"http:\/\/news-papers.eu\/?cat=2"},"img":{"alt_text":"","src":"https:\/\/i0.wp.com\/news-papers.eu\/wp-content\/uploads\/2026\/03\/agnn-Stammtisch.jpg?fit=960%2C1200&resize=350%2C200","width":350,"height":200,"srcset":"https:\/\/i0.wp.com\/news-papers.eu\/wp-content\/uploads\/2026\/03\/agnn-Stammtisch.jpg?fit=960%2C1200&resize=350%2C200 1x, https:\/\/i0.wp.com\/news-papers.eu\/wp-content\/uploads\/2026\/03\/agnn-Stammtisch.jpg?fit=960%2C1200&resize=525%2C300 1.5x, https:\/\/i0.wp.com\/news-papers.eu\/wp-content\/uploads\/2026\/03\/agnn-Stammtisch.jpg?fit=960%2C1200&resize=700%2C400 2x"},"classes":[]},{"id":15170,"url":"http:\/\/news-papers.eu\/?p=15170","url_meta":{"origin":20494,"position":3},"title":"ZNA Mittwochsfortbildung EXTRA: 30.03.2022 \/ 18.00 h\u00a0\u201eCOBRA11&#8243;","author":"Michael Bernhard","date":"M\u00e4rz 11, 2022","format":false,"excerpt":"30.03.2022 \/ 18.00 h\u00a0\u201eCOBRA11: Wenn \u0301s auf der Autobahn rumst und knallt\u201c Regelma\u0308\u00dfige Fortbildungen sind wichtig, gerade wenn es um Notfallmedizin geht. In manchen Situationen kommt es besonders auf die Kommunikation, die Zusammenarbeit und das Zusammenspiel verschiedener an der Notfallrettung beteiligter Institutionen an (z.B. bei einem Unfall auf der Autobahn).\u2026","rel":"","context":"In &quot;Veranstaltungshinweis&quot;","block_context":{"text":"Veranstaltungshinweis","link":"http:\/\/news-papers.eu\/?cat=30"},"img":{"alt_text":"","src":"https:\/\/i0.wp.com\/news-papers.eu\/wp-content\/uploads\/2022\/02\/Bildschirmfoto-2022-02-26-um-13.06.47-162x300.png?resize=350%2C200","width":350,"height":200},"classes":[]},{"id":15172,"url":"http:\/\/news-papers.eu\/?p=15172","url_meta":{"origin":20494,"position":4},"title":"ZNA Mittwochsfortbildung EXTRA 30.03.2022 \/ 18.00 h\u00a0\u201eCOBRA11&#8243;","author":"Michael Bernhard","date":"M\u00e4rz 16, 2022","format":false,"excerpt":"30.03.2022 \/ 18.00 h\u00a0\u201eCOBRA11: Wenn \u0301s auf der Autobahn rumst und knallt\u201c Regelma\u0308\u00dfige Fortbildungen sind wichtig, gerade wenn es um Notfallmedizin geht. In manchen Situationen kommt es besonders auf die Kommunikation, die Zusammenarbeit und das Zusammenspiel verschiedener an der Notfallrettung beteiligter Institutionen an (z.B. bei einem Unfall auf der Autobahn).\u2026","rel":"","context":"In &quot;Veranstaltungshinweis&quot;","block_context":{"text":"Veranstaltungshinweis","link":"http:\/\/news-papers.eu\/?cat=30"},"img":{"alt_text":"","src":"https:\/\/i0.wp.com\/news-papers.eu\/wp-content\/uploads\/2022\/02\/Bildschirmfoto-2022-02-26-um-13.07.26.png?fit=538%2C548&resize=350%2C200","width":350,"height":200,"srcset":"https:\/\/i0.wp.com\/news-papers.eu\/wp-content\/uploads\/2022\/02\/Bildschirmfoto-2022-02-26-um-13.07.26.png?fit=538%2C548&resize=350%2C200 1x, https:\/\/i0.wp.com\/news-papers.eu\/wp-content\/uploads\/2022\/02\/Bildschirmfoto-2022-02-26-um-13.07.26.png?fit=538%2C548&resize=525%2C300 1.5x"},"classes":[]},{"id":17324,"url":"http:\/\/news-papers.eu\/?p=17324","url_meta":{"origin":20494,"position":5},"title":"Gemeinsam gegen Gewalt &#8211; Aktionsb\u00fcndnis zum Schutz von Feuerwehr- und Rettungskr\u00e4ften","author":"Michael Bernhard","date":"August 24, 2023","format":false,"excerpt":"Du bist im Einsatz beleidigt oder sogar k\u00f6rperlich angegriffen worden? Jetzt gilt es, Ruhe zu bewahren und den Einsatz weiterhin professionell abzuarbeiten. Nach dem Einsatz stellst Du Dir die Frage, wie es nun weiter geht. Wichtig ist, dass Du den Einsatzverlauf und das Geschehene gut dokumentierst und meldest. Dafu\u0308r solltest\u2026","rel":"","context":"In &quot;Rettungsdienst&quot;","block_context":{"text":"Rettungsdienst","link":"http:\/\/news-papers.eu\/?cat=12"},"img":{"alt_text":"","src":"https:\/\/i0.wp.com\/news-papers.eu\/wp-content\/uploads\/2023\/08\/Bildschirmfoto-2023-08-12-um-13.04.02.png?fit=1060%2C732&resize=350%2C200","width":350,"height":200,"srcset":"https:\/\/i0.wp.com\/news-papers.eu\/wp-content\/uploads\/2023\/08\/Bildschirmfoto-2023-08-12-um-13.04.02.png?fit=1060%2C732&resize=350%2C200 1x, https:\/\/i0.wp.com\/news-papers.eu\/wp-content\/uploads\/2023\/08\/Bildschirmfoto-2023-08-12-um-13.04.02.png?fit=1060%2C732&resize=525%2C300 1.5x, https:\/\/i0.wp.com\/news-papers.eu\/wp-content\/uploads\/2023\/08\/Bildschirmfoto-2023-08-12-um-13.04.02.png?fit=1060%2C732&resize=700%2C400 2x, https:\/\/i0.wp.com\/news-papers.eu\/wp-content\/uploads\/2023\/08\/Bildschirmfoto-2023-08-12-um-13.04.02.png?fit=1060%2C732&resize=1050%2C600 3x"},"classes":[]}],"jetpack_likes_enabled":true,"_links":{"self":[{"href":"http:\/\/news-papers.eu\/index.php?rest_route=\/wp\/v2\/posts\/20494","targetHints":{"allow":["GET"]}}],"collection":[{"href":"http:\/\/news-papers.eu\/index.php?rest_route=\/wp\/v2\/posts"}],"about":[{"href":"http:\/\/news-papers.eu\/index.php?rest_route=\/wp\/v2\/types\/post"}],"author":[{"embeddable":true,"href":"http:\/\/news-papers.eu\/index.php?rest_route=\/wp\/v2\/users\/2"}],"replies":[{"embeddable":true,"href":"http:\/\/news-papers.eu\/index.php?rest_route=%2Fwp%2Fv2%2Fcomments&post=20494"}],"version-history":[{"count":1,"href":"http:\/\/news-papers.eu\/index.php?rest_route=\/wp\/v2\/posts\/20494\/revisions"}],"predecessor-version":[{"id":20498,"href":"http:\/\/news-papers.eu\/index.php?rest_route=\/wp\/v2\/posts\/20494\/revisions\/20498"}],"wp:featuredmedia":[{"embeddable":true,"href":"http:\/\/news-papers.eu\/index.php?rest_route=\/wp\/v2\/media\/20495"}],"wp:attachment":[{"href":"http:\/\/news-papers.eu\/index.php?rest_route=%2Fwp%2Fv2%2Fmedia&parent=20494"}],"wp:term":[{"taxonomy":"category","embeddable":true,"href":"http:\/\/news-papers.eu\/index.php?rest_route=%2Fwp%2Fv2%2Fcategories&post=20494"},{"taxonomy":"post_tag","embeddable":true,"href":"http:\/\/news-papers.eu\/index.php?rest_route=%2Fwp%2Fv2%2Ftags&post=20494"}],"curies":[{"name":"wp","href":"https:\/\/api.w.org\/{rel}","templated":true}]}}