{"id":20021,"date":"2025-10-21T04:58:50","date_gmt":"2025-10-21T02:58:50","guid":{"rendered":"https:\/\/news-papers.eu\/?p=20021"},"modified":"2025-10-20T09:07:58","modified_gmt":"2025-10-20T07:07:58","slug":"20021","status":"publish","type":"post","link":"http:\/\/news-papers.eu\/?p=20021","title":{"rendered":"AGNNW Jahrestagung 2026 in K\u00f6ln: &#8222;&#8220;save-the-date&#8220;"},"content":{"rendered":"<div class=\"elementor-element elementor-element-4fd8565 elementor-widget elementor-widget-text-editor\" data-id=\"4fd8565\" data-element_type=\"widget\" data-widget_type=\"text-editor.default\">\n<div class=\"elementor-widget-container\">\n<p><img data-recalc-dims=\"1\" loading=\"lazy\" decoding=\"async\" data-attachment-id=\"20022\" data-permalink=\"http:\/\/news-papers.eu\/?attachment_id=20022\" data-orig-file=\"https:\/\/i0.wp.com\/news-papers.eu\/wp-content\/uploads\/2025\/10\/Bildschirmfoto-2025-10-20-um-09.00.30.png?fit=3010%2C2126\" data-orig-size=\"3010,2126\" data-comments-opened=\"1\" data-image-meta=\"{&quot;aperture&quot;:&quot;0&quot;,&quot;credit&quot;:&quot;&quot;,&quot;camera&quot;:&quot;&quot;,&quot;caption&quot;:&quot;&quot;,&quot;created_timestamp&quot;:&quot;0&quot;,&quot;copyright&quot;:&quot;&quot;,&quot;focal_length&quot;:&quot;0&quot;,&quot;iso&quot;:&quot;0&quot;,&quot;shutter_speed&quot;:&quot;0&quot;,&quot;title&quot;:&quot;&quot;,&quot;orientation&quot;:&quot;0&quot;}\" data-image-title=\"Bildschirmfoto 2025-10-20 um 09.00.30\" data-image-description=\"\" data-image-caption=\"\" data-medium-file=\"https:\/\/i0.wp.com\/news-papers.eu\/wp-content\/uploads\/2025\/10\/Bildschirmfoto-2025-10-20-um-09.00.30.png?fit=300%2C212\" data-large-file=\"https:\/\/i0.wp.com\/news-papers.eu\/wp-content\/uploads\/2025\/10\/Bildschirmfoto-2025-10-20-um-09.00.30.png?fit=1024%2C723\" class=\"size-medium wp-image-20022 alignright\" src=\"https:\/\/i0.wp.com\/news-papers.eu\/wp-content\/uploads\/2025\/10\/Bildschirmfoto-2025-10-20-um-09.00.30.png?resize=300%2C212\" alt=\"\" width=\"300\" height=\"212\" srcset=\"https:\/\/i0.wp.com\/news-papers.eu\/wp-content\/uploads\/2025\/10\/Bildschirmfoto-2025-10-20-um-09.00.30.png?resize=300%2C212 300w, https:\/\/i0.wp.com\/news-papers.eu\/wp-content\/uploads\/2025\/10\/Bildschirmfoto-2025-10-20-um-09.00.30.png?resize=1024%2C723 1024w, https:\/\/i0.wp.com\/news-papers.eu\/wp-content\/uploads\/2025\/10\/Bildschirmfoto-2025-10-20-um-09.00.30.png?resize=768%2C542 768w, https:\/\/i0.wp.com\/news-papers.eu\/wp-content\/uploads\/2025\/10\/Bildschirmfoto-2025-10-20-um-09.00.30.png?resize=1536%2C1085 1536w, https:\/\/i0.wp.com\/news-papers.eu\/wp-content\/uploads\/2025\/10\/Bildschirmfoto-2025-10-20-um-09.00.30.png?resize=2048%2C1447 2048w, https:\/\/i0.wp.com\/news-papers.eu\/wp-content\/uploads\/2025\/10\/Bildschirmfoto-2025-10-20-um-09.00.30.png?resize=750%2C530 750w, https:\/\/i0.wp.com\/news-papers.eu\/wp-content\/uploads\/2025\/10\/Bildschirmfoto-2025-10-20-um-09.00.30.png?w=2340 2340w\" sizes=\"auto, (max-width: 300px) 100vw, 300px\" \/>Am 23. und 24. Januar 2026 findet die <strong>Jahrestagung der Arbeitsgemeinschaft Not\u00e4rzte Nordrhein-Westfalen<\/strong> (AGNNW) statt. Freuen Sie sich auf ein spannendes Programm mit aktuellen Fachvortr\u00e4gen, praxisnahen Workshops und vielf\u00e4ltigen M\u00f6glichkeiten zum Austausch mit Kolleginnen und Kollegen aus ganz NRW.<\/p>\n<\/div>\n<\/div>\n<p><strong>Freitag:<\/strong><\/p>\n<ul>\n<li>Berufspolitischer Vormittag<\/li>\n<li>Industrieforum<\/li>\n<li>Teambuilding: Sitzung mit DBRD und JungenNotfallmedizin<\/li>\n<li>Krankenhaus und wir: Sitzung mit der DAKEP<\/li>\n<li>Mitgliederversammlung<\/li>\n<li>Brauhausabend<\/li>\n<\/ul>\n<p><strong>Samstag:<\/strong><\/p>\n<ul>\n<li>Gut zu wissen (Reanimation, Awareness, Kindesmisshandlung)<\/li>\n<li>Am Lebensende (End-of-life desicion, Palliativmedizin, Juristisches Aspekte)<\/li>\n<li>35 Jahre Luftrettung<\/li>\n<li>Notfallmedizin kompakt (Sepsisleitlinie, Atemwegsmanagement, Inhalative Medikamente))<\/li>\n<li>Workshop-Programm<\/li>\n<\/ul>\n<div class=\"elementor-element elementor-element-4fd8565 elementor-widget elementor-widget-text-editor\" data-id=\"4fd8565\" data-element_type=\"widget\" data-widget_type=\"text-editor.default\">\n<div class=\"elementor-widget-container\">\n<p><strong><a href=\"https:\/\/srk-online.de\/Ticketsystem\/master?cmd=web&amp;p=6&amp;v=14\" target=\"_blank\" rel=\"noopener\">Die Anmeldung ist ab sofort online m\u00f6glich<\/a><\/strong> \u2013 sichern Sie sich fr\u00fchzeitig Ihren Platz!<\/p>\n<p>Wir freuen uns auf Ihre Teilnahme und auf zwei inspirierende Tage im Zeichen der Notfallmedizin.<\/p>\n<\/div>\n<\/div>\n","protected":false},"excerpt":{"rendered":"<p>Am 23. und 24. Januar 2026 findet die Jahrestagung der Arbeitsgemeinschaft Not\u00e4rzte Nordrhein-Westfalen (AGNNW) statt. Freuen Sie sich auf ein spannendes Programm mit aktuellen Fachvortr\u00e4gen, praxisnahen Workshops und vielf\u00e4ltigen M\u00f6glichkeiten [&hellip;]<\/p>\n","protected":false},"author":2,"featured_media":20022,"comment_status":"open","ping_status":"open","sticky":false,"template":"","format":"standard","meta":{"__cvm_playback_settings":[],"__cvm_video_id":"","jetpack_post_was_ever_published":false,"_jetpack_newsletter_access":"","_jetpack_dont_email_post_to_subs":false,"_jetpack_newsletter_tier_id":0,"_jetpack_memberships_contains_paywalled_content":false,"_jetpack_memberships_contains_paid_content":false,"footnotes":"","jetpack_publicize_message":"","jetpack_publicize_feature_enabled":true,"jetpack_social_post_already_shared":true,"jetpack_social_options":{"image_generator_settings":{"template":"highway","default_image_id":0,"font":"","enabled":false},"version":2}},"categories":[30],"tags":[1635,47],"class_list":["post-20021","post","type-post","status-publish","format-standard","has-post-thumbnail","hentry","category-veranstaltungshinweis","tag-agnnw","tag-jahrestagung"],"jetpack_publicize_connections":[],"jetpack_featured_media_url":"https:\/\/i0.wp.com\/news-papers.eu\/wp-content\/uploads\/2025\/10\/Bildschirmfoto-2025-10-20-um-09.00.30.png?fit=3010%2C2126","jetpack_sharing_enabled":true,"jetpack_shortlink":"https:\/\/wp.me\/s7fR2g-20021","jetpack-related-posts":[{"id":16651,"url":"http:\/\/news-papers.eu\/?p=16651","url_meta":{"origin":20021,"position":0},"title":"AGNNW Jahrestagung am 10.\/11.02.2023 &#8211; Kurzer R\u00fcckblick auf die Highlights","author":"Michael Bernhard","date":"Februar 13, 2023","format":false,"excerpt":"Am 10.\/11.02.2023 fand die 39. Jahrestagung der Arbeitsgemeinschaft in Nordrhein-Westfahlen t\u00e4tiger Not\u00e4rzte (AGNNW) im Maternushaus in K\u00f6ln statt. Hier noch einmal das\u00a0Fortbildungsprogramm: Kurzprogramm Jahrestagung AGNNW, dass parallel in Pr\u00e4senz im Maternussaal am Freitag mit 200 und am Samstag mit > 400 TeilnehmerInnen stattfand und per Streaming online mit 200 UserInnen\u2026","rel":"","context":"In &quot;allgemein&quot;","block_context":{"text":"allgemein","link":"http:\/\/news-papers.eu\/?cat=2"},"img":{"alt_text":"","src":"https:\/\/i0.wp.com\/news-papers.eu\/wp-content\/uploads\/2023\/02\/Bildschirm%C2%ADfoto-2023-02-12-um-10.44.53-e1676195117813.png?fit=400%2C264&resize=350%2C200","width":350,"height":200},"classes":[]},{"id":20203,"url":"http:\/\/news-papers.eu\/?p=20203","url_meta":{"origin":20021,"position":1},"title":"Jahrestagung der Not\u00e4rztinnen und Not\u00e4rzte Nordrhein-Westfalen, 23.\/24.01.2026","author":"Michael Bernhard","date":"Januar 7, 2026","format":false,"excerpt":"Am 23. und 24. Januar 2026 findet die Jahrestagung der Not\u00e4rztinnen und Not\u00e4rzte Nordrhein-Westfalen statt. Freuen Sie sich auf ein spannendes Programm mit aktuellen Fachvortr\u00e4gen, praxisnahen Workshops und vielf\u00e4ltigen M\u00f6glichkeiten zum Austausch mit Kolleginnen und Kollegen aus ganz NRW. Die Anmeldung ist ab sofort online m\u00f6glich \u2013 sichern Sie sich\u2026","rel":"","context":"In &quot;Veranstaltungshinweis&quot;","block_context":{"text":"Veranstaltungshinweis","link":"http:\/\/news-papers.eu\/?cat=30"},"img":{"alt_text":"","src":"https:\/\/i0.wp.com\/news-papers.eu\/wp-content\/uploads\/2025\/12\/Bildschirmfoto-2025-12-22-um-11.17.36.png?fit=876%2C924&resize=350%2C200","width":350,"height":200,"srcset":"https:\/\/i0.wp.com\/news-papers.eu\/wp-content\/uploads\/2025\/12\/Bildschirmfoto-2025-12-22-um-11.17.36.png?fit=876%2C924&resize=350%2C200 1x, https:\/\/i0.wp.com\/news-papers.eu\/wp-content\/uploads\/2025\/12\/Bildschirmfoto-2025-12-22-um-11.17.36.png?fit=876%2C924&resize=525%2C300 1.5x, https:\/\/i0.wp.com\/news-papers.eu\/wp-content\/uploads\/2025\/12\/Bildschirmfoto-2025-12-22-um-11.17.36.png?fit=876%2C924&resize=700%2C400 2x"},"classes":[]},{"id":12918,"url":"http:\/\/news-papers.eu\/?p=12918","url_meta":{"origin":20021,"position":2},"title":"Westdeutsche Notfalltage: 23.01.2021 &#8211; Jetzt noch anmelden &#8230;","author":"Michael Bernhard","date":"Januar 21, 2021","format":false,"excerpt":"AGNNW-Jahrestagung 2021, erstmals vollst\u00e4ndig Online! Wir sind uns bewusst, dass unsere traditionelle Jahrestagung in K\u00f6ln als Ort der Begegnung f\u00fcr die Not\u00e4rztinnen und Not\u00e4rzte in NRW nicht so einfach zu ersetzen ist. Daher haben wir im Herbst lange gewartet, ob sich nicht doch vielleicht die M\u00f6glichkeit zu einer Pr\u00e4senzveranstaltung ergeben\u2026","rel":"","context":"In &quot;Veranstaltungshinweis&quot;","block_context":{"text":"Veranstaltungshinweis","link":"http:\/\/news-papers.eu\/?cat=30"},"img":{"alt_text":"","src":"https:\/\/i0.wp.com\/news-papers.eu\/wp-content\/uploads\/2021\/01\/Bildschirmfoto-2021-01-05-um-20.37.03.png?fit=1200%2C815&resize=350%2C200","width":350,"height":200,"srcset":"https:\/\/i0.wp.com\/news-papers.eu\/wp-content\/uploads\/2021\/01\/Bildschirmfoto-2021-01-05-um-20.37.03.png?fit=1200%2C815&resize=350%2C200 1x, https:\/\/i0.wp.com\/news-papers.eu\/wp-content\/uploads\/2021\/01\/Bildschirmfoto-2021-01-05-um-20.37.03.png?fit=1200%2C815&resize=525%2C300 1.5x, https:\/\/i0.wp.com\/news-papers.eu\/wp-content\/uploads\/2021\/01\/Bildschirmfoto-2021-01-05-um-20.37.03.png?fit=1200%2C815&resize=700%2C400 2x, https:\/\/i0.wp.com\/news-papers.eu\/wp-content\/uploads\/2021\/01\/Bildschirmfoto-2021-01-05-um-20.37.03.png?fit=1200%2C815&resize=1050%2C600 3x"},"classes":[]},{"id":12876,"url":"http:\/\/news-papers.eu\/?p=12876","url_meta":{"origin":20021,"position":3},"title":"Westdeutsche Notfalltage am 23.01.2021 &#8211; jetzt online !","author":"Michael Bernhard","date":"Januar 6, 2021","format":false,"excerpt":"AGNNW-Jahrestagung 2021, erstmals vollst\u00e4ndig Online! Wir sind uns bewusst, dass unsere traditionelle Jahrestagung in K\u00f6ln als Ort der Begegnung f\u00fcr die Not\u00e4rztinnen und Not\u00e4rzte in NRW nicht so einfach zu ersetzen ist. Daher haben wir im Herbst lange gewartet, ob sich nicht doch vielleicht die M\u00f6glichkeit zu einer Pr\u00e4senzveranstaltung ergeben\u2026","rel":"","context":"In &quot;Veranstaltungshinweis&quot;","block_context":{"text":"Veranstaltungshinweis","link":"http:\/\/news-papers.eu\/?cat=30"},"img":{"alt_text":"","src":"https:\/\/i0.wp.com\/news-papers.eu\/wp-content\/uploads\/2021\/01\/Bildschirmfoto-2021-01-05-um-20.37.03.png?fit=1200%2C815&resize=350%2C200","width":350,"height":200,"srcset":"https:\/\/i0.wp.com\/news-papers.eu\/wp-content\/uploads\/2021\/01\/Bildschirmfoto-2021-01-05-um-20.37.03.png?fit=1200%2C815&resize=350%2C200 1x, https:\/\/i0.wp.com\/news-papers.eu\/wp-content\/uploads\/2021\/01\/Bildschirmfoto-2021-01-05-um-20.37.03.png?fit=1200%2C815&resize=525%2C300 1.5x, https:\/\/i0.wp.com\/news-papers.eu\/wp-content\/uploads\/2021\/01\/Bildschirmfoto-2021-01-05-um-20.37.03.png?fit=1200%2C815&resize=700%2C400 2x, https:\/\/i0.wp.com\/news-papers.eu\/wp-content\/uploads\/2021\/01\/Bildschirmfoto-2021-01-05-um-20.37.03.png?fit=1200%2C815&resize=1050%2C600 3x"},"classes":[]},{"id":19126,"url":"http:\/\/news-papers.eu\/?p=19126","url_meta":{"origin":20021,"position":4},"title":"Jahrestagung der AGNNW 2025: (Morgen) Freitag geht\u00b4s los !","author":"Michael Bernhard","date":"Januar 23, 2025","format":false,"excerpt":"Jahrestagung der AGNNW 2025 Traditionell bietet Ihnen die AGNNW auf ihrer Jahrestagung spannende wissenschaftliche Vortr\u00e4ge, berufspolitische Diskussionen und die M\u00f6glichkeit zum gemeinsamen Austausch zusammen mit unseren Partnern der Industrie. In Workshops k\u00f6nnen Sie praktische Fertigkeiten erlernen, vertiefen oder sich in einem besonderen Thema weiterentwickeln. Die AGNNW l\u00e4dt Sie herzlich am\u2026","rel":"","context":"In &quot;Veranstaltungshinweis&quot;","block_context":{"text":"Veranstaltungshinweis","link":"http:\/\/news-papers.eu\/?cat=30"},"img":{"alt_text":"","src":"https:\/\/i0.wp.com\/news-papers.eu\/wp-content\/uploads\/2025\/01\/Bildschirmfoto-2025-01-05-um-19.39.35-162x300.png?resize=350%2C200","width":350,"height":200},"classes":[]},{"id":19031,"url":"http:\/\/news-papers.eu\/?p=19031","url_meta":{"origin":20021,"position":5},"title":"Jahrestagung der AGNNW 24.\/25.01.2025","author":"Michael Bernhard","date":"Januar 7, 2025","format":false,"excerpt":"Jahrestagung der AGNNW 2025 Traditionell bietet Ihnen die AGNNW auf ihrer Jahrestagung spannende wissenschaftliche Vortr\u00e4ge, berufspolitische Diskussionen und die M\u00f6glichkeit zum gemeinsamen Austausch zusammen mit unseren Partnern der Industrie. In Workshops k\u00f6nnen Sie praktische Fertigkeiten erlernen, vertiefen oder sich in einem besonderen Thema weiterentwickeln. Die AGNNW l\u00e4dt Sie herzlich am\u2026","rel":"","context":"In &quot;Veranstaltungshinweis&quot;","block_context":{"text":"Veranstaltungshinweis","link":"http:\/\/news-papers.eu\/?cat=30"},"img":{"alt_text":"","src":"https:\/\/i0.wp.com\/news-papers.eu\/wp-content\/uploads\/2025\/01\/Bildschirmfoto-2025-01-05-um-19.39.35-162x300.png?resize=350%2C200","width":350,"height":200},"classes":[]}],"jetpack_likes_enabled":true,"_links":{"self":[{"href":"http:\/\/news-papers.eu\/index.php?rest_route=\/wp\/v2\/posts\/20021","targetHints":{"allow":["GET"]}}],"collection":[{"href":"http:\/\/news-papers.eu\/index.php?rest_route=\/wp\/v2\/posts"}],"about":[{"href":"http:\/\/news-papers.eu\/index.php?rest_route=\/wp\/v2\/types\/post"}],"author":[{"embeddable":true,"href":"http:\/\/news-papers.eu\/index.php?rest_route=\/wp\/v2\/users\/2"}],"replies":[{"embeddable":true,"href":"http:\/\/news-papers.eu\/index.php?rest_route=%2Fwp%2Fv2%2Fcomments&post=20021"}],"version-history":[{"count":4,"href":"http:\/\/news-papers.eu\/index.php?rest_route=\/wp\/v2\/posts\/20021\/revisions"}],"predecessor-version":[{"id":20026,"href":"http:\/\/news-papers.eu\/index.php?rest_route=\/wp\/v2\/posts\/20021\/revisions\/20026"}],"wp:featuredmedia":[{"embeddable":true,"href":"http:\/\/news-papers.eu\/index.php?rest_route=\/wp\/v2\/media\/20022"}],"wp:attachment":[{"href":"http:\/\/news-papers.eu\/index.php?rest_route=%2Fwp%2Fv2%2Fmedia&parent=20021"}],"wp:term":[{"taxonomy":"category","embeddable":true,"href":"http:\/\/news-papers.eu\/index.php?rest_route=%2Fwp%2Fv2%2Fcategories&post=20021"},{"taxonomy":"post_tag","embeddable":true,"href":"http:\/\/news-papers.eu\/index.php?rest_route=%2Fwp%2Fv2%2Ftags&post=20021"}],"curies":[{"name":"wp","href":"https:\/\/api.w.org\/{rel}","templated":true}]}}