{"id":19895,"date":"2025-09-10T04:18:11","date_gmt":"2025-09-10T02:18:11","guid":{"rendered":"https:\/\/news-papers.eu\/?p=19895"},"modified":"2025-09-06T10:23:55","modified_gmt":"2025-09-06T08:23:55","slug":"leverkusener-notfalltag-15-09-2025","status":"publish","type":"post","link":"http:\/\/news-papers.eu\/?p=19895","title":{"rendered":"Leverkusener Notfalltag: 15.09.2025"},"content":{"rendered":"<p><strong><img data-recalc-dims=\"1\" loading=\"lazy\" decoding=\"async\" data-attachment-id=\"19899\" data-permalink=\"http:\/\/news-papers.eu\/?attachment_id=19899\" data-orig-file=\"https:\/\/i0.wp.com\/news-papers.eu\/wp-content\/uploads\/2025\/09\/Bildschirmfoto-2025-09-06-um-10.22.52.png?fit=904%2C1264\" data-orig-size=\"904,1264\" data-comments-opened=\"1\" data-image-meta=\"{&quot;aperture&quot;:&quot;0&quot;,&quot;credit&quot;:&quot;&quot;,&quot;camera&quot;:&quot;&quot;,&quot;caption&quot;:&quot;&quot;,&quot;created_timestamp&quot;:&quot;0&quot;,&quot;copyright&quot;:&quot;&quot;,&quot;focal_length&quot;:&quot;0&quot;,&quot;iso&quot;:&quot;0&quot;,&quot;shutter_speed&quot;:&quot;0&quot;,&quot;title&quot;:&quot;&quot;,&quot;orientation&quot;:&quot;0&quot;}\" data-image-title=\"Bildschirmfoto 2025-09-06 um 10.22.52\" data-image-description=\"\" data-image-caption=\"\" data-large-file=\"https:\/\/i0.wp.com\/news-papers.eu\/wp-content\/uploads\/2025\/09\/Bildschirmfoto-2025-09-06-um-10.22.52.png?fit=732%2C1024\" class=\"size-medium wp-image-19899 alignright\" src=\"https:\/\/i0.wp.com\/news-papers.eu\/wp-content\/uploads\/2025\/09\/Bildschirmfoto-2025-09-06-um-10.22.52.png?resize=215%2C300\" alt=\"\" width=\"215\" height=\"300\" srcset=\"https:\/\/i0.wp.com\/news-papers.eu\/wp-content\/uploads\/2025\/09\/Bildschirmfoto-2025-09-06-um-10.22.52.png?resize=215%2C300 215w, https:\/\/i0.wp.com\/news-papers.eu\/wp-content\/uploads\/2025\/09\/Bildschirmfoto-2025-09-06-um-10.22.52.png?resize=732%2C1024 732w, https:\/\/i0.wp.com\/news-papers.eu\/wp-content\/uploads\/2025\/09\/Bildschirmfoto-2025-09-06-um-10.22.52.png?resize=768%2C1074 768w, https:\/\/i0.wp.com\/news-papers.eu\/wp-content\/uploads\/2025\/09\/Bildschirmfoto-2025-09-06-um-10.22.52.png?resize=750%2C1049 750w, https:\/\/i0.wp.com\/news-papers.eu\/wp-content\/uploads\/2025\/09\/Bildschirmfoto-2025-09-06-um-10.22.52.png?w=904 904w\" sizes=\"auto, (max-width: 215px) 100vw, 215px\" \/>Premiere in Leverkusen:<\/strong> Am 15. November 2025 laden wir Sie herzlich zum 1. Leverkusener Notfalltag ein!<span class=\"Apple-converted-space\">\u00a0<\/span><\/p>\n<p>Einen Tag lang stehen aktuelle Entwicklungen, spannende Kontroversen und praxisnahe Impulse aus der Notfallmedizin im Fokus. Zehn Expert:innen beleuchten in vier Themen-bl\u00f6cken sowohl neue Chancen als auch die Grenzen der Notfallmedizin \u2013 und geben Denkanst\u00f6\u00dfe f\u00fcr die t\u00e4gliche Arbeit in Rettungsdienst, Notaufnahme und Klinik. Dabei bleibt gen\u00fcgend Raum f\u00fcr Diskussion, Austausch und Teamgedanken \u2013 vor Ort oder digital. Seien Sie dabei, wenn wir gemeinsam den Blick nach vorn richten: Quo vadis Notfallmedizin in Deutschland? Wir freuen uns auf Ihre Teilnahme \u2013 live im Klinikum Leverkusen oder online!<span class=\"Apple-converted-space\">\u00a0<\/span><\/p>\n<p>Herzlichst<span class=\"Apple-converted-space\">\u00a0<\/span><\/p>\n<p>Priv.-Doz. Dr. Christoph Adler<span class=\"Apple-converted-space\"><br \/>\n<\/span>Direktor der Klinik f\u00fcr Akut- und Notfallmedizin<span class=\"Apple-converted-space\">\u00a0<\/span><\/p>\n<p>Priv.-Doz. Dr. Sebastian Braun<span class=\"Apple-converted-space\"><br \/>\n<\/span>Direktor der Klinik f\u00fcr An\u00e4sthesie und Operative Intensivmedizin<\/p>\n<p><a href=\"http:\/\/news-papers.eu\/wp-content\/uploads\/2025\/09\/250903_web_Flyer_Notfalltag.002a.pdf\">250903_web_Flyer_Notfalltag.002a<\/a><\/p>\n","protected":false},"excerpt":{"rendered":"<p>Premiere in Leverkusen: Am 15. November 2025 laden wir Sie herzlich zum 1. Leverkusener Notfalltag ein!\u00a0 Einen Tag lang stehen aktuelle Entwicklungen, spannende Kontroversen und praxisnahe Impulse aus der Notfallmedizin [&hellip;]<\/p>\n","protected":false},"author":2,"featured_media":19899,"comment_status":"open","ping_status":"open","sticky":false,"template":"","format":"standard","meta":{"__cvm_playback_settings":[],"__cvm_video_id":"","jetpack_post_was_ever_published":false,"_jetpack_newsletter_access":"","_jetpack_dont_email_post_to_subs":false,"_jetpack_newsletter_tier_id":0,"_jetpack_memberships_contains_paywalled_content":false,"_jetpack_memberships_contains_paid_content":false,"footnotes":"","jetpack_publicize_message":"","jetpack_publicize_feature_enabled":true,"jetpack_social_post_already_shared":true,"jetpack_social_options":{"image_generator_settings":{"template":"highway","default_image_id":0,"font":"","enabled":false},"version":2},"_wpas_customize_per_network":false},"categories":[30],"tags":[],"class_list":["post-19895","post","type-post","status-publish","format-standard","has-post-thumbnail","hentry","category-veranstaltungshinweis"],"jetpack_publicize_connections":[],"jetpack_featured_media_url":"https:\/\/i0.wp.com\/news-papers.eu\/wp-content\/uploads\/2025\/09\/Bildschirmfoto-2025-09-06-um-10.22.52.png?fit=904%2C1264","jetpack_sharing_enabled":true,"jetpack_shortlink":"https:\/\/wp.me\/p7fR2g-5aT","jetpack-related-posts":[{"id":19901,"url":"http:\/\/news-papers.eu\/?p=19901","url_meta":{"origin":19895,"position":0},"title":"Leverkurser Notfalltag: 15.11.2025","author":"Michael Bernhard","date":"Oktober 7, 2025","format":false,"excerpt":"Premiere in Leverkusen: Am 15. November 2025 laden wir Sie herzlich zum 1. Leverkusener Notfalltag ein! Einen Tag lang stehen aktuelle Entwicklungen, spannende Kontroversen und praxisnahe Impulse aus der Notfallmedizin im Fokus. Zehn Expert:innen beleuchten in vier Themen-bl\u00f6cken sowohl neue Chancen als auch die Grenzen der Notfallmedizin \u2013 und geben\u2026","rel":"","context":"In &quot;Veranstaltungshinweis&quot;","block_context":{"text":"Veranstaltungshinweis","link":"http:\/\/news-papers.eu\/?cat=30"},"img":{"alt_text":"","src":"https:\/\/i0.wp.com\/news-papers.eu\/wp-content\/uploads\/2025\/09\/Bildschirmfoto-2025-09-06-um-10.22.52.png?fit=858%2C1200&resize=350%2C200","width":350,"height":200,"srcset":"https:\/\/i0.wp.com\/news-papers.eu\/wp-content\/uploads\/2025\/09\/Bildschirmfoto-2025-09-06-um-10.22.52.png?fit=858%2C1200&resize=350%2C200 1x, https:\/\/i0.wp.com\/news-papers.eu\/wp-content\/uploads\/2025\/09\/Bildschirmfoto-2025-09-06-um-10.22.52.png?fit=858%2C1200&resize=525%2C300 1.5x, https:\/\/i0.wp.com\/news-papers.eu\/wp-content\/uploads\/2025\/09\/Bildschirmfoto-2025-09-06-um-10.22.52.png?fit=858%2C1200&resize=700%2C400 2x"},"classes":[]},{"id":18456,"url":"http:\/\/news-papers.eu\/?p=18456","url_meta":{"origin":19895,"position":1},"title":"12. Stuttgarter Notfalltag, 12.10.2024","author":"Michael Bernhard","date":"September 15, 2024","format":false,"excerpt":"Liebe Kolleginnen und Kollegen, wir laden Sie herzlich zur Teilnahme am 12. Stuttgarter Notfalltag ein. Der diesj\u00e4hrige Stuttgarter Notfalltag wird neben zahlreichen Fachvortr\u00e4gen auch wieder interessante Workshops im Programm haben, die Sie zum Mitmachen einladen. Wie bereits im vergangenen Jahr finden die Workshops nicht parallel zur wissenschaftlichen Tagung, sondern wieder\u2026","rel":"","context":"In &quot;Veranstaltungshinweis&quot;","block_context":{"text":"Veranstaltungshinweis","link":"http:\/\/news-papers.eu\/?cat=30"},"img":{"alt_text":"","src":"https:\/\/i0.wp.com\/news-papers.eu\/wp-content\/uploads\/2024\/07\/Bildschirmfoto-2024-07-18-um-20.06.37.png?fit=770%2C970&resize=350%2C200","width":350,"height":200,"srcset":"https:\/\/i0.wp.com\/news-papers.eu\/wp-content\/uploads\/2024\/07\/Bildschirmfoto-2024-07-18-um-20.06.37.png?fit=770%2C970&resize=350%2C200 1x, https:\/\/i0.wp.com\/news-papers.eu\/wp-content\/uploads\/2024\/07\/Bildschirmfoto-2024-07-18-um-20.06.37.png?fit=770%2C970&resize=525%2C300 1.5x, https:\/\/i0.wp.com\/news-papers.eu\/wp-content\/uploads\/2024\/07\/Bildschirmfoto-2024-07-18-um-20.06.37.png?fit=770%2C970&resize=700%2C400 2x"},"classes":[]},{"id":18450,"url":"http:\/\/news-papers.eu\/?p=18450","url_meta":{"origin":19895,"position":2},"title":"12.Stuttgarter Notfalltag, 12.10.2024","author":"Michael Bernhard","date":"Juli 19, 2024","format":false,"excerpt":"Liebe Kolleginnen und Kollegen, wir laden Sie herzlich zur Teilnahme am 12. Stuttgarter Notfalltag ein. Der diesj\u00e4hrige Stuttgarter Notfalltag wird neben zahlreichen Fachvortr\u00e4gen auch wieder interessante Workshops im Programm haben, die Sie zum Mitmachen einladen. Wie bereits im vergangenen Jahr finden die Workshops nicht parallel zur wissenschaftlichen Tagung, sondern wieder\u2026","rel":"","context":"In &quot;Veranstaltungshinweis&quot;","block_context":{"text":"Veranstaltungshinweis","link":"http:\/\/news-papers.eu\/?cat=30"},"img":{"alt_text":"","src":"https:\/\/i0.wp.com\/news-papers.eu\/wp-content\/uploads\/2024\/07\/Bildschirmfoto-2024-07-18-um-20.06.37.png?fit=770%2C970&resize=350%2C200","width":350,"height":200,"srcset":"https:\/\/i0.wp.com\/news-papers.eu\/wp-content\/uploads\/2024\/07\/Bildschirmfoto-2024-07-18-um-20.06.37.png?fit=770%2C970&resize=350%2C200 1x, https:\/\/i0.wp.com\/news-papers.eu\/wp-content\/uploads\/2024\/07\/Bildschirmfoto-2024-07-18-um-20.06.37.png?fit=770%2C970&resize=525%2C300 1.5x, https:\/\/i0.wp.com\/news-papers.eu\/wp-content\/uploads\/2024\/07\/Bildschirmfoto-2024-07-18-um-20.06.37.png?fit=770%2C970&resize=700%2C400 2x"},"classes":[]},{"id":13962,"url":"http:\/\/news-papers.eu\/?p=13962","url_meta":{"origin":19895,"position":3},"title":"3. Kieler Notfalltag am 10. September 2021","author":"Bj\u00f6rn Hossfeld","date":"Juli 19, 2021","format":false,"excerpt":"Nach einer pandemiebedingten Pause im letzten Jahr freuen sich die Kollegen vom Institut f\u00fcr Rettungs- und Notfallmedizin (IRuN) der Universit\u00e4tsklinik Schleswig-Holstein Campus Kiel, wieder zum Kieler Notfalltag einladen zu du\u0308rfen. 3. Kieler Notfalltag 10.\/11. September 2021 Als Reaktion auf die Einschr\u00e4nkungen der vergangenen Monate wurde der Kongress diesmal als Hybrid-Veranstaltung\u2026","rel":"","context":"In &quot;Veranstaltungshinweis&quot;","block_context":{"text":"Veranstaltungshinweis","link":"http:\/\/news-papers.eu\/?cat=30"},"img":{"alt_text":"","src":"https:\/\/i0.wp.com\/news-papers.eu\/wp-content\/uploads\/2021\/07\/Bildschirmfoto-2021-07-16-um-22.06.46.png?fit=728%2C670&resize=350%2C200","width":350,"height":200,"srcset":"https:\/\/i0.wp.com\/news-papers.eu\/wp-content\/uploads\/2021\/07\/Bildschirmfoto-2021-07-16-um-22.06.46.png?fit=728%2C670&resize=350%2C200 1x, https:\/\/i0.wp.com\/news-papers.eu\/wp-content\/uploads\/2021\/07\/Bildschirmfoto-2021-07-16-um-22.06.46.png?fit=728%2C670&resize=525%2C300 1.5x, https:\/\/i0.wp.com\/news-papers.eu\/wp-content\/uploads\/2021\/07\/Bildschirmfoto-2021-07-16-um-22.06.46.png?fit=728%2C670&resize=700%2C400 2x"},"classes":[]},{"id":17395,"url":"http:\/\/news-papers.eu\/?p=17395","url_meta":{"origin":19895,"position":4},"title":"Heute in einem Monat: Stuttgarter Notfalltag In Pr\u00e4senz! Jetzt anmelden!","author":"Michael Bernhard","date":"September 7, 2023","format":false,"excerpt":"11. Stuttgarter Notfalltag... am 7. Oktober 2023! In Pr\u00e4senz! Jetzt anmelden! Liebe Kolleginnen und Kollegen, Wir laden alle notfallmedizinisch interessierten Kolleginnen und Kollegen herzlich zum 11. Stuttgarter Notfalltag, endlich wieder in Pr\u00e4senz, am 7. Oktober 2023 ins Rathaus der Landeshauptstadt Stuttgart ein. Thematisch bieten wir Ihnen das Update 2023 zu\u2026","rel":"","context":"In &quot;Veranstaltungshinweis&quot;","block_context":{"text":"Veranstaltungshinweis","link":"http:\/\/news-papers.eu\/?cat=30"},"img":{"alt_text":"","src":"https:\/\/i0.wp.com\/news-papers.eu\/wp-content\/uploads\/2023\/08\/Bildschirmfoto-2023-08-29-um-08.39.33.png?fit=864%2C1200&resize=350%2C200","width":350,"height":200,"srcset":"https:\/\/i0.wp.com\/news-papers.eu\/wp-content\/uploads\/2023\/08\/Bildschirmfoto-2023-08-29-um-08.39.33.png?fit=864%2C1200&resize=350%2C200 1x, https:\/\/i0.wp.com\/news-papers.eu\/wp-content\/uploads\/2023\/08\/Bildschirmfoto-2023-08-29-um-08.39.33.png?fit=864%2C1200&resize=525%2C300 1.5x, https:\/\/i0.wp.com\/news-papers.eu\/wp-content\/uploads\/2023\/08\/Bildschirmfoto-2023-08-29-um-08.39.33.png?fit=864%2C1200&resize=700%2C400 2x"},"classes":[]},{"id":10592,"url":"http:\/\/news-papers.eu\/?p=10592","url_meta":{"origin":19895,"position":5},"title":"Kurse f\u00fcr 2020 des Institut f\u00fcr Rettungs- und Notfallmedizin, Kiel","author":"Michael Bernhard","date":"Dezember 18, 2019","format":false,"excerpt":"Kurse f\u00fcr 2020 des Institut f\u00fcr Rettungs- und Notfallmedizin in Kiel: 28.01. Geburtshilfliche Notf\u00e4lle im Rettungsdienst 09.-10.02. Wissenschaftliche Arbeitstage Notfallmedizin (WATN) 14.-16.02. Spezialkurs Intensivtransport nach dem Curriculum der DIVI 05.03. Ersteintreffendes Fahrzeug beim MANV 06.-08.03. NAsim25 25.-26.04. ERC EPALS 08.-10.05. NAsim25 11.06. Ersteintreffendes Fahrzeug beim MANV 12.-14.06. NAsim25 05.09. \u00a0\u00a03.\u2026","rel":"","context":"In &quot;Veranstaltungshinweis&quot;","block_context":{"text":"Veranstaltungshinweis","link":"http:\/\/news-papers.eu\/?cat=30"},"img":{"alt_text":"","src":"https:\/\/i0.wp.com\/news-papers.eu\/wp-content\/uploads\/2018\/08\/Bildschirmfoto-2018-08-05-um-11.51.55-300x125.png?resize=350%2C200","width":350,"height":200},"classes":[]}],"jetpack_likes_enabled":true,"_links":{"self":[{"href":"http:\/\/news-papers.eu\/index.php?rest_route=\/wp\/v2\/posts\/19895","targetHints":{"allow":["GET"]}}],"collection":[{"href":"http:\/\/news-papers.eu\/index.php?rest_route=\/wp\/v2\/posts"}],"about":[{"href":"http:\/\/news-papers.eu\/index.php?rest_route=\/wp\/v2\/types\/post"}],"author":[{"embeddable":true,"href":"http:\/\/news-papers.eu\/index.php?rest_route=\/wp\/v2\/users\/2"}],"replies":[{"embeddable":true,"href":"http:\/\/news-papers.eu\/index.php?rest_route=%2Fwp%2Fv2%2Fcomments&post=19895"}],"version-history":[{"count":1,"href":"http:\/\/news-papers.eu\/index.php?rest_route=\/wp\/v2\/posts\/19895\/revisions"}],"predecessor-version":[{"id":19900,"href":"http:\/\/news-papers.eu\/index.php?rest_route=\/wp\/v2\/posts\/19895\/revisions\/19900"}],"wp:featuredmedia":[{"embeddable":true,"href":"http:\/\/news-papers.eu\/index.php?rest_route=\/wp\/v2\/media\/19899"}],"wp:attachment":[{"href":"http:\/\/news-papers.eu\/index.php?rest_route=%2Fwp%2Fv2%2Fmedia&parent=19895"}],"wp:term":[{"taxonomy":"category","embeddable":true,"href":"http:\/\/news-papers.eu\/index.php?rest_route=%2Fwp%2Fv2%2Fcategories&post=19895"},{"taxonomy":"post_tag","embeddable":true,"href":"http:\/\/news-papers.eu\/index.php?rest_route=%2Fwp%2Fv2%2Ftags&post=19895"}],"curies":[{"name":"wp","href":"https:\/\/api.w.org\/{rel}","templated":true}]}}