{"id":19578,"date":"2025-05-10T11:52:36","date_gmt":"2025-05-10T09:52:36","guid":{"rendered":"https:\/\/news-papers.eu\/?p=19578"},"modified":"2025-05-10T11:52:36","modified_gmt":"2025-05-10T09:52:36","slug":"umfrage-zur-akutschmerztherapie-in-notaufnahmen-machen-sie-mit","status":"publish","type":"post","link":"http:\/\/news-papers.eu\/?p=19578","title":{"rendered":"Umfrage zur Akutschmerztherapie in Notaufnahmen: Machen Sie mit!"},"content":{"rendered":"<p><a href=\"https:\/\/de.surveymonkey.com\/r\/TX7GV86\" target=\"_blank\" rel=\"noopener\"><img data-recalc-dims=\"1\" loading=\"lazy\" decoding=\"async\" data-attachment-id=\"19579\" data-permalink=\"http:\/\/news-papers.eu\/?attachment_id=19579\" data-orig-file=\"https:\/\/i0.wp.com\/news-papers.eu\/wp-content\/uploads\/2025\/05\/Screenshot-2025-04-16-194133.jpg?fit=1315%2C738\" data-orig-size=\"1315,738\" data-comments-opened=\"1\" data-image-meta=\"{&quot;aperture&quot;:&quot;0&quot;,&quot;credit&quot;:&quot;&quot;,&quot;camera&quot;:&quot;&quot;,&quot;caption&quot;:&quot;&quot;,&quot;created_timestamp&quot;:&quot;0&quot;,&quot;copyright&quot;:&quot;&quot;,&quot;focal_length&quot;:&quot;0&quot;,&quot;iso&quot;:&quot;0&quot;,&quot;shutter_speed&quot;:&quot;0&quot;,&quot;title&quot;:&quot;&quot;,&quot;orientation&quot;:&quot;0&quot;}\" data-image-title=\"Screenshot 2025-04-16 194133\" data-image-description=\"\" data-image-caption=\"\" data-large-file=\"https:\/\/i0.wp.com\/news-papers.eu\/wp-content\/uploads\/2025\/05\/Screenshot-2025-04-16-194133.jpg?fit=1024%2C575\" class=\"alignnone  wp-image-19579\" src=\"https:\/\/i0.wp.com\/news-papers.eu\/wp-content\/uploads\/2025\/05\/Screenshot-2025-04-16-194133.jpg?resize=739%2C414\" alt=\"\" width=\"739\" height=\"414\" srcset=\"https:\/\/i0.wp.com\/news-papers.eu\/wp-content\/uploads\/2025\/05\/Screenshot-2025-04-16-194133.jpg?resize=300%2C168 300w, https:\/\/i0.wp.com\/news-papers.eu\/wp-content\/uploads\/2025\/05\/Screenshot-2025-04-16-194133.jpg?resize=1024%2C575 1024w, https:\/\/i0.wp.com\/news-papers.eu\/wp-content\/uploads\/2025\/05\/Screenshot-2025-04-16-194133.jpg?resize=768%2C431 768w, https:\/\/i0.wp.com\/news-papers.eu\/wp-content\/uploads\/2025\/05\/Screenshot-2025-04-16-194133.jpg?resize=750%2C421 750w, https:\/\/i0.wp.com\/news-papers.eu\/wp-content\/uploads\/2025\/05\/Screenshot-2025-04-16-194133.jpg?w=1315 1315w\" sizes=\"auto, (max-width: 739px) 100vw, 739px\" \/><\/a><\/p>\n<p><strong>F\u00fcr Notfallpflegende und \u00e4rztliche Mitarbeitende in Notaufnahmen:\u00a0<\/strong><\/p>\n<p>Umfrage zur Schmerztherapie in Notaufnahmen:<a href=\"https:\/\/de.surveymonkey.com\/r\/TX7GV86\" target=\"_blank\" rel=\"noopener\"><strong> https:\/\/de.surveymonkey.com\/r\/TX7GV86<\/strong><\/a><\/p>\n","protected":false},"excerpt":{"rendered":"<p>F\u00fcr Notfallpflegende und \u00e4rztliche Mitarbeitende in Notaufnahmen:\u00a0 Umfrage zur Schmerztherapie in Notaufnahmen: https:\/\/de.surveymonkey.com\/r\/TX7GV86<\/p>\n","protected":false},"author":2,"featured_media":19580,"comment_status":"open","ping_status":"open","sticky":false,"template":"","format":"standard","meta":{"__cvm_playback_settings":[],"__cvm_video_id":"","jetpack_post_was_ever_published":false,"_jetpack_newsletter_access":"","_jetpack_dont_email_post_to_subs":false,"_jetpack_newsletter_tier_id":0,"_jetpack_memberships_contains_paywalled_content":false,"_jetpack_memberships_contains_paid_content":false,"footnotes":"","jetpack_publicize_message":"","jetpack_publicize_feature_enabled":true,"jetpack_social_post_already_shared":true,"jetpack_social_options":{"image_generator_settings":{"template":"highway","default_image_id":0,"font":"","enabled":false},"version":2},"_wpas_customize_per_network":false},"categories":[557],"tags":[2831,235],"class_list":["post-19578","post","type-post","status-publish","format-standard","has-post-thumbnail","hentry","category-umfragen","tag-akutschmerztherapie","tag-umfrage"],"jetpack_publicize_connections":[],"jetpack_featured_media_url":"https:\/\/i0.wp.com\/news-papers.eu\/wp-content\/uploads\/2025\/05\/Bildschirmfoto-2025-05-10-um-11.51.57.png?fit=1162%2C908","jetpack_sharing_enabled":true,"jetpack_shortlink":"https:\/\/wp.me\/p7fR2g-55M","jetpack-related-posts":[{"id":19582,"url":"http:\/\/news-papers.eu\/?p=19582","url_meta":{"origin":19578,"position":0},"title":"Und noch einmal: Umfrage zur IST-Situation des Schmerzstandards in Notaufnahmen","author":"Michael Bernhard","date":"Mai 15, 2025","format":false,"excerpt":"Machen Sie mit! Eine Umfrage f\u00fcr Notfallpflegende und \u00e4rztliche Mitarbeitende in Notaufnahmen https:\/\/de.surveymonkey.com\/r\/TX7GV86","rel":"","context":"In &quot;Umfragen&quot;","block_context":{"text":"Umfragen","link":"http:\/\/news-papers.eu\/?cat=557"},"img":{"alt_text":"","src":"https:\/\/i0.wp.com\/news-papers.eu\/wp-content\/uploads\/2025\/05\/Bildschirmfoto-2025-05-10-um-11.54.49.png?fit=1142%2C878&resize=350%2C200","width":350,"height":200,"srcset":"https:\/\/i0.wp.com\/news-papers.eu\/wp-content\/uploads\/2025\/05\/Bildschirmfoto-2025-05-10-um-11.54.49.png?fit=1142%2C878&resize=350%2C200 1x, https:\/\/i0.wp.com\/news-papers.eu\/wp-content\/uploads\/2025\/05\/Bildschirmfoto-2025-05-10-um-11.54.49.png?fit=1142%2C878&resize=525%2C300 1.5x, https:\/\/i0.wp.com\/news-papers.eu\/wp-content\/uploads\/2025\/05\/Bildschirmfoto-2025-05-10-um-11.54.49.png?fit=1142%2C878&resize=700%2C400 2x, https:\/\/i0.wp.com\/news-papers.eu\/wp-content\/uploads\/2025\/05\/Bildschirmfoto-2025-05-10-um-11.54.49.png?fit=1142%2C878&resize=1050%2C600 3x"},"classes":[]},{"id":19836,"url":"http:\/\/news-papers.eu\/?p=19836","url_meta":{"origin":19578,"position":1},"title":"Ergebnisse einer Umfrage zu Kindernotfallstrukturen in Deutschland","author":"Michael Bernhard","date":"August 20, 2025","format":false,"excerpt":"W\u00e4hrend die Versorgung kritisch kranker Erwachsener in den letzten Jahren verst\u00e4rkt in den Fokus geru\u0308ckt ist, gibt es vergleichsweise wenig Forschung zur Organisation und Struktur fu\u0308r nichttraumatologisch kritisch kranke Kinder und Jugendliche. Die vorliegende Umfrage untersucht den Status quo in deutschen Notaufnahmen. Schunk D, et al. Versorgungsrealit\u00e4t kritisch kranker Kinder\u2026","rel":"","context":"In &quot;Kindernotf\u00e4lle&quot;","block_context":{"text":"Kindernotf\u00e4lle","link":"http:\/\/news-papers.eu\/?cat=13"},"img":{"alt_text":"","src":"https:\/\/i0.wp.com\/news-papers.eu\/wp-content\/uploads\/2025\/08\/Bildschirmfoto-2025-08-19-um-21.29.52.png?fit=1200%2C1126&resize=350%2C200","width":350,"height":200,"srcset":"https:\/\/i0.wp.com\/news-papers.eu\/wp-content\/uploads\/2025\/08\/Bildschirmfoto-2025-08-19-um-21.29.52.png?fit=1200%2C1126&resize=350%2C200 1x, https:\/\/i0.wp.com\/news-papers.eu\/wp-content\/uploads\/2025\/08\/Bildschirmfoto-2025-08-19-um-21.29.52.png?fit=1200%2C1126&resize=525%2C300 1.5x, https:\/\/i0.wp.com\/news-papers.eu\/wp-content\/uploads\/2025\/08\/Bildschirmfoto-2025-08-19-um-21.29.52.png?fit=1200%2C1126&resize=700%2C400 2x, https:\/\/i0.wp.com\/news-papers.eu\/wp-content\/uploads\/2025\/08\/Bildschirmfoto-2025-08-19-um-21.29.52.png?fit=1200%2C1126&resize=1050%2C600 3x"},"classes":[]},{"id":16047,"url":"http:\/\/news-papers.eu\/?p=16047","url_meta":{"origin":19578,"position":2},"title":"Umfrage zu Palliativmedizin in deutschen Notaufnahmen","author":"Michael Bernhard","date":"November 6, 2022","format":false,"excerpt":"In Notaufnahmen t\u00e4tige \u00c4rztInnen werden h\u00e4ufig mit palliativmedizinischen Situationen konfrontiert. Au\u00dferdem begegnen sie PatientInnen mit einer lebenslimitierenden Erkrankung oft bereits in einem Fr\u00fchstadium der Erkrankung. Trotzdem fehlen bisher Untersuchungen, inwieweit diese \u00c4rztInnen in Notaufnahmen \u00fcber palliativmedizinisches Wissen sowie \u00fcber Zugriff auf palliativmedizinische Strukturen verf\u00fcgen. Umfrage zu palliativmedizinischem Wissen und zur\u2026","rel":"","context":"In &quot;Umfragen&quot;","block_context":{"text":"Umfragen","link":"http:\/\/news-papers.eu\/?cat=557"},"img":{"alt_text":"","src":"https:\/\/i0.wp.com\/news-papers.eu\/wp-content\/uploads\/2017\/04\/Umfrage1.jpg?fit=1200%2C800&resize=350%2C200","width":350,"height":200,"srcset":"https:\/\/i0.wp.com\/news-papers.eu\/wp-content\/uploads\/2017\/04\/Umfrage1.jpg?fit=1200%2C800&resize=350%2C200 1x, https:\/\/i0.wp.com\/news-papers.eu\/wp-content\/uploads\/2017\/04\/Umfrage1.jpg?fit=1200%2C800&resize=525%2C300 1.5x, https:\/\/i0.wp.com\/news-papers.eu\/wp-content\/uploads\/2017\/04\/Umfrage1.jpg?fit=1200%2C800&resize=700%2C400 2x, https:\/\/i0.wp.com\/news-papers.eu\/wp-content\/uploads\/2017\/04\/Umfrage1.jpg?fit=1200%2C800&resize=1050%2C600 3x"},"classes":[]},{"id":15621,"url":"http:\/\/news-papers.eu\/?p=15621","url_meta":{"origin":19578,"position":3},"title":"Umfrage Alarmkriterien f\u00fcr den Schockraum bei nicht-traumatologisch kritisch kranken Patienten","author":"Michael Bernhard","date":"Juni 23, 2022","format":false,"excerpt":"Liebe Kolleginnen und Kollegen,\u00a0 die Deutsche Gesellschaft Interdisziplin\u00e4re Notfall- und Akutmedizin\u00a0(DGINA) arbeitet kontinuierlich an der Entwicklung eines nicht-traumatologischen Schockraummanagements zur optimalen Versorgung kritisch kranker Patienten in den zentralen Notaufnahmen. Trotzdem ist es aktuell noch nicht selbstverst\u00e4ndlich, dass nicht-traumatologische kritisch kranke Patienten regelhaft im Schockraum einer Notaufnahme prim\u00e4rversorgt werden. Diese anonyme\u2026","rel":"","context":"In &quot;Umfragen&quot;","block_context":{"text":"Umfragen","link":"http:\/\/news-papers.eu\/?cat=557"},"img":{"alt_text":"","src":"https:\/\/i0.wp.com\/news-papers.eu\/wp-content\/uploads\/2017\/04\/Umfrage1.jpg?fit=1200%2C800&resize=350%2C200","width":350,"height":200,"srcset":"https:\/\/i0.wp.com\/news-papers.eu\/wp-content\/uploads\/2017\/04\/Umfrage1.jpg?fit=1200%2C800&resize=350%2C200 1x, https:\/\/i0.wp.com\/news-papers.eu\/wp-content\/uploads\/2017\/04\/Umfrage1.jpg?fit=1200%2C800&resize=525%2C300 1.5x, https:\/\/i0.wp.com\/news-papers.eu\/wp-content\/uploads\/2017\/04\/Umfrage1.jpg?fit=1200%2C800&resize=700%2C400 2x, https:\/\/i0.wp.com\/news-papers.eu\/wp-content\/uploads\/2017\/04\/Umfrage1.jpg?fit=1200%2C800&resize=1050%2C600 3x"},"classes":[]},{"id":15635,"url":"http:\/\/news-papers.eu\/?p=15635","url_meta":{"origin":19578,"position":4},"title":"2. Aufruf: Umfrage zu den Alarmierungskriterien des nicht-traumatologischen Schockraums","author":"Michael Bernhard","date":"Juni 29, 2022","format":false,"excerpt":"Liebe Kolleginnen und Kollegen,\u00a0 die Deutsche Gesellschaft Interdisziplin\u00e4re Notfall- und Akutmedizin\u00a0(DGINA) arbeitet kontinuierlich an der Entwicklung eines nicht-traumatologischen Schockraummanagements zur optimalen Versorgung kritisch kranker Patienten in den zentralen Notaufnahmen. Trotzdem ist es aktuell noch nicht selbstverst\u00e4ndlich, dass nicht-traumatologische kritisch kranke Patienten regelhaft im Schockraum einer Notaufnahme prim\u00e4rversorgt werden. Diese anonyme\u2026","rel":"","context":"In &quot;Umfragen&quot;","block_context":{"text":"Umfragen","link":"http:\/\/news-papers.eu\/?cat=557"},"img":{"alt_text":"","src":"https:\/\/i0.wp.com\/news-papers.eu\/wp-content\/uploads\/2018\/01\/Umfrage-e1515415858825.jpg?fit=1000%2C667&resize=350%2C200","width":350,"height":200,"srcset":"https:\/\/i0.wp.com\/news-papers.eu\/wp-content\/uploads\/2018\/01\/Umfrage-e1515415858825.jpg?fit=1000%2C667&resize=350%2C200 1x, https:\/\/i0.wp.com\/news-papers.eu\/wp-content\/uploads\/2018\/01\/Umfrage-e1515415858825.jpg?fit=1000%2C667&resize=525%2C300 1.5x, https:\/\/i0.wp.com\/news-papers.eu\/wp-content\/uploads\/2018\/01\/Umfrage-e1515415858825.jpg?fit=1000%2C667&resize=700%2C400 2x"},"classes":[]},{"id":16092,"url":"http:\/\/news-papers.eu\/?p=16092","url_meta":{"origin":19578,"position":5},"title":"REMINDER: Palliativmedizinische Umfrage mit Fokus auf die Notaufnahmen","author":"Michael Bernhard","date":"November 14, 2022","format":false,"excerpt":"In Notaufnahmen t\u00e4tige \u00c4rztInnen werden h\u00e4ufig mit palliativmedizinischen Situationen konfrontiert. Au\u00dferdem begegnen sie PatientInnen mit einer lebenslimitierenden Erkrankung oft bereits in einem Fr\u00fchstadium der Erkrankung. Trotzdem fehlen bisher Untersuchungen, inwieweit diese \u00c4rztInnen in Notaufnahmen \u00fcber palliativmedizinisches Wissen sowie \u00fcber Zugriff auf palliativmedizinische Strukturen verf\u00fcgen. Umfrage zu palliativmedizinischem Wissen und zur\u2026","rel":"","context":"In &quot;Umfragen&quot;","block_context":{"text":"Umfragen","link":"http:\/\/news-papers.eu\/?cat=557"},"img":{"alt_text":"","src":"https:\/\/i0.wp.com\/news-papers.eu\/wp-content\/uploads\/2022\/11\/Bildschirm%C2%ADfoto-2022-11-05-um-23.11.35-e1667686316454.png?fit=400%2C266&resize=350%2C200","width":350,"height":200},"classes":[]}],"jetpack_likes_enabled":true,"_links":{"self":[{"href":"http:\/\/news-papers.eu\/index.php?rest_route=\/wp\/v2\/posts\/19578","targetHints":{"allow":["GET"]}}],"collection":[{"href":"http:\/\/news-papers.eu\/index.php?rest_route=\/wp\/v2\/posts"}],"about":[{"href":"http:\/\/news-papers.eu\/index.php?rest_route=\/wp\/v2\/types\/post"}],"author":[{"embeddable":true,"href":"http:\/\/news-papers.eu\/index.php?rest_route=\/wp\/v2\/users\/2"}],"replies":[{"embeddable":true,"href":"http:\/\/news-papers.eu\/index.php?rest_route=%2Fwp%2Fv2%2Fcomments&post=19578"}],"version-history":[{"count":1,"href":"http:\/\/news-papers.eu\/index.php?rest_route=\/wp\/v2\/posts\/19578\/revisions"}],"predecessor-version":[{"id":19581,"href":"http:\/\/news-papers.eu\/index.php?rest_route=\/wp\/v2\/posts\/19578\/revisions\/19581"}],"wp:featuredmedia":[{"embeddable":true,"href":"http:\/\/news-papers.eu\/index.php?rest_route=\/wp\/v2\/media\/19580"}],"wp:attachment":[{"href":"http:\/\/news-papers.eu\/index.php?rest_route=%2Fwp%2Fv2%2Fmedia&parent=19578"}],"wp:term":[{"taxonomy":"category","embeddable":true,"href":"http:\/\/news-papers.eu\/index.php?rest_route=%2Fwp%2Fv2%2Fcategories&post=19578"},{"taxonomy":"post_tag","embeddable":true,"href":"http:\/\/news-papers.eu\/index.php?rest_route=%2Fwp%2Fv2%2Ftags&post=19578"}],"curies":[{"name":"wp","href":"https:\/\/api.w.org\/{rel}","templated":true}]}}