{"id":19188,"date":"2025-02-07T04:25:21","date_gmt":"2025-02-07T03:25:21","guid":{"rendered":"https:\/\/news-papers.eu\/?p=19188"},"modified":"2025-02-03T12:27:39","modified_gmt":"2025-02-03T11:27:39","slug":"der-von-der-dgai-empfohlene-kurzcheck-bei-beatmung","status":"publish","type":"post","link":"http:\/\/news-papers.eu\/?p=19188","title":{"rendered":"Der von der DGAI empfohlene KURZcheck bei Beatmung"},"content":{"rendered":"<p style=\"font-weight: 400;\">Die Patientensicherheit bei Allgemeinan\u00e4sthesien hat sich in den letzten Jahren stark verbessert, dennoch kommt es immer wieder zu Zwischenf\u00e4llen, insbesondere im Bereich der Atemwegssicherung und Beatmung. Vor dem Einsatz eines Beatmungsger\u00e4tes ist ein obligatorischer t\u00e4glicher Systemtest erforderlich, zus\u00e4tzlich sollte der von der DGAI empfohlene KURZcheck vor Anschluss eines Patienten durchgef\u00fchrt werden. Dennoch sind Fehlanschl\u00fcsse der Beatmungsschl\u00e4uche, die nicht zwingend vom Ger\u00e4t im Rahmen des Selbsttests erkannt werden, m\u00f6glich.<\/p>\n<blockquote><p><strong>Uzun DD, Sch\u00e4fer S, Klemm S et al. (2024) An\u00e4sthesiologisches Nutzerverhalten bei der Funktions-pr\u00fcfung des Beatmungsger\u00e4tes: Analyse zu Einsatz des KURZcheck und Detektion fehl-konnektierter Beatmungsschl\u00e4uche. Anaesthesiologie DOI 10.1007\/s00101-024-01496-0<\/strong><\/p><\/blockquote>\n<p><img data-recalc-dims=\"1\" loading=\"lazy\" decoding=\"async\" data-attachment-id=\"19189\" data-permalink=\"http:\/\/news-papers.eu\/?attachment_id=19189\" data-orig-file=\"https:\/\/i0.wp.com\/news-papers.eu\/wp-content\/uploads\/2025\/02\/graf.Abstract-KURZcheck.png?fit=685%2C685\" data-orig-size=\"685,685\" data-comments-opened=\"1\" data-image-meta=\"{&quot;aperture&quot;:&quot;0&quot;,&quot;credit&quot;:&quot;&quot;,&quot;camera&quot;:&quot;&quot;,&quot;caption&quot;:&quot;&quot;,&quot;created_timestamp&quot;:&quot;0&quot;,&quot;copyright&quot;:&quot;&quot;,&quot;focal_length&quot;:&quot;0&quot;,&quot;iso&quot;:&quot;0&quot;,&quot;shutter_speed&quot;:&quot;0&quot;,&quot;title&quot;:&quot;&quot;,&quot;orientation&quot;:&quot;0&quot;}\" data-image-title=\"graf.Abstract KURZcheck\" data-image-description=\"\" data-image-caption=\"\" data-large-file=\"https:\/\/i0.wp.com\/news-papers.eu\/wp-content\/uploads\/2025\/02\/graf.Abstract-KURZcheck.png?fit=685%2C685\" class=\"alignnone wp-image-19189\" src=\"https:\/\/i0.wp.com\/news-papers.eu\/wp-content\/uploads\/2025\/02\/graf.Abstract-KURZcheck.png?resize=746%2C746\" alt=\"\" width=\"746\" height=\"746\" srcset=\"https:\/\/i0.wp.com\/news-papers.eu\/wp-content\/uploads\/2025\/02\/graf.Abstract-KURZcheck.png?resize=300%2C300 300w, https:\/\/i0.wp.com\/news-papers.eu\/wp-content\/uploads\/2025\/02\/graf.Abstract-KURZcheck.png?resize=150%2C150 150w, https:\/\/i0.wp.com\/news-papers.eu\/wp-content\/uploads\/2025\/02\/graf.Abstract-KURZcheck.png?w=685 685w\" sizes=\"auto, (max-width: 746px) 100vw, 746px\" \/><\/p>\n<p style=\"font-weight: 400;\">Nach langj\u00e4hriger Arbeit von Herstellern, dem Bundesinstitut f\u00fcr Arzneimittel und Medizinprodukte (BfArM) und der Deutschen Gesellschaft f\u00fcr An\u00e4sthesiologie und Intensivmedizin (DGAI) existiert mit der neuen Norm ISO 80601-2-13 die Grundlage f\u00fcr eine technische L\u00f6sung, mithilfe derer derartige Fehler und Patientensch\u00e4den vermieden werden k\u00f6nnen.<\/p>\n<p style=\"font-weight: 400;\">Die Durchf\u00fchrung des KURZChecks vor jeder Konnektion eines Patienten an ein Beatmungsger\u00e4t ist ein unverzichtbarer Bestandteil einer sicheren Patientenversorgung. Aber da kein Check eine 100%ige Sicherheit garantiert, sollten alle technischen M\u00f6glichkeiten genutzt werden, damit Fehlkonnektionen von Beatmungsschl\u00e4uchen gar nicht erst m\u00f6glich sind.<\/p>\n<p style=\"font-weight: 400;\">Daher war das Ziel der vorliegenden Studie war es die Analyse des Nutzerverhaltens an modernen An\u00e4sthesiearbeitspl\u00e4tzen im Hinblick auf den Einsatz des KURZcheck zu evaluieren.<\/p>\n<p style=\"font-weight: 400;\">Die Daten untermauern die Notwendigkeit, die inzwischen verf\u00fcgbaren neuen Konnektoren f\u00fcr Beatmungsschl\u00e4uche so schnell wie m\u00f6glich umzur\u00fcsten!<\/p>\n","protected":false},"excerpt":{"rendered":"<p>Die Patientensicherheit bei Allgemeinan\u00e4sthesien hat sich in den letzten Jahren stark verbessert, dennoch kommt es immer wieder zu Zwischenf\u00e4llen, insbesondere im Bereich der Atemwegssicherung und Beatmung. Vor dem Einsatz eines [&hellip;]<\/p>\n","protected":false},"author":2,"featured_media":19189,"comment_status":"open","ping_status":"open","sticky":false,"template":"","format":"standard","meta":{"__cvm_playback_settings":[],"__cvm_video_id":"","jetpack_post_was_ever_published":false,"_jetpack_newsletter_access":"","_jetpack_dont_email_post_to_subs":false,"_jetpack_newsletter_tier_id":0,"_jetpack_memberships_contains_paywalled_content":false,"_jetpack_memberships_contains_paid_content":false,"footnotes":"","jetpack_publicize_message":"","jetpack_publicize_feature_enabled":true,"jetpack_social_post_already_shared":true,"jetpack_social_options":{"image_generator_settings":{"template":"highway","default_image_id":0,"font":"","enabled":false},"version":2},"_wpas_customize_per_network":false},"categories":[501],"tags":[2780],"class_list":["post-19188","post","type-post","status-publish","format-standard","has-post-thumbnail","hentry","category-beatmung","tag-kurzcheck"],"jetpack_publicize_connections":[],"jetpack_featured_media_url":"https:\/\/i0.wp.com\/news-papers.eu\/wp-content\/uploads\/2025\/02\/graf.Abstract-KURZcheck.png?fit=685%2C685","jetpack_sharing_enabled":true,"jetpack_shortlink":"https:\/\/wp.me\/p7fR2g-4Zu","jetpack-related-posts":[{"id":804,"url":"http:\/\/news-papers.eu\/?p=804","url_meta":{"origin":19188,"position":0},"title":"Die S3 Leitlinie &#8222;Nichtinvasive Beatmung&#8220; Teil 4","author":"Michael Bernhard","date":"April 4, 2016","format":false,"excerpt":"Nun zum 4. Teil unserer Reihe zur S3 Leitlinie \"Nichtinasvive Beatmung ...\", heute zum Thema \"Hypox\u00e4mische akute respiratorische Insuffizienz anderer Ursache\". Westhoff M, et al.\u00a0Nichtinvasive Beatmung als Therapie der akuten respiratorischen Insuffizienz.\u00a0S3\u00a0Leitlinie AMWF\u00a0(PDF) Das wesentliche Ziel der NIV-Behandlung bei hypox\u00e4mischen ARI ist die Vergr\u00f6\u00dferung bzw. Normalisierung der pathologisch reduzierten funktionellen\u2026","rel":"","context":"In &quot;NIV-Beatmung&quot;","block_context":{"text":"NIV-Beatmung","link":"http:\/\/news-papers.eu\/?cat=111"},"img":{"alt_text":"NIV_Beatmung","src":"https:\/\/i0.wp.com\/news-papers.eu\/wp-content\/uploads\/2016\/03\/NIV_Beatmung-182x300.png?resize=350%2C200","width":350,"height":200},"classes":[]},{"id":427,"url":"http:\/\/news-papers.eu\/?p=427","url_meta":{"origin":19188,"position":1},"title":"Notfallnarkose &#8211; Damit die Narkose nicht zum Notfall wird &#8230;","author":"Michael Bernhard","date":"April 10, 2016","format":false,"excerpt":"Der wissenschaftliche Arbeitskreis Notfallmedizin der Deutschen Gesellschaft f\u00fcr An\u00e4sthesiologie und Intensivmedizin (DGAI) hat 2013 die Arbeitsgruppe \"Notfallnarkose\" ins Leben gerufen. Nach zweij\u00e4hriger Arbeit wurde am 12.03.2015 die vorliegende Handlungsempfehlung \"Pr\u00e4hospitale Notfallnarkose beim Erwachsenen\" beschlossen (PDF). Parallel wurde diese DGAI-Handlungsempfehlung mit Zustimmung\u00a0der Deutschen Interdisziplin\u00e4ren Vereinigung f\u00fcr Intensiv- und Notfallmedizin (DIVI) bei\u2026","rel":"","context":"In &quot;Notfallnarkose&quot;","block_context":{"text":"Notfallnarkose","link":"http:\/\/news-papers.eu\/?cat=49"},"img":{"alt_text":"","src":"https:\/\/i0.wp.com\/news-papers.eu\/wp-content\/uploads\/2016\/02\/DGAI_HE_Kurversion.png?fit=563%2C755&resize=350%2C200","width":350,"height":200,"srcset":"https:\/\/i0.wp.com\/news-papers.eu\/wp-content\/uploads\/2016\/02\/DGAI_HE_Kurversion.png?fit=563%2C755&resize=350%2C200 1x, https:\/\/i0.wp.com\/news-papers.eu\/wp-content\/uploads\/2016\/02\/DGAI_HE_Kurversion.png?fit=563%2C755&resize=525%2C300 1.5x"},"classes":[]},{"id":9723,"url":"http:\/\/news-papers.eu\/?p=9723","url_meta":{"origin":19188,"position":2},"title":"Nicht-Invasive Beatmungsformen","author":"Michael Bernhard","date":"Juni 21, 2019","format":false,"excerpt":"NIV (Nicht-invasive Beatmung) geh\u00f6rt in die Notfallmedizin und ist hier nicht mehr wegzudenken. Gerade deswegen ben\u00f6tigen wir gute \u00dcbersichtsartikel um das Wissen praktisch an die Anwender zu bringen. Dembinski legt nun einen solchen exzellenten Artikel in An\u00e4sthesiologie & Intensivmedizin vor: Dembinski R.\u00a0Nichtinvasive Beatmungsformen.\u00a0An\u00e4sth Intensivmed 2019;60:308-315 (PDF) Ziel der NIV ist\u2026","rel":"","context":"In &quot;Beatmung&quot;","block_context":{"text":"Beatmung","link":"http:\/\/news-papers.eu\/?cat=501"},"img":{"alt_text":"","src":"https:\/\/i0.wp.com\/news-papers.eu\/wp-content\/uploads\/2016\/03\/NIV_Beatmung-182x300.png?resize=350%2C200","width":350,"height":200},"classes":[]},{"id":19476,"url":"http:\/\/news-papers.eu\/?p=19476","url_meta":{"origin":19188,"position":3},"title":"Rachen-CPAP bei erwachsenen Patienten mit potentiell schwierigem Atemweg","author":"Bj\u00f6rn Hossfeld","date":"April 13, 2025","format":false,"excerpt":"Ein Gastbeitrag von Ferdinand Maier, Ulm\u00a0\u00a0\u00a0\u00a0\u00a0\u00a0\u00a0\u00a0\u00a0Rachen-CPAP beschreibt eine bei kleinen Kindern routinem\u00e4\u00dfig angewandte Technik zur Beatmung \u00fcber einen nasopharyngeal eingelegten Tubus, der jedoch nicht endotracheal platziert wird, sondern ungeblockt im Rachenraum zum Liegen kommt. \u00a9 NERDfallmedizin.de: Basierend auf CPR Infant Airway, Wikimedia Commons, BruceBlaus Hierf\u00fcr wird ein Tubus mit dem\u2026","rel":"","context":"In &quot;Atemwegsmanagement&quot;","block_context":{"text":"Atemwegsmanagement","link":"http:\/\/news-papers.eu\/?cat=3"},"img":{"alt_text":"","src":"https:\/\/i0.wp.com\/news-papers.eu\/wp-content\/uploads\/2025\/04\/NERDfallmedizin-rachen-cpap.png?fit=666%2C470&resize=350%2C200","width":350,"height":200,"srcset":"https:\/\/i0.wp.com\/news-papers.eu\/wp-content\/uploads\/2025\/04\/NERDfallmedizin-rachen-cpap.png?fit=666%2C470&resize=350%2C200 1x, https:\/\/i0.wp.com\/news-papers.eu\/wp-content\/uploads\/2025\/04\/NERDfallmedizin-rachen-cpap.png?fit=666%2C470&resize=525%2C300 1.5x"},"classes":[]},{"id":3297,"url":"http:\/\/news-papers.eu\/?p=3297","url_meta":{"origin":19188,"position":4},"title":"Beatmung des kritisch kranken Patienten &#8211; Teil 3","author":"Michael Bernhard","date":"M\u00e4rz 11, 2017","format":false,"excerpt":"Auch heute geht es wird um die kontrollierte und assistierte\u00a0Beatmung des kritisch kranken Patienten. Grundlage ist weiterhin der exzellente Artikel von: Jahn N, et al. Beatmung des\u00a0Intensivpatienten \u2013\u00a0eine Praxisanleitung. An\u00e4sth Intensivmed 2016;\u00a057: 730-744 Kontrollierte und assistierte\u00a0Beatmungsformen maschinelle Beatmung kann in kontrollierte und assistierte Formen unterteilt werden kontrollierte Beatmung: Atemarbeit wird\u2026","rel":"","context":"In &quot;Beatmung&quot;","block_context":{"text":"Beatmung","link":"http:\/\/news-papers.eu\/?cat=501"},"img":{"alt_text":"","src":"https:\/\/i0.wp.com\/news-papers.eu\/wp-content\/uploads\/2017\/03\/Bildschirmfoto-2016-12-20-um-21.32.49-e1482266017628.png?fit=500%2C265&resize=350%2C200","width":350,"height":200},"classes":[]},{"id":9099,"url":"http:\/\/news-papers.eu\/?p=9099","url_meta":{"origin":19188,"position":5},"title":"S1 Leitlinie Pr\u00e4hospitales Atemwegsmanagement der AWMF &#8211; Teil 3","author":"Michael Bernhard","date":"M\u00e4rz 18, 2019","format":false,"excerpt":"Gerade ist bei der AWMF die S1 Leitlinie \"Pr\u00e4hospitales Atemwegsmanagement\" ver\u00f6ffentlicht worden: Timmermann et al. AWMF Leitlinie \u201ePr\u00e4hospitales Atemwegsmanagement\u201c. AWMF-Register-Nr.: 001 -040 (PDF) Die Leitlinie ist unter diesem Link zu erhalten: https:\/\/www.awmf.org\/leitlinien\/detail\/ll\/001-040.html Anbei einige der Kernaussagen, aber lesen Sie auch immer den Hintergrundtext, um die wichtigsten Punkte zu erfahren: Ma\u00dfnahmen\u2026","rel":"","context":"In &quot;allgemein&quot;","block_context":{"text":"allgemein","link":"http:\/\/news-papers.eu\/?cat=2"},"img":{"alt_text":"","src":"https:\/\/i0.wp.com\/news-papers.eu\/wp-content\/uploads\/2018\/03\/Ikone_Atemwegsregister.jpg?fit=480%2C479&resize=350%2C200","width":350,"height":200},"classes":[]}],"jetpack_likes_enabled":true,"_links":{"self":[{"href":"http:\/\/news-papers.eu\/index.php?rest_route=\/wp\/v2\/posts\/19188","targetHints":{"allow":["GET"]}}],"collection":[{"href":"http:\/\/news-papers.eu\/index.php?rest_route=\/wp\/v2\/posts"}],"about":[{"href":"http:\/\/news-papers.eu\/index.php?rest_route=\/wp\/v2\/types\/post"}],"author":[{"embeddable":true,"href":"http:\/\/news-papers.eu\/index.php?rest_route=\/wp\/v2\/users\/2"}],"replies":[{"embeddable":true,"href":"http:\/\/news-papers.eu\/index.php?rest_route=%2Fwp%2Fv2%2Fcomments&post=19188"}],"version-history":[{"count":1,"href":"http:\/\/news-papers.eu\/index.php?rest_route=\/wp\/v2\/posts\/19188\/revisions"}],"predecessor-version":[{"id":19190,"href":"http:\/\/news-papers.eu\/index.php?rest_route=\/wp\/v2\/posts\/19188\/revisions\/19190"}],"wp:featuredmedia":[{"embeddable":true,"href":"http:\/\/news-papers.eu\/index.php?rest_route=\/wp\/v2\/media\/19189"}],"wp:attachment":[{"href":"http:\/\/news-papers.eu\/index.php?rest_route=%2Fwp%2Fv2%2Fmedia&parent=19188"}],"wp:term":[{"taxonomy":"category","embeddable":true,"href":"http:\/\/news-papers.eu\/index.php?rest_route=%2Fwp%2Fv2%2Fcategories&post=19188"},{"taxonomy":"post_tag","embeddable":true,"href":"http:\/\/news-papers.eu\/index.php?rest_route=%2Fwp%2Fv2%2Ftags&post=19188"}],"curies":[{"name":"wp","href":"https:\/\/api.w.org\/{rel}","templated":true}]}}