{"id":1915,"date":"2016-06-29T04:48:06","date_gmt":"2016-06-29T02:48:06","guid":{"rendered":"http:\/\/news-papers.eu\/?p=1915"},"modified":"2016-06-28T23:03:21","modified_gmt":"2016-06-28T21:03:21","slug":"chronisch-ueberlastet","status":"publish","type":"post","link":"http:\/\/news-papers.eu\/?p=1915","title":{"rendered":"Chronisch \u00fcberlastet?"},"content":{"rendered":"<p style=\"text-align: justify;\"><a href=\"http:\/\/www.zdf.de\/ZDFmediathek#\/beitrag\/video\/2763252\/Chronisch-\u00fcberlastet\" target=\"_blank\"><img data-recalc-dims=\"1\" loading=\"lazy\" decoding=\"async\" data-attachment-id=\"604\" data-permalink=\"http:\/\/news-papers.eu\/?attachment_id=604\" data-orig-file=\"https:\/\/i0.wp.com\/news-papers.eu\/wp-content\/uploads\/2016\/02\/Desaturierung.png?fit=567%2C401\" data-orig-size=\"567,401\" data-comments-opened=\"1\" data-image-meta=\"{&quot;aperture&quot;:&quot;0&quot;,&quot;credit&quot;:&quot;&quot;,&quot;camera&quot;:&quot;&quot;,&quot;caption&quot;:&quot;&quot;,&quot;created_timestamp&quot;:&quot;0&quot;,&quot;copyright&quot;:&quot;&quot;,&quot;focal_length&quot;:&quot;0&quot;,&quot;iso&quot;:&quot;0&quot;,&quot;shutter_speed&quot;:&quot;0&quot;,&quot;title&quot;:&quot;&quot;,&quot;orientation&quot;:&quot;0&quot;}\" data-image-title=\"Desaturierung\" data-image-description=\"\" data-image-caption=\"\" data-large-file=\"https:\/\/i0.wp.com\/news-papers.eu\/wp-content\/uploads\/2016\/02\/Desaturierung.png?fit=567%2C401\" class=\"size-medium wp-image-604 alignright\" src=\"https:\/\/i0.wp.com\/news-papers.eu\/wp-content\/uploads\/2016\/02\/Desaturierung.png?resize=300%2C212\" alt=\"Desaturierung\" width=\"300\" height=\"212\" srcset=\"https:\/\/i0.wp.com\/news-papers.eu\/wp-content\/uploads\/2016\/02\/Desaturierung.png?resize=300%2C212 300w, https:\/\/i0.wp.com\/news-papers.eu\/wp-content\/uploads\/2016\/02\/Desaturierung.png?w=567 567w\" sizes=\"auto, (max-width: 300px) 100vw, 300px\" \/><\/a>Nicht-\u00e4rztliches und \u00e4rztliches Personal arbeitet tagt\u00e4glich in Notaufnahmen am Limit.<\/p>\n<p style=\"text-align: justify;\">Ein toller Beitrag lief gestern Abend im ZDF in der Sendung <strong>&#8222;37\u00b0&#8220;<\/strong>, richtig aus dem Leben, mit viel Herz, Gef\u00fchl, Begeisterung und vor allem Realit\u00e4tsbezug:<\/p>\n<blockquote><p><strong><a href=\"http:\/\/www.zdf.de\/ZDFmediathek#\/beitrag\/video\/2763252\/Chronisch-\u00fcberlastet\" target=\"_blank\">Chronische \u00fcberlastet?<\/a><\/strong><\/p><\/blockquote>\n<p style=\"text-align: justify;\">Selten wird so klar Stellung bezogen zu den Arbeitsbedingungen, den beruflichen Auswirkungen auf das Privatleben und die M\u00f6glichkeiten und Grenzen des Einzelnen im Berufsalltag. Herzlichen Gl\u00fcckwunsch zu diesem mutigen und auch wichtigen Beitrag.<\/p>\n<p style=\"text-align: justify;\">Arbeiten wir gemeinsam daran, dass die Arbeitsbedingungen f\u00fcr das Personal in Notaufnahmen besser werden und wir dann noch besser unseren Patienten helfen k\u00f6nnen.<\/p>\n<p style=\"text-align: justify;\">Dazu z\u00e4hlt auch einfach einmal <strong>&#8222;Danke sagen&#8220; <\/strong>und<strong> dankbar sein<\/strong> f\u00fcr die Zusammenarbeit, die Kooperation in schwierigen Situationen, das interdisziplin\u00e4re und interprofessionelle Zusammenspiel und die gemeinsame t\u00e4gliche Arbeit.<\/p>\n","protected":false},"excerpt":{"rendered":"<p>Nicht-\u00e4rztliches und \u00e4rztliches Personal arbeitet tagt\u00e4glich in Notaufnahmen am Limit. Ein toller Beitrag lief gestern Abend im ZDF in der Sendung &#8222;37\u00b0&#8220;, richtig aus dem Leben, mit viel Herz, Gef\u00fchl, [&hellip;]<\/p>\n","protected":false},"author":2,"featured_media":865,"comment_status":"open","ping_status":"open","sticky":false,"template":"","format":"standard","meta":{"__cvm_playback_settings":[],"__cvm_video_id":"","jetpack_post_was_ever_published":false,"_jetpack_newsletter_access":"","_jetpack_dont_email_post_to_subs":false,"_jetpack_newsletter_tier_id":0,"_jetpack_memberships_contains_paywalled_content":false,"_jetpack_memberships_contains_paid_content":false,"footnotes":"","jetpack_publicize_message":"","jetpack_publicize_feature_enabled":true,"jetpack_social_post_already_shared":true,"jetpack_social_options":{"image_generator_settings":{"template":"highway","default_image_id":0,"font":"","enabled":false},"version":2},"_wpas_customize_per_network":false},"categories":[10],"tags":[384,383],"class_list":["post-1915","post","type-post","status-publish","format-standard","has-post-thumbnail","hentry","category-zentrale-interdisziplinaere-notaufnahme","tag-chronisch-ueberlastet","tag-zdf-mediathek"],"jetpack_publicize_connections":[],"jetpack_featured_media_url":"https:\/\/i0.wp.com\/news-papers.eu\/wp-content\/uploads\/2016\/03\/image1.jpeg?fit=640%2C464","jetpack_sharing_enabled":true,"jetpack_shortlink":"https:\/\/wp.me\/p7fR2g-uT","jetpack-related-posts":[{"id":2856,"url":"http:\/\/news-papers.eu\/?p=2856","url_meta":{"origin":1915,"position":0},"title":"ZDF: Beitrag \u00fcber Crowding in der Notaufnahme","author":"Bj\u00f6rn Hossfeld","date":"November 6, 2016","format":false,"excerpt":"In der Ausgabe vom 5. November thematisiert das ZDF in der Sendung \"Hallo Deutschland\" gleich im ersten Beitrag die \u00dcberbeanspruchung (\"Crowding\") der interdisziplin\u00e4ren Notfallaufnahmen in den Krankenh\u00e4usern. Am Beispiel des Schwarzwald-Baar-Klinikums in Villingen-Schwenningen wird die Integration der Kassen\u00e4rztlichen Notfallpraxis in die Notaufnahme als ein m\u00f6glicher L\u00f6sungsansatz diskutiert. Dr. Bernhard Kumle,\u2026","rel":"","context":"In &quot;Zentrale interdisziplin\u00e4re Notaufnahme&quot;","block_context":{"text":"Zentrale interdisziplin\u00e4re Notaufnahme","link":"http:\/\/news-papers.eu\/?cat=10"},"img":{"alt_text":"zdf-hallo-deutschland","src":"https:\/\/i0.wp.com\/news-papers.eu\/wp-content\/uploads\/2016\/11\/ZDF-Hallo-Deutschland.png?fit=688%2C286&resize=350%2C200","width":350,"height":200,"srcset":"https:\/\/i0.wp.com\/news-papers.eu\/wp-content\/uploads\/2016\/11\/ZDF-Hallo-Deutschland.png?fit=688%2C286&resize=350%2C200 1x, https:\/\/i0.wp.com\/news-papers.eu\/wp-content\/uploads\/2016\/11\/ZDF-Hallo-Deutschland.png?fit=688%2C286&resize=525%2C300 1.5x"},"classes":[]},{"id":14659,"url":"http:\/\/news-papers.eu\/?p=14659","url_meta":{"origin":1915,"position":1},"title":"Bayerische Not\u00e4rzte warnen vor \u00dcberlastung der Krankenh\u00e4user","author":"Bj\u00f6rn Hossfeld","date":"November 15, 2021","format":false,"excerpt":"Die Arbeitsgemeinschaft der in Bayern t\u00e4tigen Not\u00e4rzte und Not\u00e4rztinnen (agbn) e.V. wendet sich in einem offenen Brief an den bayerischen Ministerpr\u00e4sidenten Markus S\u00f6der, dessen Gesundheitsminister Klaus Holetschek und Innenminister Joachim Herrmann. Bereits jetzt seien die Krankenh\u00e4user und Intensivstationen an ihrer Belastungsgrenze. Deshalb w\u00fcrden seit Wochen Patienten in weiter entfernte Krankenh\u00e4user\u2026","rel":"","context":"In &quot;COVID-19&quot;","block_context":{"text":"COVID-19","link":"http:\/\/news-papers.eu\/?cat=1821"},"img":{"alt_text":"","src":"https:\/\/i0.wp.com\/news-papers.eu\/wp-content\/uploads\/2021\/11\/agbn.png?fit=1200%2C535&resize=350%2C200","width":350,"height":200,"srcset":"https:\/\/i0.wp.com\/news-papers.eu\/wp-content\/uploads\/2021\/11\/agbn.png?fit=1200%2C535&resize=350%2C200 1x, https:\/\/i0.wp.com\/news-papers.eu\/wp-content\/uploads\/2021\/11\/agbn.png?fit=1200%2C535&resize=525%2C300 1.5x, https:\/\/i0.wp.com\/news-papers.eu\/wp-content\/uploads\/2021\/11\/agbn.png?fit=1200%2C535&resize=700%2C400 2x, https:\/\/i0.wp.com\/news-papers.eu\/wp-content\/uploads\/2021\/11\/agbn.png?fit=1200%2C535&resize=1050%2C600 3x"},"classes":[]},{"id":6544,"url":"http:\/\/news-papers.eu\/?p=6544","url_meta":{"origin":1915,"position":2},"title":"Notfallmedizinische Versorgung bei konventionellen terroristischen Anschl\u00e4gen","author":"Bj\u00f6rn Hossfeld","date":"Dezember 14, 2017","format":false,"excerpt":"Die Ereignisse der letzten Jahre haben gezeigt, wie bedeutend die Auseinandersetzung mit der Thematik \"Rettungsdienst in bedrohlichen Lagen\" ist und wie dringend Konzepte f\u00fcr die Bew\u00e4ltigung solcher Lagen ben\u00f6tigt werden. Ein aktueller Beitrag in Notfallmedizin up2date beleuchtet die einsatztaktischen Aspekte eines konventionellen Anschlags und die rettungsdienstliche Versorgung in einem solchen\u2026","rel":"","context":"In &quot;Taktische Medizin&quot;","block_context":{"text":"Taktische Medizin","link":"http:\/\/news-papers.eu\/?cat=25"},"img":{"alt_text":"","src":"https:\/\/i0.wp.com\/news-papers.eu\/wp-content\/uploads\/2017\/12\/Bildschirmfoto-2017-12-10-um-11.23.45.png?fit=1200%2C419&resize=350%2C200","width":350,"height":200,"srcset":"https:\/\/i0.wp.com\/news-papers.eu\/wp-content\/uploads\/2017\/12\/Bildschirmfoto-2017-12-10-um-11.23.45.png?fit=1200%2C419&resize=350%2C200 1x, https:\/\/i0.wp.com\/news-papers.eu\/wp-content\/uploads\/2017\/12\/Bildschirmfoto-2017-12-10-um-11.23.45.png?fit=1200%2C419&resize=525%2C300 1.5x, https:\/\/i0.wp.com\/news-papers.eu\/wp-content\/uploads\/2017\/12\/Bildschirmfoto-2017-12-10-um-11.23.45.png?fit=1200%2C419&resize=700%2C400 2x, https:\/\/i0.wp.com\/news-papers.eu\/wp-content\/uploads\/2017\/12\/Bildschirmfoto-2017-12-10-um-11.23.45.png?fit=1200%2C419&resize=1050%2C600 3x"},"classes":[]},{"id":11039,"url":"http:\/\/news-papers.eu\/?p=11039","url_meta":{"origin":1915,"position":3},"title":"Immer mehr Intensivstationen \u00fcberlastet!","author":"Michael Bernhard","date":"M\u00e4rz 3, 2020","format":false,"excerpt":"PANORAMA 3 berichtet \u00fcber geschlossenen Intensivstationbetten aufgrund von Intensivpflegemangel, z.B. an jedem dritten Tage sind alle Intensivstationen in Bremen abgemeldet. Viele interessante Aspekte und wichtige Hintergrundinformationen. Gerade Notaufnahmen sehen sich ja immer wieder mit schwierigen Abflusskonstellationen in das Intensivsetting konfrontiert. Link:\u00a0https:\/\/www.ndr.de\/nachrichten\/niedersachsen\/Immer-mehr-Intensivstationen-ueberlastet-,intensivpflege106.html","rel":"","context":"In &quot;www - Netzressource&quot;","block_context":{"text":"www - Netzressource","link":"http:\/\/news-papers.eu\/?cat=368"},"img":{"alt_text":"Intensivstation","src":"https:\/\/i0.wp.com\/news-papers.eu\/wp-content\/uploads\/2020\/02\/arabian-gulf-80359_1920-e1581772094482.jpg?fit=1000%2C656&resize=350%2C200","width":350,"height":200,"srcset":"https:\/\/i0.wp.com\/news-papers.eu\/wp-content\/uploads\/2020\/02\/arabian-gulf-80359_1920-e1581772094482.jpg?fit=1000%2C656&resize=350%2C200 1x, https:\/\/i0.wp.com\/news-papers.eu\/wp-content\/uploads\/2020\/02\/arabian-gulf-80359_1920-e1581772094482.jpg?fit=1000%2C656&resize=525%2C300 1.5x, https:\/\/i0.wp.com\/news-papers.eu\/wp-content\/uploads\/2020\/02\/arabian-gulf-80359_1920-e1581772094482.jpg?fit=1000%2C656&resize=700%2C400 2x"},"classes":[]},{"id":16154,"url":"http:\/\/news-papers.eu\/?p=16154","url_meta":{"origin":1915,"position":4},"title":"VERKNACKST, VERSCHLUCKT, VERBRANNT: Das Buch, das die Notaufnahme ersparen kann","author":"Bj\u00f6rn Hossfeld","date":"November 21, 2022","format":false,"excerpt":"Unf\u00e4lle mit Kindern geh\u00f6ren zum Familienalltag dazu. Der erste Impuls vieler Eltern: Ab in die Klinik! Dabei handelt es sich bei einer u\u0308berw\u00e4ltigenden Mehrheit der Verletzungen gar nicht um echte Notf\u00e4lle. Die Folge: Viele Notaufnahmen sind u\u0308berlastet, die Nerven aller Anwesenden zum Zerrei\u00dfen gespannt. Genau das wollen Benedict-Douglas Sannwaldt und\u2026","rel":"","context":"In &quot;Kindernotf\u00e4lle&quot;","block_context":{"text":"Kindernotf\u00e4lle","link":"http:\/\/news-papers.eu\/?cat=13"},"img":{"alt_text":"","src":"https:\/\/i0.wp.com\/news-papers.eu\/wp-content\/uploads\/2022\/11\/verknackst-verschluckt-verbrannt-Titel.png?fit=578%2C759&resize=350%2C200","width":350,"height":200,"srcset":"https:\/\/i0.wp.com\/news-papers.eu\/wp-content\/uploads\/2022\/11\/verknackst-verschluckt-verbrannt-Titel.png?fit=578%2C759&resize=350%2C200 1x, https:\/\/i0.wp.com\/news-papers.eu\/wp-content\/uploads\/2022\/11\/verknackst-verschluckt-verbrannt-Titel.png?fit=578%2C759&resize=525%2C300 1.5x"},"classes":[]},{"id":4569,"url":"http:\/\/news-papers.eu\/?p=4569","url_meta":{"origin":1915,"position":5},"title":"Notfallmedizin 2.0","author":"Michael Bernhard","date":"Juni 19, 2017","format":false,"excerpt":"Im Jahr 2003 wurde von Professor Gries et al. in \"Der Anaesthesist\" eine\u00a0Beitrag zur \u201eZukunft der pr\u00e4klinischen\u00a0Notfallmedizin in Deutschland\u201c ver\u00f6ffentlicht (LINK). Der sich damals fast ausschlie\u00dflich auf die\u00a0pr\u00e4hospitalen\u00a0Notfallrettung bezogene Artikel, muss heute bei einer sich\u00a0stetig \u00a0weiterentwickelten, und auch im innerklinischen Bereich sind zunehmend in den Fokus r\u00fcckenden Notfallmedizin\u00a0(z.B. Zentrale Notaufnahmen,\u2026","rel":"","context":"In &quot;Zukunft&quot;","block_context":{"text":"Zukunft","link":"http:\/\/news-papers.eu\/?cat=991"},"img":{"alt_text":"","src":"https:\/\/i0.wp.com\/news-papers.eu\/wp-content\/uploads\/2017\/06\/Gubschrauber-300x200.jpg?resize=350%2C200","width":350,"height":200},"classes":[]}],"jetpack_likes_enabled":true,"_links":{"self":[{"href":"http:\/\/news-papers.eu\/index.php?rest_route=\/wp\/v2\/posts\/1915","targetHints":{"allow":["GET"]}}],"collection":[{"href":"http:\/\/news-papers.eu\/index.php?rest_route=\/wp\/v2\/posts"}],"about":[{"href":"http:\/\/news-papers.eu\/index.php?rest_route=\/wp\/v2\/types\/post"}],"author":[{"embeddable":true,"href":"http:\/\/news-papers.eu\/index.php?rest_route=\/wp\/v2\/users\/2"}],"replies":[{"embeddable":true,"href":"http:\/\/news-papers.eu\/index.php?rest_route=%2Fwp%2Fv2%2Fcomments&post=1915"}],"version-history":[{"count":5,"href":"http:\/\/news-papers.eu\/index.php?rest_route=\/wp\/v2\/posts\/1915\/revisions"}],"predecessor-version":[{"id":1920,"href":"http:\/\/news-papers.eu\/index.php?rest_route=\/wp\/v2\/posts\/1915\/revisions\/1920"}],"wp:featuredmedia":[{"embeddable":true,"href":"http:\/\/news-papers.eu\/index.php?rest_route=\/wp\/v2\/media\/865"}],"wp:attachment":[{"href":"http:\/\/news-papers.eu\/index.php?rest_route=%2Fwp%2Fv2%2Fmedia&parent=1915"}],"wp:term":[{"taxonomy":"category","embeddable":true,"href":"http:\/\/news-papers.eu\/index.php?rest_route=%2Fwp%2Fv2%2Fcategories&post=1915"},{"taxonomy":"post_tag","embeddable":true,"href":"http:\/\/news-papers.eu\/index.php?rest_route=%2Fwp%2Fv2%2Ftags&post=1915"}],"curies":[{"name":"wp","href":"https:\/\/api.w.org\/{rel}","templated":true}]}}