{"id":19134,"date":"2025-01-28T01:12:38","date_gmt":"2025-01-28T00:12:38","guid":{"rendered":"http:\/\/news-papers.eu\/?p=19134"},"modified":"2025-01-25T23:03:57","modified_gmt":"2025-01-25T22:03:57","slug":"stressresilienz-training-teilnehmer-gesucht","status":"publish","type":"post","link":"http:\/\/news-papers.eu\/?p=19134","title":{"rendered":"Stressresilienz Training &#8211; Teilnehmer gesucht"},"content":{"rendered":"<p style=\"text-align: justify;\">Bei Gro\u00dfschadenslagen mit einem Massenanfall an Verletzten (MANV), sei es bei Terroranschl\u00e4gen oder im Katastrophenfall, mu\u0308ssen Einsatzkr\u00e4fte unter hohem zeitlichem Druck und unter schwierigsten Bedingungen h\u00e4ufig weitreichende Entscheidungen treffen, die u\u0308ber Leben und Tod entscheiden k\u00f6nnen. In au\u00dfergew\u00f6hnlichen Einsatzlagen erleben Einsatzkr\u00e4fte bei der Sichtung und Klassifizierung von Verletzten (Triage) das Gefu\u0308hl der \u00dcberforderung und sind Stresssituationen ausgesetzt. Um bestm\u00f6glich agieren zu k\u00f6nnen, mu\u0308ssen Stresssituationen realit\u00e4tsnah trainiert werden.<\/p>\n<p style=\"text-align: justify;\">In einem gemeinsamen Forschungsprojekt der Universit\u00e4t der Bundeswehr in M\u00fcnchen und des Ulmer Bundeswehrkrankenhauses mit vielen weiteren Partnern und unter F\u00f6rderung des Bundesministeriums f\u00fcr Bildung und Forschung (<a href=\"https:\/\/www.bmbf.de\/DE\/Home\/home_node.html\" target=\"_blank\" rel=\"noopener\"><strong>BMBF<\/strong><\/a>) soll untersucht werden, ob virtuelle Trainings auf solche Eins\u00e4tze vorbereiten k\u00f6nnen.<\/p>\n<p>F\u00fcr diese Studie werden <strong>Probanden gesucht, <\/strong>die an einer<\/p>\n<blockquote><p><strong>realit\u00e4tsnahen Einsatz\u00fcbung <\/strong><\/p>\n<p><strong>im Bayerischen Zentrum f\u00fcr besondere Einsatzlagen (BayZBE) in Windischeschenbach <\/strong><\/p>\n<p><strong>am <\/strong><strong>22. und 23.03.2025 <\/strong><\/p><\/blockquote>\n<p>teilnehmen wollen &#8211; alle weiteren Informationen finden sich im <strong><a href=\"http:\/\/news-papers.eu\/wp-content\/uploads\/2025\/01\/One-Pager-Rekrutierung-Zivil-AKTUELL-Update-250125-1.pdf\">Flyer<\/a><\/strong>.<\/p>\n","protected":false},"excerpt":{"rendered":"<p>Bei Gro\u00dfschadenslagen mit einem Massenanfall an Verletzten (MANV), sei es bei Terroranschl\u00e4gen oder im Katastrophenfall, mu\u0308ssen Einsatzkr\u00e4fte unter hohem zeitlichem Druck und unter schwierigsten Bedingungen h\u00e4ufig weitreichende Entscheidungen treffen, die [&hellip;]<\/p>\n","protected":false},"author":1,"featured_media":16843,"comment_status":"open","ping_status":"open","sticky":false,"template":"","format":"standard","meta":{"__cvm_playback_settings":[],"__cvm_video_id":"","jetpack_post_was_ever_published":false,"_jetpack_newsletter_access":"","_jetpack_dont_email_post_to_subs":false,"_jetpack_newsletter_tier_id":0,"_jetpack_memberships_contains_paywalled_content":false,"_jetpack_memberships_contains_paid_content":false,"footnotes":"","jetpack_publicize_message":"","jetpack_publicize_feature_enabled":true,"jetpack_social_post_already_shared":true,"jetpack_social_options":{"image_generator_settings":{"template":"highway","default_image_id":0,"font":"","enabled":false},"version":2},"_wpas_customize_per_network":false},"categories":[2754],"tags":[2770,231],"class_list":["post-19134","post","type-post","status-publish","format-standard","has-post-thumbnail","hentry","category-wissenschaft","tag-stressresilienz","tag-training"],"jetpack_publicize_connections":[],"jetpack_featured_media_url":"https:\/\/i0.wp.com\/news-papers.eu\/wp-content\/uploads\/2023\/04\/MANV-Header.png?fit=1630%2C578","jetpack_sharing_enabled":true,"jetpack_shortlink":"https:\/\/wp.me\/p7fR2g-4YC","jetpack-related-posts":[{"id":5390,"url":"http:\/\/news-papers.eu\/?p=5390","url_meta":{"origin":19134,"position":0},"title":"Kurs &#8222;Leitender Notarzt\/OrgL&#8220; in Kiel","author":"Michael Bernhard","date":"August 25, 2017","format":false,"excerpt":"Das Institut f\u00fcr Rettungs- und Notfallmedizin in Kiel bietet einen Kurs zum Leitenden Notarzt\/OrgL an. Der Leitende Notarzt und der Organisatorische Leiter Rettungsdienst bilden bei einem Schadensereignis mit einer Vielzahl von verletzten oder erkrankten Personen die Abschnittsleitung\/Einsatzleitung Rettungsdienst. Hierbei hat der Leitende Notarzt seinen Einsatzschwerpunkt bei den medizinisch-organisatorischen Aufgaben, wie\u2026","rel":"","context":"In &quot;Veranstaltungshinweis&quot;","block_context":{"text":"Veranstaltungshinweis","link":"http:\/\/news-papers.eu\/?cat=30"},"img":{"alt_text":"","src":"https:\/\/i0.wp.com\/news-papers.eu\/wp-content\/uploads\/2017\/08\/Bildschirmfoto-2017-08-16-um-12.02.19-300x186.png?resize=350%2C200","width":350,"height":200},"classes":[]},{"id":6544,"url":"http:\/\/news-papers.eu\/?p=6544","url_meta":{"origin":19134,"position":1},"title":"Notfallmedizinische Versorgung bei konventionellen terroristischen Anschl\u00e4gen","author":"Bj\u00f6rn Hossfeld","date":"Dezember 14, 2017","format":false,"excerpt":"Die Ereignisse der letzten Jahre haben gezeigt, wie bedeutend die Auseinandersetzung mit der Thematik \"Rettungsdienst in bedrohlichen Lagen\" ist und wie dringend Konzepte f\u00fcr die Bew\u00e4ltigung solcher Lagen ben\u00f6tigt werden. Ein aktueller Beitrag in Notfallmedizin up2date beleuchtet die einsatztaktischen Aspekte eines konventionellen Anschlags und die rettungsdienstliche Versorgung in einem solchen\u2026","rel":"","context":"In &quot;Taktische Medizin&quot;","block_context":{"text":"Taktische Medizin","link":"http:\/\/news-papers.eu\/?cat=25"},"img":{"alt_text":"","src":"https:\/\/i0.wp.com\/news-papers.eu\/wp-content\/uploads\/2017\/12\/Bildschirmfoto-2017-12-10-um-11.23.45.png?fit=1200%2C419&resize=350%2C200","width":350,"height":200,"srcset":"https:\/\/i0.wp.com\/news-papers.eu\/wp-content\/uploads\/2017\/12\/Bildschirmfoto-2017-12-10-um-11.23.45.png?fit=1200%2C419&resize=350%2C200 1x, https:\/\/i0.wp.com\/news-papers.eu\/wp-content\/uploads\/2017\/12\/Bildschirmfoto-2017-12-10-um-11.23.45.png?fit=1200%2C419&resize=525%2C300 1.5x, https:\/\/i0.wp.com\/news-papers.eu\/wp-content\/uploads\/2017\/12\/Bildschirmfoto-2017-12-10-um-11.23.45.png?fit=1200%2C419&resize=700%2C400 2x, https:\/\/i0.wp.com\/news-papers.eu\/wp-content\/uploads\/2017\/12\/Bildschirmfoto-2017-12-10-um-11.23.45.png?fit=1200%2C419&resize=1050%2C600 3x"},"classes":[]},{"id":18158,"url":"http:\/\/news-papers.eu\/?p=18158","url_meta":{"origin":19134,"position":2},"title":"tacSTART-Algorithmus-Studie beim WWF in Davos","author":"Michael Bernhard","date":"April 15, 2024","format":false,"excerpt":"Bei Massenanfallen von Verletzten (MANV) besteht oft ein Missverh\u00e4ltnis zwischen dem Behandlungsbedarf und den verfu\u0308gbaren Ressourcen. Verschiedene Sichtungssysteme werden pr\u00e4klinisch verwendet, darunter der \u201etactical Simple Triage and Rapid Treatment\u201c(tacSTART)-Algorithmus, der speziell fu\u0308r Bedrohungslagen entwickelt wurde. Die vorliegende Studie der Arbeitsgruppe um Wunderlich et al. untersuchte, ob der tacSTART-Algorithmus von zivilen\u2026","rel":"","context":"In &quot;Simulation&quot;","block_context":{"text":"Simulation","link":"http:\/\/news-papers.eu\/?cat=1077"},"img":{"alt_text":"","src":"https:\/\/i0.wp.com\/news-papers.eu\/wp-content\/uploads\/2024\/04\/Bildschirmfoto-2024-04-05-um-22.08.07.png?fit=1198%2C1192&resize=350%2C200","width":350,"height":200,"srcset":"https:\/\/i0.wp.com\/news-papers.eu\/wp-content\/uploads\/2024\/04\/Bildschirmfoto-2024-04-05-um-22.08.07.png?fit=1198%2C1192&resize=350%2C200 1x, https:\/\/i0.wp.com\/news-papers.eu\/wp-content\/uploads\/2024\/04\/Bildschirmfoto-2024-04-05-um-22.08.07.png?fit=1198%2C1192&resize=525%2C300 1.5x, https:\/\/i0.wp.com\/news-papers.eu\/wp-content\/uploads\/2024\/04\/Bildschirmfoto-2024-04-05-um-22.08.07.png?fit=1198%2C1192&resize=700%2C400 2x, https:\/\/i0.wp.com\/news-papers.eu\/wp-content\/uploads\/2024\/04\/Bildschirmfoto-2024-04-05-um-22.08.07.png?fit=1198%2C1192&resize=1050%2C600 3x"},"classes":[]},{"id":15016,"url":"http:\/\/news-papers.eu\/?p=15016","url_meta":{"origin":19134,"position":3},"title":"Vereinfachtes Meldesystem \u00fcber Gewaltangriffe auf Feuerwehr- und Rettungskr\u00e4fte startet","author":"Michael Bernhard","date":"Januar 30, 2022","format":false,"excerpt":"Ein Gastbeitrag von David Marten, Feuerwehr Ratingen: Am 10.01.2022 startete das \u201eInnovative Melde- und Erfassungs-system Gewalt\u00fcbergriffe (IMEG)\u201c f\u00fcr Einsatzkr\u00e4fte des Rettungsdienstes und der Feuerwehr in Nordrhein-Westfalen. Elf Kreise und kreisfreie St\u00e4dte testen in einer Pilotphase das IT-System. K\u00f6rperliche Angriffe, verbale und nonverbale \u00dcbergriffe sowie Sachbesch\u00e4digungen k\u00f6nnen dort k\u00fcnftig online und\u2026","rel":"","context":"In &quot;www - Netzressource&quot;","block_context":{"text":"www - Netzressource","link":"http:\/\/news-papers.eu\/?cat=368"},"img":{"alt_text":"","src":"https:\/\/i0.wp.com\/news-papers.eu\/wp-content\/uploads\/2022\/01\/Bildschirmfoto-2022-01-22-um-07.53.38-267x300.png?resize=350%2C200","width":350,"height":200},"classes":[]},{"id":17324,"url":"http:\/\/news-papers.eu\/?p=17324","url_meta":{"origin":19134,"position":4},"title":"Gemeinsam gegen Gewalt &#8211; Aktionsb\u00fcndnis zum Schutz von Feuerwehr- und Rettungskr\u00e4ften","author":"Michael Bernhard","date":"August 24, 2023","format":false,"excerpt":"Du bist im Einsatz beleidigt oder sogar k\u00f6rperlich angegriffen worden? Jetzt gilt es, Ruhe zu bewahren und den Einsatz weiterhin professionell abzuarbeiten. Nach dem Einsatz stellst Du Dir die Frage, wie es nun weiter geht. Wichtig ist, dass Du den Einsatzverlauf und das Geschehene gut dokumentierst und meldest. Dafu\u0308r solltest\u2026","rel":"","context":"In &quot;Rettungsdienst&quot;","block_context":{"text":"Rettungsdienst","link":"http:\/\/news-papers.eu\/?cat=12"},"img":{"alt_text":"","src":"https:\/\/i0.wp.com\/news-papers.eu\/wp-content\/uploads\/2023\/08\/Bildschirmfoto-2023-08-12-um-13.04.02.png?fit=1060%2C732&resize=350%2C200","width":350,"height":200,"srcset":"https:\/\/i0.wp.com\/news-papers.eu\/wp-content\/uploads\/2023\/08\/Bildschirmfoto-2023-08-12-um-13.04.02.png?fit=1060%2C732&resize=350%2C200 1x, https:\/\/i0.wp.com\/news-papers.eu\/wp-content\/uploads\/2023\/08\/Bildschirmfoto-2023-08-12-um-13.04.02.png?fit=1060%2C732&resize=525%2C300 1.5x, https:\/\/i0.wp.com\/news-papers.eu\/wp-content\/uploads\/2023\/08\/Bildschirmfoto-2023-08-12-um-13.04.02.png?fit=1060%2C732&resize=700%2C400 2x, https:\/\/i0.wp.com\/news-papers.eu\/wp-content\/uploads\/2023\/08\/Bildschirmfoto-2023-08-12-um-13.04.02.png?fit=1060%2C732&resize=1050%2C600 3x"},"classes":[]},{"id":20494,"url":"http:\/\/news-papers.eu\/?p=20494","url_meta":{"origin":19134,"position":5},"title":"Rettungsdienst- und Feuerwehr-Eins\u00e4tzen in Justizvollzugsanstalten","author":"Michael Bernhard","date":"M\u00e4rz 4, 2026","format":false,"excerpt":"In der aktuellen M\u00e4rz-Ausgabe der Zeitschrift\u00a0Brandschutz \u2013 Deutsche Feuerwehr Zeitung\u00a0des Kohlhammer Verlags haben Dr. Marc Lehmann, Sarah St\u00e4dtler und David Marten\u00a0einen Beitrag beigesteuert, der sich mit Eins\u00e4tzen in Justizvollzugsanstalten auseinandersetzt. Der Beitrag stellt die Herausforderungen von Rettungsdienst- und Feuerwehr-Eins\u00e4tzen in Justizvollzugsanstalten dar: W\u00e4hrend die Einsatzkr\u00e4fte schnellstm\u00f6glich in das Geb\u00e4ude beziehungsweise\u2026","rel":"","context":"In &quot;Notarzt&quot;","block_context":{"text":"Notarzt","link":"http:\/\/news-papers.eu\/?cat=11"},"img":{"alt_text":"","src":"https:\/\/i0.wp.com\/news-papers.eu\/wp-content\/uploads\/2026\/03\/Screenshot-2026-03-02-132004.png?fit=901%2C1200&resize=350%2C200","width":350,"height":200,"srcset":"https:\/\/i0.wp.com\/news-papers.eu\/wp-content\/uploads\/2026\/03\/Screenshot-2026-03-02-132004.png?fit=901%2C1200&resize=350%2C200 1x, https:\/\/i0.wp.com\/news-papers.eu\/wp-content\/uploads\/2026\/03\/Screenshot-2026-03-02-132004.png?fit=901%2C1200&resize=525%2C300 1.5x, https:\/\/i0.wp.com\/news-papers.eu\/wp-content\/uploads\/2026\/03\/Screenshot-2026-03-02-132004.png?fit=901%2C1200&resize=700%2C400 2x"},"classes":[]}],"jetpack_likes_enabled":true,"_links":{"self":[{"href":"http:\/\/news-papers.eu\/index.php?rest_route=\/wp\/v2\/posts\/19134","targetHints":{"allow":["GET"]}}],"collection":[{"href":"http:\/\/news-papers.eu\/index.php?rest_route=\/wp\/v2\/posts"}],"about":[{"href":"http:\/\/news-papers.eu\/index.php?rest_route=\/wp\/v2\/types\/post"}],"author":[{"embeddable":true,"href":"http:\/\/news-papers.eu\/index.php?rest_route=\/wp\/v2\/users\/1"}],"replies":[{"embeddable":true,"href":"http:\/\/news-papers.eu\/index.php?rest_route=%2Fwp%2Fv2%2Fcomments&post=19134"}],"version-history":[{"count":4,"href":"http:\/\/news-papers.eu\/index.php?rest_route=\/wp\/v2\/posts\/19134\/revisions"}],"predecessor-version":[{"id":19138,"href":"http:\/\/news-papers.eu\/index.php?rest_route=\/wp\/v2\/posts\/19134\/revisions\/19138"}],"wp:featuredmedia":[{"embeddable":true,"href":"http:\/\/news-papers.eu\/index.php?rest_route=\/wp\/v2\/media\/16843"}],"wp:attachment":[{"href":"http:\/\/news-papers.eu\/index.php?rest_route=%2Fwp%2Fv2%2Fmedia&parent=19134"}],"wp:term":[{"taxonomy":"category","embeddable":true,"href":"http:\/\/news-papers.eu\/index.php?rest_route=%2Fwp%2Fv2%2Fcategories&post=19134"},{"taxonomy":"post_tag","embeddable":true,"href":"http:\/\/news-papers.eu\/index.php?rest_route=%2Fwp%2Fv2%2Ftags&post=19134"}],"curies":[{"name":"wp","href":"https:\/\/api.w.org\/{rel}","templated":true}]}}