{"id":19123,"date":"2025-01-25T04:58:31","date_gmt":"2025-01-25T03:58:31","guid":{"rendered":"https:\/\/news-papers.eu\/?p=19123"},"modified":"2025-01-24T21:37:02","modified_gmt":"2025-01-24T20:37:02","slug":"jeder-mensch-hat-das-recht-in-wuerde-zu-sterben-auch-in-der-notaufnahme","status":"publish","type":"post","link":"http:\/\/news-papers.eu\/?p=19123","title":{"rendered":"Jeder Mensch hat das Recht, in W\u00fcrde zu sterben\u2013 auch in der Notaufnahme!"},"content":{"rendered":"<p><img data-recalc-dims=\"1\" loading=\"lazy\" decoding=\"async\" data-attachment-id=\"19120\" data-permalink=\"http:\/\/news-papers.eu\/?attachment_id=19120\" data-orig-file=\"https:\/\/i0.wp.com\/news-papers.eu\/wp-content\/uploads\/2025\/01\/Cover_Notaufnahmeu2d_1-25.jpg?fit=576%2C768\" data-orig-size=\"576,768\" data-comments-opened=\"1\" data-image-meta=\"{&quot;aperture&quot;:&quot;0&quot;,&quot;credit&quot;:&quot;&quot;,&quot;camera&quot;:&quot;&quot;,&quot;caption&quot;:&quot;&quot;,&quot;created_timestamp&quot;:&quot;0&quot;,&quot;copyright&quot;:&quot;&quot;,&quot;focal_length&quot;:&quot;0&quot;,&quot;iso&quot;:&quot;0&quot;,&quot;shutter_speed&quot;:&quot;0&quot;,&quot;title&quot;:&quot;&quot;,&quot;orientation&quot;:&quot;0&quot;}\" data-image-title=\"Cover_Notaufnahmeu2d_1-25\" data-image-description=\"\" data-image-caption=\"\" data-large-file=\"https:\/\/i0.wp.com\/news-papers.eu\/wp-content\/uploads\/2025\/01\/Cover_Notaufnahmeu2d_1-25.jpg?fit=576%2C768\" class=\"size-medium wp-image-19120 alignright\" src=\"https:\/\/i0.wp.com\/news-papers.eu\/wp-content\/uploads\/2025\/01\/Cover_Notaufnahmeu2d_1-25.jpg?resize=225%2C300\" alt=\"\" width=\"225\" height=\"300\" srcset=\"https:\/\/i0.wp.com\/news-papers.eu\/wp-content\/uploads\/2025\/01\/Cover_Notaufnahmeu2d_1-25.jpg?resize=225%2C300 225w, https:\/\/i0.wp.com\/news-papers.eu\/wp-content\/uploads\/2025\/01\/Cover_Notaufnahmeu2d_1-25.jpg?w=576 576w\" sizes=\"auto, (max-width: 225px) 100vw, 225px\" \/>In der neuen Ausgabe der <strong>Notaufnahme up2date 01\/2025<\/strong> findet sich ein <strong>Editorial<\/strong> von Dr. Lennert B\u00f6hm zum Thema<\/p>\n<blockquote>\n<p class=\"p1\"><strong>&#8222;Jeder Mensch hat das Recht, in W\u00fcrde zu sterben\u2013 auch in der Notaufnahme!&#8220;<\/strong><br \/>\n<strong>Notaufnahme up2date 2025; 7: 3\u20135 (<a href=\"http:\/\/news-papers.eu\/wp-content\/uploads\/2025\/01\/Editorial_Boehm.pdf\">Editorial_Boehm<\/a>)<\/strong><\/p>\n<\/blockquote>\n<p>&#8222;Die Versorgung von Patient*innen am Lebensende wird vor dem Hintergrund einer zunehmenden \u00dcberalterung der Gesellschaft sowie einem R\u00fcckgang verf\u00fcgbarer ambulanter Ressourcen auch zuk\u00fcnftig ein wichtiger (und finaler) Aspekt unserer Arbeit in der Notaufnahme sein. Es ist also unsere Verpflichtung, unser Anspruch und es liegt in unserer Verantwortung, dass alle in der Notaufnahme t\u00e4tigen Berufsgruppen \u00fcber palliativmedizinische Kenntnisse zur Symptomkontrolle und zur Gespr\u00e4chsf\u00fchrung bei Patient*innen am Lebensende verf\u00fcgen. Daher sollte palliativmedizinische Versorgung als relevanter Anteil der Aus-, Fort- und Weiterbildung von Notfallmediziner*innen und (Notfall-)Pflegekr\u00e4ften aufgefasst werden.&#8220;<\/p>\n<p>Lesen Sie diesen Beitrag in der <strong>Notaufnahme up2date 01\/2025\u00a0<\/strong><\/p>\n<p><img data-recalc-dims=\"1\" loading=\"lazy\" decoding=\"async\" data-attachment-id=\"19124\" data-permalink=\"http:\/\/news-papers.eu\/?attachment_id=19124\" data-orig-file=\"https:\/\/i0.wp.com\/news-papers.eu\/wp-content\/uploads\/2025\/01\/Bildschirmfoto-2025-01-20-um-11.01.16.png?fit=902%2C470\" data-orig-size=\"902,470\" data-comments-opened=\"1\" data-image-meta=\"{&quot;aperture&quot;:&quot;0&quot;,&quot;credit&quot;:&quot;&quot;,&quot;camera&quot;:&quot;&quot;,&quot;caption&quot;:&quot;&quot;,&quot;created_timestamp&quot;:&quot;0&quot;,&quot;copyright&quot;:&quot;&quot;,&quot;focal_length&quot;:&quot;0&quot;,&quot;iso&quot;:&quot;0&quot;,&quot;shutter_speed&quot;:&quot;0&quot;,&quot;title&quot;:&quot;&quot;,&quot;orientation&quot;:&quot;0&quot;}\" data-image-title=\"Bildschirmfoto 2025-01-20 um 11.01.16\" data-image-description=\"\" data-image-caption=\"\" data-large-file=\"https:\/\/i0.wp.com\/news-papers.eu\/wp-content\/uploads\/2025\/01\/Bildschirmfoto-2025-01-20-um-11.01.16.png?fit=902%2C470\" class=\"alignnone  wp-image-19124\" src=\"https:\/\/i0.wp.com\/news-papers.eu\/wp-content\/uploads\/2025\/01\/Bildschirmfoto-2025-01-20-um-11.01.16.png?resize=606%2C315\" alt=\"\" width=\"606\" height=\"315\" srcset=\"https:\/\/i0.wp.com\/news-papers.eu\/wp-content\/uploads\/2025\/01\/Bildschirmfoto-2025-01-20-um-11.01.16.png?resize=300%2C156 300w, https:\/\/i0.wp.com\/news-papers.eu\/wp-content\/uploads\/2025\/01\/Bildschirmfoto-2025-01-20-um-11.01.16.png?resize=768%2C400 768w, https:\/\/i0.wp.com\/news-papers.eu\/wp-content\/uploads\/2025\/01\/Bildschirmfoto-2025-01-20-um-11.01.16.png?resize=750%2C391 750w, https:\/\/i0.wp.com\/news-papers.eu\/wp-content\/uploads\/2025\/01\/Bildschirmfoto-2025-01-20-um-11.01.16.png?w=902 902w\" sizes=\"auto, (max-width: 606px) 100vw, 606px\" \/><\/p>\n","protected":false},"excerpt":{"rendered":"<p>In der neuen Ausgabe der Notaufnahme up2date 01\/2025 findet sich ein Editorial von Dr. Lennert B\u00f6hm zum Thema &#8222;Jeder Mensch hat das Recht, in W\u00fcrde zu sterben\u2013 auch in der [&hellip;]<\/p>\n","protected":false},"author":2,"featured_media":19124,"comment_status":"open","ping_status":"open","sticky":false,"template":"","format":"standard","meta":{"__cvm_playback_settings":[],"__cvm_video_id":"","jetpack_post_was_ever_published":false,"_jetpack_newsletter_access":"","_jetpack_dont_email_post_to_subs":false,"_jetpack_newsletter_tier_id":0,"_jetpack_memberships_contains_paywalled_content":false,"_jetpack_memberships_contains_paid_content":false,"footnotes":"","jetpack_publicize_message":"","jetpack_publicize_feature_enabled":true,"jetpack_social_post_already_shared":true,"jetpack_social_options":{"image_generator_settings":{"template":"highway","default_image_id":0,"font":"","enabled":false},"version":2},"_wpas_customize_per_network":false},"categories":[2083],"tags":[2765,1560],"class_list":["post-19123","post","type-post","status-publish","format-standard","has-post-thumbnail","hentry","category-notaufnahme","tag-ethik","tag-palliativmedizin"],"jetpack_publicize_connections":[],"jetpack_featured_media_url":"https:\/\/i0.wp.com\/news-papers.eu\/wp-content\/uploads\/2025\/01\/Bildschirmfoto-2025-01-20-um-11.01.16.png?fit=902%2C470","jetpack_sharing_enabled":true,"jetpack_shortlink":"https:\/\/wp.me\/p7fR2g-4Yr","jetpack-related-posts":[{"id":14541,"url":"http:\/\/news-papers.eu\/?p=14541","url_meta":{"origin":19123,"position":0},"title":"Die neuste Ausgabe von NOTAUFNAHME up2date ist da &#8230;","author":"Michael Bernhard","date":"Oktober 19, 2021","format":false,"excerpt":"In der aktuellen Ausgabe von Notaufnahme up2date 04\/2021, und damit dem abgeschlossenen 3. Jahrgang dieser Fachzeitschrift, sind folgende Artikel enthalten: Entz\u00fcndliche Herzerkrankungen in der Notaufnahme \u2013 Endokarditis, Myokarditis, Perikarditis Elektrolytst\u00f6rungen in der Notaufnahme Vom Leitsymptom zur Diagnose \u2013 Schmerzen im Bein Infusionstherapie in der Notaufnahme Leitlinie kompakt: Fokus Notaufnahme \u2013\u2026","rel":"","context":"In &quot;Notaufnahme&quot;","block_context":{"text":"Notaufnahme","link":"http:\/\/news-papers.eu\/?cat=2083"},"img":{"alt_text":"","src":"https:\/\/i0.wp.com\/news-papers.eu\/wp-content\/uploads\/2021\/10\/Bildschirmfoto-2021-10-16-um-11.17.37-e1634372284911.png?fit=400%2C530&resize=350%2C200","width":350,"height":200},"classes":[]},{"id":16946,"url":"http:\/\/news-papers.eu\/?p=16946","url_meta":{"origin":19123,"position":1},"title":"Neue Ausgabe der Notaufnahme up2date in da &#8230;","author":"Michael Bernhard","date":"April 25, 2023","format":false,"excerpt":"Die neue Ausgabe der Notaufnahme up2date ist rausgekommen und es gibt wieder viele spannende Artikel zu lesen. Anbei ein paar kleine Kostproben (jeweils die erste Seite): Regner-Nelke L, et al. Meningitis in der Notaufnahme. Notaufnahme up2date 2023; 5: 129\u2013143 Und hier gehts zur ersten Seite des Beitrages: 01_CME_Regner-Nelke_Meningitis Im zweiten\u2026","rel":"","context":"In &quot;Trauma&quot;","block_context":{"text":"Trauma","link":"http:\/\/news-papers.eu\/?cat=6"},"img":{"alt_text":"","src":"https:\/\/i0.wp.com\/news-papers.eu\/wp-content\/uploads\/2023\/04\/10-1055-s-00043001_2023_02.jpg?fit=576%2C768&resize=350%2C200","width":350,"height":200,"srcset":"https:\/\/i0.wp.com\/news-papers.eu\/wp-content\/uploads\/2023\/04\/10-1055-s-00043001_2023_02.jpg?fit=576%2C768&resize=350%2C200 1x, https:\/\/i0.wp.com\/news-papers.eu\/wp-content\/uploads\/2023\/04\/10-1055-s-00043001_2023_02.jpg?fit=576%2C768&resize=525%2C300 1.5x"},"classes":[]},{"id":10254,"url":"http:\/\/news-papers.eu\/?p=10254","url_meta":{"origin":19123,"position":2},"title":"Notaufnahme up2date: Neu in der up2date Reihe &#8230;","author":"Michael Bernhard","date":"September 29, 2019","format":false,"excerpt":"Die Notaufnahme up2date ist eine neue notfallmedizinische Zeitschrift im Thieme Verlag mit besonderem Fokus auf die Zentrale Notaufnahme. Hier geht es zu einem Blick hinein in die neue Notaufnahmeup2date: hier\u00a0bl\u00e4ttern Sie doch einfach mal durch! 100% Notaufnahme:\u00a0Viele Patienten, wenig Zeit, blitzschnell notfallmedizinisches Fachwissen abrufen. Dabei stets den \u00dcberblick behalten und\u2026","rel":"","context":"In &quot;www - Netzressource&quot;","block_context":{"text":"www - Netzressource","link":"http:\/\/news-papers.eu\/?cat=368"},"img":{"alt_text":"","src":"https:\/\/i0.wp.com\/news-papers.eu\/wp-content\/uploads\/2019\/09\/Bildschirmfoto-2019-09-18-um-19.47.04-226x300.png?resize=350%2C200","width":350,"height":200},"classes":[]},{"id":20336,"url":"http:\/\/news-papers.eu\/?p=20336","url_meta":{"origin":19123,"position":3},"title":"Neue Ausgabe der Notaufnahme up2date 2026: AZ-Verschlechterung","author":"Michael Bernhard","date":"Februar 3, 2026","format":false,"excerpt":"Im Rettungsdienst und in der Notaufnahme begegnen wir t\u00e4glich Patienten, bei denen der Alarmierungsgrund oder die Einweisungsdiagnose \u201ereduzierter Allgemeinzustand (AZ)\u201c oder \u201eschlechter AZ\u201c lauten. Jeder von uns hat sofort eine Idee, welche Patienten wir hier vor uns haben. H\u00e4ufig als Verlegenheitsdiagnose angesehen, gibt es zahlreiche Gru\u0308nde fu\u0308r die beobachtete Verschlechterung.\u2026","rel":"","context":"In &quot;Notaufnahme&quot;","block_context":{"text":"Notaufnahme","link":"http:\/\/news-papers.eu\/?cat=2083"},"img":{"alt_text":"","src":"https:\/\/i0.wp.com\/news-papers.eu\/wp-content\/uploads\/2026\/01\/10-1055-s-00043001_2026_01.jpg?fit=576%2C768&resize=350%2C200","width":350,"height":200,"srcset":"https:\/\/i0.wp.com\/news-papers.eu\/wp-content\/uploads\/2026\/01\/10-1055-s-00043001_2026_01.jpg?fit=576%2C768&resize=350%2C200 1x, https:\/\/i0.wp.com\/news-papers.eu\/wp-content\/uploads\/2026\/01\/10-1055-s-00043001_2026_01.jpg?fit=576%2C768&resize=525%2C300 1.5x"},"classes":[]},{"id":13020,"url":"http:\/\/news-papers.eu\/?p=13020","url_meta":{"origin":19123,"position":4},"title":"Gedanken zur Teamarbeit in einem Editorial in Notaufnahme up2date","author":"Michael Bernhard","date":"Februar 9, 2021","format":false,"excerpt":"In der aktuellen Ausgabe der Notaufnahme up2date findet sich ein Editorial zur Teamarbeit von Sylvia Schacher und Kollegen: Schacher S, et al. Mer sin eins!* \u2013 Teamarbeit in der Notaufnahme (*f\u00fcr Nicht-K\u00f6lner: Wir sind eins!) Notaufnahme up2date 2021; 3: 2-3 Frei mit einem Zitat von Kasalla, 2016: \u201eUn Mer sin\u2026","rel":"","context":"In &quot;Veranstaltungshinweis&quot;","block_context":{"text":"Veranstaltungshinweis","link":"http:\/\/news-papers.eu\/?cat=30"},"img":{"alt_text":"","src":"https:\/\/i0.wp.com\/news-papers.eu\/wp-content\/uploads\/2021\/01\/Bildschirmfoto-2021-01-24-um-18.28.55.png?fit=1006%2C732&resize=350%2C200","width":350,"height":200,"srcset":"https:\/\/i0.wp.com\/news-papers.eu\/wp-content\/uploads\/2021\/01\/Bildschirmfoto-2021-01-24-um-18.28.55.png?fit=1006%2C732&resize=350%2C200 1x, https:\/\/i0.wp.com\/news-papers.eu\/wp-content\/uploads\/2021\/01\/Bildschirmfoto-2021-01-24-um-18.28.55.png?fit=1006%2C732&resize=525%2C300 1.5x, https:\/\/i0.wp.com\/news-papers.eu\/wp-content\/uploads\/2021\/01\/Bildschirmfoto-2021-01-24-um-18.28.55.png?fit=1006%2C732&resize=700%2C400 2x"},"classes":[]},{"id":16078,"url":"http:\/\/news-papers.eu\/?p=16078","url_meta":{"origin":19123,"position":5},"title":"Aktuelle Ausgabe der Notaufnahme up2date 04\/2022","author":"Michael Bernhard","date":"November 11, 2022","format":false,"excerpt":"Die aktuelle Ausgabe der Notaufnahme up2date ist erschienen. In einigen sehr interessanten Beitr\u00e4gen geht diese Ausgabe nun wieder einer Vielzahl f\u00fcr die Notaufnahme wichtigen Punkten nach: Wilkat M, Rana M. MKG-Notf\u00e4lle erkennen und behandeln \u2013 Teil 2: Trauma & Atemwegsverlegungen Knapsis A, Rembe J-D. Periphere arterielle Verschlusskrankheit H\u00fcfner A, Kemper\u2026","rel":"","context":"In &quot;Notaufnahme&quot;","block_context":{"text":"Notaufnahme","link":"http:\/\/news-papers.eu\/?cat=2083"},"img":{"alt_text":"","src":"https:\/\/i0.wp.com\/news-papers.eu\/wp-content\/uploads\/2022\/11\/10-1055-s-00043001_2022_04.jpg?fit=576%2C768&resize=350%2C200","width":350,"height":200,"srcset":"https:\/\/i0.wp.com\/news-papers.eu\/wp-content\/uploads\/2022\/11\/10-1055-s-00043001_2022_04.jpg?fit=576%2C768&resize=350%2C200 1x, https:\/\/i0.wp.com\/news-papers.eu\/wp-content\/uploads\/2022\/11\/10-1055-s-00043001_2022_04.jpg?fit=576%2C768&resize=525%2C300 1.5x"},"classes":[]}],"jetpack_likes_enabled":true,"_links":{"self":[{"href":"http:\/\/news-papers.eu\/index.php?rest_route=\/wp\/v2\/posts\/19123","targetHints":{"allow":["GET"]}}],"collection":[{"href":"http:\/\/news-papers.eu\/index.php?rest_route=\/wp\/v2\/posts"}],"about":[{"href":"http:\/\/news-papers.eu\/index.php?rest_route=\/wp\/v2\/types\/post"}],"author":[{"embeddable":true,"href":"http:\/\/news-papers.eu\/index.php?rest_route=\/wp\/v2\/users\/2"}],"replies":[{"embeddable":true,"href":"http:\/\/news-papers.eu\/index.php?rest_route=%2Fwp%2Fv2%2Fcomments&post=19123"}],"version-history":[{"count":1,"href":"http:\/\/news-papers.eu\/index.php?rest_route=\/wp\/v2\/posts\/19123\/revisions"}],"predecessor-version":[{"id":19125,"href":"http:\/\/news-papers.eu\/index.php?rest_route=\/wp\/v2\/posts\/19123\/revisions\/19125"}],"wp:featuredmedia":[{"embeddable":true,"href":"http:\/\/news-papers.eu\/index.php?rest_route=\/wp\/v2\/media\/19124"}],"wp:attachment":[{"href":"http:\/\/news-papers.eu\/index.php?rest_route=%2Fwp%2Fv2%2Fmedia&parent=19123"}],"wp:term":[{"taxonomy":"category","embeddable":true,"href":"http:\/\/news-papers.eu\/index.php?rest_route=%2Fwp%2Fv2%2Fcategories&post=19123"},{"taxonomy":"post_tag","embeddable":true,"href":"http:\/\/news-papers.eu\/index.php?rest_route=%2Fwp%2Fv2%2Ftags&post=19123"}],"curies":[{"name":"wp","href":"https:\/\/api.w.org\/{rel}","templated":true}]}}