{"id":18589,"date":"2024-09-17T20:14:27","date_gmt":"2024-09-17T18:14:27","guid":{"rendered":"http:\/\/news-papers.eu\/?p=18589"},"modified":"2024-09-17T20:14:27","modified_gmt":"2024-09-17T18:14:27","slug":"ulmer-notarztkurs-startet-in-12-tagen","status":"publish","type":"post","link":"http:\/\/news-papers.eu\/?p=18589","title":{"rendered":"Ulmer Notarztkurs startet in 12 Tagen"},"content":{"rendered":"<h3 style=\"text-align: center;\">Kompetente Vorbereitung auf die T\u00e4tigkeit als Notarzt<\/h3>\n<h3 style=\"text-align: center;\">in einem sympathischen Team<\/h3>\n<p style=\"text-align: justify;\">Seit 1994 veranstaltet die Akademie f\u00fcr Wissenschaft, Wirtschaft und Technik an der Universit\u00e4t Ulm e.V. zweimal j\u00e4hrlich ein beliebtes und erfolgreiches Komparktseminar Notfallmedizin, in dem inzwischen mehr als 5.500 Not\u00e4rztinnen und Not\u00e4rzte geschult werden konnten.<\/p>\n<p style=\"text-align: justify;\"><b>Der 8-t\u00e4gige Notarztkurs beinhaltet Vorlesungen, praktische \u00dcbungen in Kleingruppen sowie zahlreiche Kasuistiken.<\/b><\/p>\n<p style=\"text-align: justify;\">In den ersten 25 Jahren fand der Kurs im Schloss Langenargen am Bodensee statt. Da diese Location leider nicht mehr als Kursort zur Verf\u00fcgung steht, findet dieser erfolgreiche Notarztkurs nun schon seit 2020 im Kloster Roggenburg statt.<b><br \/>\n<\/b><\/p>\n<p style=\"text-align: justify;\"><img data-recalc-dims=\"1\" loading=\"lazy\" decoding=\"async\" data-attachment-id=\"18395\" data-permalink=\"http:\/\/news-papers.eu\/?attachment_id=18395\" data-orig-file=\"https:\/\/i0.wp.com\/news-papers.eu\/wp-content\/uploads\/2024\/06\/ANNA-Ulm-24-Oxygenierung-scaled.jpg?fit=2560%2C1703\" data-orig-size=\"2560,1703\" data-comments-opened=\"1\" data-image-meta=\"{&quot;aperture&quot;:&quot;4&quot;,&quot;credit&quot;:&quot;&quot;,&quot;camera&quot;:&quot;NIKON Z 6&quot;,&quot;caption&quot;:&quot;&quot;,&quot;created_timestamp&quot;:&quot;1706431439&quot;,&quot;copyright&quot;:&quot;&quot;,&quot;focal_length&quot;:&quot;90&quot;,&quot;iso&quot;:&quot;320&quot;,&quot;shutter_speed&quot;:&quot;0.008&quot;,&quot;title&quot;:&quot;&quot;,&quot;orientation&quot;:&quot;1&quot;}\" data-image-title=\"ANNA Ulm 24 Oxygenierung\" data-image-description=\"\" data-image-caption=\"\" data-large-file=\"https:\/\/i0.wp.com\/news-papers.eu\/wp-content\/uploads\/2024\/06\/ANNA-Ulm-24-Oxygenierung-scaled.jpg?fit=1024%2C681\" class=\"alignright size-medium wp-image-18395\" src=\"https:\/\/i0.wp.com\/news-papers.eu\/wp-content\/uploads\/2024\/06\/ANNA-Ulm-24-Oxygenierung.jpg?resize=300%2C200\" alt=\"\" width=\"300\" height=\"200\" srcset=\"https:\/\/i0.wp.com\/news-papers.eu\/wp-content\/uploads\/2024\/06\/ANNA-Ulm-24-Oxygenierung-scaled.jpg?resize=300%2C200 300w, https:\/\/i0.wp.com\/news-papers.eu\/wp-content\/uploads\/2024\/06\/ANNA-Ulm-24-Oxygenierung-scaled.jpg?resize=1024%2C681 1024w, https:\/\/i0.wp.com\/news-papers.eu\/wp-content\/uploads\/2024\/06\/ANNA-Ulm-24-Oxygenierung-scaled.jpg?resize=768%2C511 768w, https:\/\/i0.wp.com\/news-papers.eu\/wp-content\/uploads\/2024\/06\/ANNA-Ulm-24-Oxygenierung-scaled.jpg?resize=1536%2C1022 1536w, https:\/\/i0.wp.com\/news-papers.eu\/wp-content\/uploads\/2024\/06\/ANNA-Ulm-24-Oxygenierung-scaled.jpg?resize=2048%2C1363 2048w, https:\/\/i0.wp.com\/news-papers.eu\/wp-content\/uploads\/2024\/06\/ANNA-Ulm-24-Oxygenierung-scaled.jpg?resize=750%2C499 750w, https:\/\/i0.wp.com\/news-papers.eu\/wp-content\/uploads\/2024\/06\/ANNA-Ulm-24-Oxygenierung-scaled.jpg?w=2340 2340w\" sizes=\"auto, (max-width: 300px) 100vw, 300px\" \/>Neben den theoretischen Inhalten der Vortr\u00e4ge namhafter Dozenten, die alle mit Begeisterung in Boden- und Luftrettung aktiv sind und von denen viele auch als Pr\u00fcfer bei der Landes\u00e4rztekammer t\u00e4tig sind, bilden die Praktika die zweite gro\u00dfe S\u00e4ule dieses Kompaktseminares Notfallmedizin.<\/p>\n<p style=\"text-align: justify;\"><b>Prim\u00e4r verfolgen die Organisatoren um Claus-Martin Muth, Steffen Herdtle und Bj\u00f6rn Hossfeld zwei Ziele:<\/b><\/p>\n<p style=\"text-align: justify;\">Es sollen M\u00f6glichkeiten geschaffen werden, neue Fertigkeiten zu erlernen und schon Erlerntes zu trainieren. Beispielsweise das Management des schwierigen Atemwegs. Vorlesungsinhalte sollen vertieft und praktisch umgesetzt und angewendet werden. So werden nicht nur die curricularen Inhalte abgearbeitet, sondern nach Interesse der Teilnehmer auch Fallbesprechungen mit den Dozenten in Kleingruppen &#8222;auf Augenh\u00f6he&#8220; angeboten, bei denen durchaus auch \u00fcber den Tellerrand hinaus geschaut wird (z.B. Alpinmedizin).<\/p>\n<p style=\"text-align: justify;\">Im Laufe der Woche werden diese einzeln erlernten \u201eSkills\u201c zu einem kompletten Programm zusammengefasst und in den MegaCode sowie TraumaCode-Stationen weiter trainiert. Jeder Folgetag kn\u00fcpft an den Tag zuvor an. Inkludiert in den Kurs ist auch ein ALS-Reanimationszertifikat (<a href=\"https:\/\/www.erc.edu\/courses\/advanced-life-support\" target=\"_blank\" rel=\"noopener\">Advanced Live Support<\/a>) nach den Vorgeban des European Resuscitation Council (<a href=\"https:\/\/www.erc.edu\/\" target=\"_blank\" rel=\"noopener\">ERC<\/a>).<\/p>\n<blockquote><p>Durch gemeinsame Abendveranstaltungen, morgendliches Joggen f\u00fcr Interessierte und die Beteiligung aller in kleinen Gruppen mit einem hohen Teilnehmer-Dozenten-Verh\u00e4ltnis w\u00e4chst der beliebte Kurs \u00fcber die Woche zu einem tollen Team zusammen!<\/p><\/blockquote>\n<p style=\"text-align: justify;\">Mit Hilfe einer WebApp werden Unterrichtsmaterialien online bereitgestellt und jeder Teilnehmer hat jederzeit Zugriff auf seinen individuellen Seminarplan.<\/p>\n<blockquote><p><strong>Der n\u00e4chste Kurs startet schon in 12 Tagen:<\/strong><\/p><\/blockquote>\n<p><strong>29. September bis 6. Oktober 2024<\/strong><\/p>\n<p><strong>Kloster Roggenburg<\/strong><\/p>\n<p><strong>Auskunft und Anmeldung \u00fcber <a href=\"https:\/\/notarztkurs.de\/#\" target=\"_blank\" rel=\"noopener\">Notarztkurs.de<\/a><\/strong><\/p>\n","protected":false},"excerpt":{"rendered":"<p>Kompetente Vorbereitung auf die T\u00e4tigkeit als Notarzt in einem sympathischen Team Seit 1994 veranstaltet die Akademie f\u00fcr Wissenschaft, Wirtschaft und Technik an der Universit\u00e4t Ulm e.V. zweimal j\u00e4hrlich ein beliebtes [&hellip;]<\/p>\n","protected":false},"author":1,"featured_media":17873,"comment_status":"open","ping_status":"open","sticky":false,"template":"","format":"standard","meta":{"__cvm_playback_settings":[],"__cvm_video_id":"","jetpack_post_was_ever_published":false,"_jetpack_newsletter_access":"","_jetpack_dont_email_post_to_subs":false,"_jetpack_newsletter_tier_id":0,"_jetpack_memberships_contains_paywalled_content":false,"_jetpack_memberships_contains_paid_content":false,"footnotes":"","jetpack_publicize_message":"","jetpack_publicize_feature_enabled":true,"jetpack_social_post_already_shared":true,"jetpack_social_options":{"image_generator_settings":{"template":"highway","default_image_id":0,"font":"","enabled":false},"version":2},"_wpas_customize_per_network":false},"categories":[30],"tags":[1641],"class_list":["post-18589","post","type-post","status-publish","format-standard","has-post-thumbnail","hentry","category-veranstaltungshinweis","tag-notarztkurs"],"jetpack_publicize_connections":[],"jetpack_featured_media_url":"https:\/\/i0.wp.com\/news-papers.eu\/wp-content\/uploads\/2023\/12\/NOTARZT-scaled-e1703629914489.jpg?fit=2560%2C942","jetpack_sharing_enabled":true,"jetpack_shortlink":"https:\/\/wp.me\/p7fR2g-4PP","jetpack-related-posts":[{"id":17363,"url":"http:\/\/news-papers.eu\/?p=17363","url_meta":{"origin":18589,"position":0},"title":"\u00fcber 5.500 Not\u00e4rztinnen und Not\u00e4rzte geschult","author":"Bj\u00f6rn Hossfeld","date":"August 20, 2023","format":false,"excerpt":"Seit 1994 veranstaltet die Akademie f\u00fcr Wissenschaft, Wirtschaft und Technik an der Universit\u00e4t Ulm e.V. zweimal j\u00e4hrlich ein beliebtes und erfolgreiches Komparktseminar Notfallmedizin, in dem inzwischen mehr als 5.500 Not\u00e4rztinnen und Not\u00e4rzte geschult werden konnten. Der 8-t\u00e4gige Notarztkurs beinhaltet Vorlesungen, praktische \u00dcbungen in Kleingruppen sowie zahlreiche Kasuistiken. In den ersten\u2026","rel":"","context":"In &quot;Notarzt&quot;","block_context":{"text":"Notarzt","link":"http:\/\/news-papers.eu\/?cat=11"},"img":{"alt_text":"","src":"https:\/\/i0.wp.com\/news-papers.eu\/wp-content\/uploads\/2023\/08\/NOTARZT-1-scaled-e1692450087772.jpg?fit=889%2C588&resize=350%2C200","width":350,"height":200,"srcset":"https:\/\/i0.wp.com\/news-papers.eu\/wp-content\/uploads\/2023\/08\/NOTARZT-1-scaled-e1692450087772.jpg?fit=889%2C588&resize=350%2C200 1x, https:\/\/i0.wp.com\/news-papers.eu\/wp-content\/uploads\/2023\/08\/NOTARZT-1-scaled-e1692450087772.jpg?fit=889%2C588&resize=525%2C300 1.5x, https:\/\/i0.wp.com\/news-papers.eu\/wp-content\/uploads\/2023\/08\/NOTARZT-1-scaled-e1692450087772.jpg?fit=889%2C588&resize=700%2C400 2x"},"classes":[]},{"id":18331,"url":"http:\/\/news-papers.eu\/?p=18331","url_meta":{"origin":18589,"position":1},"title":"Ulmer Notarztkurs in Roggenburg","author":"Bj\u00f6rn Hossfeld","date":"Juni 25, 2024","format":false,"excerpt":"Kompetente Vorbereitung auf die T\u00e4tigkeit als Notarzt in einem sympathischen Team Seit 1994 veranstaltet die Akademie f\u00fcr Wissenschaft, Wirtschaft und Technik an der Universit\u00e4t Ulm e.V. zweimal j\u00e4hrlich ein beliebtes und erfolgreiches Komparktseminar Notfallmedizin, in dem inzwischen mehr als 5.500 Not\u00e4rztinnen und Not\u00e4rzte geschult werden konnten. Der 8-t\u00e4gige Notarztkurs beinhaltet\u2026","rel":"","context":"In &quot;Veranstaltungshinweis&quot;","block_context":{"text":"Veranstaltungshinweis","link":"http:\/\/news-papers.eu\/?cat=30"},"img":{"alt_text":"","src":"https:\/\/i0.wp.com\/news-papers.eu\/wp-content\/uploads\/2024\/05\/Notarztkurs.jpg?fit=651%2C461&resize=350%2C200","width":350,"height":200,"srcset":"https:\/\/i0.wp.com\/news-papers.eu\/wp-content\/uploads\/2024\/05\/Notarztkurs.jpg?fit=651%2C461&resize=350%2C200 1x, https:\/\/i0.wp.com\/news-papers.eu\/wp-content\/uploads\/2024\/05\/Notarztkurs.jpg?fit=651%2C461&resize=525%2C300 1.5x"},"classes":[]},{"id":17871,"url":"http:\/\/news-papers.eu\/?p=17871","url_meta":{"origin":18589,"position":2},"title":"Noztarzt werden","author":"Bj\u00f6rn Hossfeld","date":"Dezember 27, 2023","format":false,"excerpt":"Die T\u00e4tigkeit als Notarzt ist spannend und umfassend - von der Geburt bis zum Lebensende versorgen Not\u00e4rzte au\u00dferhalb der Klinik ihre Patienten bei akuten Notf\u00e4llen. Ein wesentlicher Bestandteil auf dem Weg zum Notarzt ist das Kompaktseminar Notfallmedizin. Seit 1994 veranstaltet die Akademie f\u00fcr Wissenschaft, Wirtschaft und Technik an der Universit\u00e4t\u2026","rel":"","context":"In &quot;Veranstaltungshinweis&quot;","block_context":{"text":"Veranstaltungshinweis","link":"http:\/\/news-papers.eu\/?cat=30"},"img":{"alt_text":"","src":"https:\/\/i0.wp.com\/news-papers.eu\/wp-content\/uploads\/2023\/12\/Notarzt.png?fit=1200%2C988&resize=350%2C200","width":350,"height":200,"srcset":"https:\/\/i0.wp.com\/news-papers.eu\/wp-content\/uploads\/2023\/12\/Notarzt.png?fit=1200%2C988&resize=350%2C200 1x, https:\/\/i0.wp.com\/news-papers.eu\/wp-content\/uploads\/2023\/12\/Notarzt.png?fit=1200%2C988&resize=525%2C300 1.5x, https:\/\/i0.wp.com\/news-papers.eu\/wp-content\/uploads\/2023\/12\/Notarzt.png?fit=1200%2C988&resize=700%2C400 2x, https:\/\/i0.wp.com\/news-papers.eu\/wp-content\/uploads\/2023\/12\/Notarzt.png?fit=1200%2C988&resize=1050%2C600 3x"},"classes":[]},{"id":18373,"url":"http:\/\/news-papers.eu\/?p=18373","url_meta":{"origin":18589,"position":3},"title":"Notarztkurs in F\u00fcrth","author":"Bj\u00f6rn Hossfeld","date":"Juni 11, 2024","format":false,"excerpt":"Die Arbeitsgemeinschaft Notfallmedizin F\u00fcrth (AGNF), die bekannt ist f\u00fcr viele erfolgreiche Kursformate und neuerdings unter BILDUNG 37\u00b0 firmiert, wird in diesem Herbst erstmals in Kooperation mit drei f\u00fchrenden Kliniken aus der Metropolregion N\u00fcrnberg und MEDI-Learn einen Notarztkurs anbieten. Samstag, 07.12.2024 bis Sonntag 15.12.2024 ( 8 Tag\/e) | jeweils 08:30 -\u2026","rel":"","context":"In &quot;Veranstaltungshinweis&quot;","block_context":{"text":"Veranstaltungshinweis","link":"http:\/\/news-papers.eu\/?cat=30"},"img":{"alt_text":"","src":"https:\/\/i0.wp.com\/news-papers.eu\/wp-content\/uploads\/2024\/06\/Notarztkurs-Fuerth.png?fit=870%2C564&resize=350%2C200","width":350,"height":200,"srcset":"https:\/\/i0.wp.com\/news-papers.eu\/wp-content\/uploads\/2024\/06\/Notarztkurs-Fuerth.png?fit=870%2C564&resize=350%2C200 1x, https:\/\/i0.wp.com\/news-papers.eu\/wp-content\/uploads\/2024\/06\/Notarztkurs-Fuerth.png?fit=870%2C564&resize=525%2C300 1.5x, https:\/\/i0.wp.com\/news-papers.eu\/wp-content\/uploads\/2024\/06\/Notarztkurs-Fuerth.png?fit=870%2C564&resize=700%2C400 2x"},"classes":[]},{"id":18584,"url":"http:\/\/news-papers.eu\/?p=18584","url_meta":{"origin":18589,"position":4},"title":"Notarztkurs in F\u00fcrth","author":"Bj\u00f6rn Hossfeld","date":"September 22, 2024","format":false,"excerpt":"Die Arbeitsgemeinschaft Notfallmedizin F\u00fcrth (AGNF), die bekannt ist f\u00fcr viele erfolgreiche Kursformate und neuerdings unter BILDUNG 37\u00b0 firmiert, wird in diesem Herbst erstmals in Kooperation mit drei f\u00fchrenden Kliniken aus der Metropolregion N\u00fcrnberg und MEDI-Learn einen Notarztkurs anbieten. Samstag, 07.12.2024 bis Sonntag 15.12.2024 ( 8 Tag\/e) | jeweils 08:30 -\u2026","rel":"","context":"In &quot;allgemein&quot;","block_context":{"text":"allgemein","link":"http:\/\/news-papers.eu\/?cat=2"},"img":{"alt_text":"","src":"https:\/\/i0.wp.com\/news-papers.eu\/wp-content\/uploads\/2024\/09\/inob.png?fit=442%2C436&resize=350%2C200","width":350,"height":200},"classes":[]},{"id":20636,"url":"http:\/\/news-papers.eu\/?p=20636","url_meta":{"origin":18589,"position":5},"title":"Notarztkurs gestalten","author":"Bj\u00f6rn Hossfeld","date":"April 11, 2026","format":false,"excerpt":"Wie war eigentlich Euer Notarztkurs? Die meisten von uns haben ihren Notarztkurs in Pr\u00e4senz gemacht: 80 Stunden (Unterrichtseinheiten) Theorie und Praxis in eine Woche gepresst. Hat funktioniert - aber ist das auch gut? Welche Formen \u00fcber die Pr\u00e4senz hinaus k\u00f6nnen zukunftsweisend sein, welche Bedeutung haben eLearning-Konzepte (blended oder hybrid), wie\u2026","rel":"","context":"In &quot;allgemein&quot;","block_context":{"text":"allgemein","link":"http:\/\/news-papers.eu\/?cat=2"},"img":{"alt_text":"","src":"https:\/\/i0.wp.com\/news-papers.eu\/wp-content\/uploads\/2023\/08\/NOTARZT-1-scaled-e1692450087772.jpg?fit=889%2C588&resize=350%2C200","width":350,"height":200,"srcset":"https:\/\/i0.wp.com\/news-papers.eu\/wp-content\/uploads\/2023\/08\/NOTARZT-1-scaled-e1692450087772.jpg?fit=889%2C588&resize=350%2C200 1x, https:\/\/i0.wp.com\/news-papers.eu\/wp-content\/uploads\/2023\/08\/NOTARZT-1-scaled-e1692450087772.jpg?fit=889%2C588&resize=525%2C300 1.5x, https:\/\/i0.wp.com\/news-papers.eu\/wp-content\/uploads\/2023\/08\/NOTARZT-1-scaled-e1692450087772.jpg?fit=889%2C588&resize=700%2C400 2x"},"classes":[]}],"jetpack_likes_enabled":true,"_links":{"self":[{"href":"http:\/\/news-papers.eu\/index.php?rest_route=\/wp\/v2\/posts\/18589","targetHints":{"allow":["GET"]}}],"collection":[{"href":"http:\/\/news-papers.eu\/index.php?rest_route=\/wp\/v2\/posts"}],"about":[{"href":"http:\/\/news-papers.eu\/index.php?rest_route=\/wp\/v2\/types\/post"}],"author":[{"embeddable":true,"href":"http:\/\/news-papers.eu\/index.php?rest_route=\/wp\/v2\/users\/1"}],"replies":[{"embeddable":true,"href":"http:\/\/news-papers.eu\/index.php?rest_route=%2Fwp%2Fv2%2Fcomments&post=18589"}],"version-history":[{"count":2,"href":"http:\/\/news-papers.eu\/index.php?rest_route=\/wp\/v2\/posts\/18589\/revisions"}],"predecessor-version":[{"id":18591,"href":"http:\/\/news-papers.eu\/index.php?rest_route=\/wp\/v2\/posts\/18589\/revisions\/18591"}],"wp:featuredmedia":[{"embeddable":true,"href":"http:\/\/news-papers.eu\/index.php?rest_route=\/wp\/v2\/media\/17873"}],"wp:attachment":[{"href":"http:\/\/news-papers.eu\/index.php?rest_route=%2Fwp%2Fv2%2Fmedia&parent=18589"}],"wp:term":[{"taxonomy":"category","embeddable":true,"href":"http:\/\/news-papers.eu\/index.php?rest_route=%2Fwp%2Fv2%2Fcategories&post=18589"},{"taxonomy":"post_tag","embeddable":true,"href":"http:\/\/news-papers.eu\/index.php?rest_route=%2Fwp%2Fv2%2Ftags&post=18589"}],"curies":[{"name":"wp","href":"https:\/\/api.w.org\/{rel}","templated":true}]}}