{"id":18355,"date":"2024-06-10T04:41:14","date_gmt":"2024-06-10T02:41:14","guid":{"rendered":"http:\/\/news-papers.eu\/?p=18355"},"modified":"2024-06-01T14:43:30","modified_gmt":"2024-06-01T12:43:30","slug":"notfallpflegekongress-am-09-10-10-2024-in-stuttgart","status":"publish","type":"post","link":"http:\/\/news-papers.eu\/?p=18355","title":{"rendered":"Notfallpflegekongress am 09.\/10.10.2024 in Stuttgart"},"content":{"rendered":"<p><a href=\"https:\/\/www.fasttrack-notfall.com\/2024\/05\/22\/3-notfallpflegekongress-9-10-oktober-am-marienhospital-stuttgart\/\" target=\"_blank\" rel=\"noopener\"><img data-recalc-dims=\"1\" loading=\"lazy\" decoding=\"async\" data-attachment-id=\"18356\" data-permalink=\"http:\/\/news-papers.eu\/?attachment_id=18356\" data-orig-file=\"https:\/\/i0.wp.com\/news-papers.eu\/wp-content\/uploads\/2024\/06\/Bildschirmfoto-2024-06-01-um-14.41.58.png?fit=1322%2C350\" data-orig-size=\"1322,350\" data-comments-opened=\"1\" data-image-meta=\"{&quot;aperture&quot;:&quot;0&quot;,&quot;credit&quot;:&quot;&quot;,&quot;camera&quot;:&quot;&quot;,&quot;caption&quot;:&quot;&quot;,&quot;created_timestamp&quot;:&quot;0&quot;,&quot;copyright&quot;:&quot;&quot;,&quot;focal_length&quot;:&quot;0&quot;,&quot;iso&quot;:&quot;0&quot;,&quot;shutter_speed&quot;:&quot;0&quot;,&quot;title&quot;:&quot;&quot;,&quot;orientation&quot;:&quot;0&quot;}\" data-image-title=\"Bildschirmfoto 2024-06-01 um 14.41.58\" data-image-description=\"\" data-image-caption=\"\" data-large-file=\"https:\/\/i0.wp.com\/news-papers.eu\/wp-content\/uploads\/2024\/06\/Bildschirmfoto-2024-06-01-um-14.41.58.png?fit=1024%2C271\" class=\"alignnone wp-image-18356\" src=\"https:\/\/i0.wp.com\/news-papers.eu\/wp-content\/uploads\/2024\/06\/Bildschirmfoto-2024-06-01-um-14.41.58.png?resize=752%2C198\" alt=\"\" width=\"752\" height=\"198\" srcset=\"https:\/\/i0.wp.com\/news-papers.eu\/wp-content\/uploads\/2024\/06\/Bildschirmfoto-2024-06-01-um-14.41.58.png?resize=300%2C79 300w, https:\/\/i0.wp.com\/news-papers.eu\/wp-content\/uploads\/2024\/06\/Bildschirmfoto-2024-06-01-um-14.41.58.png?resize=1024%2C271 1024w, https:\/\/i0.wp.com\/news-papers.eu\/wp-content\/uploads\/2024\/06\/Bildschirmfoto-2024-06-01-um-14.41.58.png?resize=768%2C203 768w, https:\/\/i0.wp.com\/news-papers.eu\/wp-content\/uploads\/2024\/06\/Bildschirmfoto-2024-06-01-um-14.41.58.png?w=1322 1322w\" sizes=\"auto, (max-width: 752px) 100vw, 752px\" \/><\/a><\/p>\n<p>Link: <a href=\"https:\/\/www.fasttrack-notfall.com\/2024\/05\/22\/3-notfallpflegekongress-9-10-oktober-am-marienhospital-stuttgart\/\" target=\"_blank\" rel=\"noopener\">https:\/\/www.fasttrack-notfall.com\/2024\/05\/22\/3-notfallpflegekongress-9-10-oktober-am-marienhospital-stuttgart\/<\/a><\/p>\n","protected":false},"excerpt":{"rendered":"<p>Link: https:\/\/www.fasttrack-notfall.com\/2024\/05\/22\/3-notfallpflegekongress-9-10-oktober-am-marienhospital-stuttgart\/<\/p>\n","protected":false},"author":2,"featured_media":18357,"comment_status":"open","ping_status":"open","sticky":false,"template":"","format":"standard","meta":{"__cvm_playback_settings":[],"__cvm_video_id":"","jetpack_post_was_ever_published":false,"_jetpack_newsletter_access":"","_jetpack_dont_email_post_to_subs":false,"_jetpack_newsletter_tier_id":0,"_jetpack_memberships_contains_paywalled_content":false,"_jetpack_memberships_contains_paid_content":false,"footnotes":"","jetpack_publicize_message":"","jetpack_publicize_feature_enabled":true,"jetpack_social_post_already_shared":true,"jetpack_social_options":{"image_generator_settings":{"template":"highway","default_image_id":0,"font":"","enabled":false},"version":2},"_wpas_customize_per_network":false},"categories":[1463],"tags":[],"class_list":["post-18355","post","type-post","status-publish","format-standard","has-post-thumbnail","hentry","category-notfallpflege"],"jetpack_publicize_connections":[],"jetpack_featured_media_url":"https:\/\/i0.wp.com\/news-papers.eu\/wp-content\/uploads\/2024\/06\/Bildschirmfoto-2024-06-01-um-14.42.46.png?fit=1052%2C1524","jetpack_sharing_enabled":true,"jetpack_shortlink":"https:\/\/wp.me\/p7fR2g-4M3","jetpack-related-posts":[{"id":17111,"url":"http:\/\/news-papers.eu\/?p=17111","url_meta":{"origin":18355,"position":0},"title":"2. Notfallpflegekongress in Stuttgart, 11.-12.10.2023","author":"Michael Bernhard","date":"Mai 24, 2023","format":false,"excerpt":"Jetzt ist es soweit. Sie k\u00f6nnen sich f\u00fcr den 2. Notfallpflegekongress in Stuttgart anmelden. Diesmal findet er an 2 Tagen statt. Am ersten Tag gibt es ab 13:00 Uhr verschiedene Workshops und am 2. Tag das Vortragsprogramm und die Industrieausstellung. Alle Informationen finden Sie im angeh\u00e4ngten Flyer. Die Veranstalter freuen\u2026","rel":"","context":"In &quot;Notfallpflege&quot;","block_context":{"text":"Notfallpflege","link":"http:\/\/news-papers.eu\/?cat=1463"},"img":{"alt_text":"","src":"https:\/\/i0.wp.com\/news-papers.eu\/wp-content\/uploads\/2023\/05\/Bildschirmfoto-2023-05-22-um-22.37.15.png?fit=1150%2C516&resize=350%2C200","width":350,"height":200,"srcset":"https:\/\/i0.wp.com\/news-papers.eu\/wp-content\/uploads\/2023\/05\/Bildschirmfoto-2023-05-22-um-22.37.15.png?fit=1150%2C516&resize=350%2C200 1x, https:\/\/i0.wp.com\/news-papers.eu\/wp-content\/uploads\/2023\/05\/Bildschirmfoto-2023-05-22-um-22.37.15.png?fit=1150%2C516&resize=525%2C300 1.5x, https:\/\/i0.wp.com\/news-papers.eu\/wp-content\/uploads\/2023\/05\/Bildschirmfoto-2023-05-22-um-22.37.15.png?fit=1150%2C516&resize=700%2C400 2x, https:\/\/i0.wp.com\/news-papers.eu\/wp-content\/uploads\/2023\/05\/Bildschirmfoto-2023-05-22-um-22.37.15.png?fit=1150%2C516&resize=1050%2C600 3x"},"classes":[]},{"id":15345,"url":"http:\/\/news-papers.eu\/?p=15345","url_meta":{"origin":18355,"position":1},"title":"1. Notfallpflegekongress 14.09.2022 im Marienhospital Stuttgart","author":"Michael Bernhard","date":"April 15, 2022","format":false,"excerpt":"Programm der Veranstaltung: Notfallpflegekongress","rel":"","context":"In &quot;Veranstaltungshinweis&quot;","block_context":{"text":"Veranstaltungshinweis","link":"http:\/\/news-papers.eu\/?cat=30"},"img":{"alt_text":"","src":"https:\/\/i0.wp.com\/news-papers.eu\/wp-content\/uploads\/2022\/04\/Bildschirmfoto-2022-04-05-um-18.31.42.png?fit=658%2C1022&resize=350%2C200","width":350,"height":200,"srcset":"https:\/\/i0.wp.com\/news-papers.eu\/wp-content\/uploads\/2022\/04\/Bildschirmfoto-2022-04-05-um-18.31.42.png?fit=658%2C1022&resize=350%2C200 1x, https:\/\/i0.wp.com\/news-papers.eu\/wp-content\/uploads\/2022\/04\/Bildschirmfoto-2022-04-05-um-18.31.42.png?fit=658%2C1022&resize=525%2C300 1.5x"},"classes":[]},{"id":18779,"url":"http:\/\/news-papers.eu\/?p=18779","url_meta":{"origin":18355,"position":2},"title":"FASTTRACK: Schuss- und Stichverletzungen live aus Stuttgart &#8211; Folge 69","author":"Michael Bernhard","date":"November 5, 2024","format":false,"excerpt":"https:\/\/www.youtube.com\/watch?v=yhdZo00ZpR0&t=76s FASTTRACK hat Folge 69 live am Notfallpflegekongress in Stuttgart aufgenommen und jetzt ver\u00f6ffentlicht. Als Gast war Philipp Gotthard anwesend und zus\u00e4tzlich gab es noch einen \u00dcberraschungssbeitrag. https:\/\/www.fasttrack-notfall.com\/","rel":"","context":"In &quot;Trauma&quot;","block_context":{"text":"Trauma","link":"http:\/\/news-papers.eu\/?cat=6"},"img":{"alt_text":"","src":"https:\/\/i0.wp.com\/news-papers.eu\/wp-content\/uploads\/2024\/11\/Bildschirmfoto-2024-11-03-um-18.04.15.png?fit=1200%2C667&resize=350%2C200","width":350,"height":200,"srcset":"https:\/\/i0.wp.com\/news-papers.eu\/wp-content\/uploads\/2024\/11\/Bildschirmfoto-2024-11-03-um-18.04.15.png?fit=1200%2C667&resize=350%2C200 1x, https:\/\/i0.wp.com\/news-papers.eu\/wp-content\/uploads\/2024\/11\/Bildschirmfoto-2024-11-03-um-18.04.15.png?fit=1200%2C667&resize=525%2C300 1.5x, https:\/\/i0.wp.com\/news-papers.eu\/wp-content\/uploads\/2024\/11\/Bildschirmfoto-2024-11-03-um-18.04.15.png?fit=1200%2C667&resize=700%2C400 2x, https:\/\/i0.wp.com\/news-papers.eu\/wp-content\/uploads\/2024\/11\/Bildschirmfoto-2024-11-03-um-18.04.15.png?fit=1200%2C667&resize=1050%2C600 3x"},"classes":[]},{"id":16362,"url":"http:\/\/news-papers.eu\/?p=16362","url_meta":{"origin":18355,"position":3},"title":"FASTtrack Folge 47: Lungenarterienembolie","author":"Michael Bernhard","date":"Dezember 17, 2022","format":false,"excerpt":"In Folge 47 geht es um die Lungenembolie : Folge 47 - Lungenembolien fasttrack-notfall.com Au\u00dferdem gibt es auf im YouTube Kanal von FASTtrack einen Vortrag von Christian Maschmann zum langen Abschied der Zervicalst\u00fctze, den er auf dem Notfallpflegekongress hier in Stuttgart gehalten hat. Spinal Motion Restriction oder auch \u201cImmobilisierung\u201d -\u2026","rel":"","context":"In &quot;allgemein&quot;","block_context":{"text":"allgemein","link":"http:\/\/news-papers.eu\/?cat=2"},"img":{"alt_text":"","src":"https:\/\/i0.wp.com\/news-papers.eu\/wp-content\/uploads\/2022\/12\/image.jpg?fit=1024%2C1024&resize=350%2C200","width":350,"height":200,"srcset":"https:\/\/i0.wp.com\/news-papers.eu\/wp-content\/uploads\/2022\/12\/image.jpg?fit=1024%2C1024&resize=350%2C200 1x, https:\/\/i0.wp.com\/news-papers.eu\/wp-content\/uploads\/2022\/12\/image.jpg?fit=1024%2C1024&resize=525%2C300 1.5x, https:\/\/i0.wp.com\/news-papers.eu\/wp-content\/uploads\/2022\/12\/image.jpg?fit=1024%2C1024&resize=700%2C400 2x"},"classes":[]},{"id":19705,"url":"http:\/\/news-papers.eu\/?p=19705","url_meta":{"origin":18355,"position":4},"title":"Notfallpflegekongress 2025, 08.\/09.10.2025","author":"Michael Bernhard","date":"Juli 3, 2025","format":false,"excerpt":"Wir freuen uns, Sie als Teilnehmer*in bei unserem Notfallpflegekongress 2025 begru\u0308\u00dfen zu du\u0308rfen! Das Programm der beiden Tage finden Sie auf den folgenden Seiten. Anmeldung und Kosten: Sie k\u00f6nnen sich fu\u0308r beide Kongresstage anmelden (Workshop- und Vortragstag; Kosten 190 Euro) oder nur fu\u0308r den 2. Kongresstag (Vortragstag; Kosten 95 Euro).\u2026","rel":"","context":"In &quot;Veranstaltungshinweis&quot;","block_context":{"text":"Veranstaltungshinweis","link":"http:\/\/news-papers.eu\/?cat=30"},"img":{"alt_text":"","src":"https:\/\/i0.wp.com\/news-papers.eu\/wp-content\/uploads\/2025\/07\/Bildschirmfoto-2025-07-02-um-21.12.44.png?fit=842%2C1200&resize=350%2C200","width":350,"height":200,"srcset":"https:\/\/i0.wp.com\/news-papers.eu\/wp-content\/uploads\/2025\/07\/Bildschirmfoto-2025-07-02-um-21.12.44.png?fit=842%2C1200&resize=350%2C200 1x, https:\/\/i0.wp.com\/news-papers.eu\/wp-content\/uploads\/2025\/07\/Bildschirmfoto-2025-07-02-um-21.12.44.png?fit=842%2C1200&resize=525%2C300 1.5x, https:\/\/i0.wp.com\/news-papers.eu\/wp-content\/uploads\/2025\/07\/Bildschirmfoto-2025-07-02-um-21.12.44.png?fit=842%2C1200&resize=700%2C400 2x"},"classes":[]},{"id":18450,"url":"http:\/\/news-papers.eu\/?p=18450","url_meta":{"origin":18355,"position":5},"title":"12.Stuttgarter Notfalltag, 12.10.2024","author":"Michael Bernhard","date":"Juli 19, 2024","format":false,"excerpt":"Liebe Kolleginnen und Kollegen, wir laden Sie herzlich zur Teilnahme am 12. Stuttgarter Notfalltag ein. Der diesj\u00e4hrige Stuttgarter Notfalltag wird neben zahlreichen Fachvortr\u00e4gen auch wieder interessante Workshops im Programm haben, die Sie zum Mitmachen einladen. Wie bereits im vergangenen Jahr finden die Workshops nicht parallel zur wissenschaftlichen Tagung, sondern wieder\u2026","rel":"","context":"In &quot;Veranstaltungshinweis&quot;","block_context":{"text":"Veranstaltungshinweis","link":"http:\/\/news-papers.eu\/?cat=30"},"img":{"alt_text":"","src":"https:\/\/i0.wp.com\/news-papers.eu\/wp-content\/uploads\/2024\/07\/Bildschirmfoto-2024-07-18-um-20.06.37.png?fit=770%2C970&resize=350%2C200","width":350,"height":200,"srcset":"https:\/\/i0.wp.com\/news-papers.eu\/wp-content\/uploads\/2024\/07\/Bildschirmfoto-2024-07-18-um-20.06.37.png?fit=770%2C970&resize=350%2C200 1x, https:\/\/i0.wp.com\/news-papers.eu\/wp-content\/uploads\/2024\/07\/Bildschirmfoto-2024-07-18-um-20.06.37.png?fit=770%2C970&resize=525%2C300 1.5x, https:\/\/i0.wp.com\/news-papers.eu\/wp-content\/uploads\/2024\/07\/Bildschirmfoto-2024-07-18-um-20.06.37.png?fit=770%2C970&resize=700%2C400 2x"},"classes":[]}],"jetpack_likes_enabled":true,"_links":{"self":[{"href":"http:\/\/news-papers.eu\/index.php?rest_route=\/wp\/v2\/posts\/18355","targetHints":{"allow":["GET"]}}],"collection":[{"href":"http:\/\/news-papers.eu\/index.php?rest_route=\/wp\/v2\/posts"}],"about":[{"href":"http:\/\/news-papers.eu\/index.php?rest_route=\/wp\/v2\/types\/post"}],"author":[{"embeddable":true,"href":"http:\/\/news-papers.eu\/index.php?rest_route=\/wp\/v2\/users\/2"}],"replies":[{"embeddable":true,"href":"http:\/\/news-papers.eu\/index.php?rest_route=%2Fwp%2Fv2%2Fcomments&post=18355"}],"version-history":[{"count":1,"href":"http:\/\/news-papers.eu\/index.php?rest_route=\/wp\/v2\/posts\/18355\/revisions"}],"predecessor-version":[{"id":18358,"href":"http:\/\/news-papers.eu\/index.php?rest_route=\/wp\/v2\/posts\/18355\/revisions\/18358"}],"wp:featuredmedia":[{"embeddable":true,"href":"http:\/\/news-papers.eu\/index.php?rest_route=\/wp\/v2\/media\/18357"}],"wp:attachment":[{"href":"http:\/\/news-papers.eu\/index.php?rest_route=%2Fwp%2Fv2%2Fmedia&parent=18355"}],"wp:term":[{"taxonomy":"category","embeddable":true,"href":"http:\/\/news-papers.eu\/index.php?rest_route=%2Fwp%2Fv2%2Fcategories&post=18355"},{"taxonomy":"post_tag","embeddable":true,"href":"http:\/\/news-papers.eu\/index.php?rest_route=%2Fwp%2Fv2%2Ftags&post=18355"}],"curies":[{"name":"wp","href":"https:\/\/api.w.org\/{rel}","templated":true}]}}