{"id":18192,"date":"2024-04-17T04:41:58","date_gmt":"2024-04-17T02:41:58","guid":{"rendered":"http:\/\/news-papers.eu\/?p=18192"},"modified":"2024-04-16T16:57:00","modified_gmt":"2024-04-16T14:57:00","slug":"18192","status":"publish","type":"post","link":"http:\/\/news-papers.eu\/?p=18192","title":{"rendered":"Heinzpeter-Moecke-Forum 06.\/07.06.2024 in Hamburg"},"content":{"rendered":"<div><img data-recalc-dims=\"1\" loading=\"lazy\" decoding=\"async\" data-attachment-id=\"18198\" data-permalink=\"http:\/\/news-papers.eu\/?attachment_id=18198\" data-orig-file=\"https:\/\/i0.wp.com\/news-papers.eu\/wp-content\/uploads\/2024\/04\/Bildschirmfoto-2024-04-16-um-16.56.12.png?fit=5104%2C2864\" data-orig-size=\"5104,2864\" data-comments-opened=\"1\" data-image-meta=\"{&quot;aperture&quot;:&quot;0&quot;,&quot;credit&quot;:&quot;&quot;,&quot;camera&quot;:&quot;&quot;,&quot;caption&quot;:&quot;&quot;,&quot;created_timestamp&quot;:&quot;0&quot;,&quot;copyright&quot;:&quot;&quot;,&quot;focal_length&quot;:&quot;0&quot;,&quot;iso&quot;:&quot;0&quot;,&quot;shutter_speed&quot;:&quot;0&quot;,&quot;title&quot;:&quot;&quot;,&quot;orientation&quot;:&quot;0&quot;}\" data-image-title=\"Bildschirmfoto 2024-04-16 um 16.56.12\" data-image-description=\"\" data-image-caption=\"\" data-large-file=\"https:\/\/i0.wp.com\/news-papers.eu\/wp-content\/uploads\/2024\/04\/Bildschirmfoto-2024-04-16-um-16.56.12.png?fit=1024%2C575\" class=\"alignnone  wp-image-18198\" src=\"https:\/\/i0.wp.com\/news-papers.eu\/wp-content\/uploads\/2024\/04\/Bildschirmfoto-2024-04-16-um-16.56.12.png?resize=1170%2C655\" alt=\"\" width=\"1170\" height=\"655\" srcset=\"https:\/\/i0.wp.com\/news-papers.eu\/wp-content\/uploads\/2024\/04\/Bildschirmfoto-2024-04-16-um-16.56.12.png?resize=300%2C168 300w, https:\/\/i0.wp.com\/news-papers.eu\/wp-content\/uploads\/2024\/04\/Bildschirmfoto-2024-04-16-um-16.56.12.png?resize=1024%2C575 1024w, https:\/\/i0.wp.com\/news-papers.eu\/wp-content\/uploads\/2024\/04\/Bildschirmfoto-2024-04-16-um-16.56.12.png?resize=768%2C431 768w, https:\/\/i0.wp.com\/news-papers.eu\/wp-content\/uploads\/2024\/04\/Bildschirmfoto-2024-04-16-um-16.56.12.png?resize=2048%2C1149 2048w, https:\/\/i0.wp.com\/news-papers.eu\/wp-content\/uploads\/2024\/04\/Bildschirmfoto-2024-04-16-um-16.56.12.png?resize=750%2C421 750w, https:\/\/i0.wp.com\/news-papers.eu\/wp-content\/uploads\/2024\/04\/Bildschirmfoto-2024-04-16-um-16.56.12.png?zoom=2&amp;resize=1621%2C908 3242w, https:\/\/i0.wp.com\/news-papers.eu\/wp-content\/uploads\/2024\/04\/Bildschirmfoto-2024-04-16-um-16.56.12.png?zoom=3&amp;resize=1621%2C908 4863w\" sizes=\"auto, (max-width: 1170px) 100vw, 1170px\" \/><\/div>\n<div><\/div>\n<div class=\"elementToProof\"><a id=\"OWA5dd1b612-611b-86ad-4897-18f59d149f75\" class=\"OWAAutoLink\" title=\"https:\/\/www.heinzpeter-moecke-forum.de\/\" contenteditable=\"false\" href=\"https:\/\/www.heinzpeter-moecke-forum.de\/\" data-loopstyle=\"linkonly\">Heinzpeter-Moecke-Forum | 2024 19. Deutsches ZNA-Symposium | Hansestadt Hamburg<\/a><\/div>\n<div class=\"elementToProof\"><\/div>\n<div class=\"elementToProof\"><strong>Termin: 06.+07. Juni 2024<\/strong><\/div>\n<div class=\"elementToProof\"><strong>Ort: Hamburg, Asklepios Klinik Barmbek, Seminarzentrum<\/strong><\/div>\n","protected":false},"excerpt":{"rendered":"<p>Heinzpeter-Moecke-Forum | 2024 19. Deutsches ZNA-Symposium | Hansestadt Hamburg Termin: 06.+07. Juni 2024 Ort: Hamburg, Asklepios Klinik Barmbek, Seminarzentrum<\/p>\n","protected":false},"author":2,"featured_media":18193,"comment_status":"open","ping_status":"open","sticky":false,"template":"","format":"standard","meta":{"__cvm_playback_settings":[],"__cvm_video_id":"","jetpack_post_was_ever_published":false,"_jetpack_newsletter_access":"","_jetpack_dont_email_post_to_subs":false,"_jetpack_newsletter_tier_id":0,"_jetpack_memberships_contains_paywalled_content":false,"_jetpack_memberships_contains_paid_content":false,"footnotes":"","jetpack_publicize_message":"","jetpack_publicize_feature_enabled":true,"jetpack_social_post_already_shared":true,"jetpack_social_options":{"image_generator_settings":{"template":"highway","default_image_id":0,"font":"","enabled":false},"version":2},"_wpas_customize_per_network":false},"categories":[30],"tags":[2649],"class_list":["post-18192","post","type-post","status-publish","format-standard","has-post-thumbnail","hentry","category-veranstaltungshinweis","tag-heinzpeter-moecke-forum"],"jetpack_publicize_connections":[],"jetpack_featured_media_url":"https:\/\/i0.wp.com\/news-papers.eu\/wp-content\/uploads\/2024\/04\/Bildschirmfoto-2024-04-16-um-14.23.28.png?fit=2392%2C1864","jetpack_sharing_enabled":true,"jetpack_shortlink":"https:\/\/wp.me\/s7fR2g-18192","jetpack-related-posts":[{"id":19567,"url":"http:\/\/news-papers.eu\/?p=19567","url_meta":{"origin":18192,"position":0},"title":"Heinz-Peter-Moecke-Forum am 05.\/06.06.2025 in Hamburg","author":"Michael Bernhard","date":"Mai 4, 2025","format":false,"excerpt":"Forumsleitung: Das Heinzpeter-Moecke-Forum | 2025 wird von CK-Lackner, JC-Brokmann und S-Wirtz pr\u00e4sentiert. Die Notfallmedizin ist gesundheits- und berufspolitisch in den Mittelpunkt ger\u00fcckt. Die Einf\u00fchrung der neuen Leistungsgruppe \"Notfallmedizin\"\" durch das Krankenhausversorgungsverbersserungsgesetz (KHVVG) unterstreicht die neugefundene Bedeutung ebenso wie die dringend und von allen Akteuren erwartete Notfallreformgesetzgebung. Aufgrund des demografischen Wandels\u2026","rel":"","context":"In &quot;Veranstaltungshinweis&quot;","block_context":{"text":"Veranstaltungshinweis","link":"http:\/\/news-papers.eu\/?cat=30"},"img":{"alt_text":"","src":"https:\/\/i0.wp.com\/news-papers.eu\/wp-content\/uploads\/2025\/05\/Bildschirmfoto-2025-05-03-um-11.30.49.png?fit=1200%2C627&resize=350%2C200","width":350,"height":200,"srcset":"https:\/\/i0.wp.com\/news-papers.eu\/wp-content\/uploads\/2025\/05\/Bildschirmfoto-2025-05-03-um-11.30.49.png?fit=1200%2C627&resize=350%2C200 1x, https:\/\/i0.wp.com\/news-papers.eu\/wp-content\/uploads\/2025\/05\/Bildschirmfoto-2025-05-03-um-11.30.49.png?fit=1200%2C627&resize=525%2C300 1.5x, https:\/\/i0.wp.com\/news-papers.eu\/wp-content\/uploads\/2025\/05\/Bildschirmfoto-2025-05-03-um-11.30.49.png?fit=1200%2C627&resize=700%2C400 2x, https:\/\/i0.wp.com\/news-papers.eu\/wp-content\/uploads\/2025\/05\/Bildschirmfoto-2025-05-03-um-11.30.49.png?fit=1200%2C627&resize=1050%2C600 3x"},"classes":[]},{"id":20579,"url":"http:\/\/news-papers.eu\/?p=20579","url_meta":{"origin":18192,"position":1},"title":"Auf geht nach Hamburg zum Heinz-Peter Moecke Forum (HMF) am 07.\/08.05.2026","author":"Michael Bernhard","date":"M\u00e4rz 31, 2026","format":false,"excerpt":"Von Kindernotfall u\u0308ber den juristischen Notfallkoffer bis Vorsorgeplanung alles dabei! Ein Forum, in dem Perspektiven knistern, neue Ideen entstehen und tolle Menschen zusammenkommen, die Zukunft gestalten wollen. Anmeldung u\u0308ber: https:\/\/www.heinzpeter-moecke-forum.de #ZNA #Klinam #Notaufnahme #Notfallmedizin Dr. Ulf Harding, Prof. Ingo Gr\u00e4ff, Peter Gausmann, Dr. Felix Hans, Prof. Bernhard Kumle, Dr. Christiane\u2026","rel":"","context":"In &quot;Veranstaltungshinweis&quot;","block_context":{"text":"Veranstaltungshinweis","link":"http:\/\/news-papers.eu\/?cat=30"},"img":{"alt_text":"","src":"https:\/\/i0.wp.com\/news-papers.eu\/wp-content\/uploads\/2026\/03\/Bildschirmfoto-2026-03-30-um-09.16.15.png?fit=716%2C848&resize=350%2C200","width":350,"height":200,"srcset":"https:\/\/i0.wp.com\/news-papers.eu\/wp-content\/uploads\/2026\/03\/Bildschirmfoto-2026-03-30-um-09.16.15.png?fit=716%2C848&resize=350%2C200 1x, https:\/\/i0.wp.com\/news-papers.eu\/wp-content\/uploads\/2026\/03\/Bildschirmfoto-2026-03-30-um-09.16.15.png?fit=716%2C848&resize=525%2C300 1.5x, https:\/\/i0.wp.com\/news-papers.eu\/wp-content\/uploads\/2026\/03\/Bildschirmfoto-2026-03-30-um-09.16.15.png?fit=716%2C848&resize=700%2C400 2x"},"classes":[]},{"id":2002,"url":"http:\/\/news-papers.eu\/?p=2002","url_meta":{"origin":18192,"position":2},"title":"Eilmeldung: Eckpunktepapier 2016 zur notfallmedizinischen Versorgung der Bev\u00f6lkerung","author":"Michael Bernhard","date":"Juli 10, 2016","format":false,"excerpt":"Gerade ist das Neue\u00a0Eckpunktepapier 2016 zur notfallmedizinischen Versorgung der Bev\u00f6lkerung in der Fachzeitschrift NOTFALL & RETTUNGSMEDIZIN erschienen: Fischer M, Kehrberger E, Marung H, Moecke H, Pr\u00fcckner S, Trentzsch H, Urban B, Fachexperten der Eckpunktepapier-Konsensus-Gruppe. Eckpunktepapier 2016 zur notfallmedizinischen Versorgung der Bev\u00f6lkerung in der Pr\u00e4hospitalphase und in der Klinik. Notfall Rettungsmedizin\u2026","rel":"","context":"In &quot;allgemein&quot;","block_context":{"text":"allgemein","link":"http:\/\/news-papers.eu\/?cat=2"},"img":{"alt_text":"","src":"https:\/\/i0.wp.com\/news-papers.eu\/wp-content\/uploads\/2016\/07\/Bildschirmfoto-2016-07-10-um-11.09.08.png?fit=941%2C603&resize=350%2C200","width":350,"height":200,"srcset":"https:\/\/i0.wp.com\/news-papers.eu\/wp-content\/uploads\/2016\/07\/Bildschirmfoto-2016-07-10-um-11.09.08.png?fit=941%2C603&resize=350%2C200 1x, https:\/\/i0.wp.com\/news-papers.eu\/wp-content\/uploads\/2016\/07\/Bildschirmfoto-2016-07-10-um-11.09.08.png?fit=941%2C603&resize=525%2C300 1.5x, https:\/\/i0.wp.com\/news-papers.eu\/wp-content\/uploads\/2016\/07\/Bildschirmfoto-2016-07-10-um-11.09.08.png?fit=941%2C603&resize=700%2C400 2x"},"classes":[]},{"id":2098,"url":"http:\/\/news-papers.eu\/?p=2098","url_meta":{"origin":18192,"position":3},"title":"Eckpunktepapier 2016: Reanimationsbehandlung","author":"Michael Bernhard","date":"September 18, 2016","format":false,"excerpt":"K\u00fcrzlich hatten wir von der Publikation des Eckpunktepapier zur notfallmedizinischen Versorgung der Bev\u00f6lkerung berichtet. Eingegangene in dieses Eckpunktepapier sind auch sechs Tracerdiagnosen. Heute wollen wir uns mit dem Anteil \"kardiopulmonale Reanimation\" aus dem Eckpunktepapier besch\u00e4ftigen und die wesentlichen Punkte auff\u00fchren.\u00a0Erarbeitet\u00a0wurden die wichtigsten Punkte von: Gr\u00e4sner JT, Fischer M, Kehrberger E,\u00a0Marung\u2026","rel":"","context":"In &quot;Reanimatologie&quot;","block_context":{"text":"Reanimatologie","link":"http:\/\/news-papers.eu\/?cat=137"},"img":{"alt_text":"","src":"https:\/\/i0.wp.com\/news-papers.eu\/wp-content\/uploads\/2016\/08\/Bildschirmfoto-2016-08-09-um-08.05.02.png?fit=673%2C416&resize=350%2C200","width":350,"height":200,"srcset":"https:\/\/i0.wp.com\/news-papers.eu\/wp-content\/uploads\/2016\/08\/Bildschirmfoto-2016-08-09-um-08.05.02.png?fit=673%2C416&resize=350%2C200 1x, https:\/\/i0.wp.com\/news-papers.eu\/wp-content\/uploads\/2016\/08\/Bildschirmfoto-2016-08-09-um-08.05.02.png?fit=673%2C416&resize=525%2C300 1.5x"},"classes":[]},{"id":16993,"url":"http:\/\/news-papers.eu\/?p=16993","url_meta":{"origin":18192,"position":4},"title":"Intensivtransportkurs in Hamburg","author":"Bj\u00f6rn Hossfeld","date":"Mai 1, 2023","format":false,"excerpt":"Das Bundeswehrkrankenhaus (BwK) Hamburg und das Universit\u00e4tsklinikum Eppendorf (UKE) veranstalten einen gemeinsamen Intensivtransportkurs nach dem Curriculum der DIVI. am 2. Juni 2023 (online) und am 3.\/4. Juni 2023 in Pr\u00e4senz am Bundeswehrkrankenhaus Hamburg Die beiden Kooperationspartner UKE und BwK Hamburg blicken auf eine langj\u00e4hrige Erfahrung in der Durchfu\u0308hrung des DIVI\u2026","rel":"","context":"In &quot;Veranstaltungshinweis&quot;","block_context":{"text":"Veranstaltungshinweis","link":"http:\/\/news-papers.eu\/?cat=30"},"img":{"alt_text":"","src":"https:\/\/i0.wp.com\/news-papers.eu\/wp-content\/uploads\/2023\/04\/Intensivtransport-Hamburg.png?fit=1064%2C1054&resize=350%2C200","width":350,"height":200,"srcset":"https:\/\/i0.wp.com\/news-papers.eu\/wp-content\/uploads\/2023\/04\/Intensivtransport-Hamburg.png?fit=1064%2C1054&resize=350%2C200 1x, https:\/\/i0.wp.com\/news-papers.eu\/wp-content\/uploads\/2023\/04\/Intensivtransport-Hamburg.png?fit=1064%2C1054&resize=525%2C300 1.5x, https:\/\/i0.wp.com\/news-papers.eu\/wp-content\/uploads\/2023\/04\/Intensivtransport-Hamburg.png?fit=1064%2C1054&resize=700%2C400 2x, https:\/\/i0.wp.com\/news-papers.eu\/wp-content\/uploads\/2023\/04\/Intensivtransport-Hamburg.png?fit=1064%2C1054&resize=1050%2C600 3x"},"classes":[]},{"id":13781,"url":"http:\/\/news-papers.eu\/?p=13781","url_meta":{"origin":18192,"position":5},"title":"DIVI-Intensivtransportkurs in Hamburg","author":"Bj\u00f6rn Hossfeld","date":"Mai 29, 2021","format":false,"excerpt":"Gerade im vergangenen Jahr war die Notwendigkeit zur Verlegung von Intensivpatienten besonders gro\u00df, um trotz der Pandemie jederzeit aufnahmebereit zu sein f\u00fcr Patienten, die notf\u00e4llig ein Intensivbett ben\u00f6tigen. Um \u00e4rztliches wie medizinsiches Assitenzpersonal optimal auf solche Intensivtransporte vorzubereiten, veranstaltet das Bundeswehrkrankenhaus (BwK) Hamburg gemeinsam mit dem Universit\u00e4tsklinikum Hamburg-Eppendorf (UKE) einen\u2026","rel":"","context":"In &quot;Veranstaltungshinweis&quot;","block_context":{"text":"Veranstaltungshinweis","link":"http:\/\/news-papers.eu\/?cat=30"},"img":{"alt_text":"","src":"https:\/\/i0.wp.com\/news-papers.eu\/wp-content\/uploads\/2021\/05\/Bildschirmfoto-2021-05-28-um-14.00.40.png?fit=588%2C574&resize=350%2C200","width":350,"height":200,"srcset":"https:\/\/i0.wp.com\/news-papers.eu\/wp-content\/uploads\/2021\/05\/Bildschirmfoto-2021-05-28-um-14.00.40.png?fit=588%2C574&resize=350%2C200 1x, https:\/\/i0.wp.com\/news-papers.eu\/wp-content\/uploads\/2021\/05\/Bildschirmfoto-2021-05-28-um-14.00.40.png?fit=588%2C574&resize=525%2C300 1.5x"},"classes":[]}],"jetpack_likes_enabled":true,"_links":{"self":[{"href":"http:\/\/news-papers.eu\/index.php?rest_route=\/wp\/v2\/posts\/18192","targetHints":{"allow":["GET"]}}],"collection":[{"href":"http:\/\/news-papers.eu\/index.php?rest_route=\/wp\/v2\/posts"}],"about":[{"href":"http:\/\/news-papers.eu\/index.php?rest_route=\/wp\/v2\/types\/post"}],"author":[{"embeddable":true,"href":"http:\/\/news-papers.eu\/index.php?rest_route=\/wp\/v2\/users\/2"}],"replies":[{"embeddable":true,"href":"http:\/\/news-papers.eu\/index.php?rest_route=%2Fwp%2Fv2%2Fcomments&post=18192"}],"version-history":[{"count":5,"href":"http:\/\/news-papers.eu\/index.php?rest_route=\/wp\/v2\/posts\/18192\/revisions"}],"predecessor-version":[{"id":18199,"href":"http:\/\/news-papers.eu\/index.php?rest_route=\/wp\/v2\/posts\/18192\/revisions\/18199"}],"wp:featuredmedia":[{"embeddable":true,"href":"http:\/\/news-papers.eu\/index.php?rest_route=\/wp\/v2\/media\/18193"}],"wp:attachment":[{"href":"http:\/\/news-papers.eu\/index.php?rest_route=%2Fwp%2Fv2%2Fmedia&parent=18192"}],"wp:term":[{"taxonomy":"category","embeddable":true,"href":"http:\/\/news-papers.eu\/index.php?rest_route=%2Fwp%2Fv2%2Fcategories&post=18192"},{"taxonomy":"post_tag","embeddable":true,"href":"http:\/\/news-papers.eu\/index.php?rest_route=%2Fwp%2Fv2%2Ftags&post=18192"}],"curies":[{"name":"wp","href":"https:\/\/api.w.org\/{rel}","templated":true}]}}