{"id":17969,"date":"2024-01-31T04:22:11","date_gmt":"2024-01-31T03:22:11","guid":{"rendered":"http:\/\/news-papers.eu\/?p=17969"},"modified":"2024-01-30T21:48:16","modified_gmt":"2024-01-30T20:48:16","slug":"notfallmedizin-akut-aktuell-30-04-2024-18-00-20-30-h","status":"publish","type":"post","link":"http:\/\/news-papers.eu\/?p=17969","title":{"rendered":"Notfallmedizin Akut &#038; Aktuell, 30.04.2024, 18.00-20.30 h"},"content":{"rendered":"<p>Am 30.04.2024, 18.00-20.30 h findet das Notfallsymposium &#8222;Notfallmedizin Akut &amp; Aktuell&#8220; im <i>Helios Klinikum Krefeld, <\/i><i>Lutherplatz 40, <\/i><i>47805 Krefeld statt.<img data-recalc-dims=\"1\" loading=\"lazy\" decoding=\"async\" data-attachment-id=\"17971\" data-permalink=\"http:\/\/news-papers.eu\/?attachment_id=17971\" data-orig-file=\"https:\/\/i0.wp.com\/news-papers.eu\/wp-content\/uploads\/2024\/01\/Bildschirmfoto-2024-01-30-um-10.24.19.png?fit=766%2C1338\" data-orig-size=\"766,1338\" data-comments-opened=\"1\" data-image-meta=\"{&quot;aperture&quot;:&quot;0&quot;,&quot;credit&quot;:&quot;&quot;,&quot;camera&quot;:&quot;&quot;,&quot;caption&quot;:&quot;&quot;,&quot;created_timestamp&quot;:&quot;0&quot;,&quot;copyright&quot;:&quot;&quot;,&quot;focal_length&quot;:&quot;0&quot;,&quot;iso&quot;:&quot;0&quot;,&quot;shutter_speed&quot;:&quot;0&quot;,&quot;title&quot;:&quot;&quot;,&quot;orientation&quot;:&quot;0&quot;}\" data-image-title=\"Bildschirmfoto 2024-01-30 um 10.24.19\" data-image-description=\"\" data-image-caption=\"\" data-large-file=\"https:\/\/i0.wp.com\/news-papers.eu\/wp-content\/uploads\/2024\/01\/Bildschirmfoto-2024-01-30-um-10.24.19.png?fit=586%2C1024\" class=\"wp-image-17971 aligncenter\" src=\"https:\/\/i0.wp.com\/news-papers.eu\/wp-content\/uploads\/2024\/01\/Bildschirmfoto-2024-01-30-um-10.24.19.png?resize=1054%2C1838\" alt=\"\" width=\"1054\" height=\"1838\" \/><\/i><\/p>\n<p>&nbsp;<\/p>\n<p><strong><a href=\"http:\/\/news-papers.eu\/wp-content\/uploads\/2024\/01\/flyer_notfallfortbildung_19_29.01.24x.pdf\">flyer_notfallfortbildung_19_29.01.24x<\/a><\/strong><\/p>\n","protected":false},"excerpt":{"rendered":"<p>Am 30.04.2024, 18.00-20.30 h findet das Notfallsymposium &#8222;Notfallmedizin Akut &amp; Aktuell&#8220; im Helios Klinikum Krefeld, Lutherplatz 40, 47805 Krefeld statt. &nbsp; flyer_notfallfortbildung_19_29.01.24x<\/p>\n","protected":false},"author":2,"featured_media":17972,"comment_status":"open","ping_status":"open","sticky":false,"template":"","format":"standard","meta":{"__cvm_playback_settings":[],"__cvm_video_id":"","jetpack_post_was_ever_published":false,"_jetpack_newsletter_access":"","_jetpack_dont_email_post_to_subs":false,"_jetpack_newsletter_tier_id":0,"_jetpack_memberships_contains_paywalled_content":false,"_jetpack_memberships_contains_paid_content":false,"footnotes":"","jetpack_publicize_message":"","jetpack_publicize_feature_enabled":true,"jetpack_social_post_already_shared":true,"jetpack_social_options":{"image_generator_settings":{"template":"highway","default_image_id":0,"font":"","enabled":false},"version":2},"_wpas_customize_per_network":false},"categories":[30],"tags":[2617,1366,2138],"class_list":["post-17969","post","type-post","status-publish","format-standard","has-post-thumbnail","hentry","category-veranstaltungshinweis","tag-akutaktuell","tag-notfall","tag-notfallsymposium"],"jetpack_publicize_connections":[],"jetpack_featured_media_url":"https:\/\/i0.wp.com\/news-papers.eu\/wp-content\/uploads\/2024\/01\/Bildschirmfoto-2024-01-30-um-10.25.00.png?fit=848%2C1560","jetpack_sharing_enabled":true,"jetpack_shortlink":"https:\/\/wp.me\/p7fR2g-4FP","jetpack-related-posts":[{"id":9631,"url":"http:\/\/news-papers.eu\/?p=9631","url_meta":{"origin":17969,"position":0},"title":"Notfallmedizin Akut und Aktuell: 23.05.2019 in Krefeld","author":"Michael Bernhard","date":"Mai 21, 2019","format":false,"excerpt":"Am 23.05.2019 \"Notfallmedizin Akut & Aktuell\" um\u00a018:00 Uhr in Krefeld:\u00a0 Das Thoraxtrauma \u2013 sichere\u00a0Diagnostik und Therapie. Dr. Martin Hohls, Chefarzt der\u00a0Thoraxchirurgie am Lungenzentrum\u00a0am Helios Klinikum Krefeld ABCDE \u2013 nicht nur f\u00fcr\u00a0Trauma- Patienten \u2013\u00a0eine Analyse \u00fcber Konservative\u00a0Schockraumpatienten. PD Dr. Michael Bernhard, MHBA,\u00a0\u00c4rztlicher Leiter der Zentralen\u00a0Notaufnahme am\u00a0Universit\u00e4tsklinikum D\u00fcsseldorf eCPR\/ECLS \u2013 das Allerheilmittel?\u2026","rel":"","context":"In &quot;Veranstaltungshinweis&quot;","block_context":{"text":"Veranstaltungshinweis","link":"http:\/\/news-papers.eu\/?cat=30"},"img":{"alt_text":"","src":"https:\/\/i0.wp.com\/news-papers.eu\/wp-content\/uploads\/2019\/03\/Bildschirmfoto-2019-03-29-um-15.58.46.png?fit=882%2C824&resize=350%2C200","width":350,"height":200,"srcset":"https:\/\/i0.wp.com\/news-papers.eu\/wp-content\/uploads\/2019\/03\/Bildschirmfoto-2019-03-29-um-15.58.46.png?fit=882%2C824&resize=350%2C200 1x, https:\/\/i0.wp.com\/news-papers.eu\/wp-content\/uploads\/2019\/03\/Bildschirmfoto-2019-03-29-um-15.58.46.png?fit=882%2C824&resize=525%2C300 1.5x, https:\/\/i0.wp.com\/news-papers.eu\/wp-content\/uploads\/2019\/03\/Bildschirmfoto-2019-03-29-um-15.58.46.png?fit=882%2C824&resize=700%2C400 2x"},"classes":[]},{"id":8572,"url":"http:\/\/news-papers.eu\/?p=8572","url_meta":{"origin":17969,"position":1},"title":"Notfallmedizin Akut &#038; Akutell, am 13.12.2018 Krefeld","author":"Michael Bernhard","date":"November 29, 2018","format":false,"excerpt":"Programm:\u00a015. Notfallmedizin Akut & Aktuell","rel":"","context":"In &quot;Veranstaltungshinweis&quot;","block_context":{"text":"Veranstaltungshinweis","link":"http:\/\/news-papers.eu\/?cat=30"},"img":{"alt_text":"","src":"https:\/\/i0.wp.com\/news-papers.eu\/wp-content\/uploads\/2018\/11\/Bildschirmfoto-2018-11-28-um-19.58.41-300x208.png?resize=350%2C200","width":350,"height":200,"srcset":"https:\/\/i0.wp.com\/news-papers.eu\/wp-content\/uploads\/2018\/11\/Bildschirmfoto-2018-11-28-um-19.58.41-300x208.png?resize=350%2C200 1x, https:\/\/i0.wp.com\/news-papers.eu\/wp-content\/uploads\/2018\/11\/Bildschirmfoto-2018-11-28-um-19.58.41-300x208.png?resize=525%2C300 1.5x"},"classes":[]},{"id":9196,"url":"http:\/\/news-papers.eu\/?p=9196","url_meta":{"origin":17969,"position":2},"title":"Notfallmedizin Akut &#038; Aktuell, 23.05.2019","author":"Michael Bernhard","date":"April 15, 2019","format":false,"excerpt":"Notfallmedizin Akut & Aktuell:\u00a0 23.05.2019: 18:00 Uhr Das Thoraxtrauma \u2013 sichere\u00a0Diagnostik und Therapie. Dr. Martin Hohls, Chefarzt der\u00a0Thoraxchirurgie am Lungenzentrum\u00a0am Helios Klinikum Krefeld ABCDE \u2013 nicht nur f\u00fcr\u00a0Trauma- Patienten \u2013\u00a0eine Analyse \u00fcber Konservative\u00a0Schockraumpatienten. PD Dr. Michael Bernhard, MHBA,\u00a0\u00c4rztlicher Leiter der Zentralen\u00a0Notaufnahme am\u00a0Universit\u00e4tsklinikum D\u00fcsseldorf eCPR\/ECLS \u2013 das Allerheilmittel? Dr. Guido Kemmeries,\u2026","rel":"","context":"In &quot;Veranstaltungshinweis&quot;","block_context":{"text":"Veranstaltungshinweis","link":"http:\/\/news-papers.eu\/?cat=30"},"img":{"alt_text":"","src":"https:\/\/i0.wp.com\/news-papers.eu\/wp-content\/uploads\/2019\/03\/Bildschirmfoto-2019-03-29-um-15.58.46.png?fit=882%2C824&resize=350%2C200","width":350,"height":200,"srcset":"https:\/\/i0.wp.com\/news-papers.eu\/wp-content\/uploads\/2019\/03\/Bildschirmfoto-2019-03-29-um-15.58.46.png?fit=882%2C824&resize=350%2C200 1x, https:\/\/i0.wp.com\/news-papers.eu\/wp-content\/uploads\/2019\/03\/Bildschirmfoto-2019-03-29-um-15.58.46.png?fit=882%2C824&resize=525%2C300 1.5x, https:\/\/i0.wp.com\/news-papers.eu\/wp-content\/uploads\/2019\/03\/Bildschirmfoto-2019-03-29-um-15.58.46.png?fit=882%2C824&resize=700%2C400 2x"},"classes":[]},{"id":18610,"url":"http:\/\/news-papers.eu\/?p=18610","url_meta":{"origin":17969,"position":3},"title":"AGEMed: Pr\u00e4senztag: 31. Oktober 2024 in M\u00fcnster\u00a0","author":"Michael Bernhard","date":"September 25, 2024","format":false,"excerpt":"Online-Weiterbildung, Pr\u00e4senztag: 31. Oktober 2024 in M\u00fcnster\u00a0 AGEMED: ALTERS- UND GESCHLECHTSBEZOGENE NOTF\u00c4LLE IN DER KLINISCHEN AKUT- & NOTFALLMEDIZIN\u00a0 Weiterbildungsmodul der \u00e4rztlichen Zusatzweiterbildung \"Klinische Akut- und Not-fallmedizin\"\u00a0 Im Online-Selbstlernformat (18 Unterrichtseinheiten) erfolgt die Auseinandersetzung mit zentralen theoretischen Hintergr\u00fcnden und deren Zusammenh\u00e4ngen. In der eint\u00e4-gigen Pr\u00e4senz werden zentrale theoretische Aspekte vertieft und\u2026","rel":"","context":"In &quot;Veranstaltungshinweis&quot;","block_context":{"text":"Veranstaltungshinweis","link":"http:\/\/news-papers.eu\/?cat=30"},"img":{"alt_text":"","src":"https:\/\/i0.wp.com\/news-papers.eu\/wp-content\/uploads\/2024\/09\/Bildschirmfoto-2024-09-24-um-18.59.16.png?resize=350%2C200","width":350,"height":200},"classes":[]},{"id":9263,"url":"http:\/\/news-papers.eu\/?p=9263","url_meta":{"origin":17969,"position":4},"title":"Symposium klinische Akut- und Notfallmedizin Regensburg, 25.05.2019","author":"Michael Bernhard","date":"April 7, 2019","format":false,"excerpt":"Anbei ein Veranstaltungshinweis zum\u00a0Symposium klinische Akut- und\u00a0Notfallmedizin am 25.05.2019 in Regensburg. Themen hier sind: Die ersten Minuten in der Notaufnahme \u00dcbergabe vom Rettungsdienst \u2013 Neues 2019 Konservatives Schockraummanagement \u2013 OBSERvE und eigene Erfahrungen Ersteinsch\u00e4tzung: Was jeder wissen muss! Behandlung in der Notaufnahme:\u00a0besondere Herausforderungen f\u00fcr das Team Praktischer Umgang mit intoxikierten\u2026","rel":"","context":"In &quot;Veranstaltungshinweis&quot;","block_context":{"text":"Veranstaltungshinweis","link":"http:\/\/news-papers.eu\/?cat=30"},"img":{"alt_text":"","src":"https:\/\/i0.wp.com\/news-papers.eu\/wp-content\/uploads\/2019\/04\/Bildschirmfoto-2019-04-06-um-11.03.24-140x300.png?resize=350%2C200","width":350,"height":200},"classes":[]},{"id":17770,"url":"http:\/\/news-papers.eu\/?p=17770","url_meta":{"origin":17969,"position":5},"title":"AGNNW Monatsfortbildung am 05.11.2024: SINNHAFT \u00dcbergabe","author":"Michael Bernhard","date":"November 1, 2024","format":false,"excerpt":"Regelm\u00e4\u00dfige Fortbildungen sind wichtig, gerade wenn es um Notfallmedizin geht. Die SARS-CoV2 Pandemie zwingt ALLE zum Umdenken, auch hinsichtlich der Fortbildungsm\u00f6glichkeiten f\u00fcr den Rettungs- und Notarztdienst. Vor diesem Hintergrund findet das Fortbildungsprogramm der AGNNW einmal im Monat an einem Dienstag um 18.30 Uhr statt und greift notfallmedizinisch wichtige und interessante\u2026","rel":"","context":"In &quot;Veranstaltungshinweis&quot;","block_context":{"text":"Veranstaltungshinweis","link":"http:\/\/news-papers.eu\/?cat=30"},"img":{"alt_text":"","src":"https:\/\/i0.wp.com\/news-papers.eu\/wp-content\/uploads\/2023\/12\/Bildschirmfoto-2023-12-10-um-20.54.11.png?fit=596%2C1200&resize=350%2C200","width":350,"height":200,"srcset":"https:\/\/i0.wp.com\/news-papers.eu\/wp-content\/uploads\/2023\/12\/Bildschirmfoto-2023-12-10-um-20.54.11.png?fit=596%2C1200&resize=350%2C200 1x, https:\/\/i0.wp.com\/news-papers.eu\/wp-content\/uploads\/2023\/12\/Bildschirmfoto-2023-12-10-um-20.54.11.png?fit=596%2C1200&resize=525%2C300 1.5x"},"classes":[]}],"jetpack_likes_enabled":true,"_links":{"self":[{"href":"http:\/\/news-papers.eu\/index.php?rest_route=\/wp\/v2\/posts\/17969","targetHints":{"allow":["GET"]}}],"collection":[{"href":"http:\/\/news-papers.eu\/index.php?rest_route=\/wp\/v2\/posts"}],"about":[{"href":"http:\/\/news-papers.eu\/index.php?rest_route=\/wp\/v2\/types\/post"}],"author":[{"embeddable":true,"href":"http:\/\/news-papers.eu\/index.php?rest_route=\/wp\/v2\/users\/2"}],"replies":[{"embeddable":true,"href":"http:\/\/news-papers.eu\/index.php?rest_route=%2Fwp%2Fv2%2Fcomments&post=17969"}],"version-history":[{"count":1,"href":"http:\/\/news-papers.eu\/index.php?rest_route=\/wp\/v2\/posts\/17969\/revisions"}],"predecessor-version":[{"id":17973,"href":"http:\/\/news-papers.eu\/index.php?rest_route=\/wp\/v2\/posts\/17969\/revisions\/17973"}],"wp:featuredmedia":[{"embeddable":true,"href":"http:\/\/news-papers.eu\/index.php?rest_route=\/wp\/v2\/media\/17972"}],"wp:attachment":[{"href":"http:\/\/news-papers.eu\/index.php?rest_route=%2Fwp%2Fv2%2Fmedia&parent=17969"}],"wp:term":[{"taxonomy":"category","embeddable":true,"href":"http:\/\/news-papers.eu\/index.php?rest_route=%2Fwp%2Fv2%2Fcategories&post=17969"},{"taxonomy":"post_tag","embeddable":true,"href":"http:\/\/news-papers.eu\/index.php?rest_route=%2Fwp%2Fv2%2Ftags&post=17969"}],"curies":[{"name":"wp","href":"https:\/\/api.w.org\/{rel}","templated":true}]}}