{"id":17871,"date":"2023-12-27T03:08:10","date_gmt":"2023-12-27T02:08:10","guid":{"rendered":"http:\/\/news-papers.eu\/?p=17871"},"modified":"2023-12-26T23:39:05","modified_gmt":"2023-12-26T22:39:05","slug":"noztarzt-werden","status":"publish","type":"post","link":"http:\/\/news-papers.eu\/?p=17871","title":{"rendered":"Noztarzt werden"},"content":{"rendered":"<p style=\"text-align: justify;\">Die T\u00e4tigkeit als Notarzt ist spannend und umfassend &#8211; von der Geburt bis zum Lebensende versorgen Not\u00e4rzte au\u00dferhalb der Klinik ihre Patienten bei akuten Notf\u00e4llen. Ein wesentlicher Bestandteil auf dem Weg zum Notarzt ist das <strong><span style=\"color: #ff9900;\"><a style=\"color: #ff9900;\" href=\"https:\/\/notarztkurs.de\/#\" target=\"_blank\" rel=\"noopener\">Kompaktseminar Notfallmedizin<\/a><\/span>.<\/strong><\/p>\n<p style=\"text-align: justify;\">Seit 1994 veranstaltet die <a href=\"https:\/\/www.uni-ulm.de\/einrichtungen\/akademie-fuer-wissenschaft-wirtschaft-und-technik\/\" target=\"_blank\" rel=\"noopener\">Akademie f\u00fcr Wissenschaft, Wirtschaft und Technik an der Universit\u00e4t Ulm<\/a> e.V. zweimal j\u00e4hrlich ein beliebtes und erfolgreiches Komparktseminar Notfallmedizin, in dem inzwischen mehr als 5.600 Not\u00e4rztinnen und Not\u00e4rzte geschult werden konnten.<\/p>\n<blockquote>\n<p style=\"text-align: justify;\"><b>Der 8-t\u00e4gige Notarztkurs beinhaltet <\/b><\/p>\n<p style=\"text-align: justify;\"><b>Vorlesungen, praktische \u00dcbungen in Kleingruppen sowie zahlreiche Kasuistiken.<\/b><\/p>\n<\/blockquote>\n<p><a href=\"https:\/\/notarztkurs.de\/#\" target=\"_blank\" rel=\"noopener\"><img data-recalc-dims=\"1\" loading=\"lazy\" decoding=\"async\" data-attachment-id=\"17873\" data-permalink=\"http:\/\/news-papers.eu\/?attachment_id=17873\" data-orig-file=\"https:\/\/i0.wp.com\/news-papers.eu\/wp-content\/uploads\/2023\/12\/NOTARZT-scaled-e1703629914489.jpg?fit=2560%2C942\" data-orig-size=\"2560,942\" data-comments-opened=\"1\" data-image-meta=\"{&quot;aperture&quot;:&quot;1.8&quot;,&quot;credit&quot;:&quot;&quot;,&quot;camera&quot;:&quot;iPhone 11 Pro&quot;,&quot;caption&quot;:&quot;&quot;,&quot;created_timestamp&quot;:&quot;1590784538&quot;,&quot;copyright&quot;:&quot;&quot;,&quot;focal_length&quot;:&quot;4.25&quot;,&quot;iso&quot;:&quot;32&quot;,&quot;shutter_speed&quot;:&quot;0.0012422360248447&quot;,&quot;title&quot;:&quot;&quot;,&quot;orientation&quot;:&quot;0&quot;}\" data-image-title=\"NOTARZT\" data-image-description=\"\" data-image-caption=\"\" data-large-file=\"https:\/\/i0.wp.com\/news-papers.eu\/wp-content\/uploads\/2023\/12\/NOTARZT-scaled-e1703629914489.jpg?fit=1024%2C377\" class=\"aligncenter wp-image-17873 size-large\" src=\"https:\/\/i0.wp.com\/news-papers.eu\/wp-content\/uploads\/2023\/12\/NOTARZT-scaled-e1703629914489-1024x377.jpg?resize=1024%2C377\" alt=\"\" width=\"1024\" height=\"377\" srcset=\"https:\/\/i0.wp.com\/news-papers.eu\/wp-content\/uploads\/2023\/12\/NOTARZT-scaled-e1703629914489.jpg?resize=1024%2C377 1024w, https:\/\/i0.wp.com\/news-papers.eu\/wp-content\/uploads\/2023\/12\/NOTARZT-scaled-e1703629914489.jpg?resize=300%2C110 300w, https:\/\/i0.wp.com\/news-papers.eu\/wp-content\/uploads\/2023\/12\/NOTARZT-scaled-e1703629914489.jpg?resize=768%2C283 768w, https:\/\/i0.wp.com\/news-papers.eu\/wp-content\/uploads\/2023\/12\/NOTARZT-scaled-e1703629914489.jpg?resize=1536%2C565 1536w, https:\/\/i0.wp.com\/news-papers.eu\/wp-content\/uploads\/2023\/12\/NOTARZT-scaled-e1703629914489.jpg?resize=2048%2C754 2048w, https:\/\/i0.wp.com\/news-papers.eu\/wp-content\/uploads\/2023\/12\/NOTARZT-scaled-e1703629914489.jpg?resize=750%2C276 750w, https:\/\/i0.wp.com\/news-papers.eu\/wp-content\/uploads\/2023\/12\/NOTARZT-scaled-e1703629914489.jpg?w=2340 2340w\" sizes=\"auto, (max-width: 1024px) 100vw, 1024px\" \/><\/a><\/p>\n<p style=\"text-align: justify;\">In den ersten 25 Jahren fand der Kurs im Schloss Langenargen am Bodensee statt. Da diese Location leider nicht mehr als Kursort zur Verf\u00fcgung steht, findet dieser erfolgreiche Notarztkurs nun schon seit 2020 im <a href=\"https:\/\/www.kloster-roggenburg.de\/\/web\/de\/klostergasthof\/03_tagungen\/tagen-im-kloster-roggenburg.php\" target=\"_blank\" rel=\"noopener\">Kloster Roggenburg<\/a> statt.<b><br \/>\n<\/b><\/p>\n<p style=\"text-align: justify;\">Neben den theoretischen Inhalten der Vortr\u00e4ge namhafter Dozenten, die alle in Boden- und Lufterrtung aktiv sind und von denen viele auch als Pr\u00fcfer bei der Landes\u00e4rztekammer t\u00e4tig sind, bilden die Praktika die zweite gro\u00dfe S\u00e4ule dieses Kompaktseminares Notfallmedizin.<\/p>\n<p style=\"text-align: justify;\"><b>Prim\u00e4r verfolgen die Organisatoren zwei Ziele:<\/b><br \/>\nEs sollen M\u00f6glichkeiten geschaffen werden, neue Fertigkeiten zu erlernen und schon erlernte zu trainieren. Beispielsweise das Management des schwierigen Atemwegs. Vorlesungsinhalte sollen vertieft und praktisch umgesetzt und angewendet werden. Beispiel hier: EKG und Kasuistiken. Im Laufe der Woche werden diese einzeln erlernten \u201eSkills\u201c zu einem kompletten Programm zusammengefasst und in den MegaCode sowie TraumaCode-Stationen weiter trainiert. Jeder Folgetag kn\u00fcpft an den Tag zuvor an.<\/p>\n<p style=\"text-align: justify;\"><strong>Der n\u00e4chste Kurs ist f\u00fcr M\u00e4rz geplant:<\/strong><\/p>\n<blockquote>\n<p style=\"text-align: justify;\"><span style=\"color: #ff9900;\"><strong>10.-17. M\u00e4rz 2024<\/strong><\/span><\/p>\n<p style=\"text-align: justify;\"><span style=\"color: #ff9900;\"><strong>Kloster Roggenburg<\/strong><\/span><\/p>\n<p style=\"text-align: justify;\"><span style=\"color: #ff9900;\"><strong>Auskunft und Anmeldung \u00fcber <a style=\"color: #ff9900;\" href=\"https:\/\/notarztkurs.de\/#\" target=\"_blank\" rel=\"noopener\"><span style=\"color: #808080;\">Notarztkurs.de<\/span><\/a><\/strong><\/span><\/p>\n<\/blockquote>\n","protected":false},"excerpt":{"rendered":"<p>Die T\u00e4tigkeit als Notarzt ist spannend und umfassend &#8211; von der Geburt bis zum Lebensende versorgen Not\u00e4rzte au\u00dferhalb der Klinik ihre Patienten bei akuten Notf\u00e4llen. Ein wesentlicher Bestandteil auf dem [&hellip;]<\/p>\n","protected":false},"author":1,"featured_media":17872,"comment_status":"open","ping_status":"open","sticky":false,"template":"","format":"standard","meta":{"__cvm_playback_settings":[],"__cvm_video_id":"","jetpack_post_was_ever_published":false,"_jetpack_newsletter_access":"","_jetpack_dont_email_post_to_subs":false,"_jetpack_newsletter_tier_id":0,"_jetpack_memberships_contains_paywalled_content":false,"_jetpack_memberships_contains_paid_content":false,"footnotes":"","jetpack_publicize_message":"","jetpack_publicize_feature_enabled":true,"jetpack_social_post_already_shared":true,"jetpack_social_options":{"image_generator_settings":{"template":"highway","default_image_id":0,"font":"","enabled":false},"version":2},"_wpas_customize_per_network":false},"categories":[30],"tags":[1641],"class_list":["post-17871","post","type-post","status-publish","format-standard","has-post-thumbnail","hentry","category-veranstaltungshinweis","tag-notarztkurs"],"jetpack_publicize_connections":[],"jetpack_featured_media_url":"https:\/\/i0.wp.com\/news-papers.eu\/wp-content\/uploads\/2023\/12\/Notarzt.png?fit=1876%2C1544","jetpack_sharing_enabled":true,"jetpack_shortlink":"https:\/\/wp.me\/p7fR2g-4Ef","jetpack-related-posts":[{"id":17363,"url":"http:\/\/news-papers.eu\/?p=17363","url_meta":{"origin":17871,"position":0},"title":"\u00fcber 5.500 Not\u00e4rztinnen und Not\u00e4rzte geschult","author":"Bj\u00f6rn Hossfeld","date":"August 20, 2023","format":false,"excerpt":"Seit 1994 veranstaltet die Akademie f\u00fcr Wissenschaft, Wirtschaft und Technik an der Universit\u00e4t Ulm e.V. zweimal j\u00e4hrlich ein beliebtes und erfolgreiches Komparktseminar Notfallmedizin, in dem inzwischen mehr als 5.500 Not\u00e4rztinnen und Not\u00e4rzte geschult werden konnten. Der 8-t\u00e4gige Notarztkurs beinhaltet Vorlesungen, praktische \u00dcbungen in Kleingruppen sowie zahlreiche Kasuistiken. In den ersten\u2026","rel":"","context":"In &quot;Notarzt&quot;","block_context":{"text":"Notarzt","link":"http:\/\/news-papers.eu\/?cat=11"},"img":{"alt_text":"","src":"https:\/\/i0.wp.com\/news-papers.eu\/wp-content\/uploads\/2023\/08\/NOTARZT-1-scaled-e1692450087772.jpg?fit=889%2C588&resize=350%2C200","width":350,"height":200,"srcset":"https:\/\/i0.wp.com\/news-papers.eu\/wp-content\/uploads\/2023\/08\/NOTARZT-1-scaled-e1692450087772.jpg?fit=889%2C588&resize=350%2C200 1x, https:\/\/i0.wp.com\/news-papers.eu\/wp-content\/uploads\/2023\/08\/NOTARZT-1-scaled-e1692450087772.jpg?fit=889%2C588&resize=525%2C300 1.5x, https:\/\/i0.wp.com\/news-papers.eu\/wp-content\/uploads\/2023\/08\/NOTARZT-1-scaled-e1692450087772.jpg?fit=889%2C588&resize=700%2C400 2x"},"classes":[]},{"id":18331,"url":"http:\/\/news-papers.eu\/?p=18331","url_meta":{"origin":17871,"position":1},"title":"Ulmer Notarztkurs in Roggenburg","author":"Bj\u00f6rn Hossfeld","date":"Juni 25, 2024","format":false,"excerpt":"Kompetente Vorbereitung auf die T\u00e4tigkeit als Notarzt in einem sympathischen Team Seit 1994 veranstaltet die Akademie f\u00fcr Wissenschaft, Wirtschaft und Technik an der Universit\u00e4t Ulm e.V. zweimal j\u00e4hrlich ein beliebtes und erfolgreiches Komparktseminar Notfallmedizin, in dem inzwischen mehr als 5.500 Not\u00e4rztinnen und Not\u00e4rzte geschult werden konnten. Der 8-t\u00e4gige Notarztkurs beinhaltet\u2026","rel":"","context":"In &quot;Veranstaltungshinweis&quot;","block_context":{"text":"Veranstaltungshinweis","link":"http:\/\/news-papers.eu\/?cat=30"},"img":{"alt_text":"","src":"https:\/\/i0.wp.com\/news-papers.eu\/wp-content\/uploads\/2024\/05\/Notarztkurs.jpg?fit=651%2C461&resize=350%2C200","width":350,"height":200,"srcset":"https:\/\/i0.wp.com\/news-papers.eu\/wp-content\/uploads\/2024\/05\/Notarztkurs.jpg?fit=651%2C461&resize=350%2C200 1x, https:\/\/i0.wp.com\/news-papers.eu\/wp-content\/uploads\/2024\/05\/Notarztkurs.jpg?fit=651%2C461&resize=525%2C300 1.5x"},"classes":[]},{"id":18589,"url":"http:\/\/news-papers.eu\/?p=18589","url_meta":{"origin":17871,"position":2},"title":"Ulmer Notarztkurs startet in 12 Tagen","author":"Bj\u00f6rn Hossfeld","date":"September 17, 2024","format":false,"excerpt":"Kompetente Vorbereitung auf die T\u00e4tigkeit als Notarzt in einem sympathischen Team Seit 1994 veranstaltet die Akademie f\u00fcr Wissenschaft, Wirtschaft und Technik an der Universit\u00e4t Ulm e.V. zweimal j\u00e4hrlich ein beliebtes und erfolgreiches Komparktseminar Notfallmedizin, in dem inzwischen mehr als 5.500 Not\u00e4rztinnen und Not\u00e4rzte geschult werden konnten. Der 8-t\u00e4gige Notarztkurs beinhaltet\u2026","rel":"","context":"In &quot;Veranstaltungshinweis&quot;","block_context":{"text":"Veranstaltungshinweis","link":"http:\/\/news-papers.eu\/?cat=30"},"img":{"alt_text":"","src":"https:\/\/i0.wp.com\/news-papers.eu\/wp-content\/uploads\/2023\/12\/NOTARZT-scaled-e1703629914489.jpg?fit=1200%2C442&resize=350%2C200","width":350,"height":200,"srcset":"https:\/\/i0.wp.com\/news-papers.eu\/wp-content\/uploads\/2023\/12\/NOTARZT-scaled-e1703629914489.jpg?fit=1200%2C442&resize=350%2C200 1x, https:\/\/i0.wp.com\/news-papers.eu\/wp-content\/uploads\/2023\/12\/NOTARZT-scaled-e1703629914489.jpg?fit=1200%2C442&resize=525%2C300 1.5x, https:\/\/i0.wp.com\/news-papers.eu\/wp-content\/uploads\/2023\/12\/NOTARZT-scaled-e1703629914489.jpg?fit=1200%2C442&resize=700%2C400 2x, https:\/\/i0.wp.com\/news-papers.eu\/wp-content\/uploads\/2023\/12\/NOTARZT-scaled-e1703629914489.jpg?fit=1200%2C442&resize=1050%2C600 3x"},"classes":[]},{"id":14132,"url":"http:\/\/news-papers.eu\/?p=14132","url_meta":{"origin":17871,"position":3},"title":"Notarztsimulation (NASIM 25), 1.-3.10.2021","author":"Michael Bernhard","date":"September 9, 2021","format":false,"excerpt":"Simulationsbasiertes Trainingsprogramm f\u00fcr angehende und erfahrene Not\u00e4rzte, zertifiziert nach \u00a7 4 Abs. 8 Weiterbildungsordnung \u201eWir haben nur das gemacht, was wir trainiert haben\u201c sagte Chesley B. Sullenberger, als er 2009 seinen Airbus A 320 mit einem doppelten Triebwerksausfall auf dem Hudson River landete. Wie oft haben wir in der Notfallmedizin\u2026","rel":"","context":"In &quot;Veranstaltungshinweis&quot;","block_context":{"text":"Veranstaltungshinweis","link":"http:\/\/news-papers.eu\/?cat=30"},"img":{"alt_text":"","src":"https:\/\/i0.wp.com\/news-papers.eu\/wp-content\/uploads\/2021\/09\/Bildschirmfoto-2021-08-25-um-22.06.54-e1629922029505.png?fit=800%2C378&resize=350%2C200","width":350,"height":200,"srcset":"https:\/\/i0.wp.com\/news-papers.eu\/wp-content\/uploads\/2021\/09\/Bildschirmfoto-2021-08-25-um-22.06.54-e1629922029505.png?fit=800%2C378&resize=350%2C200 1x, https:\/\/i0.wp.com\/news-papers.eu\/wp-content\/uploads\/2021\/09\/Bildschirmfoto-2021-08-25-um-22.06.54-e1629922029505.png?fit=800%2C378&resize=525%2C300 1.5x, https:\/\/i0.wp.com\/news-papers.eu\/wp-content\/uploads\/2021\/09\/Bildschirmfoto-2021-08-25-um-22.06.54-e1629922029505.png?fit=800%2C378&resize=700%2C400 2x"},"classes":[]},{"id":16493,"url":"http:\/\/news-papers.eu\/?p=16493","url_meta":{"origin":17871,"position":4},"title":"25. Kompaktkurs Notfallmedizin , Notarztkurs Ludwigshafen, 10.06. \u2013 17.06.2023","author":"Michael Bernhard","date":"Januar 8, 2023","format":false,"excerpt":"25. Kompaktkurs Notfallmedizin\u00a0Notarztkurs Ludwigshafen,\u00a010.06. \u2013 17.06.2023 mit integriertem ILS Providerkurs des ERC,\u00a018.06.2023\u00a0optionaler Erga\u0308nzungstag: ALS Provider- kurs des ERC, Advanced Life Support Unsere Zielsetzung:\u00a0Unser Ziel ist es Ihnen eine strukturierte und priorita\u0308tenorientierte Versorgung von Notfallpatienten zu vermitteln. Zusa\u0308tzlich werden Sie technische Fertigkeiten erlernen und invasive Ma\u00dfnahmen an Trainingsmodellen trainieren ko\u0308nnen. Unser\u2026","rel":"","context":"In &quot;Veranstaltungshinweis&quot;","block_context":{"text":"Veranstaltungshinweis","link":"http:\/\/news-papers.eu\/?cat=30"},"img":{"alt_text":"","src":"https:\/\/i0.wp.com\/news-papers.eu\/wp-content\/uploads\/2022\/12\/Bildschirm%C2%ADfoto-2022-12-31-um-14.23.20.png?fit=556%2C720&resize=350%2C200","width":350,"height":200,"srcset":"https:\/\/i0.wp.com\/news-papers.eu\/wp-content\/uploads\/2022\/12\/Bildschirm%C2%ADfoto-2022-12-31-um-14.23.20.png?fit=556%2C720&resize=350%2C200 1x, https:\/\/i0.wp.com\/news-papers.eu\/wp-content\/uploads\/2022\/12\/Bildschirm%C2%ADfoto-2022-12-31-um-14.23.20.png?fit=556%2C720&resize=525%2C300 1.5x"},"classes":[]},{"id":18575,"url":"http:\/\/news-papers.eu\/?p=18575","url_meta":{"origin":17871,"position":5},"title":"Jahrestagung der Bayerischen Not\u00e4rzte vom 10.-13. Oktober","author":"Bj\u00f6rn Hossfeld","date":"September 14, 2024","format":false,"excerpt":"Die Arbeitsgemeinschaft der in Bayern t\u00e4tigen Not\u00e4rzte (agbn) l\u00e4dt zur diesj\u00e4hrigen Fortbildungstagung vom 10. bis 13. Oktober ins unterfr\u00e4nkische Schweinfurt ein. Kaum ein anderes Feld der Medizin bietet so viele Herausforderungen und Spannung wie die pr\u00e4hospitale Notfallmedizin. Wir wissen nicht, was der n\u00e4chste Einsatz von uns fordern wird. Viele Standardsituationen\u2026","rel":"","context":"In &quot;Veranstaltungshinweis&quot;","block_context":{"text":"Veranstaltungshinweis","link":"http:\/\/news-papers.eu\/?cat=30"},"img":{"alt_text":"","src":"https:\/\/i0.wp.com\/news-papers.eu\/wp-content\/uploads\/2024\/09\/AdobeStock_416325973_Editorial_Use_Only-01.jpg?fit=596%2C757&resize=350%2C200","width":350,"height":200,"srcset":"https:\/\/i0.wp.com\/news-papers.eu\/wp-content\/uploads\/2024\/09\/AdobeStock_416325973_Editorial_Use_Only-01.jpg?fit=596%2C757&resize=350%2C200 1x, https:\/\/i0.wp.com\/news-papers.eu\/wp-content\/uploads\/2024\/09\/AdobeStock_416325973_Editorial_Use_Only-01.jpg?fit=596%2C757&resize=525%2C300 1.5x"},"classes":[]}],"jetpack_likes_enabled":true,"_links":{"self":[{"href":"http:\/\/news-papers.eu\/index.php?rest_route=\/wp\/v2\/posts\/17871","targetHints":{"allow":["GET"]}}],"collection":[{"href":"http:\/\/news-papers.eu\/index.php?rest_route=\/wp\/v2\/posts"}],"about":[{"href":"http:\/\/news-papers.eu\/index.php?rest_route=\/wp\/v2\/types\/post"}],"author":[{"embeddable":true,"href":"http:\/\/news-papers.eu\/index.php?rest_route=\/wp\/v2\/users\/1"}],"replies":[{"embeddable":true,"href":"http:\/\/news-papers.eu\/index.php?rest_route=%2Fwp%2Fv2%2Fcomments&post=17871"}],"version-history":[{"count":5,"href":"http:\/\/news-papers.eu\/index.php?rest_route=\/wp\/v2\/posts\/17871\/revisions"}],"predecessor-version":[{"id":17875,"href":"http:\/\/news-papers.eu\/index.php?rest_route=\/wp\/v2\/posts\/17871\/revisions\/17875"}],"wp:featuredmedia":[{"embeddable":true,"href":"http:\/\/news-papers.eu\/index.php?rest_route=\/wp\/v2\/media\/17872"}],"wp:attachment":[{"href":"http:\/\/news-papers.eu\/index.php?rest_route=%2Fwp%2Fv2%2Fmedia&parent=17871"}],"wp:term":[{"taxonomy":"category","embeddable":true,"href":"http:\/\/news-papers.eu\/index.php?rest_route=%2Fwp%2Fv2%2Fcategories&post=17871"},{"taxonomy":"post_tag","embeddable":true,"href":"http:\/\/news-papers.eu\/index.php?rest_route=%2Fwp%2Fv2%2Ftags&post=17871"}],"curies":[{"name":"wp","href":"https:\/\/api.w.org\/{rel}","templated":true}]}}