{"id":17602,"date":"2023-11-03T01:44:48","date_gmt":"2023-11-03T00:44:48","guid":{"rendered":"http:\/\/news-papers.eu\/?p=17602"},"modified":"2023-11-01T17:00:20","modified_gmt":"2023-11-01T16:00:20","slug":"jetzt-erst-recht-sicherheit-und-qualitaet-fuer-alle-kinder","status":"publish","type":"post","link":"http:\/\/news-papers.eu\/?p=17602","title":{"rendered":"Jetzt erst recht: Sicherheit und Qualit\u00e4t f\u00fcr alle Kinder"},"content":{"rendered":"<p style=\"text-align: justify;\">Zum nunmehr 14. Male laden der <strong>Wissenschaftlichen Arbeitskreis Kinderan\u00e4sthesie (<a href=\"https:\/\/www.ak-kinderanaesthesie.de\/\" target=\"_blank\" rel=\"noopener\">WAKKA<\/a>)<\/strong> der <strong>Deutschen Gesellschaft f\u00fcr An\u00e4sthesiologie und Intensivmedizin (<a href=\"https:\/\/www.dgai.de\/\" target=\"_blank\" rel=\"noopener\">DGAI<\/a>)<\/strong> sowie die <strong>Arbeitsgemeinschaft in Norddeutschland t\u00e4tiger Not\u00e4rzte (<a href=\"https:\/\/www.agnn.de\/\" target=\"_blank\" rel=\"noopener\">AGNN<\/a>)<\/strong> ein zum<\/p>\n<blockquote><p><strong>Symposium f\u00fcr Kinderan\u00e4sthesie und Kindernotfallmedizin <\/strong><\/p>\n<p><strong>von 23.-25. November 2023<\/strong><\/p>\n<p><strong>in der Congress Union, Celle<\/strong><\/p><\/blockquote>\n<p style=\"text-align: justify;\"><a href=\"https:\/\/www.mcn-nuernberg.de\/externeseiten\/ska_2023\/index.php\" target=\"_blank\" rel=\"noopener\"><img data-recalc-dims=\"1\" loading=\"lazy\" decoding=\"async\" data-attachment-id=\"17603\" data-permalink=\"http:\/\/news-papers.eu\/?attachment_id=17603\" data-orig-file=\"https:\/\/i0.wp.com\/news-papers.eu\/wp-content\/uploads\/2023\/11\/celle-header.png?fit=2531%2C831\" data-orig-size=\"2531,831\" data-comments-opened=\"1\" data-image-meta=\"{&quot;aperture&quot;:&quot;0&quot;,&quot;credit&quot;:&quot;&quot;,&quot;camera&quot;:&quot;&quot;,&quot;caption&quot;:&quot;&quot;,&quot;created_timestamp&quot;:&quot;0&quot;,&quot;copyright&quot;:&quot;&quot;,&quot;focal_length&quot;:&quot;0&quot;,&quot;iso&quot;:&quot;0&quot;,&quot;shutter_speed&quot;:&quot;0&quot;,&quot;title&quot;:&quot;&quot;,&quot;orientation&quot;:&quot;0&quot;}\" data-image-title=\"celle header\" data-image-description=\"\" data-image-caption=\"\" data-large-file=\"https:\/\/i0.wp.com\/news-papers.eu\/wp-content\/uploads\/2023\/11\/celle-header.png?fit=1024%2C336\" class=\"aligncenter size-large wp-image-17603\" src=\"https:\/\/i0.wp.com\/news-papers.eu\/wp-content\/uploads\/2023\/11\/celle-header.png?resize=1024%2C336\" alt=\"\" width=\"1024\" height=\"336\" srcset=\"https:\/\/i0.wp.com\/news-papers.eu\/wp-content\/uploads\/2023\/11\/celle-header.png?resize=1024%2C336 1024w, https:\/\/i0.wp.com\/news-papers.eu\/wp-content\/uploads\/2023\/11\/celle-header.png?resize=300%2C98 300w, https:\/\/i0.wp.com\/news-papers.eu\/wp-content\/uploads\/2023\/11\/celle-header.png?resize=768%2C252 768w, https:\/\/i0.wp.com\/news-papers.eu\/wp-content\/uploads\/2023\/11\/celle-header.png?resize=1536%2C504 1536w, https:\/\/i0.wp.com\/news-papers.eu\/wp-content\/uploads\/2023\/11\/celle-header.png?resize=2048%2C672 2048w, https:\/\/i0.wp.com\/news-papers.eu\/wp-content\/uploads\/2023\/11\/celle-header.png?resize=750%2C246 750w, https:\/\/i0.wp.com\/news-papers.eu\/wp-content\/uploads\/2023\/11\/celle-header.png?w=2340 2340w\" sizes=\"auto, (max-width: 1024px) 100vw, 1024px\" \/><\/a><\/p>\n<p style=\"text-align: justify;\"><strong>An\u00e4sthesie, Intensivmedizin, Notfallmedizin und Schmerzmedizin f\u00fcr Kinder.<\/strong> Ausgewiesene klinische Experten ihrer F\u00e4cher werden Ihnen diese Themen pr\u00e4sentieren &#8211; aus der Praxis f\u00fcr die Praxis, interdisziplin\u00e4r, multiprofessionell und interaktiv.<\/p>\n<p style=\"text-align: justify;\">Eine besondere Rolle werden <strong>Sicherheit und Qualit\u00e4t bei der akutmedizinischen Versorgung von Kindern<\/strong> spielen \u2013 auch unter den erschwerten Bedingungen unserer sozialen und klinischen Realit\u00e4t, d.h. jetzt erst recht.<\/p>\n<p style=\"text-align: justify;\">Das <a href=\"https:\/\/www.mcn-nuernberg.de\/externeseiten\/ska_2023\/content.php?flDay=false\" target=\"_blank\" rel=\"noopener\"><strong>Programm<\/strong><\/a> bietet abwechslungsreiche Vortr\u00e4ge und Keynotes, Diskussionsrunden, Workshops und Seminare. Bew\u00e4hrtes und Neues \u2013 lassen Sie sich \u00fcberraschen!<\/p>\n<p style=\"text-align: justify;\">Das \u201eCeller Symposium\u201c bietet traditionell ein attraktives <strong>Forum f\u00fcr \u00c4rztinnen und \u00c4rzte, Pflegekr\u00e4fte und Rettungsdienstpersonal<\/strong>, die in die akutmedizinische Versorgung von Kindern involviert sind \u2013 im <strong>OP<\/strong>, in der pr\u00e4hospitalen <strong>Rettung<\/strong>, in der <strong>Notaufnahme<\/strong>, auf der <strong>Intensivstation<\/strong> oder in der <strong>Schmerzambulanz<\/strong>.<\/p>\n","protected":false},"excerpt":{"rendered":"<p>Zum nunmehr 14. Male laden der Wissenschaftlichen Arbeitskreis Kinderan\u00e4sthesie (WAKKA) der Deutschen Gesellschaft f\u00fcr An\u00e4sthesiologie und Intensivmedizin (DGAI) sowie die Arbeitsgemeinschaft in Norddeutschland t\u00e4tiger Not\u00e4rzte (AGNN) ein zum Symposium f\u00fcr [&hellip;]<\/p>\n","protected":false},"author":1,"featured_media":17604,"comment_status":"open","ping_status":"open","sticky":false,"template":"","format":"standard","meta":{"__cvm_playback_settings":[],"__cvm_video_id":"","jetpack_post_was_ever_published":false,"_jetpack_newsletter_access":"","_jetpack_dont_email_post_to_subs":false,"_jetpack_newsletter_tier_id":0,"_jetpack_memberships_contains_paywalled_content":false,"_jetpack_memberships_contains_paid_content":false,"footnotes":"","jetpack_publicize_message":"","jetpack_publicize_feature_enabled":true,"jetpack_social_post_already_shared":true,"jetpack_social_options":{"image_generator_settings":{"template":"highway","default_image_id":0,"font":"","enabled":false},"version":2},"_wpas_customize_per_network":false},"categories":[13,30],"tags":[2145,555,168,2560],"class_list":["post-17602","post","type-post","status-publish","format-standard","has-post-thumbnail","hentry","category-kindernotfaelle","category-veranstaltungshinweis","tag-ains","tag-anaesthesie","tag-kinder","tag-notfaelle"],"jetpack_publicize_connections":[],"jetpack_featured_media_url":"https:\/\/i0.wp.com\/news-papers.eu\/wp-content\/uploads\/2023\/11\/Maskeneinleitung-Teddy-scaled.jpg?fit=1920%2C2560","jetpack_sharing_enabled":true,"jetpack_shortlink":"https:\/\/wp.me\/p7fR2g-4zU","jetpack-related-posts":[{"id":10449,"url":"http:\/\/news-papers.eu\/?p=10449","url_meta":{"origin":17602,"position":0},"title":"13. Celler Symposiums f\u00fcr Kinderan\u00e4sthesie und -notfallmedizin (22.-23. Nov 2019)","author":"Michael Bernhard","date":"Oktober 28, 2019","format":false,"excerpt":"In vier (4) Wochen startet die 13. Auflage des alle zwei Jahre stattfindenden Celler Symposiums f\u00fcr Kinderan\u00e4sthesie und Kindernotfallmedizin (22.-23. Nov 2019).\u00a0Das Motto des diesj\u00e4hrigen Symposiums lautet: \u201eKinder-AINS unter allen Umst\u00e4nden \u2013 OP, Krei\u00dfsaal, Notfall und Intensiv\u201c. In bew\u00e4hrter Kooperation mit dem Wissenschaftlichen Arbeitskreis Kinderan\u00e4sthesie (WAKKA) der Deutschen Gesellschaft f\u00fcr\u2026","rel":"","context":"In &quot;allgemein&quot;","block_context":{"text":"allgemein","link":"http:\/\/news-papers.eu\/?cat=2"},"img":{"alt_text":"","src":"https:\/\/i0.wp.com\/news-papers.eu\/wp-content\/uploads\/2019\/10\/Bildschirmfoto-2019-10-25-um-21.59.47.png?fit=592%2C260&resize=350%2C200","width":350,"height":200,"srcset":"https:\/\/i0.wp.com\/news-papers.eu\/wp-content\/uploads\/2019\/10\/Bildschirmfoto-2019-10-25-um-21.59.47.png?fit=592%2C260&resize=350%2C200 1x, https:\/\/i0.wp.com\/news-papers.eu\/wp-content\/uploads\/2019\/10\/Bildschirmfoto-2019-10-25-um-21.59.47.png?fit=592%2C260&resize=525%2C300 1.5x"},"classes":[]},{"id":19038,"url":"http:\/\/news-papers.eu\/?p=19038","url_meta":{"origin":17602,"position":1},"title":"KATZ &#8211; Kinderan\u00e4sthesie hybrid am 29. M\u00e4rz","author":"Bj\u00f6rn Hossfeld","date":"Januar 15, 2025","format":false,"excerpt":"Am 29. M\u00e4rz 2025 finden wieder die \u00e4u\u00dferst informativen Kinderan\u00e4sthesietage Z\u00fcrich (KATZ) in Pr\u00e4senz, aber auch online statt. Ein Thema wird sein: Die ideale Kindernarkose zur Nacht \u2013 Veni, vidi, dormivi! Kinder sicher ins Traumland begleiten \u2013 das ist die Mission. Notfall OP's in der Nacht bringen f\u00fcrs Team viel\u2026","rel":"","context":"In &quot;Kindernotf\u00e4lle&quot;","block_context":{"text":"Kindernotf\u00e4lle","link":"http:\/\/news-papers.eu\/?cat=13"},"img":{"alt_text":"","src":"https:\/\/i0.wp.com\/news-papers.eu\/wp-content\/uploads\/2025\/01\/Kindernarkose-KATZ.png?fit=1200%2C1200&resize=350%2C200","width":350,"height":200,"srcset":"https:\/\/i0.wp.com\/news-papers.eu\/wp-content\/uploads\/2025\/01\/Kindernarkose-KATZ.png?fit=1200%2C1200&resize=350%2C200 1x, https:\/\/i0.wp.com\/news-papers.eu\/wp-content\/uploads\/2025\/01\/Kindernarkose-KATZ.png?fit=1200%2C1200&resize=525%2C300 1.5x, https:\/\/i0.wp.com\/news-papers.eu\/wp-content\/uploads\/2025\/01\/Kindernarkose-KATZ.png?fit=1200%2C1200&resize=700%2C400 2x, https:\/\/i0.wp.com\/news-papers.eu\/wp-content\/uploads\/2025\/01\/Kindernarkose-KATZ.png?fit=1200%2C1200&resize=1050%2C600 3x"},"classes":[]},{"id":14972,"url":"http:\/\/news-papers.eu\/?p=14972","url_meta":{"origin":17602,"position":2},"title":"Kinderan\u00e4sthesie aktuell: 11.-12.03.2022 ONLINE","author":"Michael Bernhard","date":"Januar 18, 2022","format":false,"excerpt":"Sehr geehrte\u00a0Kolleginnen und\u00a0Kollegen, wir von Kinderan\u00e4sthesie aktuell w\u00fcnschen alles Gute f\u00fcr das neue Jahr 2022 und haben da eine tolle\u00a0Idee f\u00fcr einen guten\u00a0Vorsatz - Kinderan\u00e4sthesie aktuell besuchen! Zwischendurch hatten wir\u00a0auf eine Pr\u00e4senz-Veranstaltung gehofft - aber nun ist klar - wir werden nocheinmal rein virtuell (nat\u00fcrlich CME-zertifziert) bleiben m\u00fcssen. Symposium \"Kinderan\u00e4sthesie\u2026","rel":"","context":"In &quot;Veranstaltungshinweis&quot;","block_context":{"text":"Veranstaltungshinweis","link":"http:\/\/news-papers.eu\/?cat=30"},"img":{"alt_text":"","src":"https:\/\/i0.wp.com\/news-papers.eu\/wp-content\/uploads\/2022\/01\/1.jpg?fit=700%2C254&resize=350%2C200","width":350,"height":200,"srcset":"https:\/\/i0.wp.com\/news-papers.eu\/wp-content\/uploads\/2022\/01\/1.jpg?fit=700%2C254&resize=350%2C200 1x, https:\/\/i0.wp.com\/news-papers.eu\/wp-content\/uploads\/2022\/01\/1.jpg?fit=700%2C254&resize=525%2C300 1.5x, https:\/\/i0.wp.com\/news-papers.eu\/wp-content\/uploads\/2022\/01\/1.jpg?fit=700%2C254&resize=700%2C400 2x"},"classes":[]},{"id":16739,"url":"http:\/\/news-papers.eu\/?p=16739","url_meta":{"origin":17602,"position":3},"title":"Repetitorium Kinderan\u00e4sthesie, 17.-20.05.2023","author":"Michael Bernhard","date":"M\u00e4rz 5, 2023","format":false,"excerpt":"Liebe Kolleginnen und Kollegen! Das beliebte Repetitorium Kinderan\u00e4sthesie ist zur\u00fcck als Pr\u00e4senzveranstaltung im sch\u00f6\u00adnen Hotel R\u00f6ssle in Stimpfach-Rechenberg! Bringen Sie Ihr Wissen zur Kinderan\u00e4sthesie mit praxisnahen Vortr\u00e4gen auf den aktuellen Stand und diskutieren Sie Ihre Fragen mit klinisch erfahrenen ReferentInnen. Am vorgeschalteten Mittwoch bieten wir Ihnen das neu konzipierte Zirkeltraining\u2026","rel":"","context":"In &quot;Veranstaltungshinweis&quot;","block_context":{"text":"Veranstaltungshinweis","link":"http:\/\/news-papers.eu\/?cat=30"},"img":{"alt_text":"","src":"https:\/\/i0.wp.com\/news-papers.eu\/wp-content\/uploads\/2023\/03\/Bildschirm%C2%ADfoto-2023-03-04-um-10.38.20.png?fit=636%2C380&resize=350%2C200","width":350,"height":200,"srcset":"https:\/\/i0.wp.com\/news-papers.eu\/wp-content\/uploads\/2023\/03\/Bildschirm%C2%ADfoto-2023-03-04-um-10.38.20.png?fit=636%2C380&resize=350%2C200 1x, https:\/\/i0.wp.com\/news-papers.eu\/wp-content\/uploads\/2023\/03\/Bildschirm%C2%ADfoto-2023-03-04-um-10.38.20.png?fit=636%2C380&resize=525%2C300 1.5x"},"classes":[]},{"id":16743,"url":"http:\/\/news-papers.eu\/?p=16743","url_meta":{"origin":17602,"position":4},"title":"Repetitorium Kinderan\u00e4sthesie 17.-20.05.2023","author":"Michael Bernhard","date":"M\u00e4rz 17, 2023","format":false,"excerpt":"Liebe Kolleginnen und Kollegen! Das beliebte Repetitorium Kinderan\u00e4sthesie ist zur\u00fcck als Pr\u00e4senzveranstaltung im sch\u00f6\u00adnen Hotel R\u00f6ssle in Stimpfach-Rechenberg! Bringen Sie Ihr Wissen zur Kinderan\u00e4sthesie mit praxisnahen Vortr\u00e4gen auf den aktuellen Stand und diskutieren Sie Ihre Fragen mit klinisch erfahrenen ReferentInnen. Am vorgeschalteten Mittwoch bieten wir Ihnen das neu konzipierte Zirkeltraining\u2026","rel":"","context":"In &quot;Veranstaltungshinweis&quot;","block_context":{"text":"Veranstaltungshinweis","link":"http:\/\/news-papers.eu\/?cat=30"},"img":{"alt_text":"","src":"https:\/\/i0.wp.com\/news-papers.eu\/wp-content\/uploads\/2023\/03\/Bildschirm%C2%ADfoto-2023-03-04-um-10.38.20.png?fit=636%2C380&resize=350%2C200","width":350,"height":200,"srcset":"https:\/\/i0.wp.com\/news-papers.eu\/wp-content\/uploads\/2023\/03\/Bildschirm%C2%ADfoto-2023-03-04-um-10.38.20.png?fit=636%2C380&resize=350%2C200 1x, https:\/\/i0.wp.com\/news-papers.eu\/wp-content\/uploads\/2023\/03\/Bildschirm%C2%ADfoto-2023-03-04-um-10.38.20.png?fit=636%2C380&resize=525%2C300 1.5x"},"classes":[]},{"id":13155,"url":"http:\/\/news-papers.eu\/?p=13155","url_meta":{"origin":17602,"position":5},"title":"Fehler in der Kinderan\u00e4sthesie von Dr. Martin J\u00f6hr (Teil 1)","author":"Michael Bernhard","date":"Februar 27, 2021","format":false,"excerpt":"Ein wirklich legend\u00e4rer Kinderan\u00e4sthesist hat einen sehr guten Artikel zu Fehler in der Kinderan\u00e4sthesie geschrieben: J\u00f6hr M. Die h\u00e4ufigsten Fehler in der Kinderan\u00e4sthesie. An\u00e4sth Intensivmed 2021;62:70\u201381\u00a0(PDF) Martin J\u00f6hr f\u00fchrt hierzu aus: \"Fehler kommen vor, selbst wenn An\u00e4sthesisten perfekt ausgebildet und die notwendigen Handlungsanweisungen vorhanden sind. Bei Kindernarkosen kommen oft noch\u2026","rel":"","context":"In &quot;Kindernotf\u00e4lle&quot;","block_context":{"text":"Kindernotf\u00e4lle","link":"http:\/\/news-papers.eu\/?cat=13"},"img":{"alt_text":"","src":"https:\/\/i0.wp.com\/news-papers.eu\/wp-content\/uploads\/2017\/08\/antibiotics-1782433_1920.jpg?fit=1200%2C700&resize=350%2C200","width":350,"height":200,"srcset":"https:\/\/i0.wp.com\/news-papers.eu\/wp-content\/uploads\/2017\/08\/antibiotics-1782433_1920.jpg?fit=1200%2C700&resize=350%2C200 1x, https:\/\/i0.wp.com\/news-papers.eu\/wp-content\/uploads\/2017\/08\/antibiotics-1782433_1920.jpg?fit=1200%2C700&resize=525%2C300 1.5x, https:\/\/i0.wp.com\/news-papers.eu\/wp-content\/uploads\/2017\/08\/antibiotics-1782433_1920.jpg?fit=1200%2C700&resize=700%2C400 2x, https:\/\/i0.wp.com\/news-papers.eu\/wp-content\/uploads\/2017\/08\/antibiotics-1782433_1920.jpg?fit=1200%2C700&resize=1050%2C600 3x"},"classes":[]}],"jetpack_likes_enabled":true,"_links":{"self":[{"href":"http:\/\/news-papers.eu\/index.php?rest_route=\/wp\/v2\/posts\/17602","targetHints":{"allow":["GET"]}}],"collection":[{"href":"http:\/\/news-papers.eu\/index.php?rest_route=\/wp\/v2\/posts"}],"about":[{"href":"http:\/\/news-papers.eu\/index.php?rest_route=\/wp\/v2\/types\/post"}],"author":[{"embeddable":true,"href":"http:\/\/news-papers.eu\/index.php?rest_route=\/wp\/v2\/users\/1"}],"replies":[{"embeddable":true,"href":"http:\/\/news-papers.eu\/index.php?rest_route=%2Fwp%2Fv2%2Fcomments&post=17602"}],"version-history":[{"count":4,"href":"http:\/\/news-papers.eu\/index.php?rest_route=\/wp\/v2\/posts\/17602\/revisions"}],"predecessor-version":[{"id":17608,"href":"http:\/\/news-papers.eu\/index.php?rest_route=\/wp\/v2\/posts\/17602\/revisions\/17608"}],"wp:featuredmedia":[{"embeddable":true,"href":"http:\/\/news-papers.eu\/index.php?rest_route=\/wp\/v2\/media\/17604"}],"wp:attachment":[{"href":"http:\/\/news-papers.eu\/index.php?rest_route=%2Fwp%2Fv2%2Fmedia&parent=17602"}],"wp:term":[{"taxonomy":"category","embeddable":true,"href":"http:\/\/news-papers.eu\/index.php?rest_route=%2Fwp%2Fv2%2Fcategories&post=17602"},{"taxonomy":"post_tag","embeddable":true,"href":"http:\/\/news-papers.eu\/index.php?rest_route=%2Fwp%2Fv2%2Ftags&post=17602"}],"curies":[{"name":"wp","href":"https:\/\/api.w.org\/{rel}","templated":true}]}}