{"id":17279,"date":"2023-07-18T04:54:03","date_gmt":"2023-07-18T02:54:03","guid":{"rendered":"http:\/\/news-papers.eu\/?p=17279"},"modified":"2023-07-17T20:04:56","modified_gmt":"2023-07-17T18:04:56","slug":"grenzgaenge-des-gewissens-erste-veranstaltung-erfolgreich-stattgefunden","status":"publish","type":"post","link":"http:\/\/news-papers.eu\/?p=17279","title":{"rendered":"Grenzg\u00e4nge des Gewissens: Erste Veranstaltung erfolgreich stattgefunden"},"content":{"rendered":"<p><img data-recalc-dims=\"1\" loading=\"lazy\" decoding=\"async\" data-attachment-id=\"17280\" data-permalink=\"http:\/\/news-papers.eu\/?attachment_id=17280\" data-orig-file=\"https:\/\/i0.wp.com\/news-papers.eu\/wp-content\/uploads\/2023\/07\/Bildschirmfoto-2023-07-17-um-20.01.36.png?fit=732%2C1484\" data-orig-size=\"732,1484\" data-comments-opened=\"1\" data-image-meta=\"{&quot;aperture&quot;:&quot;0&quot;,&quot;credit&quot;:&quot;&quot;,&quot;camera&quot;:&quot;&quot;,&quot;caption&quot;:&quot;&quot;,&quot;created_timestamp&quot;:&quot;0&quot;,&quot;copyright&quot;:&quot;&quot;,&quot;focal_length&quot;:&quot;0&quot;,&quot;iso&quot;:&quot;0&quot;,&quot;shutter_speed&quot;:&quot;0&quot;,&quot;title&quot;:&quot;&quot;,&quot;orientation&quot;:&quot;0&quot;}\" data-image-title=\"Bildschirmfoto 2023-07-17 um 20.01.36\" data-image-description=\"\" data-image-caption=\"\" data-large-file=\"https:\/\/i0.wp.com\/news-papers.eu\/wp-content\/uploads\/2023\/07\/Bildschirmfoto-2023-07-17-um-20.01.36.png?fit=505%2C1024\" class=\"size-medium wp-image-17280 alignright\" src=\"https:\/\/i0.wp.com\/news-papers.eu\/wp-content\/uploads\/2023\/07\/Bildschirmfoto-2023-07-17-um-20.01.36.png?resize=148%2C300\" alt=\"\" width=\"148\" height=\"300\" srcset=\"https:\/\/i0.wp.com\/news-papers.eu\/wp-content\/uploads\/2023\/07\/Bildschirmfoto-2023-07-17-um-20.01.36.png?resize=148%2C300 148w, https:\/\/i0.wp.com\/news-papers.eu\/wp-content\/uploads\/2023\/07\/Bildschirmfoto-2023-07-17-um-20.01.36.png?resize=505%2C1024 505w, https:\/\/i0.wp.com\/news-papers.eu\/wp-content\/uploads\/2023\/07\/Bildschirmfoto-2023-07-17-um-20.01.36.png?w=732 732w\" sizes=\"auto, (max-width: 148px) 100vw, 148px\" \/>Bei tollstem Sommerwetter fand die <strong>erste ONLINE-Fortbildung &#8222;Grenzg\u00e4nge des Gewissens &#8211; Ethik im Notfall&#8220;<\/strong> am Montag den 17.07.2023 von 19.00-20,30 h mit \u00fcber 200 TeilnehmerInnen aus Notaufnahmen und dem Rettungs- und Notarztdienst erfolgreich statt.<\/p>\n<p>Unter der Moderation von <strong>dr. Lennert B\u00f6hm<\/strong> (Zentrale Notaufnahme, Universit\u00e4tsklinikum D\u00fcsseldorf) und <strong>Philipp Sauermann<\/strong> (Abteilung f\u00fcr Klinische Akut- und Notfallmedizin, Universit\u00e4tsklinikum Bonn) erfolgten zun\u00e4chst einleitende Worte von <strong>Alexander Pr\u00f6bstel<\/strong> (Pflegedirektor, Universit\u00e4tsklinikum Bonn).<\/p>\n<p>Nachfolgend berichtete <strong>Dr. Susanne Feit<\/strong> (Fach\u00e4rztin, Interdisziplina\u0308res Zentrum fu\u0308r Palliativmedizin, Universita\u0308tsklinikum Du\u0308sseldorf) zum Thema &#8222;Hilft uns eine Patientenverfu\u0308gung u\u0308berhaupt? Patientenwille und Vorsorgeinstrumente in der Akutsituation&#8220;. Nachfolgend referierte <strong>Alexandra Wilms<\/strong> (Notfallpflegekraft, Zentrale Notaufnahme, Universit\u00e4tsklinikum D\u00fcsseldorf) zum Thema &#8222;Patient:innen am Lebensende in der Notaufnahme&#8220;.<\/p>\n<p>In einer spannenden Diskussion wurden die zahlreichen im Chat gestellten Fragen des Auditoriums beantwortet. Rundherum eine wirklich spannende und anspruchsvolle Veranstaltung.<\/p>\n<p><strong><span style=\"font-weight: 400;\">Die <\/span>n\u00e4chsten<span style=\"font-weight: 400;\"> Termine sind schon geplant:<br \/>\nWeitere ONLINE-Termine (save-the-date):<\/span><\/strong><\/p>\n<p style=\"font-weight: 400;\"><strong><em>16.10.2023, 19:00-20.30 h<br \/>\n<\/em><\/strong><strong><em>Aliis inserviendo consumer.<br \/>\n<\/em><\/strong>\u201cIndem ich anderen diene, verzehre ich mich \u2013 Moral injury\u201c<\/p>\n<p style=\"font-weight: 400;\"><b><em>\u00a0<\/em><\/b><strong><em>15.01.2024, 19:00-20.30 h<br \/>\n<\/em><\/strong><strong><em>Una ex his erit tibi ultima.<br \/>\n<\/em><\/strong>\u201cEines dieser Dinge wird Dein Letztes sein \u2013 Grenzen der Ethik in der Notfallmedizin\u201c<\/p>\n<p style=\"font-weight: 400;\"><strong><em>15.4.2024, 19:00-20.30 h<br \/>\n<\/em><\/strong><strong><em>Salus aegroti suprema lex.<br \/>\n<\/em><\/strong>\u201eDas Wohl des Kranken sei das h\u00f6chste Gesetz \u2013 Ist Reanimation eine Pflicht?\u201c<\/p>\n<p>Anmeldung per Email an <strong>Fortbildung-Notfallethik@med.uni-duesseldorf.de<\/strong><\/p>\n","protected":false},"excerpt":{"rendered":"<p>Bei tollstem Sommerwetter fand die erste ONLINE-Fortbildung &#8222;Grenzg\u00e4nge des Gewissens &#8211; Ethik im Notfall&#8220; am Montag den 17.07.2023 von 19.00-20,30 h mit \u00fcber 200 TeilnehmerInnen aus Notaufnahmen und dem Rettungs- [&hellip;]<\/p>\n","protected":false},"author":2,"featured_media":17283,"comment_status":"open","ping_status":"open","sticky":false,"template":"","format":"standard","meta":{"__cvm_playback_settings":[],"__cvm_video_id":"","jetpack_post_was_ever_published":false,"_jetpack_newsletter_access":"","_jetpack_dont_email_post_to_subs":false,"_jetpack_newsletter_tier_id":0,"_jetpack_memberships_contains_paywalled_content":false,"_jetpack_memberships_contains_paid_content":false,"footnotes":"","jetpack_publicize_message":"","jetpack_publicize_feature_enabled":true,"jetpack_social_post_already_shared":true,"jetpack_social_options":{"image_generator_settings":{"template":"highway","default_image_id":0,"font":"","enabled":false},"version":2},"_wpas_customize_per_network":false},"categories":[30],"tags":[2551],"class_list":["post-17279","post","type-post","status-publish","format-standard","has-post-thumbnail","hentry","category-veranstaltungshinweis","tag-ethik-im-notfall"],"jetpack_publicize_connections":[],"jetpack_featured_media_url":"https:\/\/i0.wp.com\/news-papers.eu\/wp-content\/uploads\/2023\/07\/Bildschirmfoto-2023-07-17-um-20.04.36.png?fit=698%2C420","jetpack_sharing_enabled":true,"jetpack_shortlink":"https:\/\/wp.me\/p7fR2g-4uH","jetpack-related-posts":[{"id":17198,"url":"http:\/\/news-papers.eu\/?p=17198","url_meta":{"origin":17279,"position":0},"title":"Grenzg\u00e4nge des Gewissens: Ethik im Notfall &#8211; ONLINE-Fortbildung 17.07.2023","author":"Michael Bernhard","date":"Juli 9, 2023","format":false,"excerpt":"Die neue Online-Vortragsreihe \u201eGrenzg\u00e4nge des Gewissens: Ethik im Notfall\u201c erfolgt in Kooperation zwischen der Zentrale Notaufnahme des Universit\u00e4tsklinikums D\u00fcsseldorf und der Abteilung f\u00fcr Klinische Akut- und Notfallmedizin des Universit\u00e4tsklinikums Bonn\u00a0zu ethisch relevanten Themen der Notfallmedizin. Wissenschaftliche Leitung: Dr. Lennert B\u00f6hm, Zentrale Notaufnahme des Universit\u00e4tsklinikums D\u00fcsseldorf Philipp, Sauermann, Abteilung f\u00fcr Klinische\u2026","rel":"","context":"In &quot;allgemein&quot;","block_context":{"text":"allgemein","link":"http:\/\/news-papers.eu\/?cat=2"},"img":{"alt_text":"","src":"https:\/\/i0.wp.com\/news-papers.eu\/wp-content\/uploads\/2023\/07\/pexels-pixabay-51006-scaled.jpg?fit=1200%2C784&resize=350%2C200","width":350,"height":200,"srcset":"https:\/\/i0.wp.com\/news-papers.eu\/wp-content\/uploads\/2023\/07\/pexels-pixabay-51006-scaled.jpg?fit=1200%2C784&resize=350%2C200 1x, https:\/\/i0.wp.com\/news-papers.eu\/wp-content\/uploads\/2023\/07\/pexels-pixabay-51006-scaled.jpg?fit=1200%2C784&resize=525%2C300 1.5x, https:\/\/i0.wp.com\/news-papers.eu\/wp-content\/uploads\/2023\/07\/pexels-pixabay-51006-scaled.jpg?fit=1200%2C784&resize=700%2C400 2x, https:\/\/i0.wp.com\/news-papers.eu\/wp-content\/uploads\/2023\/07\/pexels-pixabay-51006-scaled.jpg?fit=1200%2C784&resize=1050%2C600 3x"},"classes":[]},{"id":17250,"url":"http:\/\/news-papers.eu\/?p=17250","url_meta":{"origin":17279,"position":1},"title":"Grenzg\u00e4nge des Gewissens: Ethik im Notfall &#8211; 17.07.2023 um 19.00 h","author":"Michael Bernhard","date":"Juli 14, 2023","format":false,"excerpt":"Die neue Online-Vortragsreihe \u201eGrenzg\u00e4nge des Gewissens: Ethik im Notfall\u201c erfolgt in Kooperation zwischen der Zentrale Notaufnahme des Universit\u00e4tsklinikums D\u00fcsseldorf und der Abteilung f\u00fcr Klinische Akut- und Notfallmedizin des Universit\u00e4tsklinikums Bonn\u00a0zu ethisch relevanten Themen der Notfallmedizin. Wissenschaftliche Leitung: Dr. Lennert B\u00f6hm, Zentrale Notaufnahme des Universit\u00e4tsklinikums D\u00fcsseldorf Philipp, Sauermann, Abteilung f\u00fcr Klinische\u2026","rel":"","context":"In &quot;Veranstaltungshinweis&quot;","block_context":{"text":"Veranstaltungshinweis","link":"http:\/\/news-papers.eu\/?cat=30"},"img":{"alt_text":"Grenzg\u00e4nge des Gewissens","src":"https:\/\/i0.wp.com\/news-papers.eu\/wp-content\/uploads\/2023\/07\/Bildschirmfoto-2023-07-09-um-10.29.09.png?fit=819%2C1200&resize=350%2C200","width":350,"height":200,"srcset":"https:\/\/i0.wp.com\/news-papers.eu\/wp-content\/uploads\/2023\/07\/Bildschirmfoto-2023-07-09-um-10.29.09.png?fit=819%2C1200&resize=350%2C200 1x, https:\/\/i0.wp.com\/news-papers.eu\/wp-content\/uploads\/2023\/07\/Bildschirmfoto-2023-07-09-um-10.29.09.png?fit=819%2C1200&resize=525%2C300 1.5x, https:\/\/i0.wp.com\/news-papers.eu\/wp-content\/uploads\/2023\/07\/Bildschirmfoto-2023-07-09-um-10.29.09.png?fit=819%2C1200&resize=700%2C400 2x"},"classes":[]},{"id":18664,"url":"http:\/\/news-papers.eu\/?p=18664","url_meta":{"origin":17279,"position":2},"title":"&#8222;Grenzg\u00e4nge des Gewissens \u2013 Ethik im Notfall&#8220;, 21.10.2024 um 19.00 h","author":"Michael Bernhard","date":"Oktober 18, 2024","format":false,"excerpt":"\"Grenzg\u00e4nge des Gewissens \u2013 Ethik im Notfall\" Das Organisationsteam freut sich , Sie am n\u00e4chsten Montag den 21.10. um 19 Uhr zu einer neuen spannenden Sitzung begr\u00fc\u00dfen zu d\u00fcrfen: DEUS EX MACHINA - \u201eDER GOTT AUS DER MASCHINE\u201c Folder_Grenzg\u00e4nge_2. Jahrgang Ethische Aspekte bei der Nutzung K\u00fcnstlicher Intelligenz in der Akut-\u2026","rel":"","context":"In &quot;Veranstaltungshinweis&quot;","block_context":{"text":"Veranstaltungshinweis","link":"http:\/\/news-papers.eu\/?cat=30"},"img":{"alt_text":"","src":"https:\/\/i0.wp.com\/news-papers.eu\/wp-content\/uploads\/2024\/10\/Bildschirmfoto-2024-10-17-um-13.57.36.png?fit=667%2C1200&resize=350%2C200","width":350,"height":200,"srcset":"https:\/\/i0.wp.com\/news-papers.eu\/wp-content\/uploads\/2024\/10\/Bildschirmfoto-2024-10-17-um-13.57.36.png?fit=667%2C1200&resize=350%2C200 1x, https:\/\/i0.wp.com\/news-papers.eu\/wp-content\/uploads\/2024\/10\/Bildschirmfoto-2024-10-17-um-13.57.36.png?fit=667%2C1200&resize=525%2C300 1.5x"},"classes":[]},{"id":18668,"url":"http:\/\/news-papers.eu\/?p=18668","url_meta":{"origin":17279,"position":3},"title":"&#8222;Grenzg\u00e4nge des Gewissens \u2013 Ethik im Notfall&#8220;, 21.10.2024, 19.00 h online","author":"Michael Bernhard","date":"Oktober 21, 2024","format":false,"excerpt":"\"Grenzg\u00e4nge des Gewissens \u2013 Ethik im Notfall\" Das Organisationsteam freut sich , Sie am n\u00e4chsten Montag den 21.10. um 19 Uhr zu einer neuen spannenden Sitzung begr\u00fc\u00dfen zu d\u00fcrfen: DEUS EX MACHINA - \u201eDER GOTT AUS DER MASCHINE\u201c Folder_Grenzg\u00e4nge_2. Jahrgang Ethische Aspekte bei der Nutzung K\u00fcnstlicher Intelligenz in der Akut-\u2026","rel":"","context":"In &quot;Veranstaltungshinweis&quot;","block_context":{"text":"Veranstaltungshinweis","link":"http:\/\/news-papers.eu\/?cat=30"},"img":{"alt_text":"","src":"https:\/\/i0.wp.com\/news-papers.eu\/wp-content\/uploads\/2024\/10\/Bildschirmfoto-2024-10-17-um-13.59.26.png?fit=776%2C750&resize=350%2C200","width":350,"height":200,"srcset":"https:\/\/i0.wp.com\/news-papers.eu\/wp-content\/uploads\/2024\/10\/Bildschirmfoto-2024-10-17-um-13.59.26.png?fit=776%2C750&resize=350%2C200 1x, https:\/\/i0.wp.com\/news-papers.eu\/wp-content\/uploads\/2024\/10\/Bildschirmfoto-2024-10-17-um-13.59.26.png?fit=776%2C750&resize=525%2C300 1.5x, https:\/\/i0.wp.com\/news-papers.eu\/wp-content\/uploads\/2024\/10\/Bildschirmfoto-2024-10-17-um-13.59.26.png?fit=776%2C750&resize=700%2C400 2x"},"classes":[]},{"id":17925,"url":"http:\/\/news-papers.eu\/?p=17925","url_meta":{"origin":17279,"position":4},"title":"Grenzg\u00e4nge des Gewissens \u2013 Ethik im Notfall: 15.01.2024 um 19.00 h","author":"Michael Bernhard","date":"Januar 11, 2024","format":false,"excerpt":"Liebe Teilnehmerinnen und Teilnehmer unseres Webinars \"Grenzg\u00e4nge des Gewissens \u2013 Ethik im Notfall\", wir w\u00fcnschen Ihnen noch alles Gute f\u00fcr das neue Jahr! Wir freuen uns, Sie am n\u00e4chsten Montag den 15.1. um 19 Uhr bei einer neue spannenden Sitzungbegr\u00fc\u00dfen\u00a0zu d\u00fcrfen: UNA EX HIS ERIT TIBI ULTIMA.\u00a0\u201cEINES DIESER DINGE WIRD\u2026","rel":"","context":"In &quot;Veranstaltungshinweis&quot;","block_context":{"text":"Veranstaltungshinweis","link":"http:\/\/news-papers.eu\/?cat=30"},"img":{"alt_text":"","src":"https:\/\/i0.wp.com\/news-papers.eu\/wp-content\/uploads\/2024\/01\/Bildschirmfoto-2024-01-10-um-18.29.54.png?fit=628%2C1200&resize=350%2C200","width":350,"height":200,"srcset":"https:\/\/i0.wp.com\/news-papers.eu\/wp-content\/uploads\/2024\/01\/Bildschirmfoto-2024-01-10-um-18.29.54.png?fit=628%2C1200&resize=350%2C200 1x, https:\/\/i0.wp.com\/news-papers.eu\/wp-content\/uploads\/2024\/01\/Bildschirmfoto-2024-01-10-um-18.29.54.png?fit=628%2C1200&resize=525%2C300 1.5x"},"classes":[]},{"id":18272,"url":"http:\/\/news-papers.eu\/?p=18272","url_meta":{"origin":17279,"position":5},"title":"DGINA Jahreskongress unter Beteilung der Notaufnahme des UKD","author":"Michael Bernhard","date":"Mai 6, 2024","format":false,"excerpt":"Vom 01.-04.05.2024 fand die 19. Jahrestagung der Deutschen Gesellschaft f\u00fcr Interdisziplin\u00e4re Notfall- und Akutmedizin in Augsburg statt. \u00dcber 1900 TeilnehmerInnen trafen sich im Kongresszentrum Augsburg zu einem notfallmedizinischen Austausch. Viele spannende Sitzungen und Gespr\u00e4chsrunden erm\u00f6glichten Fortbildung, Diskussion und Fortschritt f\u00fcr alle an der Notfallversorgung beteiligte Berufsgruppen: NotfallmeidzinerInnen, Notfallpflegekr\u00e4fte, Physician Assistants\u2026","rel":"","context":"In &quot;Notaufnahme&quot;","block_context":{"text":"Notaufnahme","link":"http:\/\/news-papers.eu\/?cat=2083"},"img":{"alt_text":"DGINA Kongress 2024","src":"https:\/\/i0.wp.com\/news-papers.eu\/wp-content\/uploads\/2024\/05\/Bildschirmfoto-2024-05-05-um-14.16.19.png?fit=568%2C640&resize=350%2C200","width":350,"height":200,"srcset":"https:\/\/i0.wp.com\/news-papers.eu\/wp-content\/uploads\/2024\/05\/Bildschirmfoto-2024-05-05-um-14.16.19.png?fit=568%2C640&resize=350%2C200 1x, https:\/\/i0.wp.com\/news-papers.eu\/wp-content\/uploads\/2024\/05\/Bildschirmfoto-2024-05-05-um-14.16.19.png?fit=568%2C640&resize=525%2C300 1.5x"},"classes":[]}],"jetpack_likes_enabled":true,"_links":{"self":[{"href":"http:\/\/news-papers.eu\/index.php?rest_route=\/wp\/v2\/posts\/17279","targetHints":{"allow":["GET"]}}],"collection":[{"href":"http:\/\/news-papers.eu\/index.php?rest_route=\/wp\/v2\/posts"}],"about":[{"href":"http:\/\/news-papers.eu\/index.php?rest_route=\/wp\/v2\/types\/post"}],"author":[{"embeddable":true,"href":"http:\/\/news-papers.eu\/index.php?rest_route=\/wp\/v2\/users\/2"}],"replies":[{"embeddable":true,"href":"http:\/\/news-papers.eu\/index.php?rest_route=%2Fwp%2Fv2%2Fcomments&post=17279"}],"version-history":[{"count":3,"href":"http:\/\/news-papers.eu\/index.php?rest_route=\/wp\/v2\/posts\/17279\/revisions"}],"predecessor-version":[{"id":17284,"href":"http:\/\/news-papers.eu\/index.php?rest_route=\/wp\/v2\/posts\/17279\/revisions\/17284"}],"wp:featuredmedia":[{"embeddable":true,"href":"http:\/\/news-papers.eu\/index.php?rest_route=\/wp\/v2\/media\/17283"}],"wp:attachment":[{"href":"http:\/\/news-papers.eu\/index.php?rest_route=%2Fwp%2Fv2%2Fmedia&parent=17279"}],"wp:term":[{"taxonomy":"category","embeddable":true,"href":"http:\/\/news-papers.eu\/index.php?rest_route=%2Fwp%2Fv2%2Fcategories&post=17279"},{"taxonomy":"post_tag","embeddable":true,"href":"http:\/\/news-papers.eu\/index.php?rest_route=%2Fwp%2Fv2%2Ftags&post=17279"}],"curies":[{"name":"wp","href":"https:\/\/api.w.org\/{rel}","templated":true}]}}