{"id":17183,"date":"2023-06-14T02:35:31","date_gmt":"2023-06-14T00:35:31","guid":{"rendered":"http:\/\/news-papers.eu\/?p=17183"},"modified":"2023-06-13T23:01:54","modified_gmt":"2023-06-13T21:01:54","slug":"cmc-conference-taktische-medizin-um-ulm","status":"publish","type":"post","link":"http:\/\/news-papers.eu\/?p=17183","title":{"rendered":"CMC-Conference: Taktische Medizin um Ulm"},"content":{"rendered":"<p style=\"text-align: justify;\">In der ersten Juli-Woche findet mit der <strong>Combat <span style=\"color: #ff0000;\">Medic<\/span>al Care (CMC) Conference<\/strong> wieder das gr\u00f6\u00dfte internationale Symposium zur Taktischen Verwundetenversorgung au\u00dferhalb der USA statt. Erwartet werden im <a href=\"https:\/\/www.tagungszentrum-blaubeuren.de\/de\/\" target=\"_blank\" rel=\"noopener\">Tagungszentrum Blaubeuren<\/a> \u00fcber 1.000 Medics, Rettungs- und Pflegekr\u00e4fte sowie \u00c4rzte aus Milit\u00e4r-, Polizei- und Rettungsdienst von \u00fcber 30 Nationen.<\/p>\n<blockquote><p>am <strong>5. und 6. Juli 2023<\/strong> <a href=\"https:\/\/i0.wp.com\/news-papers.eu\/wp-content\/uploads\/2023\/06\/CMC-Flyer-Grafik.jpg\"><img data-recalc-dims=\"1\" loading=\"lazy\" decoding=\"async\" data-attachment-id=\"17184\" data-permalink=\"http:\/\/news-papers.eu\/?attachment_id=17184\" data-orig-file=\"https:\/\/i0.wp.com\/news-papers.eu\/wp-content\/uploads\/2023\/06\/CMC-Flyer-Grafik.jpg?fit=654%2C580\" data-orig-size=\"654,580\" data-comments-opened=\"1\" data-image-meta=\"{&quot;aperture&quot;:&quot;0&quot;,&quot;credit&quot;:&quot;&quot;,&quot;camera&quot;:&quot;&quot;,&quot;caption&quot;:&quot;&quot;,&quot;created_timestamp&quot;:&quot;0&quot;,&quot;copyright&quot;:&quot;&quot;,&quot;focal_length&quot;:&quot;0&quot;,&quot;iso&quot;:&quot;0&quot;,&quot;shutter_speed&quot;:&quot;0&quot;,&quot;title&quot;:&quot;&quot;,&quot;orientation&quot;:&quot;0&quot;}\" data-image-title=\"CMC Flyer Grafik\" data-image-description=\"\" data-image-caption=\"\" data-medium-file=\"https:\/\/i0.wp.com\/news-papers.eu\/wp-content\/uploads\/2023\/06\/CMC-Flyer-Grafik.jpg?fit=300%2C266\" data-large-file=\"https:\/\/i0.wp.com\/news-papers.eu\/wp-content\/uploads\/2023\/06\/CMC-Flyer-Grafik.jpg?fit=654%2C580\" class=\"alignright wp-image-17184 \" src=\"https:\/\/i0.wp.com\/news-papers.eu\/wp-content\/uploads\/2023\/06\/CMC-Flyer-Grafik.jpg?resize=185%2C164\" alt=\"\" width=\"185\" height=\"164\" srcset=\"https:\/\/i0.wp.com\/news-papers.eu\/wp-content\/uploads\/2023\/06\/CMC-Flyer-Grafik.jpg?resize=300%2C266 300w, https:\/\/i0.wp.com\/news-papers.eu\/wp-content\/uploads\/2023\/06\/CMC-Flyer-Grafik.jpg?w=654 654w\" sizes=\"auto, (max-width: 185px) 100vw, 185px\" \/><\/a><\/p>\n<p>im <strong>Tagungszentrum Blaubeuren<\/strong><\/p>\n<p><a href=\"http:\/\/www.cmc-conference.de\/cmc_workshops.php?translate=0\" target=\"_blank\" rel=\"noopener\"><strong>35 Workshops<\/strong><\/a><\/p>\n<p>\u00fcber <a href=\"http:\/\/www.cmc-conference.de\/downloads\/2023\/Program_CMC_Conference_2023.pdf\" target=\"_blank\" rel=\"noopener\"><strong>60<\/strong> <strong>wissenschaftliche Vortr\u00e4ge<\/strong><\/a> in 3 parallel laufenden, internationalen Tracks<\/p>\n<p>eine gro\u00dfe <strong>Industrieausstellung<\/strong><\/p><\/blockquote>\n<p><a href=\"http:\/\/news-papers.eu\/wp-content\/uploads\/2023\/06\/CMC-2023-Flyer-V2.pdf\" target=\"_blank\" rel=\"noopener\"><img data-recalc-dims=\"1\" loading=\"lazy\" decoding=\"async\" data-attachment-id=\"17185\" data-permalink=\"http:\/\/news-papers.eu\/?attachment_id=17185\" data-orig-file=\"https:\/\/i0.wp.com\/news-papers.eu\/wp-content\/uploads\/2023\/06\/CMC-2023.png?fit=1262%2C1274\" data-orig-size=\"1262,1274\" data-comments-opened=\"1\" data-image-meta=\"{&quot;aperture&quot;:&quot;0&quot;,&quot;credit&quot;:&quot;&quot;,&quot;camera&quot;:&quot;&quot;,&quot;caption&quot;:&quot;&quot;,&quot;created_timestamp&quot;:&quot;0&quot;,&quot;copyright&quot;:&quot;&quot;,&quot;focal_length&quot;:&quot;0&quot;,&quot;iso&quot;:&quot;0&quot;,&quot;shutter_speed&quot;:&quot;0&quot;,&quot;title&quot;:&quot;&quot;,&quot;orientation&quot;:&quot;0&quot;}\" data-image-title=\"CMC 2023\" data-image-description=\"\" data-image-caption=\"\" data-medium-file=\"https:\/\/i0.wp.com\/news-papers.eu\/wp-content\/uploads\/2023\/06\/CMC-2023.png?fit=297%2C300\" data-large-file=\"https:\/\/i0.wp.com\/news-papers.eu\/wp-content\/uploads\/2023\/06\/CMC-2023.png?fit=1014%2C1024\" class=\"aligncenter size-large wp-image-17185\" src=\"https:\/\/i0.wp.com\/news-papers.eu\/wp-content\/uploads\/2023\/06\/CMC-2023.png?resize=1014%2C1024\" alt=\"\" width=\"1014\" height=\"1024\" srcset=\"https:\/\/i0.wp.com\/news-papers.eu\/wp-content\/uploads\/2023\/06\/CMC-2023.png?resize=1014%2C1024 1014w, https:\/\/i0.wp.com\/news-papers.eu\/wp-content\/uploads\/2023\/06\/CMC-2023.png?resize=297%2C300 297w, https:\/\/i0.wp.com\/news-papers.eu\/wp-content\/uploads\/2023\/06\/CMC-2023.png?resize=150%2C150 150w, https:\/\/i0.wp.com\/news-papers.eu\/wp-content\/uploads\/2023\/06\/CMC-2023.png?resize=768%2C775 768w, https:\/\/i0.wp.com\/news-papers.eu\/wp-content\/uploads\/2023\/06\/CMC-2023.png?resize=750%2C757 750w, https:\/\/i0.wp.com\/news-papers.eu\/wp-content\/uploads\/2023\/06\/CMC-2023.png?w=1262 1262w\" sizes=\"auto, (max-width: 1014px) 100vw, 1014px\" \/><\/a><\/p>\n<p>Mehr Infos auf: <strong><a href=\"http:\/\/www.cmc-conference.de\/\">www.cmc-conference.de<\/a><\/strong><\/p>\n","protected":false},"excerpt":{"rendered":"<p>In der ersten Juli-Woche findet mit der Combat Medical Care (CMC) Conference wieder das gr\u00f6\u00dfte internationale Symposium zur Taktischen Verwundetenversorgung au\u00dferhalb der USA statt. Erwartet werden im Tagungszentrum Blaubeuren \u00fcber [&hellip;]<\/p>\n","protected":false},"author":1,"featured_media":401,"comment_status":"open","ping_status":"open","sticky":false,"template":"","format":"standard","meta":{"__cvm_playback_settings":[],"__cvm_video_id":"","jetpack_post_was_ever_published":false,"_jetpack_newsletter_access":"","_jetpack_dont_email_post_to_subs":false,"_jetpack_newsletter_tier_id":0,"_jetpack_memberships_contains_paywalled_content":false,"_jetpack_memberships_contains_paid_content":false,"footnotes":"","jetpack_publicize_message":"","jetpack_publicize_feature_enabled":true,"jetpack_social_post_already_shared":true,"jetpack_social_options":{"image_generator_settings":{"template":"highway","default_image_id":0,"font":"","enabled":false},"version":2}},"categories":[25,30],"tags":[2537,1871,1459,2538,2536,460,1964],"class_list":["post-17183","post","type-post","status-publish","format-standard","has-post-thumbnail","hentry","category-taktische-medizin","category-veranstaltungshinweis","tag-care","tag-cmc","tag-combat","tag-conference","tag-medical","tag-taktische-medizin","tag-ulm"],"jetpack_publicize_connections":[],"jetpack_featured_media_url":"https:\/\/i0.wp.com\/news-papers.eu\/wp-content\/uploads\/2016\/02\/CMC-logo.jpg?fit=1770%2C1133","jetpack_sharing_enabled":true,"jetpack_shortlink":"https:\/\/wp.me\/p7fR2g-4t9","jetpack-related-posts":[{"id":19507,"url":"http:\/\/news-papers.eu\/?p=19507","url_meta":{"origin":17183,"position":0},"title":"Combat Medical Care Conference im Juli","author":"Bj\u00f6rn Hossfeld","date":"April 15, 2025","format":false,"excerpt":"Unter dem Motto \"All for one\" findet am 2. und 3. Juli 2025 wieder die\u00a0 Combat Medical Care (CMC) Conference in Blaubeuren bei Ulm statt. \u00a0 Das Organisationsteam aus dem Dept. f\u00fcr An\u00e4sthesiologie, Intensivmedizin, Notfallmedizin u. Schmerzmedizin des Ulmer Bundeswehrkrankenhauses erwartet auch in diesem Jahr mehr als\u00a0 1.300 internationale Teilnehmer\u2026","rel":"","context":"In &quot;Taktische Medizin&quot;","block_context":{"text":"Taktische Medizin","link":"http:\/\/news-papers.eu\/?cat=25"},"img":{"alt_text":"","src":"https:\/\/i0.wp.com\/news-papers.eu\/wp-content\/uploads\/2025\/04\/CMC-2025.png?fit=837%2C1200&resize=350%2C200","width":350,"height":200,"srcset":"https:\/\/i0.wp.com\/news-papers.eu\/wp-content\/uploads\/2025\/04\/CMC-2025.png?fit=837%2C1200&resize=350%2C200 1x, https:\/\/i0.wp.com\/news-papers.eu\/wp-content\/uploads\/2025\/04\/CMC-2025.png?fit=837%2C1200&resize=525%2C300 1.5x, https:\/\/i0.wp.com\/news-papers.eu\/wp-content\/uploads\/2025\/04\/CMC-2025.png?fit=837%2C1200&resize=700%2C400 2x"},"classes":[]},{"id":19656,"url":"http:\/\/news-papers.eu\/?p=19656","url_meta":{"origin":17183,"position":1},"title":"Combat Medical Care","author":"Bj\u00f6rn Hossfeld","date":"Mai 22, 2025","format":false,"excerpt":"Unter dem Motto \"All for one\" findet am 2. und 3. Juli 2025 wieder die\u00a0 Combat Medical Care (CMC) Conference in Blaubeuren bei Ulm statt. Das Organisationsteam aus dem Dept. f\u00fcr An\u00e4sthesiologie, Intensivmedizin, Notfallmedizin u. Schmerzmedizin des Ulmer Bundeswehrkrankenhauses erwartet auch in diesem Jahr mehr als\u00a0 1.300 internationale Teilnehmer aus\u2026","rel":"","context":"In &quot;Veranstaltungshinweis&quot;","block_context":{"text":"Veranstaltungshinweis","link":"http:\/\/news-papers.eu\/?cat=30"},"img":{"alt_text":"","src":"https:\/\/i0.wp.com\/news-papers.eu\/wp-content\/uploads\/2016\/02\/CMC-logo.jpg?fit=1200%2C768&resize=350%2C200","width":350,"height":200,"srcset":"https:\/\/i0.wp.com\/news-papers.eu\/wp-content\/uploads\/2016\/02\/CMC-logo.jpg?fit=1200%2C768&resize=350%2C200 1x, https:\/\/i0.wp.com\/news-papers.eu\/wp-content\/uploads\/2016\/02\/CMC-logo.jpg?fit=1200%2C768&resize=525%2C300 1.5x, https:\/\/i0.wp.com\/news-papers.eu\/wp-content\/uploads\/2016\/02\/CMC-logo.jpg?fit=1200%2C768&resize=700%2C400 2x, https:\/\/i0.wp.com\/news-papers.eu\/wp-content\/uploads\/2016\/02\/CMC-logo.jpg?fit=1200%2C768&resize=1050%2C600 3x"},"classes":[]},{"id":17195,"url":"http:\/\/news-papers.eu\/?p=17195","url_meta":{"origin":17183,"position":2},"title":"zwei Wochen bis zur Combat Medical Care Conference","author":"Bj\u00f6rn Hossfeld","date":"Juni 20, 2023","format":false,"excerpt":"Die Combat Medical Care (CMC) -Conference ist die gr\u00f6\u00dfte Veranstaltung zur Taktischen Medizin au\u00dferhalb der USA. Am 5.\/6. Juli 23 erwarten die Veranstalter mehr als 1.200 Teilnehmer aus \u00fcber 30 L\u00e4ndern zu einem internationalen Austausch in Blaubeuren bei Ulm. Aktuell sind noch Anmeldungen zum umfangreichen wissenschaftlichen Programm und den interessanten\u2026","rel":"","context":"In &quot;allgemein&quot;","block_context":{"text":"allgemein","link":"http:\/\/news-papers.eu\/?cat=2"},"img":{"alt_text":"","src":"https:\/\/i0.wp.com\/news-papers.eu\/wp-content\/uploads\/2023\/06\/CMC-2023.png?fit=1189%2C1200&resize=350%2C200","width":350,"height":200,"srcset":"https:\/\/i0.wp.com\/news-papers.eu\/wp-content\/uploads\/2023\/06\/CMC-2023.png?fit=1189%2C1200&resize=350%2C200 1x, https:\/\/i0.wp.com\/news-papers.eu\/wp-content\/uploads\/2023\/06\/CMC-2023.png?fit=1189%2C1200&resize=525%2C300 1.5x, https:\/\/i0.wp.com\/news-papers.eu\/wp-content\/uploads\/2023\/06\/CMC-2023.png?fit=1189%2C1200&resize=700%2C400 2x, https:\/\/i0.wp.com\/news-papers.eu\/wp-content\/uploads\/2023\/06\/CMC-2023.png?fit=1189%2C1200&resize=1050%2C600 3x"},"classes":[]},{"id":7648,"url":"http:\/\/news-papers.eu\/?p=7648","url_meta":{"origin":17183,"position":3},"title":"Noch eine Woche bis zur CMC-Conference in Neu-Ulm","author":"Bj\u00f6rn Hossfeld","date":"Juni 5, 2018","format":false,"excerpt":"\"Taktische Medizin\" ist Anbetracht der zunehmenden terroristischen Bedrohung in Europa derzeit ein Thema auf vielen notfallmedizinischen Fortbildungsveranstaltungen. Die Arbeistgruppe \"Taktische Medizin\" des Wissenschaftlichen Arbeitskreises Notfallmedizin der Deutschen Gesellschaft f\u00fcr An\u00e4sthesiologie & Intensivmedizn (DGAI) und die Tactical Rescue and Emergency Medicine Association (TREMA e.V.) besch\u00e4ftigen sich jedoch schon viele Jahre mit\u2026","rel":"","context":"In &quot;allgemein&quot;","block_context":{"text":"allgemein","link":"http:\/\/news-papers.eu\/?cat=2"},"img":{"alt_text":"","src":"https:\/\/i0.wp.com\/news-papers.eu\/wp-content\/uploads\/2018\/06\/CMC2018.png?fit=1194%2C1200&resize=350%2C200","width":350,"height":200,"srcset":"https:\/\/i0.wp.com\/news-papers.eu\/wp-content\/uploads\/2018\/06\/CMC2018.png?fit=1194%2C1200&resize=350%2C200 1x, https:\/\/i0.wp.com\/news-papers.eu\/wp-content\/uploads\/2018\/06\/CMC2018.png?fit=1194%2C1200&resize=525%2C300 1.5x, https:\/\/i0.wp.com\/news-papers.eu\/wp-content\/uploads\/2018\/06\/CMC2018.png?fit=1194%2C1200&resize=700%2C400 2x, https:\/\/i0.wp.com\/news-papers.eu\/wp-content\/uploads\/2018\/06\/CMC2018.png?fit=1194%2C1200&resize=1050%2C600 3x"},"classes":[]},{"id":19643,"url":"http:\/\/news-papers.eu\/?p=19643","url_meta":{"origin":17183,"position":4},"title":"9. Symposium \u201eTaktische Lagen im Rettungsdienst\u201c","author":"Bj\u00f6rn Hossfeld","date":"Mai 23, 2025","format":false,"excerpt":"\u00a0Am 26. Juni 2025 findet in der Messe Dortmund das 9. Symposium \u201eTaktische Lagen im Rettungsdienst\u201c\u00a0 mit hochaktuellen und praxisnahen Themen statt. Freuen Sie sich auf fundierte Einblicke zu aktuellen sicherheitsrelevanten Eins\u00e4tzen und Herausforderungen im Rettungsdienst, u. a. zu: dem Terrorangriff auf Israel (7. Oktober 2023) dem Eigenschutz in Schusswaffen-\u2026","rel":"","context":"In &quot;Veranstaltungshinweis&quot;","block_context":{"text":"Veranstaltungshinweis","link":"http:\/\/news-papers.eu\/?cat=30"},"img":{"alt_text":"","src":"https:\/\/i0.wp.com\/news-papers.eu\/wp-content\/uploads\/2025\/05\/Taktische-Lagen-im-Rettungsdienst-Header.png?fit=1200%2C999&resize=350%2C200","width":350,"height":200,"srcset":"https:\/\/i0.wp.com\/news-papers.eu\/wp-content\/uploads\/2025\/05\/Taktische-Lagen-im-Rettungsdienst-Header.png?fit=1200%2C999&resize=350%2C200 1x, https:\/\/i0.wp.com\/news-papers.eu\/wp-content\/uploads\/2025\/05\/Taktische-Lagen-im-Rettungsdienst-Header.png?fit=1200%2C999&resize=525%2C300 1.5x, https:\/\/i0.wp.com\/news-papers.eu\/wp-content\/uploads\/2025\/05\/Taktische-Lagen-im-Rettungsdienst-Header.png?fit=1200%2C999&resize=700%2C400 2x, https:\/\/i0.wp.com\/news-papers.eu\/wp-content\/uploads\/2025\/05\/Taktische-Lagen-im-Rettungsdienst-Header.png?fit=1200%2C999&resize=1050%2C600 3x"},"classes":[]},{"id":11839,"url":"http:\/\/news-papers.eu\/?p=11839","url_meta":{"origin":17183,"position":5},"title":"Sonderheft zur &#8222;Taktischen Medizin&#8220;","author":"Bj\u00f6rn Hossfeld","date":"Juli 26, 2020","format":false,"excerpt":"Da die internationale CMC (Combat Medical Care)-Conference in Neu-Ulm wegen der COVID-Pandemie um ein Jahr auf den 29.\/30 Juni 2021 verschoben werden musste, fehlt eine der wichtigsten Plattformen f\u00fcr den pers\u00f6nlichen Informations- und Wissenschaftsaustausch bei der taktischen Wundversorgung in diesem Jahr komplett. Daher haben die Veranstalter (DGWMP, TREMA, traumateam) gemeinsam\u2026","rel":"","context":"In &quot;Taktische Medizin&quot;","block_context":{"text":"Taktische Medizin","link":"http:\/\/news-papers.eu\/?cat=25"},"img":{"alt_text":"","src":"https:\/\/i0.wp.com\/news-papers.eu\/wp-content\/uploads\/2016\/02\/CMC-logo.jpg?fit=1200%2C768&resize=350%2C200","width":350,"height":200,"srcset":"https:\/\/i0.wp.com\/news-papers.eu\/wp-content\/uploads\/2016\/02\/CMC-logo.jpg?fit=1200%2C768&resize=350%2C200 1x, https:\/\/i0.wp.com\/news-papers.eu\/wp-content\/uploads\/2016\/02\/CMC-logo.jpg?fit=1200%2C768&resize=525%2C300 1.5x, https:\/\/i0.wp.com\/news-papers.eu\/wp-content\/uploads\/2016\/02\/CMC-logo.jpg?fit=1200%2C768&resize=700%2C400 2x, https:\/\/i0.wp.com\/news-papers.eu\/wp-content\/uploads\/2016\/02\/CMC-logo.jpg?fit=1200%2C768&resize=1050%2C600 3x"},"classes":[]}],"jetpack_likes_enabled":true,"_links":{"self":[{"href":"http:\/\/news-papers.eu\/index.php?rest_route=\/wp\/v2\/posts\/17183","targetHints":{"allow":["GET"]}}],"collection":[{"href":"http:\/\/news-papers.eu\/index.php?rest_route=\/wp\/v2\/posts"}],"about":[{"href":"http:\/\/news-papers.eu\/index.php?rest_route=\/wp\/v2\/types\/post"}],"author":[{"embeddable":true,"href":"http:\/\/news-papers.eu\/index.php?rest_route=\/wp\/v2\/users\/1"}],"replies":[{"embeddable":true,"href":"http:\/\/news-papers.eu\/index.php?rest_route=%2Fwp%2Fv2%2Fcomments&post=17183"}],"version-history":[{"count":4,"href":"http:\/\/news-papers.eu\/index.php?rest_route=\/wp\/v2\/posts\/17183\/revisions"}],"predecessor-version":[{"id":17190,"href":"http:\/\/news-papers.eu\/index.php?rest_route=\/wp\/v2\/posts\/17183\/revisions\/17190"}],"wp:featuredmedia":[{"embeddable":true,"href":"http:\/\/news-papers.eu\/index.php?rest_route=\/wp\/v2\/media\/401"}],"wp:attachment":[{"href":"http:\/\/news-papers.eu\/index.php?rest_route=%2Fwp%2Fv2%2Fmedia&parent=17183"}],"wp:term":[{"taxonomy":"category","embeddable":true,"href":"http:\/\/news-papers.eu\/index.php?rest_route=%2Fwp%2Fv2%2Fcategories&post=17183"},{"taxonomy":"post_tag","embeddable":true,"href":"http:\/\/news-papers.eu\/index.php?rest_route=%2Fwp%2Fv2%2Ftags&post=17183"}],"curies":[{"name":"wp","href":"https:\/\/api.w.org\/{rel}","templated":true}]}}