{"id":1695,"date":"2016-06-01T04:10:16","date_gmt":"2016-06-01T02:10:16","guid":{"rendered":"http:\/\/news-papers.eu\/?p=1695"},"modified":"2016-05-29T14:16:32","modified_gmt":"2016-05-29T12:16:32","slug":"9-koelner-notfallsymposium-am-01-07-2016","status":"publish","type":"post","link":"http:\/\/news-papers.eu\/?p=1695","title":{"rendered":"9. K\u00f6lner Notfallsymposium am 02.07.2016"},"content":{"rendered":"<p style=\"text-align: justify;\"><a href=\"http:\/\/anaesthesie.uk-koeln.de\" target=\"_blank\"><img data-recalc-dims=\"1\" loading=\"lazy\" decoding=\"async\" data-attachment-id=\"1697\" data-permalink=\"http:\/\/news-papers.eu\/?attachment_id=1697\" data-orig-file=\"https:\/\/i0.wp.com\/news-papers.eu\/wp-content\/uploads\/2016\/05\/Bildschirmfoto-2016-05-29-um-14.08.44.png?fit=291%2C299\" data-orig-size=\"291,299\" data-comments-opened=\"1\" data-image-meta=\"{&quot;aperture&quot;:&quot;0&quot;,&quot;credit&quot;:&quot;&quot;,&quot;camera&quot;:&quot;&quot;,&quot;caption&quot;:&quot;&quot;,&quot;created_timestamp&quot;:&quot;0&quot;,&quot;copyright&quot;:&quot;&quot;,&quot;focal_length&quot;:&quot;0&quot;,&quot;iso&quot;:&quot;0&quot;,&quot;shutter_speed&quot;:&quot;0&quot;,&quot;title&quot;:&quot;&quot;,&quot;orientation&quot;:&quot;0&quot;}\" data-image-title=\"Bildschirmfoto 2016-05-29 um 14.08.44\" data-image-description=\"\" data-image-caption=\"\" data-large-file=\"https:\/\/i0.wp.com\/news-papers.eu\/wp-content\/uploads\/2016\/05\/Bildschirmfoto-2016-05-29-um-14.08.44.png?fit=291%2C299\" class=\"size-full wp-image-1697 alignright\" src=\"https:\/\/i0.wp.com\/news-papers.eu\/wp-content\/uploads\/2016\/05\/Bildschirmfoto-2016-05-29-um-14.08.44.png?resize=291%2C299\" alt=\"Bildschirmfoto 2016-05-29 um 14.08.44\" width=\"291\" height=\"299\" \/><\/a>Anbei finden Sie einen Veranstaltungshinweis zum <strong>9. K\u00f6lner Symposium\u00a0f\u00fcr Notfallmedizin<\/strong>\u00a0am 02.07.2016. Das spannende Programm entnehmen Sie bitten dem (<a href=\"http:\/\/news-papers.eu\/wp-content\/uploads\/2016\/05\/20160513_9-Koelner_Notfallsymposium_2015_Flyer.pdf\">20160513_9-Koelner_Notfallsymposium_2015_Flyer<\/a>).<\/p>\n<p>Themen in diesem Jahr sind:<\/p>\n<ul>\n<li>Update thorakale Notf\u00e4lle<\/li>\n<li>Sicherheit in der Notfallmedizin<\/li>\n<li>Massenanfall von Verletzten (MANV) 2016<\/li>\n<li>Neues vom und f\u00fcrs Gehirn<\/li>\n<\/ul>\n<p>&nbsp;<\/p>\n","protected":false},"excerpt":{"rendered":"<p>Anbei finden Sie einen Veranstaltungshinweis zum 9. K\u00f6lner Symposium\u00a0f\u00fcr Notfallmedizin\u00a0am 02.07.2016. Das spannende Programm entnehmen Sie bitten dem (20160513_9-Koelner_Notfallsymposium_2015_Flyer). Themen in diesem Jahr sind: Update thorakale Notf\u00e4lle Sicherheit in der [&hellip;]<\/p>\n","protected":false},"author":2,"featured_media":1697,"comment_status":"open","ping_status":"open","sticky":false,"template":"","format":"standard","meta":{"__cvm_playback_settings":[],"__cvm_video_id":"","jetpack_post_was_ever_published":false,"_jetpack_newsletter_access":"","_jetpack_dont_email_post_to_subs":false,"_jetpack_newsletter_tier_id":0,"_jetpack_memberships_contains_paywalled_content":false,"_jetpack_memberships_contains_paid_content":false,"footnotes":"","jetpack_publicize_message":"","jetpack_publicize_feature_enabled":true,"jetpack_social_post_already_shared":true,"jetpack_social_options":{"image_generator_settings":{"template":"highway","default_image_id":0,"font":"","enabled":false},"version":2},"_wpas_customize_per_network":false},"categories":[30],"tags":[],"class_list":["post-1695","post","type-post","status-publish","format-standard","has-post-thumbnail","hentry","category-veranstaltungshinweis"],"jetpack_publicize_connections":[],"jetpack_featured_media_url":"https:\/\/i0.wp.com\/news-papers.eu\/wp-content\/uploads\/2016\/05\/Bildschirmfoto-2016-05-29-um-14.08.44.png?fit=291%2C299","jetpack_sharing_enabled":true,"jetpack_shortlink":"https:\/\/wp.me\/p7fR2g-rl","jetpack-related-posts":[{"id":9113,"url":"http:\/\/news-papers.eu\/?p=9113","url_meta":{"origin":1695,"position":0},"title":"12. Interdisziplin\u00e4ren K\u00f6lner Symposium f\u00fcr Notfallmedizin, 06.07.2019","author":"Michael Bernhard","date":"April 3, 2019","format":false,"excerpt":"Am 06.07.2019 findet das 12. Interdisziplin\u00e4ren K\u00f6lner Symposium f\u00fcr Notfallmedizin am Universit\u00e4tsklinikum K\u00f6ln statt. In diesem Jahr wird u.a. einen Blick auf die psychische Gesundheit der Mitarbeiterinnen und Mitarbeiter des Rettungsdienstes geworfen. Notf\u00e4lle in Extremsituationen werden ebenfalls eine zentrale Rolle spielen. Neben der Behandlung von Schwerstverbrannten und dem Management der\u2026","rel":"","context":"In &quot;Veranstaltungshinweis&quot;","block_context":{"text":"Veranstaltungshinweis","link":"http:\/\/news-papers.eu\/?cat=30"},"img":{"alt_text":"","src":"https:\/\/i0.wp.com\/news-papers.eu\/wp-content\/uploads\/2019\/03\/Bildschirmfoto-2019-03-16-um-11.14.03-274x300.png?resize=350%2C200","width":350,"height":200},"classes":[]},{"id":3597,"url":"http:\/\/news-papers.eu\/?p=3597","url_meta":{"origin":1695,"position":1},"title":"Kinderan\u00e4sthesie aktuell! K\u00f6lner Symposium am 31.03.-01.04.2017","author":"Michael Bernhard","date":"Januar 16, 2017","format":false,"excerpt":"Das Symposium\u00a0\"Kinderan\u00e4sthesie aktuell\"\u00a0(inkl. Intensivmedizin, Notfallmedizin und Schmerztherapie) findet am\u00a031. M\u00e4rz und 1.\u00a0April\u00a02017\u00a0in K\u00f6ln statt.\u00a0Es ist\u00a0wieder ein tolles Programm mit exzellenten Referenten geworden! 14 Fortbildungspunkte wurden \u00a0beantragt!\u00a0Werfen Sie einen Blick in das Programm: es lohnt sich! (PDF:\u00a0FOLDER_KiAnAkt_2017) News-Paper.eu auf TWITTER\u00a0 \u00a0\u00a0Follow news-papers.eu","rel":"","context":"In &quot;Veranstaltungshinweis&quot;","block_context":{"text":"Veranstaltungshinweis","link":"http:\/\/news-papers.eu\/?cat=30"},"img":{"alt_text":"","src":"https:\/\/i0.wp.com\/news-papers.eu\/wp-content\/uploads\/2017\/01\/Bildschirmfoto-2017-01-13-um-07.53.55.png?fit=658%2C436&resize=350%2C200","width":350,"height":200,"srcset":"https:\/\/i0.wp.com\/news-papers.eu\/wp-content\/uploads\/2017\/01\/Bildschirmfoto-2017-01-13-um-07.53.55.png?fit=658%2C436&resize=350%2C200 1x, https:\/\/i0.wp.com\/news-papers.eu\/wp-content\/uploads\/2017\/01\/Bildschirmfoto-2017-01-13-um-07.53.55.png?fit=658%2C436&resize=525%2C300 1.5x"},"classes":[]},{"id":1701,"url":"http:\/\/news-papers.eu\/?p=1701","url_meta":{"origin":1695,"position":2},"title":"12. K\u00f6lner Intensivtransportkurs, 28.-30.10.2016","author":"Michael Bernhard","date":"Juni 7, 2016","format":false,"excerpt":"Anbei finden Sie als Veranstaltungshinweis den 12. K\u00f6lner Intensivtransportkurs vom 28.-30.10.2016. Die entsprechenden Details entnehmen Sie bitten dem Flyer (20160310_Flyer_Intensivtransportkurs_12).","rel":"","context":"In &quot;Veranstaltungshinweis&quot;","block_context":{"text":"Veranstaltungshinweis","link":"http:\/\/news-papers.eu\/?cat=30"},"img":{"alt_text":"Bildschirmfoto 2016-05-29 um 14.17.03","src":"https:\/\/i0.wp.com\/news-papers.eu\/wp-content\/uploads\/2016\/05\/Bildschirmfoto-2016-05-29-um-14.17.03-270x300.png?resize=350%2C200","width":350,"height":200},"classes":[]},{"id":6182,"url":"http:\/\/news-papers.eu\/?p=6182","url_meta":{"origin":1695,"position":3},"title":"16. K\u00f6lner Intensivtransportkurs nach DIVI","author":"Michael Bernhard","date":"September 3, 2018","format":false,"excerpt":"Anbeifinden Sie als Veranstaltungshinweis den\u00a016. K\u00f6lner Intensivtransportkurs\u00a0vom 05.-07.10.2018. Die entsprechenden Details entnehmen Sie bitten dem Flyer\u00a0Flyer2018_16 \u00a0 News-Papers.eu auf TWITTER\u00a0 \u00a0 \u00a0 \u00a0\u00a0Follow news-papers.eu","rel":"","context":"In &quot;Veranstaltungshinweis&quot;","block_context":{"text":"Veranstaltungshinweis","link":"http:\/\/news-papers.eu\/?cat=30"},"img":{"alt_text":"","src":"https:\/\/i0.wp.com\/news-papers.eu\/wp-content\/uploads\/2017\/11\/Bildschirmfoto-2017-11-06-um-14.00.06-300x175.png?resize=350%2C200","width":350,"height":200,"srcset":"https:\/\/i0.wp.com\/news-papers.eu\/wp-content\/uploads\/2017\/11\/Bildschirmfoto-2017-11-06-um-14.00.06-300x175.png?resize=350%2C200 1x, https:\/\/i0.wp.com\/news-papers.eu\/wp-content\/uploads\/2017\/11\/Bildschirmfoto-2017-11-06-um-14.00.06-300x175.png?resize=525%2C300 1.5x, https:\/\/i0.wp.com\/news-papers.eu\/wp-content\/uploads\/2017\/11\/Bildschirmfoto-2017-11-06-um-14.00.06-300x175.png?resize=700%2C400 2x"},"classes":[]},{"id":6173,"url":"http:\/\/news-papers.eu\/?p=6173","url_meta":{"origin":1695,"position":4},"title":"15. K\u00f6lner Intensivtransportkurs nach DIVI, K\u00f6ln","author":"Michael Bernhard","date":"Januar 12, 2018","format":false,"excerpt":"Anbei finden Sie als Veranstaltungshinweis den\u00a015. K\u00f6lner Intensivtransportkurs\u00a0vom 23.-25.02.2018. Die entsprechenden Details entnehmen Sie bitten dem Flyer\u00a0Intensivtransportkurs_15_2018\u00a0und\u00a0ITHFlyer2018_K\u00f6ln News-Papers.eu auf TWITTER\u00a0 \u00a0 \u00a0 \u00a0\u00a0Follow news-papers.eu","rel":"","context":"In &quot;Veranstaltungshinweis&quot;","block_context":{"text":"Veranstaltungshinweis","link":"http:\/\/news-papers.eu\/?cat=30"},"img":{"alt_text":"","src":"https:\/\/i0.wp.com\/news-papers.eu\/wp-content\/uploads\/2017\/11\/Bildschirmfoto-2017-11-06-um-14.00.18-300x136.png?resize=350%2C200","width":350,"height":200,"srcset":"https:\/\/i0.wp.com\/news-papers.eu\/wp-content\/uploads\/2017\/11\/Bildschirmfoto-2017-11-06-um-14.00.18-300x136.png?resize=350%2C200 1x, https:\/\/i0.wp.com\/news-papers.eu\/wp-content\/uploads\/2017\/11\/Bildschirmfoto-2017-11-06-um-14.00.18-300x136.png?resize=525%2C300 1.5x, https:\/\/i0.wp.com\/news-papers.eu\/wp-content\/uploads\/2017\/11\/Bildschirmfoto-2017-11-06-um-14.00.18-300x136.png?resize=700%2C400 2x"},"classes":[]},{"id":2486,"url":"http:\/\/news-papers.eu\/?p=2486","url_meta":{"origin":1695,"position":5},"title":"13. K\u00f6lner Intensivtransportkurs nach den Richtlinien der DIVI","author":"Michael Bernhard","date":"November 21, 2016","format":false,"excerpt":"Anbei finden Sie als Veranstaltungshinweis den\u00a013. K\u00f6lner Intensivtransportkurs\u00a0vom 10.-12.02.2017. Die entsprechenden Details entnehmen Sie bitten dem Flyer (flyer_intensivtransportkurs_13_web).","rel":"","context":"In &quot;Veranstaltungshinweis&quot;","block_context":{"text":"Veranstaltungshinweis","link":"http:\/\/news-papers.eu\/?cat=30"},"img":{"alt_text":"","src":"https:\/\/i0.wp.com\/news-papers.eu\/wp-content\/uploads\/2016\/09\/Bildschirmfoto-2016-09-27-um-18.05.40.png?fit=565%2C280&resize=350%2C200","width":350,"height":200,"srcset":"https:\/\/i0.wp.com\/news-papers.eu\/wp-content\/uploads\/2016\/09\/Bildschirmfoto-2016-09-27-um-18.05.40.png?fit=565%2C280&resize=350%2C200 1x, https:\/\/i0.wp.com\/news-papers.eu\/wp-content\/uploads\/2016\/09\/Bildschirmfoto-2016-09-27-um-18.05.40.png?fit=565%2C280&resize=525%2C300 1.5x"},"classes":[]}],"jetpack_likes_enabled":true,"_links":{"self":[{"href":"http:\/\/news-papers.eu\/index.php?rest_route=\/wp\/v2\/posts\/1695","targetHints":{"allow":["GET"]}}],"collection":[{"href":"http:\/\/news-papers.eu\/index.php?rest_route=\/wp\/v2\/posts"}],"about":[{"href":"http:\/\/news-papers.eu\/index.php?rest_route=\/wp\/v2\/types\/post"}],"author":[{"embeddable":true,"href":"http:\/\/news-papers.eu\/index.php?rest_route=\/wp\/v2\/users\/2"}],"replies":[{"embeddable":true,"href":"http:\/\/news-papers.eu\/index.php?rest_route=%2Fwp%2Fv2%2Fcomments&post=1695"}],"version-history":[{"count":3,"href":"http:\/\/news-papers.eu\/index.php?rest_route=\/wp\/v2\/posts\/1695\/revisions"}],"predecessor-version":[{"id":1700,"href":"http:\/\/news-papers.eu\/index.php?rest_route=\/wp\/v2\/posts\/1695\/revisions\/1700"}],"wp:featuredmedia":[{"embeddable":true,"href":"http:\/\/news-papers.eu\/index.php?rest_route=\/wp\/v2\/media\/1697"}],"wp:attachment":[{"href":"http:\/\/news-papers.eu\/index.php?rest_route=%2Fwp%2Fv2%2Fmedia&parent=1695"}],"wp:term":[{"taxonomy":"category","embeddable":true,"href":"http:\/\/news-papers.eu\/index.php?rest_route=%2Fwp%2Fv2%2Fcategories&post=1695"},{"taxonomy":"post_tag","embeddable":true,"href":"http:\/\/news-papers.eu\/index.php?rest_route=%2Fwp%2Fv2%2Ftags&post=1695"}],"curies":[{"name":"wp","href":"https:\/\/api.w.org\/{rel}","templated":true}]}}