{"id":16790,"date":"2023-03-28T04:32:55","date_gmt":"2023-03-28T02:32:55","guid":{"rendered":"http:\/\/news-papers.eu\/?p=16790"},"modified":"2023-03-22T20:35:16","modified_gmt":"2023-03-22T19:35:16","slug":"jetzt-fuer-unsere-notfallpflege-in-notaufnahmen-einstehen","status":"publish","type":"post","link":"http:\/\/news-papers.eu\/?p=16790","title":{"rendered":"Jetzt f\u00fcr unsere Notfallpflege in Notaufnahmen einstehen!"},"content":{"rendered":"<p style=\"text-align: justify\"><strong><img data-recalc-dims=\"1\" loading=\"lazy\" decoding=\"async\" data-attachment-id=\"16779\" data-permalink=\"http:\/\/news-papers.eu\/?attachment_id=16779\" data-orig-file=\"https:\/\/i0.wp.com\/news-papers.eu\/wp-content\/uploads\/2023\/03\/Bildschirm%C2%ADfoto-2023-03-19-um-13.59.31.png?fit=1038%2C1532\" data-orig-size=\"1038,1532\" data-comments-opened=\"1\" data-image-meta=\"{&quot;aperture&quot;:&quot;0&quot;,&quot;credit&quot;:&quot;&quot;,&quot;camera&quot;:&quot;&quot;,&quot;caption&quot;:&quot;&quot;,&quot;created_timestamp&quot;:&quot;0&quot;,&quot;copyright&quot;:&quot;&quot;,&quot;focal_length&quot;:&quot;0&quot;,&quot;iso&quot;:&quot;0&quot;,&quot;shutter_speed&quot;:&quot;0&quot;,&quot;title&quot;:&quot;&quot;,&quot;orientation&quot;:&quot;0&quot;}\" data-image-title=\"Bildschirm\u00adfoto 2023-03-19 um 13.59.31\" data-image-description=\"\" data-image-caption=\"\" data-large-file=\"https:\/\/i0.wp.com\/news-papers.eu\/wp-content\/uploads\/2023\/03\/Bildschirm%C2%ADfoto-2023-03-19-um-13.59.31.png?fit=694%2C1024\" class=\"size-medium wp-image-16779 alignright\" src=\"https:\/\/i0.wp.com\/news-papers.eu\/wp-content\/uploads\/2023\/03\/Bildschirm%C2%ADfoto-2023-03-19-um-13.59.31.png?resize=203%2C300\" alt=\"\" width=\"203\" height=\"300\" srcset=\"https:\/\/i0.wp.com\/news-papers.eu\/wp-content\/uploads\/2023\/03\/Bildschirm%C2%ADfoto-2023-03-19-um-13.59.31.png?resize=203%2C300 203w, https:\/\/i0.wp.com\/news-papers.eu\/wp-content\/uploads\/2023\/03\/Bildschirm%C2%ADfoto-2023-03-19-um-13.59.31.png?resize=694%2C1024 694w, https:\/\/i0.wp.com\/news-papers.eu\/wp-content\/uploads\/2023\/03\/Bildschirm%C2%ADfoto-2023-03-19-um-13.59.31.png?resize=768%2C1134 768w, https:\/\/i0.wp.com\/news-papers.eu\/wp-content\/uploads\/2023\/03\/Bildschirm%C2%ADfoto-2023-03-19-um-13.59.31.png?resize=750%2C1107 750w, https:\/\/i0.wp.com\/news-papers.eu\/wp-content\/uploads\/2023\/03\/Bildschirm%C2%ADfoto-2023-03-19-um-13.59.31.png?w=1038 1038w\" sizes=\"auto, (max-width: 203px) 100vw, 203px\" \/><\/strong>Die Petition, die aus Protest gegen die Ungleichbehandlung von Pflegenden aus den Notaufnahmen eingereicht wurde, ist nun \u00f6ffentlich!\u00a0Nachdem die erste Petition der DGINA, die im Herbst 2022 \u00fcber den DGINA-Pr\u00e4sidenten Martin Pin eingereicht worden war, abgelehnt wurde, ist nun eine Petition zum geichen Thema vom Bundes-Petitionsausschuss angenommen worden. Sharon Uhlemann, Notfallpflegekraft aus Hamburg hat die Petition eingereicht und bis zum <strong>14. April 2023<\/strong> k\u00f6nnen alle Sie noch unterzeichnen.<\/p>\n<p style=\"text-align: justify\"><strong>Es geht darum, die Ungerechtigkeit des ausgezahlten Pflegebonus noch einmal zu thematisieren und darauf aufmerksam zumachen; bestenfalls eine Nachbesserung und Auszahlung an einen erweiterten Kreis der Pflegekr\u00e4fte zu erwirken.<\/strong><\/p>\n<div class=\"uk-width-2-3@m uk-first-column\">\n<div class=\"uk-panel uk-margin\">\n<p style=\"text-align: justify\">Den gesamten Inhalt der Petition k\u00f6nnen Sie hier lesen:\u00a0<a class=\"wf_file\" href=\"https:\/\/www.dgina.de\/images\/news\/2023\/petition_146263.pdf\"><strong>petition_146263.pdf<\/strong><\/a><\/p>\n<p style=\"text-align: justify\">Folgende Schritte sind daf\u00fcr notwendig: Um die \u00f6ffentliche Petition beim Bundestags-Petitionsausschuss zu unterschreiben, muss man sich erst kurz registrieren. Nur Email und Name (wird nicht ver\u00f6ffentlicht)\u00a0werden ben\u00f6tigt:<\/p>\n<blockquote>\n<p style=\"text-align: justify\"><a href=\"https:\/\/epetitionen.bundestag.de\/petitionen\/_2023\/_02\/_16\/Petition_146263.nc.html\" target=\"_blank\" rel=\"noopener\"><strong>https:\/\/epetitionen.bundestag.de\/petitionen\/_2023\/_02\/_16\/Petition_146263.nc.html<\/strong><\/a><\/p>\n<\/blockquote>\n<p style=\"text-align: justify\"><strong>Man kann kommentieren:\u00a0<\/strong>Sie k\u00f6nnen unter die\u00a0Petition auch Kommentare schreiben, die dort dann ver\u00f6ffentlicht werden. Das ist ein Ort f\u00fcr Meinungen und kurze Stellungnahmen.<\/p>\n<p><strong>Inhalt der\u00a0<\/strong><strong>Petition:\u00a0<\/strong>Auf der <strong><a href=\"https:\/\/dgina.us4.list-manage.com\/track\/click?u=d9627b5509ba106016067d549&amp;id=5fb2c32488&amp;e=df160e5694\" target=\"_blank\" rel=\"noopener\">DGINA Homepage<\/a><\/strong> und nat\u00fcrlich auf der Seite des Petitionsausschusses, kann man die Petition lesen und downloaden<\/p>\n<h3><strong>Ab 50.000 Unterschriften wird die Petition \u00f6ffentlich verhandelt. Los gehts!<\/strong><\/h3>\n<\/div>\n<\/div>\n","protected":false},"excerpt":{"rendered":"<p>Die Petition, die aus Protest gegen die Ungleichbehandlung von Pflegenden aus den Notaufnahmen eingereicht wurde, ist nun \u00f6ffentlich!\u00a0Nachdem die erste Petition der DGINA, die im Herbst 2022 \u00fcber den DGINA-Pr\u00e4sidenten [&hellip;]<\/p>\n","protected":false},"author":2,"featured_media":16779,"comment_status":"open","ping_status":"open","sticky":false,"template":"","format":"standard","meta":{"__cvm_playback_settings":[],"__cvm_video_id":"","jetpack_post_was_ever_published":false,"_jetpack_newsletter_access":"","_jetpack_dont_email_post_to_subs":false,"_jetpack_newsletter_tier_id":0,"_jetpack_memberships_contains_paywalled_content":false,"_jetpack_memberships_contains_paid_content":false,"footnotes":"","jetpack_publicize_message":"","jetpack_publicize_feature_enabled":true,"jetpack_social_post_already_shared":true,"jetpack_social_options":{"image_generator_settings":{"template":"highway","default_image_id":0,"font":"","enabled":false},"version":2},"_wpas_customize_per_network":false},"categories":[1463],"tags":[864],"class_list":["post-16790","post","type-post","status-publish","format-standard","has-post-thumbnail","hentry","category-notfallpflege","tag-notfallpflege"],"jetpack_publicize_connections":[],"jetpack_featured_media_url":"https:\/\/i0.wp.com\/news-papers.eu\/wp-content\/uploads\/2023\/03\/Bildschirm%C2%ADfoto-2023-03-19-um-13.59.31.png?fit=1038%2C1532","jetpack_sharing_enabled":true,"jetpack_shortlink":"https:\/\/wp.me\/p7fR2g-4mO","jetpack-related-posts":[{"id":16778,"url":"http:\/\/news-papers.eu\/?p=16778","url_meta":{"origin":16790,"position":0},"title":"Machen Sie mit: Petition zum Pflegebonus zeichnen!","author":"Michael Bernhard","date":"M\u00e4rz 22, 2023","format":false,"excerpt":"Jetzt f\u00fcr unsere Notfallpflege in Notaufnahmen einstehen! Die Petition, die aus Protest gegen die Ungleichbehandlung von Pflegenden aus den Notaufnahmen eingereicht wurde, ist nun \u00f6ffentlich!\u00a0Nachdem die erste Petition der DGINA, die im Herbst 2022 \u00fcber den DGINA-Pr\u00e4sidenten Martin Pin eingereicht worden war, abgelehnt wurde, ist nun eine Petition zum geichen\u2026","rel":"","context":"In &quot;Notfallpflege&quot;","block_context":{"text":"Notfallpflege","link":"http:\/\/news-papers.eu\/?cat=1463"},"img":{"alt_text":"","src":"https:\/\/i0.wp.com\/news-papers.eu\/wp-content\/uploads\/2023\/03\/Bildschirm%C2%ADfoto-2023-03-19-um-13.59.31.png?fit=813%2C1200&resize=350%2C200","width":350,"height":200,"srcset":"https:\/\/i0.wp.com\/news-papers.eu\/wp-content\/uploads\/2023\/03\/Bildschirm%C2%ADfoto-2023-03-19-um-13.59.31.png?fit=813%2C1200&resize=350%2C200 1x, https:\/\/i0.wp.com\/news-papers.eu\/wp-content\/uploads\/2023\/03\/Bildschirm%C2%ADfoto-2023-03-19-um-13.59.31.png?fit=813%2C1200&resize=525%2C300 1.5x, https:\/\/i0.wp.com\/news-papers.eu\/wp-content\/uploads\/2023\/03\/Bildschirm%C2%ADfoto-2023-03-19-um-13.59.31.png?fit=813%2C1200&resize=700%2C400 2x"},"classes":[]},{"id":18530,"url":"http:\/\/news-papers.eu\/?p=18530","url_meta":{"origin":16790,"position":1},"title":"Neuer Kurs auf dem Notfallcampus der DGINA: &#8222;Fit f\u00fcr die Klinik&#8220; Einstiegswissen Notfallpflege","author":"Michael Bernhard","date":"August 16, 2024","format":false,"excerpt":"Neuer Kurs auf dem Notfallcampus der DGINA: \"Fit f\u00fcr die Klinik\" Einstiegswissen Notfallpflege\u00a0 Notfallmedizin ist Teamperfomance und die Pflege nimmt dabei eine Schl\u00fcsselposition ein. Gerade f\u00fcr frisch examinierte Pflegende und Personen die in der Notaufnahme starten, ist es wichtig, von Anfang an \u00fcber richtige Kompetenzen zu verf\u00fcgen, um in der\u2026","rel":"","context":"In &quot;Veranstaltungshinweis&quot;","block_context":{"text":"Veranstaltungshinweis","link":"http:\/\/news-papers.eu\/?cat=30"},"img":{"alt_text":"","src":"https:\/\/i0.wp.com\/news-papers.eu\/wp-content\/uploads\/2024\/08\/Bildschirmfoto-2024-08-13-um-13.06.58.png?fit=1162%2C1200&resize=350%2C200","width":350,"height":200,"srcset":"https:\/\/i0.wp.com\/news-papers.eu\/wp-content\/uploads\/2024\/08\/Bildschirmfoto-2024-08-13-um-13.06.58.png?fit=1162%2C1200&resize=350%2C200 1x, https:\/\/i0.wp.com\/news-papers.eu\/wp-content\/uploads\/2024\/08\/Bildschirmfoto-2024-08-13-um-13.06.58.png?fit=1162%2C1200&resize=525%2C300 1.5x, https:\/\/i0.wp.com\/news-papers.eu\/wp-content\/uploads\/2024\/08\/Bildschirmfoto-2024-08-13-um-13.06.58.png?fit=1162%2C1200&resize=700%2C400 2x, https:\/\/i0.wp.com\/news-papers.eu\/wp-content\/uploads\/2024\/08\/Bildschirmfoto-2024-08-13-um-13.06.58.png?fit=1162%2C1200&resize=1050%2C600 3x"},"classes":[]},{"id":9290,"url":"http:\/\/news-papers.eu\/?p=9290","url_meta":{"origin":16790,"position":2},"title":"Empfehlung zur pflegerischen Besetzung von Notfallzentren","author":"Michael Bernhard","date":"April 30, 2019","format":false,"excerpt":"Endlich besteht ein Anhalt f\u00fcr die Personalbedarfplanung und die pflegerische Besetzung in Zentralen Notaufnahmen (Notfallzentren): Behringer W et al. Empfehlungen der\u00a0notfallmedizinischen\u00a0Gesellschaften DGINA, AAEM,\u00a0SGNOR, DIVI, DGAI und DGIIN zur\u00a0pflegerischen Besetzung von\u00a0Klinischen Notfallzentren. Notfall Rettungsmed 2019, online Diese Fachgesellschaften und Institutionen waren beteiligt: AAEM = Austrian Association of Emergency Medicine DGAI =\u2026","rel":"","context":"In &quot;Notfallpflege&quot;","block_context":{"text":"Notfallpflege","link":"http:\/\/news-papers.eu\/?cat=1463"},"img":{"alt_text":"","src":"https:\/\/i0.wp.com\/news-papers.eu\/wp-content\/uploads\/2018\/11\/ZNA1.jpg?fit=1000%2C666&resize=350%2C200","width":350,"height":200,"srcset":"https:\/\/i0.wp.com\/news-papers.eu\/wp-content\/uploads\/2018\/11\/ZNA1.jpg?fit=1000%2C666&resize=350%2C200 1x, https:\/\/i0.wp.com\/news-papers.eu\/wp-content\/uploads\/2018\/11\/ZNA1.jpg?fit=1000%2C666&resize=525%2C300 1.5x, https:\/\/i0.wp.com\/news-papers.eu\/wp-content\/uploads\/2018\/11\/ZNA1.jpg?fit=1000%2C666&resize=700%2C400 2x"},"classes":[]},{"id":19591,"url":"http:\/\/news-papers.eu\/?p=19591","url_meta":{"origin":16790,"position":3},"title":"Kurze Nachlese nach dem DGINA-Kongress 2025: Ein tolles Event!","author":"Michael Bernhard","date":"Mai 12, 2025","format":false,"excerpt":"Am 08.-10.05.2025 fand die 20. DGINA Jubil\u00e4ums-Jahrestagung im CONFEX in K\u00f6ln statt. Mit \u00fcber 3.000 teilnehmenden Notfallmediziner:Innnen, Notfallpflegekr\u00e4ften und Rettungsdienstfachpersonal war dies ein \u00fcberw\u00e4ltigendes und sehr sch\u00f6nes Event. Insgesamt erfolgten 135 Vortr\u00e4ge in 35 Sessions mit >200 Vortragenden zu allen Themen rund um die Klinische Notfallmedizin und Notaufnahme. Es wurden\u2026","rel":"","context":"In &quot;Notaufnahme&quot;","block_context":{"text":"Notaufnahme","link":"http:\/\/news-papers.eu\/?cat=2083"},"img":{"alt_text":"","src":"https:\/\/i0.wp.com\/news-papers.eu\/wp-content\/uploads\/2025\/05\/Bildschirmfoto-2025-05-11-um-11.52.52.png?fit=1190%2C800&resize=350%2C200","width":350,"height":200,"srcset":"https:\/\/i0.wp.com\/news-papers.eu\/wp-content\/uploads\/2025\/05\/Bildschirmfoto-2025-05-11-um-11.52.52.png?fit=1190%2C800&resize=350%2C200 1x, https:\/\/i0.wp.com\/news-papers.eu\/wp-content\/uploads\/2025\/05\/Bildschirmfoto-2025-05-11-um-11.52.52.png?fit=1190%2C800&resize=525%2C300 1.5x, https:\/\/i0.wp.com\/news-papers.eu\/wp-content\/uploads\/2025\/05\/Bildschirmfoto-2025-05-11-um-11.52.52.png?fit=1190%2C800&resize=700%2C400 2x, https:\/\/i0.wp.com\/news-papers.eu\/wp-content\/uploads\/2025\/05\/Bildschirmfoto-2025-05-11-um-11.52.52.png?fit=1190%2C800&resize=1050%2C600 3x"},"classes":[]},{"id":8934,"url":"http:\/\/news-papers.eu\/?p=8934","url_meta":{"origin":16790,"position":4},"title":"2. Symposium DGINA Landesgruppe NRW","author":"Michael Bernhard","date":"M\u00e4rz 7, 2019","format":false,"excerpt":"2. Symposium DGINA Landesgruppe NRW Sie werden ganz herzlich zum 2. DGINA NRW Symposium in Bielefeld eingeladen. Die klinische Notfallmedizin hat im letzten Jahr durch den GBA-Beschluss zur gestuften Notfallversorgung und die Aufnahme der Zusatzbezeichnung \u201eKlinische Akut- und Notfallmedizin\u201c in die Musterweiterbildungsordnung der Bundes\u00e4rztekammer eine deutliche Verbesserung der Rahmenbedinungen erfahren.\u2026","rel":"","context":"In &quot;Veranstaltungshinweis&quot;","block_context":{"text":"Veranstaltungshinweis","link":"http:\/\/news-papers.eu\/?cat=30"},"img":{"alt_text":"","src":"https:\/\/i0.wp.com\/news-papers.eu\/wp-content\/uploads\/2019\/02\/Bildschirmfoto-2019-02-08-um-19.03.13.png?fit=598%2C846&resize=350%2C200","width":350,"height":200,"srcset":"https:\/\/i0.wp.com\/news-papers.eu\/wp-content\/uploads\/2019\/02\/Bildschirmfoto-2019-02-08-um-19.03.13.png?fit=598%2C846&resize=350%2C200 1x, https:\/\/i0.wp.com\/news-papers.eu\/wp-content\/uploads\/2019\/02\/Bildschirmfoto-2019-02-08-um-19.03.13.png?fit=598%2C846&resize=525%2C300 1.5x"},"classes":[]},{"id":14241,"url":"http:\/\/news-papers.eu\/?p=14241","url_meta":{"origin":16790,"position":5},"title":"DGINA Jahrestagung 11.-13.11.2021 in Kassel","author":"Michael Bernhard","date":"September 14, 2021","format":false,"excerpt":"Ein Gastbeitrag von Dr.\u00a0Klaus Weber, Kassel: Liebe Freunde und Freundinnen der Akut- und Notfallmedizin und der Notfallpflege in Feuerwehr und Rettungsdienst, ich habe die gro\u00dfe Freude als Mitglied des Tagungspra\u0308sidium die Jahrestagung der Deutschen Gesellschaft fu\u0308r Interdisziplina\u0308re Notfall- und Akutmedizin (DGINA) hier im Kongresspalais in Kassel auszurichten. In diesem Jahr\u2026","rel":"","context":"In &quot;Veranstaltungshinweis&quot;","block_context":{"text":"Veranstaltungshinweis","link":"http:\/\/news-papers.eu\/?cat=30"},"img":{"alt_text":"","src":"https:\/\/i0.wp.com\/news-papers.eu\/wp-content\/uploads\/2021\/09\/image005-300x58.jpg?resize=350%2C200","width":350,"height":200,"srcset":"https:\/\/i0.wp.com\/news-papers.eu\/wp-content\/uploads\/2021\/09\/image005-300x58.jpg?resize=350%2C200 1x, https:\/\/i0.wp.com\/news-papers.eu\/wp-content\/uploads\/2021\/09\/image005-300x58.jpg?resize=525%2C300 1.5x, https:\/\/i0.wp.com\/news-papers.eu\/wp-content\/uploads\/2021\/09\/image005-300x58.jpg?resize=700%2C400 2x"},"classes":[]}],"jetpack_likes_enabled":true,"_links":{"self":[{"href":"http:\/\/news-papers.eu\/index.php?rest_route=\/wp\/v2\/posts\/16790","targetHints":{"allow":["GET"]}}],"collection":[{"href":"http:\/\/news-papers.eu\/index.php?rest_route=\/wp\/v2\/posts"}],"about":[{"href":"http:\/\/news-papers.eu\/index.php?rest_route=\/wp\/v2\/types\/post"}],"author":[{"embeddable":true,"href":"http:\/\/news-papers.eu\/index.php?rest_route=\/wp\/v2\/users\/2"}],"replies":[{"embeddable":true,"href":"http:\/\/news-papers.eu\/index.php?rest_route=%2Fwp%2Fv2%2Fcomments&post=16790"}],"version-history":[{"count":1,"href":"http:\/\/news-papers.eu\/index.php?rest_route=\/wp\/v2\/posts\/16790\/revisions"}],"predecessor-version":[{"id":16791,"href":"http:\/\/news-papers.eu\/index.php?rest_route=\/wp\/v2\/posts\/16790\/revisions\/16791"}],"wp:featuredmedia":[{"embeddable":true,"href":"http:\/\/news-papers.eu\/index.php?rest_route=\/wp\/v2\/media\/16779"}],"wp:attachment":[{"href":"http:\/\/news-papers.eu\/index.php?rest_route=%2Fwp%2Fv2%2Fmedia&parent=16790"}],"wp:term":[{"taxonomy":"category","embeddable":true,"href":"http:\/\/news-papers.eu\/index.php?rest_route=%2Fwp%2Fv2%2Fcategories&post=16790"},{"taxonomy":"post_tag","embeddable":true,"href":"http:\/\/news-papers.eu\/index.php?rest_route=%2Fwp%2Fv2%2Ftags&post=16790"}],"curies":[{"name":"wp","href":"https:\/\/api.w.org\/{rel}","templated":true}]}}