{"id":16782,"date":"2023-03-24T04:03:30","date_gmt":"2023-03-24T03:03:30","guid":{"rendered":"http:\/\/news-papers.eu\/?p=16782"},"modified":"2023-03-20T23:28:46","modified_gmt":"2023-03-20T22:28:46","slug":"26-leipziger-schlaganfalltag-13-05-2023","status":"publish","type":"post","link":"http:\/\/news-papers.eu\/?p=16782","title":{"rendered":"26. Leipziger Schlaganfalltag, 13.05.2023"},"content":{"rendered":"<p><img data-recalc-dims=\"1\" loading=\"lazy\" decoding=\"async\" data-attachment-id=\"16784\" data-permalink=\"http:\/\/news-papers.eu\/?attachment_id=16784\" data-orig-file=\"https:\/\/i0.wp.com\/news-papers.eu\/wp-content\/uploads\/2023\/03\/Bildschirm%C2%ADfoto-2023-03-20-um-21.06.21.png?fit=560%2C614\" data-orig-size=\"560,614\" data-comments-opened=\"1\" data-image-meta=\"{&quot;aperture&quot;:&quot;0&quot;,&quot;credit&quot;:&quot;&quot;,&quot;camera&quot;:&quot;&quot;,&quot;caption&quot;:&quot;&quot;,&quot;created_timestamp&quot;:&quot;0&quot;,&quot;copyright&quot;:&quot;&quot;,&quot;focal_length&quot;:&quot;0&quot;,&quot;iso&quot;:&quot;0&quot;,&quot;shutter_speed&quot;:&quot;0&quot;,&quot;title&quot;:&quot;&quot;,&quot;orientation&quot;:&quot;0&quot;}\" data-image-title=\"Bildschirm\u00adfoto 2023-03-20 um 21.06.21\" data-image-description=\"\" data-image-caption=\"\" data-large-file=\"https:\/\/i0.wp.com\/news-papers.eu\/wp-content\/uploads\/2023\/03\/Bildschirm%C2%ADfoto-2023-03-20-um-21.06.21.png?fit=560%2C614\" class=\"size-medium wp-image-16784 alignright\" src=\"https:\/\/i0.wp.com\/news-papers.eu\/wp-content\/uploads\/2023\/03\/Bildschirm%C2%ADfoto-2023-03-20-um-21.06.21.png?resize=274%2C300\" alt=\"\" width=\"274\" height=\"300\" srcset=\"https:\/\/i0.wp.com\/news-papers.eu\/wp-content\/uploads\/2023\/03\/Bildschirm%C2%ADfoto-2023-03-20-um-21.06.21.png?resize=274%2C300 274w, https:\/\/i0.wp.com\/news-papers.eu\/wp-content\/uploads\/2023\/03\/Bildschirm%C2%ADfoto-2023-03-20-um-21.06.21.png?w=560 560w\" sizes=\"auto, (max-width: 274px) 100vw, 274px\" \/>Der <strong>26. Leipziger Schlaganfalltag <\/strong>am 13.05.2023 findet neben einem Pr\u00e4senzteil auch online statt:<\/p>\n<p><a href=\"http:\/\/www.ukl-live.de\/schlaganfalltag\" target=\"_blank\" rel=\"noopener\"><strong>www.ukl-live.de\/schlaganfalltag<\/strong><\/a><\/p>\n<p>Flyer: <a href=\"http:\/\/news-papers.eu\/wp-content\/uploads\/2023\/03\/Flyer_26_Schlaganfalltag-13-05-2023_WEB.pdf\">26_Schlaganfalltag-13-05-2023<\/a><\/p>\n<p>&nbsp;<\/p>\n<p><img data-recalc-dims=\"1\" loading=\"lazy\" decoding=\"async\" data-attachment-id=\"16785\" data-permalink=\"http:\/\/news-papers.eu\/?attachment_id=16785\" data-orig-file=\"https:\/\/i0.wp.com\/news-papers.eu\/wp-content\/uploads\/2023\/03\/Bildschirm%C2%ADfoto-2023-03-20-um-21.07.00.png?fit=992%2C516\" data-orig-size=\"992,516\" data-comments-opened=\"1\" data-image-meta=\"{&quot;aperture&quot;:&quot;0&quot;,&quot;credit&quot;:&quot;&quot;,&quot;camera&quot;:&quot;&quot;,&quot;caption&quot;:&quot;&quot;,&quot;created_timestamp&quot;:&quot;0&quot;,&quot;copyright&quot;:&quot;&quot;,&quot;focal_length&quot;:&quot;0&quot;,&quot;iso&quot;:&quot;0&quot;,&quot;shutter_speed&quot;:&quot;0&quot;,&quot;title&quot;:&quot;&quot;,&quot;orientation&quot;:&quot;0&quot;}\" data-image-title=\"Bildschirm\u00adfoto 2023-03-20 um 21.07.00\" data-image-description=\"\" data-image-caption=\"\" data-large-file=\"https:\/\/i0.wp.com\/news-papers.eu\/wp-content\/uploads\/2023\/03\/Bildschirm%C2%ADfoto-2023-03-20-um-21.07.00.png?fit=992%2C516\" class=\"alignnone  wp-image-16785\" src=\"https:\/\/i0.wp.com\/news-papers.eu\/wp-content\/uploads\/2023\/03\/Bildschirm%C2%ADfoto-2023-03-20-um-21.07.00.png?resize=413%2C215\" alt=\"\" width=\"413\" height=\"215\" srcset=\"https:\/\/i0.wp.com\/news-papers.eu\/wp-content\/uploads\/2023\/03\/Bildschirm%C2%ADfoto-2023-03-20-um-21.07.00.png?resize=300%2C156 300w, https:\/\/i0.wp.com\/news-papers.eu\/wp-content\/uploads\/2023\/03\/Bildschirm%C2%ADfoto-2023-03-20-um-21.07.00.png?resize=768%2C399 768w, https:\/\/i0.wp.com\/news-papers.eu\/wp-content\/uploads\/2023\/03\/Bildschirm%C2%ADfoto-2023-03-20-um-21.07.00.png?resize=750%2C390 750w, https:\/\/i0.wp.com\/news-papers.eu\/wp-content\/uploads\/2023\/03\/Bildschirm%C2%ADfoto-2023-03-20-um-21.07.00.png?w=992 992w\" sizes=\"auto, (max-width: 413px) 100vw, 413px\" \/><\/p>\n","protected":false},"excerpt":{"rendered":"<p>Der 26. Leipziger Schlaganfalltag am 13.05.2023 findet neben einem Pr\u00e4senzteil auch online statt: www.ukl-live.de\/schlaganfalltag Flyer: 26_Schlaganfalltag-13-05-2023 &nbsp;<\/p>\n","protected":false},"author":2,"featured_media":16784,"comment_status":"open","ping_status":"open","sticky":false,"template":"","format":"standard","meta":{"__cvm_playback_settings":[],"__cvm_video_id":"","jetpack_post_was_ever_published":false,"_jetpack_newsletter_access":"","_jetpack_dont_email_post_to_subs":false,"_jetpack_newsletter_tier_id":0,"_jetpack_memberships_contains_paywalled_content":false,"_jetpack_memberships_contains_paid_content":false,"footnotes":"","jetpack_publicize_message":"","jetpack_publicize_feature_enabled":true,"jetpack_social_post_already_shared":true,"jetpack_social_options":{"image_generator_settings":{"template":"highway","default_image_id":0,"font":"","enabled":false},"version":2},"_wpas_customize_per_network":false},"categories":[30],"tags":[549,2492],"class_list":["post-16782","post","type-post","status-publish","format-standard","has-post-thumbnail","hentry","category-veranstaltungshinweis","tag-leipziger","tag-schlaganfalltag"],"jetpack_publicize_connections":[],"jetpack_featured_media_url":"https:\/\/i0.wp.com\/news-papers.eu\/wp-content\/uploads\/2023\/03\/Bildschirm%C2%ADfoto-2023-03-20-um-21.06.21.png?fit=560%2C614","jetpack_sharing_enabled":true,"jetpack_shortlink":"https:\/\/wp.me\/p7fR2g-4mG","jetpack-related-posts":[{"id":4460,"url":"http:\/\/news-papers.eu\/?p=4460","url_meta":{"origin":16782,"position":0},"title":"21. Leipziger Schlaganfalltag, 13.05.2017","author":"Michael Bernhard","date":"April 24, 2017","format":false,"excerpt":"Anbei finden Sie den Flyer und die Programminformationen zum 21. Leipziger Schlaganfalltag, Insbesondere f\u00fcr notfallmedizinisch interessierte Kolleginnen und Kollegen der Region in und um Leipzig eine sehr interessante Veranstaltung. Termin: 13.05.2017 Programm:\u00a0Flyer Schlaganfalltag 2017_final Veranstaltungsort: Universit\u00e4tsklinikum Leipzig,\u00a0H\u00f6rsaal im Haus 4\u00a0 (Innere und Operative Medizin;\u00a0Neurologie; Radiologie),\u00a0Liebigstra\u00dfe 20, 04103 Leipzig News-Papers.eu auf\u2026","rel":"","context":"In &quot;Veranstaltungshinweis&quot;","block_context":{"text":"Veranstaltungshinweis","link":"http:\/\/news-papers.eu\/?cat=30"},"img":{"alt_text":"","src":"https:\/\/i0.wp.com\/news-papers.eu\/wp-content\/uploads\/2017\/04\/Bildschirmfoto-2017-04-12-um-07.48.47.png?fit=430%2C281&resize=350%2C200","width":350,"height":200},"classes":[]},{"id":20535,"url":"http:\/\/news-papers.eu\/?p=20535","url_meta":{"origin":16782,"position":1},"title":"29. Leipziger Schlaganfalltag am 09.05.2026","author":"Michael Bernhard","date":"M\u00e4rz 20, 2026","format":false,"excerpt":"Auch in diesem Jahr wird der Leipziger Schlaganfalltag am Samstag den 09.05.2026 im Hybrid-Format veranstaltet, d.h. eine Onlineteilnahme ist auch aus der Ferne m\u00f6glich. Hier eine Programm\u00fcbersicht: Informationen: Flyer_29_Schlaganfalltag-09-05-2026 \u00a0","rel":"","context":"In &quot;Veranstaltungshinweis&quot;","block_context":{"text":"Veranstaltungshinweis","link":"http:\/\/news-papers.eu\/?cat=30"},"img":{"alt_text":"","src":"https:\/\/i0.wp.com\/news-papers.eu\/wp-content\/uploads\/2026\/03\/Bildschirmfoto-2026-03-16-um-12.13.40.png?fit=752%2C1200&resize=350%2C200","width":350,"height":200,"srcset":"https:\/\/i0.wp.com\/news-papers.eu\/wp-content\/uploads\/2026\/03\/Bildschirmfoto-2026-03-16-um-12.13.40.png?fit=752%2C1200&resize=350%2C200 1x, https:\/\/i0.wp.com\/news-papers.eu\/wp-content\/uploads\/2026\/03\/Bildschirmfoto-2026-03-16-um-12.13.40.png?fit=752%2C1200&resize=525%2C300 1.5x, https:\/\/i0.wp.com\/news-papers.eu\/wp-content\/uploads\/2026\/03\/Bildschirmfoto-2026-03-16-um-12.13.40.png?fit=752%2C1200&resize=700%2C400 2x"},"classes":[]},{"id":18109,"url":"http:\/\/news-papers.eu\/?p=18109","url_meta":{"origin":16782,"position":2},"title":"27. Leipziger Schlaganfalltag mit Livestream am 04. Mai 2024","author":"Michael Bernhard","date":"April 2, 2024","format":false,"excerpt":"Anbei finden Sie den Flyer 27_Schlaganfalltag-04-05-2024_WEB der Klinik und Poliklinik f\u00fcr Neurologie des Universit\u00e4tsklinikums Leipzig am 04. Mai 2024. Viele wichtige Themen rund um den Schlaganfall werden hier aufgegriffen und ein Update zu vielen zerebrovaskul\u00e4ren Erkrankungen geliefert. Kostenfrei vor Ort oder auch als Livestream einzusehen. Seien Sie dabei ! Es\u2026","rel":"","context":"In &quot;Veranstaltungshinweis&quot;","block_context":{"text":"Veranstaltungshinweis","link":"http:\/\/news-papers.eu\/?cat=30"},"img":{"alt_text":"","src":"https:\/\/i0.wp.com\/news-papers.eu\/wp-content\/uploads\/2024\/03\/Bildschirmfoto-2024-03-30-um-19.57.40-144x300.png?resize=350%2C200","width":350,"height":200},"classes":[]},{"id":19390,"url":"http:\/\/news-papers.eu\/?p=19390","url_meta":{"origin":16782,"position":3},"title":"28. Schlaganfalltag, Samstag 05.04.2025, online Stream","author":"Michael Bernhard","date":"M\u00e4rz 30, 2025","format":false,"excerpt":"Ein tolles Programm liegt f\u00fcr den 28. Schlaganfalltag des Universit\u00e4tsklinikums Leipzig am Samstag 05.04.2025 vor. F\u00fcr alle, f\u00fcr die der Weg nach Leipzig zu weit ist, gibt es den kostenfreien online Stream. Auf zum 28. Schlaganfalltag des Universit\u00e4tsklinikums Leipzig: Programm: Flyer_28_Schlaganfalltag-05-04-2025","rel":"","context":"In &quot;Veranstaltungshinweis&quot;","block_context":{"text":"Veranstaltungshinweis","link":"http:\/\/news-papers.eu\/?cat=30"},"img":{"alt_text":"","src":"https:\/\/i0.wp.com\/news-papers.eu\/wp-content\/uploads\/2025\/03\/Bildschirmfoto-2025-03-29-um-10.43.03.png?fit=568%2C1200&resize=350%2C200","width":350,"height":200,"srcset":"https:\/\/i0.wp.com\/news-papers.eu\/wp-content\/uploads\/2025\/03\/Bildschirmfoto-2025-03-29-um-10.43.03.png?fit=568%2C1200&resize=350%2C200 1x, https:\/\/i0.wp.com\/news-papers.eu\/wp-content\/uploads\/2025\/03\/Bildschirmfoto-2025-03-29-um-10.43.03.png?fit=568%2C1200&resize=525%2C300 1.5x"},"classes":[]},{"id":7132,"url":"http:\/\/news-papers.eu\/?p=7132","url_meta":{"origin":16782,"position":4},"title":"Leipziger Echosymposium &#038; Kardiovaskul\u00e4re Therapiestrategie am 07.-09.06.2018","author":"Michael Bernhard","date":"Februar 28, 2018","format":false,"excerpt":"Programm:\u00a0Flyer_Echosymposium News-Papers.eu auf TWITTER\u00a0 \u00a0 \u00a0 \u00a0\u00a0Follow news-papers.eu","rel":"","context":"In &quot;Veranstaltungshinweis&quot;","block_context":{"text":"Veranstaltungshinweis","link":"http:\/\/news-papers.eu\/?cat=30"},"img":{"alt_text":"","src":"https:\/\/i0.wp.com\/news-papers.eu\/wp-content\/uploads\/2018\/02\/Bildschirmfoto-2018-02-26-um-08.16.57.png?fit=1094%2C554&resize=350%2C200","width":350,"height":200,"srcset":"https:\/\/i0.wp.com\/news-papers.eu\/wp-content\/uploads\/2018\/02\/Bildschirmfoto-2018-02-26-um-08.16.57.png?fit=1094%2C554&resize=350%2C200 1x, https:\/\/i0.wp.com\/news-papers.eu\/wp-content\/uploads\/2018\/02\/Bildschirmfoto-2018-02-26-um-08.16.57.png?fit=1094%2C554&resize=525%2C300 1.5x, https:\/\/i0.wp.com\/news-papers.eu\/wp-content\/uploads\/2018\/02\/Bildschirmfoto-2018-02-26-um-08.16.57.png?fit=1094%2C554&resize=700%2C400 2x, https:\/\/i0.wp.com\/news-papers.eu\/wp-content\/uploads\/2018\/02\/Bildschirmfoto-2018-02-26-um-08.16.57.png?fit=1094%2C554&resize=1050%2C600 3x"},"classes":[]},{"id":9398,"url":"http:\/\/news-papers.eu\/?p=9398","url_meta":{"origin":16782,"position":5},"title":"2. LEIPZIGER POLYTRAUMA UP2DATE, 16.05.2019","author":"Michael Bernhard","date":"Mai 5, 2019","format":false,"excerpt":"Am 16.05.2019 findet das 2. Leipziger Polytrauma up2date statt:\u00a0 17:00 Uhr Begr\u00fc\u00dfung\u00a0Christoph Josten 17:05 Uhr \u201eAlles nur in klein?\u201c \u2013 Besonderheiten\u00a0bei der Polytraumaversorgung beim\u00a0schwerverletzten Kind\u00a0Stefan Schulz-Drost 17:15 Uhr \u201eIt\u2018s not about plastic in the trachea,\u00a0it\u2018s about oxygen in the lungs...\u201c \u2013\u00a0Alternatives Atemwegsmanagement\u00a0beim Polytrauma\u00a0Felix Girrbach 17:25 Uhr \u201eAlles \u00e4ndert sich \u2026.\u2026","rel":"","context":"In &quot;Veranstaltungshinweis&quot;","block_context":{"text":"Veranstaltungshinweis","link":"http:\/\/news-papers.eu\/?cat=30"},"img":{"alt_text":"","src":"https:\/\/i0.wp.com\/news-papers.eu\/wp-content\/uploads\/2019\/05\/Bildschirmfoto-2019-05-04-um-14.38.25.png?fit=624%2C322&resize=350%2C200","width":350,"height":200,"srcset":"https:\/\/i0.wp.com\/news-papers.eu\/wp-content\/uploads\/2019\/05\/Bildschirmfoto-2019-05-04-um-14.38.25.png?fit=624%2C322&resize=350%2C200 1x, https:\/\/i0.wp.com\/news-papers.eu\/wp-content\/uploads\/2019\/05\/Bildschirmfoto-2019-05-04-um-14.38.25.png?fit=624%2C322&resize=525%2C300 1.5x"},"classes":[]}],"jetpack_likes_enabled":true,"_links":{"self":[{"href":"http:\/\/news-papers.eu\/index.php?rest_route=\/wp\/v2\/posts\/16782","targetHints":{"allow":["GET"]}}],"collection":[{"href":"http:\/\/news-papers.eu\/index.php?rest_route=\/wp\/v2\/posts"}],"about":[{"href":"http:\/\/news-papers.eu\/index.php?rest_route=\/wp\/v2\/types\/post"}],"author":[{"embeddable":true,"href":"http:\/\/news-papers.eu\/index.php?rest_route=\/wp\/v2\/users\/2"}],"replies":[{"embeddable":true,"href":"http:\/\/news-papers.eu\/index.php?rest_route=%2Fwp%2Fv2%2Fcomments&post=16782"}],"version-history":[{"count":1,"href":"http:\/\/news-papers.eu\/index.php?rest_route=\/wp\/v2\/posts\/16782\/revisions"}],"predecessor-version":[{"id":16786,"href":"http:\/\/news-papers.eu\/index.php?rest_route=\/wp\/v2\/posts\/16782\/revisions\/16786"}],"wp:featuredmedia":[{"embeddable":true,"href":"http:\/\/news-papers.eu\/index.php?rest_route=\/wp\/v2\/media\/16784"}],"wp:attachment":[{"href":"http:\/\/news-papers.eu\/index.php?rest_route=%2Fwp%2Fv2%2Fmedia&parent=16782"}],"wp:term":[{"taxonomy":"category","embeddable":true,"href":"http:\/\/news-papers.eu\/index.php?rest_route=%2Fwp%2Fv2%2Fcategories&post=16782"},{"taxonomy":"post_tag","embeddable":true,"href":"http:\/\/news-papers.eu\/index.php?rest_route=%2Fwp%2Fv2%2Ftags&post=16782"}],"curies":[{"name":"wp","href":"https:\/\/api.w.org\/{rel}","templated":true}]}}