{"id":16651,"date":"2023-02-13T04:43:04","date_gmt":"2023-02-13T03:43:04","guid":{"rendered":"http:\/\/news-papers.eu\/?p=16651"},"modified":"2023-02-12T14:42:47","modified_gmt":"2023-02-12T13:42:47","slug":"16651","status":"publish","type":"post","link":"http:\/\/news-papers.eu\/?p=16651","title":{"rendered":"AGNNW Jahrestagung am 10.\/11.02.2023 &#8211; Kurzer R\u00fcckblick auf die Highlights"},"content":{"rendered":"<p style=\"text-align: justify\">Am 10.\/11.02.2023 fand die <strong>39. Jahrestagung der Arbeitsgemeinschaft in Nordrhein-Westfahlen t\u00e4tiger Not\u00e4rzte (AGNNW)<\/strong> im Maternushaus in K\u00f6ln statt. Hier noch einmal das\u00a0Fortbildungsprogramm: <strong><a href=\"http:\/\/news-papers.eu\/wp-content\/uploads\/2023\/02\/Kurzprogramm-Jahrestagung-AGNNW-1.pdf\">Kurzprogramm Jahrestagung AGNNW<\/a><\/strong>, dass parallel in <strong>Pr\u00e4senz<\/strong> im Maternussaal am Freitag mit 200 und am Samstag mit &gt; 400 TeilnehmerInnen stattfand und per <strong>Streaming<\/strong> online mit 200 UserInnen \u00fcber das gesamte Bundesgebiet.<\/p>\n<p>Am Freitag erfolgte zun\u00e4chst der <strong>berufspolitische Vormittag<\/strong> mit hochrangigen Vertretern aus den Ministerien.<\/p>\n<p><img data-recalc-dims=\"1\" loading=\"lazy\" decoding=\"async\" data-attachment-id=\"16652\" data-permalink=\"http:\/\/news-papers.eu\/?attachment_id=16652\" data-orig-file=\"https:\/\/i0.wp.com\/news-papers.eu\/wp-content\/uploads\/2023\/02\/Bildschirm%C2%ADfoto-2023-02-12-um-10.44.53-e1676195117813.png?fit=400%2C264\" data-orig-size=\"400,264\" data-comments-opened=\"1\" data-image-meta=\"{&quot;aperture&quot;:&quot;0&quot;,&quot;credit&quot;:&quot;&quot;,&quot;camera&quot;:&quot;&quot;,&quot;caption&quot;:&quot;&quot;,&quot;created_timestamp&quot;:&quot;0&quot;,&quot;copyright&quot;:&quot;&quot;,&quot;focal_length&quot;:&quot;0&quot;,&quot;iso&quot;:&quot;0&quot;,&quot;shutter_speed&quot;:&quot;0&quot;,&quot;title&quot;:&quot;&quot;,&quot;orientation&quot;:&quot;0&quot;}\" data-image-title=\"Bildschirm\u00adfoto 2023-02-12 um 10.44.53\" data-image-description=\"\" data-image-caption=\"\" data-large-file=\"https:\/\/i0.wp.com\/news-papers.eu\/wp-content\/uploads\/2023\/02\/Bildschirm%C2%ADfoto-2023-02-12-um-10.44.53-e1676195117813.png?fit=1024%2C677\" class=\"alignnone wp-image-16652\" src=\"https:\/\/i0.wp.com\/news-papers.eu\/wp-content\/uploads\/2023\/02\/Bildschirm%C2%ADfoto-2023-02-12-um-10.44.53-e1676195117813-300x198.png?resize=821%2C542\" alt=\"\" width=\"821\" height=\"542\" srcset=\"https:\/\/i0.wp.com\/news-papers.eu\/wp-content\/uploads\/2023\/02\/Bildschirm%C2%ADfoto-2023-02-12-um-10.44.53-e1676195117813.png?resize=300%2C198 300w, https:\/\/i0.wp.com\/news-papers.eu\/wp-content\/uploads\/2023\/02\/Bildschirm%C2%ADfoto-2023-02-12-um-10.44.53-e1676195117813.png?w=400 400w\" sizes=\"auto, (max-width: 821px) 100vw, 821px\" \/><\/p>\n<div class=\"page\" title=\"Page 1\">\n<div class=\"section\">\n<div class=\"layoutArea\">\n<div class=\"column\">\n<h4><strong>Abbildung Podiumsdiskussion mit:<\/strong> Bernd Schna\u0308belin, MAGS NRW,\u00a0Jo\u0308rn Stracke, IM NRW,\u00a0Dr. Peter-Johann May, KGNW,\u00a0Dr. Florian Reifferscheid, BAND e.V.,\u00a0Dr. Gero Frings, CA St. Bernhard-Hospital Kamp-Lintfort, Dr. Frederik Schu\u0308tte, antwortING Beratende Ingenieure, Prof. Dr. Dr. Alexander Lechleuthner, BV A\u0308LRD,\u00a0Marc Zellerhoff und Dr. Peter Gretenkort, AGNNW e.V.<\/h4>\n<\/div>\n<p style=\"text-align: justify\">Im Anschluss stellte Prof. Dr. Dr. Alexander Lechleuthner wieder das <strong>Industrieforum<\/strong> mit einer moderierten Vorstellung <strong>neuer Produkte im\u00a05-Minuten-Takt<\/strong> vor.<\/p>\n<\/div>\n<\/div>\n<\/div>\n<div class=\"page\" title=\"Page 1\">\n<div class=\"section\">\n<div class=\"layoutArea\">\n<div class=\"column\">\n<p style=\"text-align: justify\">Um 14.30 erfolgte die <strong>Special Lecture zum Thema &#8222;40 Jahre AGNNW&#8220;<\/strong> mit\u00a0Prof. Dr. Matthias Fischer, Go\u0308ppingen, als Ehrengast und Laudator.<\/p>\n<p style=\"text-align: justify\">Um 15.00 ging&#8217;s dann los mit den <strong>Start-ups in der Notfallmedizin<\/strong>\u00a0unter Moderation von Claudia Scheltz \/ Florian Reifferscheid wurde\u00a0zur <strong>&#8222;Virtual Reality in der Notarztausbildung&#8220;<\/strong> durch\u00a0PD Dr. Thomas Luiz, Kaiserslautern berichtet. Dann kam der <strong>&#8222;Online-Burner&#8220;<\/strong> zum Einsatz (digitale Hilfsmittel in der Notfallmedizin) mit\u00a0Mathias Duschl, Visp. In der letzten Sitzung des Freitages wurde das Thema <strong>&#8222;Gewaltopfer &#8211; Notfallmedizinische Versorgung und Strafverfolgung&#8220;<\/strong> aufgegriffen unter\u00a0Moderation von Dr. Hella Ko\u0308rner-Go\u0308bel und Dr. Frank Ho\u0308pken: Zu &#8222;<strong>Polizeiliche Aspekte bei Gewaltopfern: Strafverfolgung und Beweissicherung&#8220;<\/strong> berichtete Herr Kriminaldirektor\u00a0Martin Mehlhorn, Du\u0308sseldorf. Zur <strong>&#8222;Psychotraumatologie in der Akutversorgung&#8220;<\/strong> ging\u00a0Balint Lenard M.Sc. aus Ulm ein. Ein abschliessendes Referat hielt Dr. Marcel Ju\u0308hling, Du\u0308sseldorf zur <strong>&#8222;Gewaltbetroffenenversorgung aus rechts- medizinischer Sicht \u2013 Verletzungsdokumentation und Spurensicherung&#8220;<\/strong>.<\/p>\n<p>Am Abend bestand die M\u00f6glichkeit des <strong>&#8222;Meet the Expert&#8220;<\/strong> mit Fingerfood zur Vertiefung des Geh\u00f6rten und einem gemeinsamen Austausch.<\/p>\n<p><img data-recalc-dims=\"1\" loading=\"lazy\" decoding=\"async\" data-attachment-id=\"16655\" data-permalink=\"http:\/\/news-papers.eu\/?attachment_id=16655\" data-orig-file=\"https:\/\/i0.wp.com\/news-papers.eu\/wp-content\/uploads\/2023\/02\/Bildschirm%C2%ADfoto-2023-02-12-um-10.56.57.png?fit=2024%2C1204\" data-orig-size=\"2024,1204\" data-comments-opened=\"1\" data-image-meta=\"{&quot;aperture&quot;:&quot;0&quot;,&quot;credit&quot;:&quot;&quot;,&quot;camera&quot;:&quot;&quot;,&quot;caption&quot;:&quot;&quot;,&quot;created_timestamp&quot;:&quot;0&quot;,&quot;copyright&quot;:&quot;&quot;,&quot;focal_length&quot;:&quot;0&quot;,&quot;iso&quot;:&quot;0&quot;,&quot;shutter_speed&quot;:&quot;0&quot;,&quot;title&quot;:&quot;&quot;,&quot;orientation&quot;:&quot;0&quot;}\" data-image-title=\"Bildschirm\u00adfoto 2023-02-12 um 10.56.57\" data-image-description=\"\" data-image-caption=\"\" data-large-file=\"https:\/\/i0.wp.com\/news-papers.eu\/wp-content\/uploads\/2023\/02\/Bildschirm%C2%ADfoto-2023-02-12-um-10.56.57.png?fit=1024%2C609\" class=\"alignnone wp-image-16655\" src=\"https:\/\/i0.wp.com\/news-papers.eu\/wp-content\/uploads\/2023\/02\/Bildschirm%C2%ADfoto-2023-02-12-um-10.56.57.png?resize=812%2C482\" alt=\"\" width=\"812\" height=\"482\" srcset=\"https:\/\/i0.wp.com\/news-papers.eu\/wp-content\/uploads\/2023\/02\/Bildschirm%C2%ADfoto-2023-02-12-um-10.56.57.png?resize=300%2C178 300w, https:\/\/i0.wp.com\/news-papers.eu\/wp-content\/uploads\/2023\/02\/Bildschirm%C2%ADfoto-2023-02-12-um-10.56.57.png?resize=1024%2C609 1024w, https:\/\/i0.wp.com\/news-papers.eu\/wp-content\/uploads\/2023\/02\/Bildschirm%C2%ADfoto-2023-02-12-um-10.56.57.png?resize=768%2C457 768w, https:\/\/i0.wp.com\/news-papers.eu\/wp-content\/uploads\/2023\/02\/Bildschirm%C2%ADfoto-2023-02-12-um-10.56.57.png?resize=1536%2C914 1536w, https:\/\/i0.wp.com\/news-papers.eu\/wp-content\/uploads\/2023\/02\/Bildschirm%C2%ADfoto-2023-02-12-um-10.56.57.png?resize=750%2C446 750w, https:\/\/i0.wp.com\/news-papers.eu\/wp-content\/uploads\/2023\/02\/Bildschirm%C2%ADfoto-2023-02-12-um-10.56.57.png?w=2024 2024w\" sizes=\"auto, (max-width: 812px) 100vw, 812px\" \/><\/p>\n<h4><strong>Abbildung aus dem Maternussaal<\/strong> mit Blick ins Auditorium.<\/h4>\n<div class=\"page\" title=\"Page 1\">\n<div class=\"section\">\n<div class=\"layoutArea\">\n<div class=\"page\" title=\"Page 2\">\n<div class=\"section\">\n<div class=\"layoutArea\">\n<div class=\"column\">\n<p>Am Samstagmorgen startete die Jahrestagung dann um 09.00 h mit einer<strong> Begru\u0308\u00dfung<\/strong> durch den Vorsitzenden der AGNNW Herrn Dr. Peter Gretenkort. In der Sitzung <strong>&#8222;Was geht ab?&#8220;<\/strong> unter\u00a0Moderation von Dr. Gabriele Wo\u0308bker und Prof. Dr. Michael Bernhard berichtete Dr. Thomas Henke zum Thema\u00a0<strong>&#8222;eAuto, eBike, eRoller \u2013 Vera\u0308nderte Grenzsituationen und Verletzungen&#8220;<\/strong>, danach schilderte Dr. Matthias Baumga\u0308rtel, Nu\u0308rnberg, die <strong>eCPR &#8222;Wichtiges klinisches Tool oder Sterbeortverlagerung?&#8220;<\/strong> und Dr. Mark Michael aus D\u00fcsseldorf ging auf die wichtige Entwicklung des <strong>&#8222;Wei\u00dfbuch: Nicht-traumatologisches Schockraum-Management\u201c<\/strong> ein.<\/p>\n<p>In der Sitzung <strong>&#8222;Leitlinien in der Notfallmedizin: Kompaktes Wissen &#8211; auf den Punkt&#8220;<\/strong> unter der Moderation von Dr.\u00a0Julia Grannemann und Dr. Tobias Ahnert wurde auf die <strong>&#8222;S2k-Leitlinie Anaphylaxie&#8220;<\/strong> von Andreas Becht, Du\u0308sseldorf, die <strong>&#8222;S3-Leitlinie Polytrauma \/ Schwerverletztenbehandlung&#8220;<\/strong> durch PD Dr. Dan Bieler, Koblenz, die <strong>&#8222;S2k-Leitlinie CO-Intoxikation&#8220;<\/strong> im Doppelpack durch\u00a0Dr. Hella Ko\u0308rner-Go\u0308bel, Neuss; Dr. Holger Wi\u00dfuwa, Hernund die <strong>&#8222;S2k-Leitlinie Notfallpsychiatrie&#8220;<\/strong> durch\u00a0Dr. Hermann Westendarp, Marsberg eingegangen. Vor dem Mittagessen nahm Dr. Oleg Volovitch das Auditorium auf eine paar Notarzteins\u00e4tze mit und Beteiligte alle an der <strong>Entscheidungsfindung im Einsatz und in der Notaufnahme<\/strong>.<\/p>\n<p><img data-recalc-dims=\"1\" loading=\"lazy\" decoding=\"async\" data-attachment-id=\"16660\" data-permalink=\"http:\/\/news-papers.eu\/?attachment_id=16660\" data-orig-file=\"https:\/\/i0.wp.com\/news-papers.eu\/wp-content\/uploads\/2023\/02\/Bildschirm%C2%ADfoto-2023-02-12-um-11.11.55-e1676196733346.png?fit=400%2C231\" data-orig-size=\"400,231\" data-comments-opened=\"1\" data-image-meta=\"{&quot;aperture&quot;:&quot;0&quot;,&quot;credit&quot;:&quot;&quot;,&quot;camera&quot;:&quot;&quot;,&quot;caption&quot;:&quot;&quot;,&quot;created_timestamp&quot;:&quot;0&quot;,&quot;copyright&quot;:&quot;&quot;,&quot;focal_length&quot;:&quot;0&quot;,&quot;iso&quot;:&quot;0&quot;,&quot;shutter_speed&quot;:&quot;0&quot;,&quot;title&quot;:&quot;&quot;,&quot;orientation&quot;:&quot;0&quot;}\" data-image-title=\"Bildschirm\u00adfoto 2023-02-12 um 11.11.55\" data-image-description=\"\" data-image-caption=\"\" data-large-file=\"https:\/\/i0.wp.com\/news-papers.eu\/wp-content\/uploads\/2023\/02\/Bildschirm%C2%ADfoto-2023-02-12-um-11.11.55-e1676196733346.png?fit=1024%2C590\" class=\"alignnone wp-image-16660\" src=\"https:\/\/i0.wp.com\/news-papers.eu\/wp-content\/uploads\/2023\/02\/Bildschirm%C2%ADfoto-2023-02-12-um-11.11.55-e1676196733346-300x173.png?resize=812%2C468\" alt=\"\" width=\"812\" height=\"468\" srcset=\"https:\/\/i0.wp.com\/news-papers.eu\/wp-content\/uploads\/2023\/02\/Bildschirm%C2%ADfoto-2023-02-12-um-11.11.55-e1676196733346.png?resize=300%2C173 300w, https:\/\/i0.wp.com\/news-papers.eu\/wp-content\/uploads\/2023\/02\/Bildschirm%C2%ADfoto-2023-02-12-um-11.11.55-e1676196733346.png?w=400 400w\" sizes=\"auto, (max-width: 812px) 100vw, 812px\" \/><\/p>\n<p style=\"text-align: justify\">Nach dem Mittagessen erweckte Frau Jutta Sch\u00fcrmann aus D\u00fcsseldorf das Auditorium durch eine<strong> Interaktives Quiz<\/strong>, dass einen lebhaften und lautstarken Anklang fand. In der letzten Sitzung unter Moderation von Florian Breuer und Marc Zellerhof berichtet PD Dr. Frank Eifinger, Ko\u0308ln zum <strong>&#8222;SIDS \u2013 Neue Erkenntnisse zum Kindstod&#8220;<\/strong>, das <strong>&#8222;Arbeitsalltag des Telenotarztes&#8220;<\/strong> schilderte Dr. Camilla Metelmann, Greifswald und auf <strong>&#8222;Chemische Kampfstoffe &#8211; was mu\u0308ssen Nota\u0308rztinnen und Nota\u0308rzte wissen?&#8220;<\/strong> ging Prof. Dr. Timo Wille, Mu\u0308nchen ein.<\/p>\n<p>Einen Abschluss fand die <strong>39. Jahrestagung der Arbeitsgemeinschaft in Nordrhein-Westfahlen t\u00e4tiger Not\u00e4rzte (AGNNW)<\/strong> im Maternushaus in K\u00f6ln mit zahlreichen interessanten und innovativen Workshops.<\/p>\n<p>Insgesamt tolle Veranstaltung mit sehr positiven Feedback, sowohl im Pr\u00e4senz als auch im Streamimganteil. Wir freuen uns schon auf 2024!<\/p>\n<\/div>\n<\/div>\n<\/div>\n<\/div>\n<\/div>\n<\/div>\n<\/div>\n<\/div>\n<\/div>\n<\/div>\n<\/div>\n","protected":false},"excerpt":{"rendered":"<p>Am 10.\/11.02.2023 fand die 39. Jahrestagung der Arbeitsgemeinschaft in Nordrhein-Westfahlen t\u00e4tiger Not\u00e4rzte (AGNNW) im Maternushaus in K\u00f6ln statt. Hier noch einmal das\u00a0Fortbildungsprogramm: Kurzprogramm Jahrestagung AGNNW, dass parallel in Pr\u00e4senz im [&hellip;]<\/p>\n","protected":false},"author":2,"featured_media":16652,"comment_status":"open","ping_status":"open","sticky":false,"template":"","format":"standard","meta":{"__cvm_playback_settings":[],"__cvm_video_id":"","jetpack_post_was_ever_published":false,"_jetpack_newsletter_access":"","_jetpack_dont_email_post_to_subs":false,"_jetpack_newsletter_tier_id":0,"_jetpack_memberships_contains_paywalled_content":false,"_jetpack_memberships_contains_paid_content":false,"footnotes":"","jetpack_publicize_message":"","jetpack_publicize_feature_enabled":true,"jetpack_social_post_already_shared":true,"jetpack_social_options":{"image_generator_settings":{"template":"highway","default_image_id":0,"font":"","enabled":false},"version":2},"_wpas_customize_per_network":false},"categories":[2],"tags":[1635,2472],"class_list":["post-16651","post","type-post","status-publish","format-standard","has-post-thumbnail","hentry","category-allgemein","tag-agnnw","tag-nachlese"],"jetpack_publicize_connections":[],"jetpack_featured_media_url":"https:\/\/i0.wp.com\/news-papers.eu\/wp-content\/uploads\/2023\/02\/Bildschirm%C2%ADfoto-2023-02-12-um-10.44.53-e1676195117813.png?fit=400%2C264","jetpack_sharing_enabled":true,"jetpack_shortlink":"https:\/\/wp.me\/s7fR2g-16651","jetpack-related-posts":[{"id":15649,"url":"http:\/\/news-papers.eu\/?p=15649","url_meta":{"origin":16651,"position":0},"title":"39.\u00a0Jahrestagung der AGNNW: Westdeutsche Notfalltage 10.\/11.02.2023 in K\u00f6ln","author":"Michael Bernhard","date":"August 25, 2022","format":false,"excerpt":"Aufgemerkt: Hier das Programm der 39.\u00a0Jahrestagung der AGNNW: Westdeutsche Notfalltage 10.\/11.02.2023 in K\u00f6ln. Save the date! Tolle Themen, spannende Inhalte und motivierte Referenten! PDF der Veranstaltung: 2023 JATA Vorprogramm","rel":"","context":"In &quot;Veranstaltungshinweis&quot;","block_context":{"text":"Veranstaltungshinweis","link":"http:\/\/news-papers.eu\/?cat=30"},"img":{"alt_text":"","src":"https:\/\/i0.wp.com\/news-papers.eu\/wp-content\/uploads\/2022\/06\/Bildschirmfoto-2022-06-25-um-11.29.03-e1656149356904.png?fit=800%2C560&resize=350%2C200","width":350,"height":200,"srcset":"https:\/\/i0.wp.com\/news-papers.eu\/wp-content\/uploads\/2022\/06\/Bildschirmfoto-2022-06-25-um-11.29.03-e1656149356904.png?fit=800%2C560&resize=350%2C200 1x, https:\/\/i0.wp.com\/news-papers.eu\/wp-content\/uploads\/2022\/06\/Bildschirmfoto-2022-06-25-um-11.29.03-e1656149356904.png?fit=800%2C560&resize=525%2C300 1.5x, https:\/\/i0.wp.com\/news-papers.eu\/wp-content\/uploads\/2022\/06\/Bildschirmfoto-2022-06-25-um-11.29.03-e1656149356904.png?fit=800%2C560&resize=700%2C400 2x"},"classes":[]},{"id":15643,"url":"http:\/\/news-papers.eu\/?p=15643","url_meta":{"origin":16651,"position":1},"title":"Jahrestagung der AGNNW: Westdeutsche Notfalltage 10.\/11.02.2023 &#8211; Save the date","author":"Michael Bernhard","date":"Juni 27, 2022","format":false,"excerpt":"Aufgemerkt: Hier das Programm der 39.\u00a0Jahrestagung der AGNNW: Westdeutsche Notfalltage 10.\/11.02.2023 in K\u00f6ln. Save the date! Tolle Themen, spannende Inhalte und motivierte Referenten! PDF der Veranstaltung: 2023 JATA Vorprogramm","rel":"","context":"In &quot;Veranstaltungshinweis&quot;","block_context":{"text":"Veranstaltungshinweis","link":"http:\/\/news-papers.eu\/?cat=30"},"img":{"alt_text":"","src":"https:\/\/i0.wp.com\/news-papers.eu\/wp-content\/uploads\/2022\/06\/Bildschirmfoto-2022-06-25-um-11.29.03-e1656149356904.png?fit=800%2C560&resize=350%2C200","width":350,"height":200,"srcset":"https:\/\/i0.wp.com\/news-papers.eu\/wp-content\/uploads\/2022\/06\/Bildschirmfoto-2022-06-25-um-11.29.03-e1656149356904.png?fit=800%2C560&resize=350%2C200 1x, https:\/\/i0.wp.com\/news-papers.eu\/wp-content\/uploads\/2022\/06\/Bildschirmfoto-2022-06-25-um-11.29.03-e1656149356904.png?fit=800%2C560&resize=525%2C300 1.5x, https:\/\/i0.wp.com\/news-papers.eu\/wp-content\/uploads\/2022\/06\/Bildschirmfoto-2022-06-25-um-11.29.03-e1656149356904.png?fit=800%2C560&resize=700%2C400 2x"},"classes":[]},{"id":15647,"url":"http:\/\/news-papers.eu\/?p=15647","url_meta":{"origin":16651,"position":2},"title":"39.\u00a0Jahrestagung der AGNNW: Westdeutsche Notfalltage 10.\/11.02.2023 in K\u00f6ln","author":"Michael Bernhard","date":"Juli 20, 2022","format":false,"excerpt":"Aufgemerkt: Hier das Programm der 39.\u00a0Jahrestagung der AGNNW: Westdeutsche Notfalltage 10.\/11.02.2023 in K\u00f6ln. Save the date! Tolle Themen, spannende Inhalte und motivierte Referenten! PDF der Veranstaltung: 2023 JATA Vorprogramm","rel":"","context":"In &quot;Veranstaltungshinweis&quot;","block_context":{"text":"Veranstaltungshinweis","link":"http:\/\/news-papers.eu\/?cat=30"},"img":{"alt_text":"","src":"https:\/\/i0.wp.com\/news-papers.eu\/wp-content\/uploads\/2022\/06\/Bildschirmfoto-2022-06-25-um-11.29.03-e1656149356904.png?fit=800%2C560&resize=350%2C200","width":350,"height":200,"srcset":"https:\/\/i0.wp.com\/news-papers.eu\/wp-content\/uploads\/2022\/06\/Bildschirmfoto-2022-06-25-um-11.29.03-e1656149356904.png?fit=800%2C560&resize=350%2C200 1x, https:\/\/i0.wp.com\/news-papers.eu\/wp-content\/uploads\/2022\/06\/Bildschirmfoto-2022-06-25-um-11.29.03-e1656149356904.png?fit=800%2C560&resize=525%2C300 1.5x, https:\/\/i0.wp.com\/news-papers.eu\/wp-content\/uploads\/2022\/06\/Bildschirmfoto-2022-06-25-um-11.29.03-e1656149356904.png?fit=800%2C560&resize=700%2C400 2x"},"classes":[]},{"id":16642,"url":"http:\/\/news-papers.eu\/?p=16642","url_meta":{"origin":16651,"position":3},"title":"AGNNW Jahrestagung in K\u00f6ln am 10.\/11.02.2023, Maternushaus","author":"Michael Bernhard","date":"Februar 10, 2023","format":false,"excerpt":"Am Freitag den 10.02.2023 Beginnen die Westdeutschen Notfalltage im Maternushaus in K\u00f6ln:\u00a0 9.00 Check-in 10.00 Berufspolitischer Vormittag im Dialog mit den Ministerien Steigende Einsatzzahlen, Fachkra\u0308ftemangel, Reform der Notfallversorgung, Krankenhausplanung und -finanzierung mit: Bernd Schna\u0308belin, MAGS NRW,\u00a0Jo\u0308rn Stracke, IM NRW,\u00a0Dr. Peter-Johann May, KGNW, Dr. Florian Reifferscheid, BAND e.V.,\u00a0Dr. Gero Frings, CA\u2026","rel":"","context":"In &quot;Veranstaltungshinweis&quot;","block_context":{"text":"Veranstaltungshinweis","link":"http:\/\/news-papers.eu\/?cat=30"},"img":{"alt_text":"","src":"https:\/\/i0.wp.com\/news-papers.eu\/wp-content\/uploads\/2023\/02\/Bildschirm%C2%ADfoto-2023-02-09-um-18.06.13.png?fit=530%2C610&resize=350%2C200","width":350,"height":200,"srcset":"https:\/\/i0.wp.com\/news-papers.eu\/wp-content\/uploads\/2023\/02\/Bildschirm%C2%ADfoto-2023-02-09-um-18.06.13.png?fit=530%2C610&resize=350%2C200 1x, https:\/\/i0.wp.com\/news-papers.eu\/wp-content\/uploads\/2023\/02\/Bildschirm%C2%ADfoto-2023-02-09-um-18.06.13.png?fit=530%2C610&resize=525%2C300 1.5x"},"classes":[]},{"id":19126,"url":"http:\/\/news-papers.eu\/?p=19126","url_meta":{"origin":16651,"position":4},"title":"Jahrestagung der AGNNW 2025: (Morgen) Freitag geht\u00b4s los !","author":"Michael Bernhard","date":"Januar 23, 2025","format":false,"excerpt":"Jahrestagung der AGNNW 2025 Traditionell bietet Ihnen die AGNNW auf ihrer Jahrestagung spannende wissenschaftliche Vortr\u00e4ge, berufspolitische Diskussionen und die M\u00f6glichkeit zum gemeinsamen Austausch zusammen mit unseren Partnern der Industrie. In Workshops k\u00f6nnen Sie praktische Fertigkeiten erlernen, vertiefen oder sich in einem besonderen Thema weiterentwickeln. Die AGNNW l\u00e4dt Sie herzlich am\u2026","rel":"","context":"In &quot;Veranstaltungshinweis&quot;","block_context":{"text":"Veranstaltungshinweis","link":"http:\/\/news-papers.eu\/?cat=30"},"img":{"alt_text":"","src":"https:\/\/i0.wp.com\/news-papers.eu\/wp-content\/uploads\/2025\/01\/Bildschirmfoto-2025-01-05-um-19.39.35-162x300.png?resize=350%2C200","width":350,"height":200},"classes":[]},{"id":20021,"url":"http:\/\/news-papers.eu\/?p=20021","url_meta":{"origin":16651,"position":5},"title":"AGNNW Jahrestagung 2026 in K\u00f6ln: &#8222;&#8220;save-the-date&#8220;","author":"Michael Bernhard","date":"Oktober 21, 2025","format":false,"excerpt":"Am 23. und 24. Januar 2026 findet die Jahrestagung der Arbeitsgemeinschaft Not\u00e4rzte Nordrhein-Westfalen (AGNNW) statt. Freuen Sie sich auf ein spannendes Programm mit aktuellen Fachvortr\u00e4gen, praxisnahen Workshops und vielf\u00e4ltigen M\u00f6glichkeiten zum Austausch mit Kolleginnen und Kollegen aus ganz NRW. Freitag: Berufspolitischer Vormittag Industrieforum Teambuilding: Sitzung mit DBRD und JungenNotfallmedizin Krankenhaus\u2026","rel":"","context":"In &quot;Veranstaltungshinweis&quot;","block_context":{"text":"Veranstaltungshinweis","link":"http:\/\/news-papers.eu\/?cat=30"},"img":{"alt_text":"","src":"https:\/\/i0.wp.com\/news-papers.eu\/wp-content\/uploads\/2025\/10\/Bildschirmfoto-2025-10-20-um-09.00.30.png?fit=1200%2C848&resize=350%2C200","width":350,"height":200,"srcset":"https:\/\/i0.wp.com\/news-papers.eu\/wp-content\/uploads\/2025\/10\/Bildschirmfoto-2025-10-20-um-09.00.30.png?fit=1200%2C848&resize=350%2C200 1x, https:\/\/i0.wp.com\/news-papers.eu\/wp-content\/uploads\/2025\/10\/Bildschirmfoto-2025-10-20-um-09.00.30.png?fit=1200%2C848&resize=525%2C300 1.5x, https:\/\/i0.wp.com\/news-papers.eu\/wp-content\/uploads\/2025\/10\/Bildschirmfoto-2025-10-20-um-09.00.30.png?fit=1200%2C848&resize=700%2C400 2x, https:\/\/i0.wp.com\/news-papers.eu\/wp-content\/uploads\/2025\/10\/Bildschirmfoto-2025-10-20-um-09.00.30.png?fit=1200%2C848&resize=1050%2C600 3x"},"classes":[]}],"jetpack_likes_enabled":true,"_links":{"self":[{"href":"http:\/\/news-papers.eu\/index.php?rest_route=\/wp\/v2\/posts\/16651","targetHints":{"allow":["GET"]}}],"collection":[{"href":"http:\/\/news-papers.eu\/index.php?rest_route=\/wp\/v2\/posts"}],"about":[{"href":"http:\/\/news-papers.eu\/index.php?rest_route=\/wp\/v2\/types\/post"}],"author":[{"embeddable":true,"href":"http:\/\/news-papers.eu\/index.php?rest_route=\/wp\/v2\/users\/2"}],"replies":[{"embeddable":true,"href":"http:\/\/news-papers.eu\/index.php?rest_route=%2Fwp%2Fv2%2Fcomments&post=16651"}],"version-history":[{"count":7,"href":"http:\/\/news-papers.eu\/index.php?rest_route=\/wp\/v2\/posts\/16651\/revisions"}],"predecessor-version":[{"id":16663,"href":"http:\/\/news-papers.eu\/index.php?rest_route=\/wp\/v2\/posts\/16651\/revisions\/16663"}],"wp:featuredmedia":[{"embeddable":true,"href":"http:\/\/news-papers.eu\/index.php?rest_route=\/wp\/v2\/media\/16652"}],"wp:attachment":[{"href":"http:\/\/news-papers.eu\/index.php?rest_route=%2Fwp%2Fv2%2Fmedia&parent=16651"}],"wp:term":[{"taxonomy":"category","embeddable":true,"href":"http:\/\/news-papers.eu\/index.php?rest_route=%2Fwp%2Fv2%2Fcategories&post=16651"},{"taxonomy":"post_tag","embeddable":true,"href":"http:\/\/news-papers.eu\/index.php?rest_route=%2Fwp%2Fv2%2Ftags&post=16651"}],"curies":[{"name":"wp","href":"https:\/\/api.w.org\/{rel}","templated":true}]}}